{"id":5919,"date":"2012-08-13T12:28:49","date_gmt":"2012-08-13T12:28:49","guid":{"rendered":"http:\/\/lyonelkaufmann.ch\/histoire\/?p=5919"},"modified":"2012-08-13T12:28:49","modified_gmt":"2012-08-13T12:28:49","slug":"le-retour-de-la-chine-au-centre-histoire-globale","status":"publish","type":"post","link":"https:\/\/lyonelkaufmann.ch\/Blog\/2012\/08\/13\/le-retour-de-la-chine-au-centre-histoire-globale\/","title":{"rendered":"Le retour de la Chine au centre | Histoire Globale"},"content":{"rendered":"<p><strong>La Chine se r\u00e9approprie-t-elle la place qui \u00e9tait la sienne au 18e si\u00e8cle, alors qu\u2019elle pesait aussi lourd dans l\u2019\u00e9conomie mondiale que l\u2019Europe\u2009? Apr\u00e8s la \u00ab\u2009grande divergence\u2009\u00bb qui s\u2019est op\u00e9r\u00e9e apr\u00e8s le 18e si\u00e8cle, assiste-t-on aujourd\u2019hui \u00e0 une \u00ab\u2009grande convergence\u2009\u00bb des \u00e9conomies chinoise et occidentales, avec un spectaculaire retour de la Chine au centre\u2009?<\/strong><\/p>\n<p>Surpassant le Japon en 2011, la Chine est devenue la deuxi\u00e8me \u00e9conomie mondiale. Son objectif\u2009: d\u00e9passer les \u00c9tats-Unis, se hisser au rang de premi\u00e8re puissance mondiale. Son ascension dans les hautes technologies et la finance se confirme\u2026<\/p>\n<p><em>Histoire Globale<\/em>\u00a0vous propose ce voyage dans cette Chine \u00e9conomique du 18e si\u00e8cle au-del\u00e0 des clich\u00e9s. Ce faisant, l&rsquo;article pr\u00e9sente\u00a0quelques-uns des d\u00e9bats qui ont marqu\u00e9 l\u2019interpr\u00e9tation de la dynamique de l\u2019\u00e9conomie chinoise sur la longue dur\u00e9e.<\/p>\n<p>via\u00a0<a href=\"http:\/\/blogs.histoireglobale.com\/?p=2064\">Le retour de la Chine au centre \u00ab Histoire Globale<\/a>.<\/p>\n","protected":false},"excerpt":{"rendered":"<p>La Chine se r\u00e9approprie-t-elle la place qui \u00e9tait la sienne au 18e si\u00e8cle, alors qu\u2019elle pesait aussi lourd dans l\u2019\u00e9conomie mondiale que l\u2019Europe\u2009? Apr\u00e8s la \u00ab\u2009grande divergence\u2009\u00bb qui s\u2019est op\u00e9r\u00e9e apr\u00e8s le 18e si\u00e8cle, assiste-t-on aujourd\u2019hui \u00e0 une \u00ab\u2009grande convergence\u2009\u00bb des \u00e9conomies chinoise et occidentales, avec un spectaculaire retour de la Chine au centre\u2009? Surpassant [&hellip;]<\/p>\n","protected":false},"author":1,"featured_media":14680,"comment_status":"open","ping_status":"open","sticky":false,"template":"","format":"standard","meta":{"_import_markdown_pro_load_document_selector":0,"_import_markdown_pro_submit_text_textarea":"","_genesis_hide_title":false,"_genesis_hide_breadcrumbs":false,"_genesis_hide_singular_image":false,"_genesis_hide_footer_widgets":false,"_genesis_custom_body_class":"","_genesis_custom_post_class":"","_genesis_layout":"","jetpack_post_was_ever_published":false,"_jetpack_newsletter_access":"","_jetpack_dont_email_post_to_subs":false,"_jetpack_newsletter_tier_id":0,"_jetpack_memberships_contains_paywalled_content":false,"_jetpack_memberships_contains_paid_content":false,"activitypub_content_warning":"","activitypub_content_visibility":"","activitypub_max_image_attachments":3,"activitypub_interaction_policy_quote":"anyone","activitypub_status":"","footnotes":"","jetpack_publicize_message":"","jetpack_publicize_feature_enabled":true,"jetpack_social_post_already_shared":true,"jetpack_social_options":{"image_generator_settings":{"template":"fullscreen","default_image_id":0,"font":"","enabled":false},"version":2}},"categories":[2],"tags":[],"class_list":{"0":"post-5919","1":"post","2":"type-post","3":"status-publish","4":"format-standard","5":"has-post-thumbnail","7":"category-histoire-2","8":"entry"},"jetpack_publicize_connections":[],"featured_image_src":"https:\/\/i0.wp.com\/lyonelkaufmann.ch\/Blog\/wp-content\/uploads\/2015\/03\/blogcafe1.jpg?resize=600%2C400&ssl=1","featured_image_src_square":"https:\/\/i0.wp.com\/lyonelkaufmann.ch\/Blog\/wp-content\/uploads\/2015\/03\/blogcafe1.jpg?resize=600%2C600&ssl=1","author_info":{"display_name":"Lyonel Kaufmann","author_link":"https:\/\/lyonelkaufmann.ch\/Blog\/author\/lyonelk\/"},"jetpack_featured_media_url":"https:\/\/i0.wp.com\/lyonelkaufmann.ch\/Blog\/wp-content\/uploads\/2015\/03\/blogcafe1.jpg?fit=1024%2C683&ssl=1","jetpack_sharing_enabled":true,"jetpack_shortlink":"https:\/\/wp.me\/p1qtF4-1xt","jetpack-related-posts":[{"id":6348,"url":"https:\/\/lyonelkaufmann.ch\/Blog\/2012\/10\/30\/revue-de-presse-la-guerre-premoderne-5e-15e-siecles-histoire-globale\/","url_meta":{"origin":5919,"position":0},"title":"Revue de presse : La guerre pr\u00e9moderne, 5e-15e si\u00e8cles | Histoire Globale","author":"Lyonel Kaufmann","date":"30 octobre 2012","format":false,"excerpt":"Le Moyen \u00c2ge est une p\u00e9riode historiquement d\u00e9termin\u00e9e. Et encadr\u00e9e par des \u00e9v\u00e9nements qui ne font sens que d\u2019un point de vue occidental\u00a0(476 \u00e0 1453 ou 1492). Un mill\u00e9naire approximatif, longtemps vu comme une p\u00e9riode obscure et violente assurant la transition entre l\u2019\u00e2ge d\u2019or de l\u2019Empire romain et le rayonnement\u2026","rel":"","context":"Dans &quot;histoire&quot;","block_context":{"text":"histoire","link":"https:\/\/lyonelkaufmann.ch\/Blog\/category\/histoire-2\/"},"img":{"alt_text":"","src":"https:\/\/i0.wp.com\/lyonelkaufmann.ch\/Blog\/wp-content\/uploads\/2015\/03\/blogcafe1.jpg?fit=1024%2C683&ssl=1&resize=350%2C200","width":350,"height":200,"srcset":"https:\/\/i0.wp.com\/lyonelkaufmann.ch\/Blog\/wp-content\/uploads\/2015\/03\/blogcafe1.jpg?fit=1024%2C683&ssl=1&resize=350%2C200 1x, https:\/\/i0.wp.com\/lyonelkaufmann.ch\/Blog\/wp-content\/uploads\/2015\/03\/blogcafe1.jpg?fit=1024%2C683&ssl=1&resize=525%2C300 1.5x, https:\/\/i0.wp.com\/lyonelkaufmann.ch\/Blog\/wp-content\/uploads\/2015\/03\/blogcafe1.jpg?fit=1024%2C683&ssl=1&resize=700%2C400 2x"},"classes":[]},{"id":7310,"url":"https:\/\/lyonelkaufmann.ch\/Blog\/2013\/08\/06\/le-16e-siecle-portugais-dans-locean-indien-une-economie-de-la-capture-histoire-globale\/","url_meta":{"origin":5919,"position":1},"title":"Le 16e si\u00e8cle portugais dans l\u2019oc\u00e9an Indien : une \u00e9conomie de la capture | Histoire Globale","author":"Lyonel Kaufmann","date":"6 ao\u00fbt 2013","format":false,"excerpt":"Premier de deux articles d'Histoire globale et Philippe Norel consacr\u00e9s \u00e0 l'expansion portugaise \u00a0du 16e si\u00e8cle. Une lecture indispensable pour celles et ceux qui enseigneront les Grandes D\u00e9couvertes europ\u00e9ennes. Ci-dessous, l'introduction du premier article. Vasco de Gama.\u00a0E. Benjamin Andrews History of the United States, from the Earliest Discovery of America\u2026","rel":"","context":"Dans &quot;histoire&quot;","block_context":{"text":"histoire","link":"https:\/\/lyonelkaufmann.ch\/Blog\/category\/histoire-2\/"},"img":{"alt_text":"","src":"https:\/\/i0.wp.com\/lyonelkaufmann.ch\/Blog\/wp-content\/uploads\/2015\/03\/411px-Vasco_da_Gama.png?fit=411%2C600&ssl=1&resize=350%2C200","width":350,"height":200},"classes":[]},{"id":19286,"url":"https:\/\/lyonelkaufmann.ch\/Blog\/2018\/06\/10\/g7-vs-russie-chine-deux-sommets-deux-photos-un-perdant-leurope-post-1945\/","url_meta":{"origin":5919,"position":2},"title":"G7 vs Russie-Chine : deux sommets, deux photos, un perdant l&rsquo;Europe post-1945 ?","author":"Lyonel Kaufmann","date":"10 juin 2018","format":false,"excerpt":"Russie - Chine ou Chine - Russie : le nouvel ordre (\u00e9conomique) mondial ? C\u2019est la question que l\u2019on peut se poser apr\u00e8s le fiasco du dernier G7\u2026 Alors que le sommet du G7 a \u00e9t\u00e9 torpill\u00e9 par Donald Trump \u00e0 la toute fin de la r\u00e9union, les dirigeants russe\u2026","rel":"","context":"Dans &quot;Blogcaf\u00e9&quot;","block_context":{"text":"Blogcaf\u00e9","link":"https:\/\/lyonelkaufmann.ch\/Blog\/category\/blogcafe-2\/"},"img":{"alt_text":"","src":"https:\/\/i0.wp.com\/lyonelkaufmann.ch\/Blog\/wp-content\/uploads\/2018\/06\/R4NWDCZB3I5G7D34IS27Q5YJXE.jpg?fit=1200%2C800&ssl=1&resize=350%2C200","width":350,"height":200,"srcset":"https:\/\/i0.wp.com\/lyonelkaufmann.ch\/Blog\/wp-content\/uploads\/2018\/06\/R4NWDCZB3I5G7D34IS27Q5YJXE.jpg?fit=1200%2C800&ssl=1&resize=350%2C200 1x, https:\/\/i0.wp.com\/lyonelkaufmann.ch\/Blog\/wp-content\/uploads\/2018\/06\/R4NWDCZB3I5G7D34IS27Q5YJXE.jpg?fit=1200%2C800&ssl=1&resize=525%2C300 1.5x, https:\/\/i0.wp.com\/lyonelkaufmann.ch\/Blog\/wp-content\/uploads\/2018\/06\/R4NWDCZB3I5G7D34IS27Q5YJXE.jpg?fit=1200%2C800&ssl=1&resize=700%2C400 2x, https:\/\/i0.wp.com\/lyonelkaufmann.ch\/Blog\/wp-content\/uploads\/2018\/06\/R4NWDCZB3I5G7D34IS27Q5YJXE.jpg?fit=1200%2C800&ssl=1&resize=1050%2C600 3x"},"classes":[]},{"id":21688,"url":"https:\/\/lyonelkaufmann.ch\/Blog\/2020\/05\/14\/interview-de-philippe-leuba-ne-grillons-pas-toutes-nos-cartouches-immediatement-24-heures\/","url_meta":{"origin":5919,"position":3},"title":"Interview de Philippe Leuba \u2013 \u00abNe grillons pas toutes nos cartouches imm\u00e9diatement\u00bb | 24 heures","author":"Lyonel Kaufmann","date":"14 mai 2020","format":false,"excerpt":"S'il \u00e9tait n\u00e9cessaire de quantifier le basculement de l'\u00e9conomie mondiale vers la Chine et mesurer le d\u00e9clin des Etats-Unis en tant que puissance mondiale dominante : Il y a un mois, Mme Gorrite parlait d\u2019un appel, lanc\u00e9 avec Mme Ruiz et vous, aux industriels vaudois pour fabriquer des mat\u00e9riels de\u2026","rel":"","context":"Dans &quot;politis&quot;","block_context":{"text":"politis","link":"https:\/\/lyonelkaufmann.ch\/Blog\/category\/politis\/"},"img":{"alt_text":"","src":"","width":0,"height":0},"classes":[]},{"id":8049,"url":"https:\/\/lyonelkaufmann.ch\/Blog\/2014\/06\/16\/revue-de-presse-philippe-norel\/","url_meta":{"origin":5919,"position":4},"title":"Revue de presse : Philippe Norel","author":"Lyonel Kaufmann","date":"16 juin 2014","format":false,"excerpt":"C\u2019est avec consternation et une profonde tristesse que tous les amis de Philippe Norel ont appris son d\u00e9c\u00e8s brutal, intervenu dans la nuit du samedi 7 au dimanche 8 juin, \u00e0 l\u2019\u00e2ge de 60 ans. Philippe Norel \u00e9tait \u00e9conomiste \u00e0 l\u2019universit\u00e9 de Poitiers, o\u00f9 il \u00e9tait membre du Centre de\u2026","rel":"","context":"Dans &quot;histoire&quot;","block_context":{"text":"histoire","link":"https:\/\/lyonelkaufmann.ch\/Blog\/category\/histoire-2\/"},"img":{"alt_text":"","src":"https:\/\/i0.wp.com\/lyonelkaufmann.ch\/Blog\/wp-content\/uploads\/2015\/03\/blogcafe1.jpg?fit=1024%2C683&ssl=1&resize=350%2C200","width":350,"height":200,"srcset":"https:\/\/i0.wp.com\/lyonelkaufmann.ch\/Blog\/wp-content\/uploads\/2015\/03\/blogcafe1.jpg?fit=1024%2C683&ssl=1&resize=350%2C200 1x, https:\/\/i0.wp.com\/lyonelkaufmann.ch\/Blog\/wp-content\/uploads\/2015\/03\/blogcafe1.jpg?fit=1024%2C683&ssl=1&resize=525%2C300 1.5x, https:\/\/i0.wp.com\/lyonelkaufmann.ch\/Blog\/wp-content\/uploads\/2015\/03\/blogcafe1.jpg?fit=1024%2C683&ssl=1&resize=700%2C400 2x"},"classes":[]},{"id":20634,"url":"https:\/\/lyonelkaufmann.ch\/Blog\/2019\/12\/28\/boucheron-p-loiseau-j-monnet-p-potin-y-2009-histoire-du-monde-au-xve-siecle-paris-fayard\/","url_meta":{"origin":5919,"position":5},"title":"Boucheron, P., Loiseau, J., Monnet, P., &amp; Potin, Y. (2009). Histoire du monde au XVe si\u00e8cle. Paris: Fayard.","author":"Lyonel Kaufmann","date":"28 d\u00e9cembre 2019","format":false,"excerpt":"Description: Le XVe si\u00e8cle est le temps de l'invention du monde. De Tamerlan \u00e0 Magellan, depuis l'Asie centrale jusqu'\u00e0 la capture de l'Am\u00e9rique en 1492, s'accomplit une premi\u00e8re mondialisation. Mais la geste de Christophe Colomb est tout sauf un \u00e9v\u00e9nement fortuit : elle est pr\u00e9c\u00e9d\u00e9e, et surtout rendue possible et\u2026","rel":"","context":"Dans &quot;Blogcaf\u00e9&quot;","block_context":{"text":"Blogcaf\u00e9","link":"https:\/\/lyonelkaufmann.ch\/Blog\/category\/blogcafe-2\/"},"img":{"alt_text":"","src":"https:\/\/i0.wp.com\/lyonelkaufmann.ch\/Blog\/wp-content\/uploads\/2019\/12\/image_698c117f-5b4c-4669-b288-8d64e0ed5411.gif?fit=400%2C475&ssl=1&resize=350%2C200","width":350,"height":200},"classes":[]}],"jetpack_likes_enabled":true,"_links":{"self":[{"href":"https:\/\/lyonelkaufmann.ch\/Blog\/wp-json\/wp\/v2\/posts\/5919","targetHints":{"allow":["GET"]}}],"collection":[{"href":"https:\/\/lyonelkaufmann.ch\/Blog\/wp-json\/wp\/v2\/posts"}],"about":[{"href":"https:\/\/lyonelkaufmann.ch\/Blog\/wp-json\/wp\/v2\/types\/post"}],"author":[{"embeddable":true,"href":"https:\/\/lyonelkaufmann.ch\/Blog\/wp-json\/wp\/v2\/users\/1"}],"replies":[{"embeddable":true,"href":"https:\/\/lyonelkaufmann.ch\/Blog\/wp-json\/wp\/v2\/comments?post=5919"}],"version-history":[{"count":0,"href":"https:\/\/lyonelkaufmann.ch\/Blog\/wp-json\/wp\/v2\/posts\/5919\/revisions"}],"wp:featuredmedia":[{"embeddable":true,"href":"https:\/\/lyonelkaufmann.ch\/Blog\/wp-json\/wp\/v2\/media\/14680"}],"wp:attachment":[{"href":"https:\/\/lyonelkaufmann.ch\/Blog\/wp-json\/wp\/v2\/media?parent=5919"}],"wp:term":[{"taxonomy":"category","embeddable":true,"href":"https:\/\/lyonelkaufmann.ch\/Blog\/wp-json\/wp\/v2\/categories?post=5919"},{"taxonomy":"post_tag","embeddable":true,"href":"https:\/\/lyonelkaufmann.ch\/Blog\/wp-json\/wp\/v2\/tags?post=5919"}],"curies":[{"name":"wp","href":"https:\/\/api.w.org\/{rel}","templated":true}]}}