{"id":5943,"date":"2012-04-20T08:34:31","date_gmt":"2012-04-20T07:34:31","guid":{"rendered":"https:\/\/lyonelkaufmann.ch\/Blog\/?p=5943"},"modified":"2012-04-20T08:34:31","modified_gmt":"2012-04-20T07:34:31","slug":"benjamin-vurlod-artiste-digital-suisse-et-boeland","status":"publish","type":"post","link":"https:\/\/lyonelkaufmann.ch\/Blog\/2012\/04\/20\/benjamin-vurlod-artiste-digital-suisse-et-boeland\/","title":{"rendered":"Benjamin Vurlod artiste \u00abdigital\u00bb suisse et bo\u00e9land"},"content":{"rendered":"<p><strong>On peut \u00eatre bo\u00e9land (habitant de la Tour-de-Peilz) et proposer des travaux digitaux d\u00e9coiffants.<\/strong><\/p>\n<p>Je ne r\u00e9siste donc pas \u00e0 partager avec vous la vid\u00e9o suivante. Elle pr\u00e9sente le travail de Benjamin Vurlod, habitant de La Tour-de-Peilz :<\/p>\n<div class=\"embed-vimeo\" style=\"text-align: center;\"><iframe loading=\"lazy\" src=\"https:\/\/player.vimeo.com\/video\/40530549\" width=\"190\" height=\"107\" frameborder=\"0\" webkitallowfullscreen mozallowfullscreen allowfullscreen><\/iframe><\/div>\n<p><a href=\"http:\/\/vimeo.com\/40530549\">Benjamin Vurlod Demoreel 2012<\/a> from <a href=\"http:\/\/vimeo.com\/creativityhunter\">Benjamin Vurlod<\/a> on <a href=\"http:\/\/vimeo.com\">Vimeo<\/a>.<\/p>\n<p>Il se pr\u00e9sente lui-m\u00eame de la mani\u00e8re suivante :<\/p>\n<blockquote><p>Hello!<\/p>\n<p>Benjamin Vurlod is a Swiss Digital Artist.<\/p>\n<p>I work with Computer Graphic Imagery as an independent since 2008.<\/p>\n<p>Architecture, Industrial Design, Motion design, Corporate Identity are my main activities.<\/p>\n<p>I work essentially with Blender, a very exciting open source cgi software, but also other like 3DSmax, Maya, After effects, Vray, Photoshop, Illustrator, Indesign.<\/p><\/blockquote>\n<p>Il dispose \u00e9videmment d&rsquo;un site pr\u00e9sentant ses travaux. Il vous permettra de suivre ses r\u00e9alisations comme de prendre contact avec lui :<a href=\"http:\/\/www.creativityhunter.ch\" target=\"_blank\"> http:\/\/www.creativityhunter.ch<\/a><\/p>\n<p><strong>Avertissement :<\/strong> je ne dispose d&rsquo;aucune distance critique par rapport \u00e0 la personne concern\u00e9e. En effet, Benjamin Vurlod a d&rsquo;abord \u00e9t\u00e9 le moniteur de gym de mon fils et un gymnaste de la soci\u00e9t\u00e9 des Jeunes Patriotes de Vevey.<\/p>\n<p>Ind\u00e9pendamment de cela, je suis toujours <em>\u00abbluff\u00e9\u00bb<\/em> par ses r\u00e9alisations. Comme on dit : <em>\u00abaux \u00e2mes bien n\u00e9es, la valeur n&rsquo;attend pas le nombre des ann\u00e9es.\u00bb<\/em> Chapeau Mon Cher Ben!<\/p>\n","protected":false},"excerpt":{"rendered":"<p>On peut \u00eatre bo\u00e9land (habitant de la Tour-de-Peilz) et proposer des travaux digitaux d\u00e9coiffants. Je ne r\u00e9siste donc pas \u00e0 partager avec vous la vid\u00e9o suivante. Elle pr\u00e9sente le travail de Benjamin Vurlod, habitant de La Tour-de-Peilz : Benjamin Vurlod Demoreel 2012 from Benjamin Vurlod on Vimeo. Il se pr\u00e9sente lui-m\u00eame de la mani\u00e8re suivante [&hellip;]<\/p>\n","protected":false},"author":1,"featured_media":13908,"comment_status":"open","ping_status":"open","sticky":false,"template":"","format":"standard","meta":{"_import_markdown_pro_load_document_selector":0,"_import_markdown_pro_submit_text_textarea":"","_genesis_hide_title":false,"_genesis_hide_breadcrumbs":false,"_genesis_hide_singular_image":false,"_genesis_hide_footer_widgets":false,"_genesis_custom_body_class":"","_genesis_custom_post_class":"","_genesis_layout":"","jetpack_post_was_ever_published":false,"_jetpack_newsletter_access":"","_jetpack_dont_email_post_to_subs":false,"_jetpack_newsletter_tier_id":0,"_jetpack_memberships_contains_paywalled_content":false,"_jetpack_memberships_contains_paid_content":false,"activitypub_content_warning":"","activitypub_content_visibility":"","activitypub_max_image_attachments":3,"activitypub_interaction_policy_quote":"anyone","activitypub_status":"","footnotes":"","jetpack_publicize_message":"","jetpack_publicize_feature_enabled":true,"jetpack_social_post_already_shared":true,"jetpack_social_options":{"image_generator_settings":{"template":"fullscreen","default_image_id":0,"font":"","enabled":false},"version":2}},"categories":[3],"tags":[],"class_list":{"0":"post-5943","1":"post","2":"type-post","3":"status-publish","4":"format-standard","5":"has-post-thumbnail","7":"category-blogcafe-2","8":"entry"},"jetpack_publicize_connections":[],"featured_image_src":"https:\/\/i0.wp.com\/lyonelkaufmann.ch\/Blog\/wp-content\/uploads\/2015\/03\/280111395_640.jpg?resize=600%2C360&ssl=1","featured_image_src_square":"https:\/\/i0.wp.com\/lyonelkaufmann.ch\/Blog\/wp-content\/uploads\/2015\/03\/280111395_640.jpg?resize=600%2C360&ssl=1","author_info":{"display_name":"Lyonel Kaufmann","author_link":"https:\/\/lyonelkaufmann.ch\/Blog\/author\/lyonelk\/"},"jetpack_featured_media_url":"https:\/\/i0.wp.com\/lyonelkaufmann.ch\/Blog\/wp-content\/uploads\/2015\/03\/280111395_640.jpg?fit=640%2C360&ssl=1","jetpack_sharing_enabled":true,"jetpack_shortlink":"https:\/\/wp.me\/p1qtF4-1xR","jetpack-related-posts":[{"id":17925,"url":"https:\/\/lyonelkaufmann.ch\/Blog\/2017\/01\/12\/roman-le-cas-malaussene-de-daniel-pennac\/","url_meta":{"origin":5943,"position":0},"title":"Roman \u00abLe cas Malauss\u00e8ne\u00bb de Daniel Pennac","author":"Lyonel Kaufmann","date":"12 janvier 2017","format":false,"excerpt":"Le retour de mon anti-h\u00e9ros pr\u00e9f\u00e9r\u00e9 du roman fran\u00e7ais. La presentation du Monde des Livres: Un agent sportif v\u00e9reux, qui sp\u00e9cule sur des joueurs mineurs. Un homme d\u2019affaires, ancien ministre, naufrageur d\u2019entreprises en difficult\u00e9. Face \u00e0 ces deux incarnations du mal, une juge d\u2019instruction intraitable et une bande d\u2019apprentis justiciers,\u2026","rel":"","context":"Dans &quot;Blogcaf\u00e9&quot;","block_context":{"text":"Blogcaf\u00e9","link":"https:\/\/lyonelkaufmann.ch\/Blog\/category\/blogcafe-2\/"},"img":{"alt_text":"","src":"https:\/\/i0.wp.com\/lyonelkaufmann.ch\/Blog\/wp-content\/uploads\/2017\/01\/Image-12.01.17-11-04.jpeg?fit=534%2C782&ssl=1&resize=350%2C200","width":350,"height":200,"srcset":"https:\/\/i0.wp.com\/lyonelkaufmann.ch\/Blog\/wp-content\/uploads\/2017\/01\/Image-12.01.17-11-04.jpeg?fit=534%2C782&ssl=1&resize=350%2C200 1x, https:\/\/i0.wp.com\/lyonelkaufmann.ch\/Blog\/wp-content\/uploads\/2017\/01\/Image-12.01.17-11-04.jpeg?fit=534%2C782&ssl=1&resize=525%2C300 1.5x"},"classes":[]},{"id":9962,"url":"https:\/\/lyonelkaufmann.ch\/Blog\/2013\/06\/23\/fete-de-la-musique-22-06-2013-la-tour-de-peilz\/","url_meta":{"origin":5943,"position":1},"title":"F\u00eate de la musique (22.06.2013) |\u00a0La Tour-de-Peilz","author":"Lyonel Kaufmann","date":"23 juin 2013","format":false,"excerpt":"Ce Samedi 22 juin, la sc\u00e8ne install\u00e9e au Verger de la Ville a accueilli une belle s\u00e9lection de musiciens r\u00e9gionaux. La quantit\u00e9 et la qualit\u00e9 ainsi que des spectateurs heureux et nombreux ont \u00e9t\u00e9 au rendez-vous dans ce cadre enchanteur. Le soleil aussi \u00e9tait de la partie. Les photos :\u2026","rel":"","context":"Dans &quot;Blogcaf\u00e9&quot;","block_context":{"text":"Blogcaf\u00e9","link":"https:\/\/lyonelkaufmann.ch\/Blog\/category\/blogcafe-2\/"},"img":{"alt_text":"","src":"https:\/\/i0.wp.com\/lyonelkaufmann.ch\/Blog\/wp-content\/uploads\/2015\/03\/FeteMusique20133.jpg?fit=768%2C1024&ssl=1&resize=350%2C200","width":350,"height":200,"srcset":"https:\/\/i0.wp.com\/lyonelkaufmann.ch\/Blog\/wp-content\/uploads\/2015\/03\/FeteMusique20133.jpg?fit=768%2C1024&ssl=1&resize=350%2C200 1x, https:\/\/i0.wp.com\/lyonelkaufmann.ch\/Blog\/wp-content\/uploads\/2015\/03\/FeteMusique20133.jpg?fit=768%2C1024&ssl=1&resize=525%2C300 1.5x, https:\/\/i0.wp.com\/lyonelkaufmann.ch\/Blog\/wp-content\/uploads\/2015\/03\/FeteMusique20133.jpg?fit=768%2C1024&ssl=1&resize=700%2C400 2x"},"classes":[]},{"id":19819,"url":"https:\/\/lyonelkaufmann.ch\/Blog\/2018\/12\/26\/la-tour-de-peilz-un-parcours-pour-gustave-courbet-le-boeland\/","url_meta":{"origin":5943,"position":2},"title":"La Tour-de-Peilz &#8211; Un parcours pour Gustave Courbet le Boe\u0301land","author":"Lyonel Kaufmann","date":"26 d\u00e9cembre 2018","format":false,"excerpt":"\u00c0 l\u2019occasion des 200 ans de sa naissance, la municipalit\u00e9 de La Tour-de-Peilz propose sept panneaux et un site internet pour rappeler la p\u00e9riode locale de l\u2019artiste fran\u00e7ais. Un pr\u00e9avis pour un montant de 100\u2019000.- francs est d\u00e9pos\u00e9 au Conseil communal.\u00a0 Sept lieux ayant compt\u00e9 lors du s\u00e9jour du ma\u00eetre\u2026","rel":"","context":"Dans &quot;Blogcaf\u00e9&quot;","block_context":{"text":"Blogcaf\u00e9","link":"https:\/\/lyonelkaufmann.ch\/Blog\/category\/blogcafe-2\/"},"img":{"alt_text":"","src":"https:\/\/i0.wp.com\/lyonelkaufmann.ch\/Blog\/wp-content\/uploads\/2018\/12\/img_0212.jpg?resize=350%2C200&ssl=1","width":350,"height":200,"srcset":"https:\/\/i0.wp.com\/lyonelkaufmann.ch\/Blog\/wp-content\/uploads\/2018\/12\/img_0212.jpg?resize=350%2C200&ssl=1 1x, https:\/\/i0.wp.com\/lyonelkaufmann.ch\/Blog\/wp-content\/uploads\/2018\/12\/img_0212.jpg?resize=525%2C300&ssl=1 1.5x, https:\/\/i0.wp.com\/lyonelkaufmann.ch\/Blog\/wp-content\/uploads\/2018\/12\/img_0212.jpg?resize=700%2C400&ssl=1 2x, https:\/\/i0.wp.com\/lyonelkaufmann.ch\/Blog\/wp-content\/uploads\/2018\/12\/img_0212.jpg?resize=1050%2C600&ssl=1 3x"},"classes":[]},{"id":12670,"url":"https:\/\/lyonelkaufmann.ch\/Blog\/2010\/10\/21\/francois-mitterrand-un-passe-algerien-devoile-par-antoine-perraud\/","url_meta":{"origin":5943,"position":3},"title":"Fran\u00e7ois Mitterrand, un pass\u00e9 alg\u00e9rien d\u00e9voil\u00e9 (par Antoine Perraud)","author":"Lyonel Kaufmann","date":"21 octobre 2010","format":"aside","excerpt":"via Mediapart - Les derniers articles \u00abC'est nous les Africains qui revenons de loin\u00bb, s'\u00e9poumonaient jadis les coloniaux. La gauche revient d'\u00e0 peine plus pr\u00e8s, selon l'historien Benjamin Stora, qui publie avec le journaliste (collaborateur du Point) Fran\u00e7ois Malye: Fran\u00e7ois Mitterrand et la guerre d'Alg\u00e9rie (Calmann-L\u00e9vy, 308 p., 18\u20ac). Il\u2026","rel":"","context":"Dans &quot;L'Expresso&quot;","block_context":{"text":"L'Expresso","link":"https:\/\/lyonelkaufmann.ch\/Blog\/category\/breves\/"},"img":{"alt_text":"","src":"https:\/\/i0.wp.com\/lyonelkaufmann.ch\/Blog\/wp-content\/uploads\/2015\/03\/blogcafe1.jpg?fit=1024%2C683&ssl=1&resize=350%2C200","width":350,"height":200,"srcset":"https:\/\/i0.wp.com\/lyonelkaufmann.ch\/Blog\/wp-content\/uploads\/2015\/03\/blogcafe1.jpg?fit=1024%2C683&ssl=1&resize=350%2C200 1x, https:\/\/i0.wp.com\/lyonelkaufmann.ch\/Blog\/wp-content\/uploads\/2015\/03\/blogcafe1.jpg?fit=1024%2C683&ssl=1&resize=525%2C300 1.5x, https:\/\/i0.wp.com\/lyonelkaufmann.ch\/Blog\/wp-content\/uploads\/2015\/03\/blogcafe1.jpg?fit=1024%2C683&ssl=1&resize=700%2C400 2x"},"classes":[]},{"id":9126,"url":"https:\/\/lyonelkaufmann.ch\/Blog\/2012\/12\/31\/passer-lan-nouveau-avec-lausanne-lumieres\/","url_meta":{"origin":5943,"position":4},"title":"Passer l&rsquo;an nouveau avec Lausanne Lumi\u00e8res","author":"Lyonel Kaufmann","date":"31 d\u00e9cembre 2012","format":false,"excerpt":"Si vous cherchez une mani\u00e8re agr\u00e9able et culturelle de passer l'an nouveau, je vous propose de vous rendre \u00e0 Lausanne et de parcourir le centre-ville de la place de l'Europe en passant par le Grand-Pont, la Palud, la rue de Bourg, Benjamin-Constant et Saint-Fran\u00e7ois et de suivre ainsi le parcoure\u2026","rel":"","context":"Dans &quot;Blogcaf\u00e9&quot;","block_context":{"text":"Blogcaf\u00e9","link":"https:\/\/lyonelkaufmann.ch\/Blog\/category\/blogcafe-2\/"},"img":{"alt_text":"","src":"https:\/\/i0.wp.com\/lyonelkaufmann.ch\/Blog\/wp-content\/uploads\/2015\/03\/LausanneLumiere6-L.jpg?fit=600%2C600&ssl=1&resize=350%2C200","width":350,"height":200,"srcset":"https:\/\/i0.wp.com\/lyonelkaufmann.ch\/Blog\/wp-content\/uploads\/2015\/03\/LausanneLumiere6-L.jpg?fit=600%2C600&ssl=1&resize=350%2C200 1x, https:\/\/i0.wp.com\/lyonelkaufmann.ch\/Blog\/wp-content\/uploads\/2015\/03\/LausanneLumiere6-L.jpg?fit=600%2C600&ssl=1&resize=525%2C300 1.5x"},"classes":[]},{"id":7310,"url":"https:\/\/lyonelkaufmann.ch\/Blog\/2013\/08\/06\/le-16e-siecle-portugais-dans-locean-indien-une-economie-de-la-capture-histoire-globale\/","url_meta":{"origin":5943,"position":5},"title":"Le 16e si\u00e8cle portugais dans l\u2019oc\u00e9an Indien : une \u00e9conomie de la capture | Histoire Globale","author":"Lyonel Kaufmann","date":"6 ao\u00fbt 2013","format":false,"excerpt":"Premier de deux articles d'Histoire globale et Philippe Norel consacr\u00e9s \u00e0 l'expansion portugaise \u00a0du 16e si\u00e8cle. Une lecture indispensable pour celles et ceux qui enseigneront les Grandes D\u00e9couvertes europ\u00e9ennes. Ci-dessous, l'introduction du premier article. Vasco de Gama.\u00a0E. Benjamin Andrews History of the United States, from the Earliest Discovery of America\u2026","rel":"","context":"Dans &quot;histoire&quot;","block_context":{"text":"histoire","link":"https:\/\/lyonelkaufmann.ch\/Blog\/category\/histoire-2\/"},"img":{"alt_text":"","src":"https:\/\/i0.wp.com\/lyonelkaufmann.ch\/Blog\/wp-content\/uploads\/2015\/03\/411px-Vasco_da_Gama.png?fit=411%2C600&ssl=1&resize=350%2C200","width":350,"height":200},"classes":[]}],"jetpack_likes_enabled":true,"_links":{"self":[{"href":"https:\/\/lyonelkaufmann.ch\/Blog\/wp-json\/wp\/v2\/posts\/5943","targetHints":{"allow":["GET"]}}],"collection":[{"href":"https:\/\/lyonelkaufmann.ch\/Blog\/wp-json\/wp\/v2\/posts"}],"about":[{"href":"https:\/\/lyonelkaufmann.ch\/Blog\/wp-json\/wp\/v2\/types\/post"}],"author":[{"embeddable":true,"href":"https:\/\/lyonelkaufmann.ch\/Blog\/wp-json\/wp\/v2\/users\/1"}],"replies":[{"embeddable":true,"href":"https:\/\/lyonelkaufmann.ch\/Blog\/wp-json\/wp\/v2\/comments?post=5943"}],"version-history":[{"count":0,"href":"https:\/\/lyonelkaufmann.ch\/Blog\/wp-json\/wp\/v2\/posts\/5943\/revisions"}],"wp:featuredmedia":[{"embeddable":true,"href":"https:\/\/lyonelkaufmann.ch\/Blog\/wp-json\/wp\/v2\/media\/13908"}],"wp:attachment":[{"href":"https:\/\/lyonelkaufmann.ch\/Blog\/wp-json\/wp\/v2\/media?parent=5943"}],"wp:term":[{"taxonomy":"category","embeddable":true,"href":"https:\/\/lyonelkaufmann.ch\/Blog\/wp-json\/wp\/v2\/categories?post=5943"},{"taxonomy":"post_tag","embeddable":true,"href":"https:\/\/lyonelkaufmann.ch\/Blog\/wp-json\/wp\/v2\/tags?post=5943"}],"curies":[{"name":"wp","href":"https:\/\/api.w.org\/{rel}","templated":true}]}}