{"id":5955,"date":"2012-04-21T10:56:40","date_gmt":"2012-04-21T09:56:40","guid":{"rendered":"https:\/\/lyonelkaufmann.ch\/Blog\/?p=5955"},"modified":"2012-04-21T10:56:40","modified_gmt":"2012-04-21T09:56:40","slug":"guide-des-medias-sociaux-edition-2012","status":"publish","type":"post","link":"https:\/\/lyonelkaufmann.ch\/Blog\/2012\/04\/21\/guide-des-medias-sociaux-edition-2012\/","title":{"rendered":"Guide des m\u00e9dias sociaux. Edition 2012"},"content":{"rendered":"<p>L\u2019agence de communication Wellcom a publi\u00e9 en ligne l\u2019\u00e9dition 2012 du guide Tout ce que vous avez toujours voulu savoir sur les m\u00e9dias sociaux sans jamais oser le demander\u2026 ou comment int\u00e9grer les m\u00e9dias sociaux dans votre communication et vos relations avec vos publics (en pdf, 94 pages) dont la premi\u00e8re version date de 2009.<\/p>\n<p>Bonne lecture !<\/p>\n<div id=\"__ss_12585690\" style=\"width:572px;\"><strong style=\"display:block;margin:12px 0 4px;\"><a title=\"Guide Social Media 2012\" href=\"http:\/\/www.slideshare.net\/wellconnect\/guide-social-media-2012\" target=\"_blank\">Guide Social Media 2012<\/a><\/strong> <iframe src='https:\/\/www.slideshare.net\/slideshow\/embed_code\/12585690' width='572' height='469' scrolling='no' sandbox=\"allow-popups allow-scripts allow-same-origin allow-presentation\" allowfullscreen webkitallowfullscreen mozallowfullscreen><\/iframe><\/p>\n<div style=\"padding:5px 0 12px;\">View more <a href=\"http:\/\/www.slideshare.net\/\" target=\"_blank\">documents<\/a> from <a href=\"http:\/\/www.slideshare.net\/wellconnect\" target=\"_blank\">Guide Social Media<\/a><\/div>\n<\/div>\n","protected":false},"excerpt":{"rendered":"<p>L\u2019agence de communication Wellcom a publi\u00e9 en ligne l\u2019\u00e9dition 2012 du guide Tout ce que vous avez toujours voulu savoir sur les m\u00e9dias sociaux sans jamais oser le demander\u2026 ou comment int\u00e9grer les m\u00e9dias sociaux dans votre communication et vos relations avec vos publics (en pdf, 94 pages) dont la premi\u00e8re version date de 2009. [&hellip;]<\/p>\n","protected":false},"author":1,"featured_media":14680,"comment_status":"open","ping_status":"open","sticky":false,"template":"","format":"standard","meta":{"_import_markdown_pro_load_document_selector":0,"_import_markdown_pro_submit_text_textarea":"","_genesis_hide_title":false,"_genesis_hide_breadcrumbs":false,"_genesis_hide_singular_image":false,"_genesis_hide_footer_widgets":false,"_genesis_custom_body_class":"","_genesis_custom_post_class":"","_genesis_layout":"","jetpack_post_was_ever_published":false,"_jetpack_newsletter_access":"","_jetpack_dont_email_post_to_subs":false,"_jetpack_newsletter_tier_id":0,"_jetpack_memberships_contains_paywalled_content":false,"_jetpack_memberships_contains_paid_content":false,"activitypub_content_warning":"","activitypub_content_visibility":"","activitypub_max_image_attachments":3,"activitypub_interaction_policy_quote":"anyone","activitypub_status":"","footnotes":"","jetpack_publicize_message":"","jetpack_publicize_feature_enabled":true,"jetpack_social_post_already_shared":true,"jetpack_social_options":{"image_generator_settings":{"template":"fullscreen","default_image_id":0,"font":"","enabled":false},"version":2}},"categories":[3],"tags":[],"class_list":{"0":"post-5955","1":"post","2":"type-post","3":"status-publish","4":"format-standard","5":"has-post-thumbnail","7":"category-blogcafe-2","8":"entry"},"jetpack_publicize_connections":[],"featured_image_src":"https:\/\/i0.wp.com\/lyonelkaufmann.ch\/Blog\/wp-content\/uploads\/2015\/03\/blogcafe1.jpg?resize=600%2C400&ssl=1","featured_image_src_square":"https:\/\/i0.wp.com\/lyonelkaufmann.ch\/Blog\/wp-content\/uploads\/2015\/03\/blogcafe1.jpg?resize=600%2C600&ssl=1","author_info":{"display_name":"Lyonel Kaufmann","author_link":"https:\/\/lyonelkaufmann.ch\/Blog\/author\/lyonelk\/"},"jetpack_featured_media_url":"https:\/\/i0.wp.com\/lyonelkaufmann.ch\/Blog\/wp-content\/uploads\/2015\/03\/blogcafe1.jpg?fit=1024%2C683&ssl=1","jetpack_sharing_enabled":true,"jetpack_shortlink":"https:\/\/wp.me\/p1qtF4-1y3","jetpack-related-posts":[{"id":1752,"url":"https:\/\/lyonelkaufmann.ch\/Blog\/2010\/01\/08\/guide-2010-facebook-doit-entrer-a-lecole-slate-2\/","url_meta":{"origin":5955,"position":0},"title":"Guide 2010: Facebook doit entrer \u00e0 l&rsquo;\u00e9cole | Slate","author":"Lyonel Kaufmann","date":"8 janvier 2010","format":false,"excerpt":"En ce d\u00e9but 2010, plut\u00f4t que de bonnes r\u00e9solutions, je me propose de m'attarder sur quelques tendances, opinions, r\u00e9flexions relatives \u00e0 l'emploi des m\u00e9dia et technologies en milieu scolaire. A vous ensuite de trier, de vous faire un avis et\/ou de prolonger. Il y a 100 ans d\u00e9j\u00e0, John Dewey\u2026","rel":"","context":"Dans &quot;histoire&quot;","block_context":{"text":"histoire","link":"https:\/\/lyonelkaufmann.ch\/Blog\/category\/histoire-2\/"},"img":{"alt_text":"","src":"https:\/\/i0.wp.com\/lyonelkaufmann.ch\/Blog\/wp-content\/uploads\/2015\/03\/1829139871_4be16089c53.jpg?fit=600%2C330&ssl=1&resize=350%2C200","width":350,"height":200,"srcset":"https:\/\/i0.wp.com\/lyonelkaufmann.ch\/Blog\/wp-content\/uploads\/2015\/03\/1829139871_4be16089c53.jpg?fit=600%2C330&ssl=1&resize=350%2C200 1x, https:\/\/i0.wp.com\/lyonelkaufmann.ch\/Blog\/wp-content\/uploads\/2015\/03\/1829139871_4be16089c53.jpg?fit=600%2C330&ssl=1&resize=525%2C300 1.5x"},"classes":[]},{"id":4457,"url":"https:\/\/lyonelkaufmann.ch\/Blog\/2011\/02\/16\/linternet-guidant-le-peuple-presseurop\/","url_meta":{"origin":5955,"position":1},"title":"L\u2019internet guidant le peuple | Presseurop","author":"Lyonel Kaufmann","date":"16 f\u00e9vrier 2011","format":false,"excerpt":"via presseurop.eu Dans les rues \u00e9gyptiennes en r\u00e9volte contre le r\u00e9gime de Hosni Moubarak, Internet et les r\u00e9seaux sociaux ont remplac\u00e9 les barricades et les armes des grandes r\u00e9volutions europ\u00e9ennes du XIXe si\u00e8cle. Et Marianne prend le voile\u2026 est-ce pr\u00e9monitoire? Je note aussi qu\u2019Internet et les r\u00e9seaux sociaux ne seraient\u2026","rel":"","context":"Dans &quot;histoire&quot;","block_context":{"text":"histoire","link":"https:\/\/lyonelkaufmann.ch\/Blog\/category\/histoire-2\/"},"img":{"alt_text":"","src":"https:\/\/i0.wp.com\/posterous.com\/getfile\/files.posterous.com\/histoire\/yhJmyHwvhvAbrznlDBIyfcgfvvuGewmlJEFInnbGrAfBnifgIwDzqqokiAmI\/media_httpwwwpresseur_EJEya.jpg.scaled600.jpg?resize=350%2C200","width":350,"height":200},"classes":[]},{"id":3779,"url":"https:\/\/lyonelkaufmann.ch\/Blog\/2010\/10\/17\/demenagement-2-0-comment-exporter-vos-donnees-dans-les-reseaux-medias-sociaux\/","url_meta":{"origin":5955,"position":2},"title":"D\u00e9m\u00e9nagement 2.0: comment exporter vos donn\u00e9es dans les r\u00e9seaux-m\u00e9dias sociaux","author":"Lyonel Kaufmann","date":"17 octobre 2010","format":"aside","excerpt":"via N'ayez pas peur !! Le blog sur les nouvelles formes de communicationD\u00e9m\u00e9nagement 2.0: comment exporter vos donn\u00e9es dans les r\u00e9seaux-m\u00e9dias sociaux un texte original de N'ayez pas peur !! ... Read More >>","rel":"","context":"Dans &quot;L'Expresso&quot;","block_context":{"text":"L'Expresso","link":"https:\/\/lyonelkaufmann.ch\/Blog\/category\/breves\/"},"img":{"alt_text":"","src":"https:\/\/i0.wp.com\/lyonelkaufmann.ch\/Blog\/wp-content\/uploads\/2015\/03\/blogcafe1.jpg?fit=1024%2C683&ssl=1&resize=350%2C200","width":350,"height":200,"srcset":"https:\/\/i0.wp.com\/lyonelkaufmann.ch\/Blog\/wp-content\/uploads\/2015\/03\/blogcafe1.jpg?fit=1024%2C683&ssl=1&resize=350%2C200 1x, https:\/\/i0.wp.com\/lyonelkaufmann.ch\/Blog\/wp-content\/uploads\/2015\/03\/blogcafe1.jpg?fit=1024%2C683&ssl=1&resize=525%2C300 1.5x, https:\/\/i0.wp.com\/lyonelkaufmann.ch\/Blog\/wp-content\/uploads\/2015\/03\/blogcafe1.jpg?fit=1024%2C683&ssl=1&resize=700%2C400 2x"},"classes":[]},{"id":5532,"url":"https:\/\/lyonelkaufmann.ch\/Blog\/2012\/02\/21\/panorama-des-medias-sociaux-2012-mediassociaux-fr\/","url_meta":{"origin":5955,"position":3},"title":"Panorama des m\u00e9dias sociaux 2012 |\u00a0MediasSociaux.fr","author":"Lyonel Kaufmann","date":"21 f\u00e9vrier 2012","format":false,"excerpt":"Comme chaque ann\u00e9e depuis quatre ans (2008, 2009 et 2011), Fr\u00e9d\u00e9ric Cavazza vous propose son panorama des m\u00e9dias sociaux qui, en 2012, g\u00e9n\u00e9ralise les conversations et qui tient compte des terminaux mobiles. Au centre de son panorama, il y place donc Facebook, Twitter et Google + et s'en explique, puis\u2026","rel":"","context":"Dans &quot;Blogcaf\u00e9&quot;","block_context":{"text":"Blogcaf\u00e9","link":"https:\/\/lyonelkaufmann.ch\/Blog\/category\/blogcafe-2\/"},"img":{"alt_text":"","src":"https:\/\/i0.wp.com\/lyonelkaufmann.ch\/Blog\/wp-content\/uploads\/2015\/03\/Panorama_MS_2012-522x550.png?fit=522%2C550&ssl=1&resize=350%2C200","width":350,"height":200},"classes":[]},{"id":5960,"url":"https:\/\/lyonelkaufmann.ch\/Blog\/2012\/04\/22\/les-medias-sociaux-et-lindustrie-de-linformation\/","url_meta":{"origin":5955,"position":4},"title":"Les m\u00e9dias sociaux et l&rsquo;industrie de l&rsquo;information","author":"Lyonel Kaufmann","date":"22 avril 2012","format":false,"excerpt":"A combien de reprises avez-vous appris une information par\u00a0l\u2019interm\u00e9diaire\u00a0des r\u00e9seaux sociaux et non via la presse traditionnelle ?\u00a0R\u00e9alis\u00e9e par le site\u00a0Schools.com\u00a0et bas\u00e9e sur les donn\u00e9es publi\u00e9es par Reuters, le\u00a0Washington Post, ou encore le\u00a0Pew Research Center, l\u2019infographie met en avant une s\u00e9rie de chiffres -valables pour les Etats-Unis- sur l\u2019importance qu\u2019ont\u2026","rel":"","context":"Dans &quot;Blogcaf\u00e9&quot;","block_context":{"text":"Blogcaf\u00e9","link":"https:\/\/lyonelkaufmann.ch\/Blog\/category\/blogcafe-2\/"},"img":{"alt_text":"","src":"https:\/\/i0.wp.com\/lyonelkaufmann.ch\/Blog\/wp-content\/uploads\/2015\/03\/social_waspo-9d8ca.jpg?fit=450%2C291&ssl=1&resize=350%2C200","width":350,"height":200},"classes":[]},{"id":7950,"url":"https:\/\/lyonelkaufmann.ch\/Blog\/2014\/04\/06\/ipads-for-teaching\/","url_meta":{"origin":5955,"position":5},"title":"iPads for Teaching","author":"Lyonel Kaufmann","date":"6 avril 2014","format":false,"excerpt":"See on Scoop.it - M\u00e9dias sociaux et enseignement Welcome to my iPads4teaching site! These pages will provide you with tips, tricks and resources for teaching and learning with the iPad.\u00a0 You can find extensive information about Bloom's and iPads... Lyonel Kaufmann's insight:Guide concernant l'utilisation de l'iPad (ou d'une tablette) en\u2026","rel":"","context":"Dans &quot;histoire&quot;","block_context":{"text":"histoire","link":"https:\/\/lyonelkaufmann.ch\/Blog\/category\/histoire-2\/"},"img":{"alt_text":"","src":"https:\/\/i0.wp.com\/lyonelkaufmann.ch\/Blog\/wp-content\/uploads\/2015\/03\/cUPxBB8WUwEfCkcIcWoJ_zl72eJkfbmt4t8yenImKBXEejxNn4ZJNZ2ss5Ku7Cxt.jpg?fit=500%2C206&ssl=1&resize=350%2C200","width":350,"height":200},"classes":[]}],"jetpack_likes_enabled":true,"_links":{"self":[{"href":"https:\/\/lyonelkaufmann.ch\/Blog\/wp-json\/wp\/v2\/posts\/5955","targetHints":{"allow":["GET"]}}],"collection":[{"href":"https:\/\/lyonelkaufmann.ch\/Blog\/wp-json\/wp\/v2\/posts"}],"about":[{"href":"https:\/\/lyonelkaufmann.ch\/Blog\/wp-json\/wp\/v2\/types\/post"}],"author":[{"embeddable":true,"href":"https:\/\/lyonelkaufmann.ch\/Blog\/wp-json\/wp\/v2\/users\/1"}],"replies":[{"embeddable":true,"href":"https:\/\/lyonelkaufmann.ch\/Blog\/wp-json\/wp\/v2\/comments?post=5955"}],"version-history":[{"count":0,"href":"https:\/\/lyonelkaufmann.ch\/Blog\/wp-json\/wp\/v2\/posts\/5955\/revisions"}],"wp:featuredmedia":[{"embeddable":true,"href":"https:\/\/lyonelkaufmann.ch\/Blog\/wp-json\/wp\/v2\/media\/14680"}],"wp:attachment":[{"href":"https:\/\/lyonelkaufmann.ch\/Blog\/wp-json\/wp\/v2\/media?parent=5955"}],"wp:term":[{"taxonomy":"category","embeddable":true,"href":"https:\/\/lyonelkaufmann.ch\/Blog\/wp-json\/wp\/v2\/categories?post=5955"},{"taxonomy":"post_tag","embeddable":true,"href":"https:\/\/lyonelkaufmann.ch\/Blog\/wp-json\/wp\/v2\/tags?post=5955"}],"curies":[{"name":"wp","href":"https:\/\/api.w.org\/{rel}","templated":true}]}}