{"id":5960,"date":"2012-04-22T08:00:00","date_gmt":"2012-04-22T07:00:00","guid":{"rendered":"https:\/\/lyonelkaufmann.ch\/Blog\/?p=5960"},"modified":"2012-04-22T08:00:00","modified_gmt":"2012-04-22T07:00:00","slug":"les-medias-sociaux-et-lindustrie-de-linformation","status":"publish","type":"post","link":"https:\/\/lyonelkaufmann.ch\/Blog\/2012\/04\/22\/les-medias-sociaux-et-lindustrie-de-linformation\/","title":{"rendered":"Les m\u00e9dias sociaux et l&rsquo;industrie de l&rsquo;information"},"content":{"rendered":"<p><strong>A combien de reprises avez-vous appris une information par\u00a0l\u2019interm\u00e9diaire\u00a0des r\u00e9seaux sociaux et non via la presse traditionnelle ?\u00a0R\u00e9alis\u00e9e par le site\u00a0<a href=\"http:\/\/www.schools.com\/about\" target=\"_blank\">Schools.com<\/a>\u00a0et bas\u00e9e sur les donn\u00e9es publi\u00e9es par Reuters, le\u00a0<a href=\"http:\/\/www.washingtonpost.com\/\" target=\"_blank\">Washington Post<\/a>, ou encore le\u00a0<a href=\"http:\/\/pewresearch.org\/\" target=\"_blank\">Pew Research Center<\/a>, l\u2019infographie met en avant une s\u00e9rie de chiffres -valables pour les Etats-Unis- sur l\u2019importance qu\u2019ont pris les m\u00e9dias sociaux aupr\u00e8s du grand public dans le relais de l\u2019actualit\u00e9. <\/strong><\/p>\n<p>On y constate (voir au bas de ce billet) que la t\u00e9l\u00e9vision reste le m\u00e9dia principal d&rsquo;information. Il est concurrenc\u00e9 par les m\u00e9dias sociaux en raison du d\u00e9veloppement des outils mobiles. L&rsquo;enjeu pour les cha\u00eenes de t\u00e9l\u00e9vision consiste donc \u00e0 adapter leur canal d&rsquo;information \u00e0 nos smartphones et autres tablettes num\u00e9riques. Cela concerne principalement concernant la diffusion d&rsquo;images en direct ou tr\u00e8s rapidement.<\/p>\n<p>Il s&rsquo;agit peut-\u00eatre pour elles de se transformer en m\u00e9dia social \u00e0 la mani\u00e8re de Facebook ou \u00e0 celle de Twitter. L&rsquo;autre solution consiste \u00e0 d\u00e9velopper leur d\u00e9crochage sur ces deux plate-formes.<\/p>\n<p>La situation parait quelque peu diff\u00e9rente pour les journaux qui sont encore plus concurrenc\u00e9s par les m\u00e9dias sociaux que l&rsquo;information t\u00e9l\u00e9visuelle. De plus, les journaux sont pris en tenaille entre les cha\u00eenes TV et les m\u00e9dias sociaux. Comme l&rsquo;indiquait r\u00e9cemment\u00a0Marcus Brauchli, le directeur de la r\u00e9daction du\u00a0<em class=\"spip\">Washington Post<\/em>\u00a0(<em class=\"spip\">WaPo<\/em>), <em>\u00able quotidien de r\u00e9f\u00e9rence c&rsquo;est Internet\u00bb<\/em> ((<a href=\"http:\/\/www.ecrans.fr\/Le-quotidien-de-reference-c-est,14454.html\">Le quotidien de r\u00e9f\u00e9rence, c&rsquo;est internet<\/a> | Ecrans))<\/p>\n<p>Pour la presse \u00e9crite, le bouleversement est profond comme le note Marcus Brauchli:<\/p>\n<blockquote>\n<p>Il y a trois ans et demi, quand je suis arriv\u00e9, notre premi\u00e8re conf\u00e9rence de r\u00e9daction avait lieu vers midi. Aujourd\u2019hui, la premi\u00e8re r\u00e9union de la journ\u00e9e est \u00e0 8 heures du matin, la derni\u00e8re, douze ou treize heures plus tard. Nos journ\u00e9es ressemblent d\u00e9sormais un peu \u00e0 celles des cha\u00eenes de t\u00e9l\u00e9vision. Nous programmons notre flot d\u2019informations en fonction du moment o\u00f9 le public vient \u00e0 nous.<\/p>\n<\/blockquote>\n<p>Comme d&rsquo;autres journaux, le Washington Post a m\u00eame pris l&rsquo;option d&rsquo;\u00eatre pr\u00e9sent sur Facebook via <a class=\"spip_out\" href=\"https:\/\/www.facebook.com\/wpsocialreader\" target=\"_blank\">Social Reader<\/a>.\u00a0<\/p>\n<p><img data-recalc-dims=\"1\" loading=\"lazy\" decoding=\"async\" style=\"display:block;margin-left:auto;margin-right:auto;\" title=\"social_waspo-9d8ca.jpg\" src=\"https:\/\/i0.wp.com\/lyonelkaufmann.ch\/Blog\/wp-content\/uploads\/2012\/04\/social_waspo-9d8ca.jpg?resize=450%2C291\" alt=\"Social waspo 9d8ca\" width=\"450\" height=\"291\" border=\"0\" \/><\/p>\n<p>Cette application\u00a0<span class=\"spip\">permet d\u2019informer ses amis des articles qu\u2019on a lus.<\/span>\u00a0Bient\u00f4t 20 millions de personnes l\u2019auront t\u00e9l\u00e9charg\u00e9e. N\u00e9anmoins, c&rsquo;est une application controvers\u00e9e et c&rsquo;est ainsi que le New York Times a lui refus\u00e9 de s&rsquo;y mettre. Mais le journaux auront-ils encore longtemps le choix lorsqu&rsquo;on peut observer, concernant les Etats-Unis, que pr\u00e8s de 60% des personnes inform\u00e9es via les m\u00e9dias sociaux l&rsquo;ont \u00e9t\u00e9 au travers de leur utilisation de Facebook?<\/p>\n<p>L&rsquo;infographie :<\/p>\n<p><a href=\"http:\/\/www.schools.com\/visuals\/social-media-news.html\"><img data-recalc-dims=\"1\" loading=\"lazy\" decoding=\"async\" src=\"https:\/\/i0.wp.com\/www.schools.com\/imagesvr_ce\/200\/social-media-news.gif?resize=605%2C2750\" alt=\"Social Media: The New News Source\" width=\"605\" height=\"2750\" border=\"0\" \/><\/a><br \/>Courtesy of: <a href=\"http:\/\/www.schools.com\">Schools.com<\/a><\/p>\n","protected":false},"excerpt":{"rendered":"<p>A combien de reprises avez-vous appris une information par\u00a0l\u2019interm\u00e9diaire\u00a0des r\u00e9seaux sociaux et non via la presse traditionnelle ?\u00a0R\u00e9alis\u00e9e par le site\u00a0Schools.com\u00a0et bas\u00e9e sur les donn\u00e9es publi\u00e9es par Reuters, le\u00a0Washington Post, ou encore le\u00a0Pew Research Center, l\u2019infographie met en avant une s\u00e9rie de chiffres -valables pour les Etats-Unis- sur l\u2019importance qu\u2019ont pris les m\u00e9dias sociaux aupr\u00e8s [&hellip;]<\/p>\n","protected":false},"author":1,"featured_media":13910,"comment_status":"open","ping_status":"open","sticky":false,"template":"","format":"standard","meta":{"_import_markdown_pro_load_document_selector":0,"_import_markdown_pro_submit_text_textarea":"","_genesis_hide_title":false,"_genesis_hide_breadcrumbs":false,"_genesis_hide_singular_image":false,"_genesis_hide_footer_widgets":false,"_genesis_custom_body_class":"","_genesis_custom_post_class":"","_genesis_layout":"","jetpack_post_was_ever_published":false,"_jetpack_newsletter_access":"","_jetpack_dont_email_post_to_subs":false,"_jetpack_newsletter_tier_id":0,"_jetpack_memberships_contains_paywalled_content":false,"_jetpack_memberships_contains_paid_content":false,"activitypub_content_warning":"","activitypub_content_visibility":"","activitypub_max_image_attachments":3,"activitypub_interaction_policy_quote":"anyone","activitypub_status":"","footnotes":"","jetpack_publicize_message":"","jetpack_publicize_feature_enabled":true,"jetpack_social_post_already_shared":true,"jetpack_social_options":{"image_generator_settings":{"template":"fullscreen","default_image_id":0,"font":"","enabled":false},"version":2}},"categories":[3],"tags":[],"class_list":{"0":"post-5960","1":"post","2":"type-post","3":"status-publish","4":"format-standard","5":"has-post-thumbnail","7":"category-blogcafe-2","8":"entry"},"jetpack_publicize_connections":[],"featured_image_src":"https:\/\/i0.wp.com\/lyonelkaufmann.ch\/Blog\/wp-content\/uploads\/2015\/03\/social_waspo-9d8ca.jpg?resize=450%2C291&ssl=1","featured_image_src_square":"https:\/\/i0.wp.com\/lyonelkaufmann.ch\/Blog\/wp-content\/uploads\/2015\/03\/social_waspo-9d8ca.jpg?resize=450%2C291&ssl=1","author_info":{"display_name":"Lyonel Kaufmann","author_link":"https:\/\/lyonelkaufmann.ch\/Blog\/author\/lyonelk\/"},"jetpack_featured_media_url":"https:\/\/i0.wp.com\/lyonelkaufmann.ch\/Blog\/wp-content\/uploads\/2015\/03\/social_waspo-9d8ca.jpg?fit=450%2C291&ssl=1","jetpack_sharing_enabled":true,"jetpack_shortlink":"https:\/\/wp.me\/p1qtF4-1y8","jetpack-related-posts":[{"id":3344,"url":"https:\/\/lyonelkaufmann.ch\/Blog\/2010\/07\/25\/le-premier-social-media-magazine-sur-ipad-la-social-newsroom\/","url_meta":{"origin":5960,"position":0},"title":"Le premier \u201csocial media\u201d magazine sur iPad | La Social Newsroom","author":"Lyonel Kaufmann","date":"25 juillet 2010","format":"aside","excerpt":"Ce n\u2019est pas la premi\u00e8re fois que des applications ou des sites \u00a0se branchent sur les API de Twitter ou Facebook pour organiser les contenus \u00e0 la fa\u00e7on d\u2019un m\u00e9dia. Ce qui est int\u00e9ressant avec Flipboard, c\u2019est qu\u2019un effort consid\u00e9rable a \u00e9t\u00e9 fourni sur l\u2019interface graphique et l\u2019ergonomie. C\u2019est \u00e9videmment\u2026","rel":"","context":"Dans &quot;Blogcaf\u00e9&quot;","block_context":{"text":"Blogcaf\u00e9","link":"https:\/\/lyonelkaufmann.ch\/Blog\/category\/blogcafe-2\/"},"img":{"alt_text":"","src":"https:\/\/i0.wp.com\/lyonelkaufmann.ch\/Blog\/wp-content\/uploads\/2010\/07\/flipboard-HP-NB-300x225.png?resize=350%2C200","width":350,"height":200},"classes":[]},{"id":5088,"url":"https:\/\/lyonelkaufmann.ch\/Blog\/2012\/02\/25\/reseaux-sociaux-veille-et-usages-pedagogiques-netpublic\/","url_meta":{"origin":5960,"position":1},"title":"R\u00e9seaux sociaux : Veille et usages p\u00e9dagogiques |\u00a0NetPublic","author":"Lyonel Kaufmann","date":"25 f\u00e9vrier 2012","format":false,"excerpt":"Via Scoop.it - M\u00e9dias sociaux et enseignement\u00c0 travers des fonctions de veille, d\u2019\u00e9change et de cr\u00e9ativit\u00e9, Xavier Galaup montre des exemples de projets participatifs et collaboratifs qui induisent et produisent un mode relationnel renouvel\u00e9 notamment avec les publics (pour les biblioth\u00e8ques) et les apprenants (pour l\u2019enseignement). La pr\u00e9sentation Veille et\u2026","rel":"","context":"Dans &quot;histoire&quot;","block_context":{"text":"histoire","link":"https:\/\/lyonelkaufmann.ch\/Blog\/category\/histoire-2\/"},"img":{"alt_text":"","src":"https:\/\/i0.wp.com\/lyonelkaufmann.ch\/Blog\/wp-content\/uploads\/2015\/03\/XT4znOPJjiEluJC1rYJhojl72eJkfbmt4t8yenImKBXEejxNn4ZJNZ2ss5Ku7Cxt.jpg?fit=500%2C298&ssl=1&resize=350%2C200","width":350,"height":200},"classes":[]},{"id":5955,"url":"https:\/\/lyonelkaufmann.ch\/Blog\/2012\/04\/21\/guide-des-medias-sociaux-edition-2012\/","url_meta":{"origin":5960,"position":2},"title":"Guide des m\u00e9dias sociaux. Edition 2012","author":"Lyonel Kaufmann","date":"21 avril 2012","format":false,"excerpt":"L\u2019agence de communication Wellcom a publi\u00e9 en ligne l\u2019\u00e9dition 2012 du guide Tout ce que vous avez toujours voulu savoir sur les m\u00e9dias sociaux sans jamais oser le demander\u2026 ou comment int\u00e9grer les m\u00e9dias sociaux dans votre communication et vos relations avec vos publics (en pdf, 94 pages) dont la\u2026","rel":"","context":"Dans &quot;Blogcaf\u00e9&quot;","block_context":{"text":"Blogcaf\u00e9","link":"https:\/\/lyonelkaufmann.ch\/Blog\/category\/blogcafe-2\/"},"img":{"alt_text":"","src":"https:\/\/i0.wp.com\/lyonelkaufmann.ch\/Blog\/wp-content\/uploads\/2015\/03\/blogcafe1.jpg?fit=1024%2C683&ssl=1&resize=350%2C200","width":350,"height":200,"srcset":"https:\/\/i0.wp.com\/lyonelkaufmann.ch\/Blog\/wp-content\/uploads\/2015\/03\/blogcafe1.jpg?fit=1024%2C683&ssl=1&resize=350%2C200 1x, https:\/\/i0.wp.com\/lyonelkaufmann.ch\/Blog\/wp-content\/uploads\/2015\/03\/blogcafe1.jpg?fit=1024%2C683&ssl=1&resize=525%2C300 1.5x, https:\/\/i0.wp.com\/lyonelkaufmann.ch\/Blog\/wp-content\/uploads\/2015\/03\/blogcafe1.jpg?fit=1024%2C683&ssl=1&resize=700%2C400 2x"},"classes":[]},{"id":5971,"url":"https:\/\/lyonelkaufmann.ch\/Blog\/2012\/05\/05\/pieger-les-eleves-ou-les-former-avec-les-medias-sociaux-chronique-no-132-2\/","url_meta":{"origin":5960,"position":3},"title":"Pi\u00e9ger les \u00e9l\u00e8ves ou les former avec les m\u00e9dias sociaux? |\u00a0Chronique no 132","author":"Lyonel Kaufmann","date":"5 mai 2012","format":false,"excerpt":"Pendant que certains pr\u00e9f\u00e8rent pourrir le web et pi\u00e9ger leurs \u00e9l\u00e8ves, il reste des allumeurs de r\u00e9verb\u00e8res qui cherchent heureusement \u00e0 \u00e9lever leur \u00e9l\u00e8ves \u00e0 la culture et au savoir historique en se saisissant des m\u00e9dias sociaux. L'affaire de l'enseignant pourrisseur du web ((on trouvera ici une s\u00e9rie d'articles critiques\u2026","rel":"","context":"Dans &quot;Blogcaf\u00e9&quot;","block_context":{"text":"Blogcaf\u00e9","link":"https:\/\/lyonelkaufmann.ch\/Blog\/category\/blogcafe-2\/"},"img":{"alt_text":"","src":"","width":0,"height":0},"classes":[]},{"id":5532,"url":"https:\/\/lyonelkaufmann.ch\/Blog\/2012\/02\/21\/panorama-des-medias-sociaux-2012-mediassociaux-fr\/","url_meta":{"origin":5960,"position":4},"title":"Panorama des m\u00e9dias sociaux 2012 |\u00a0MediasSociaux.fr","author":"Lyonel Kaufmann","date":"21 f\u00e9vrier 2012","format":false,"excerpt":"Comme chaque ann\u00e9e depuis quatre ans (2008, 2009 et 2011), Fr\u00e9d\u00e9ric Cavazza vous propose son panorama des m\u00e9dias sociaux qui, en 2012, g\u00e9n\u00e9ralise les conversations et qui tient compte des terminaux mobiles. Au centre de son panorama, il y place donc Facebook, Twitter et Google + et s'en explique, puis\u2026","rel":"","context":"Dans &quot;Blogcaf\u00e9&quot;","block_context":{"text":"Blogcaf\u00e9","link":"https:\/\/lyonelkaufmann.ch\/Blog\/category\/blogcafe-2\/"},"img":{"alt_text":"","src":"https:\/\/i0.wp.com\/lyonelkaufmann.ch\/Blog\/wp-content\/uploads\/2015\/03\/Panorama_MS_2012-522x550.png?fit=522%2C550&ssl=1&resize=350%2C200","width":350,"height":200},"classes":[]},{"id":7950,"url":"https:\/\/lyonelkaufmann.ch\/Blog\/2014\/04\/06\/ipads-for-teaching\/","url_meta":{"origin":5960,"position":5},"title":"iPads for Teaching","author":"Lyonel Kaufmann","date":"6 avril 2014","format":false,"excerpt":"See on Scoop.it - M\u00e9dias sociaux et enseignement Welcome to my iPads4teaching site! These pages will provide you with tips, tricks and resources for teaching and learning with the iPad.\u00a0 You can find extensive information about Bloom's and iPads... Lyonel Kaufmann's insight:Guide concernant l'utilisation de l'iPad (ou d'une tablette) en\u2026","rel":"","context":"Dans &quot;histoire&quot;","block_context":{"text":"histoire","link":"https:\/\/lyonelkaufmann.ch\/Blog\/category\/histoire-2\/"},"img":{"alt_text":"","src":"https:\/\/i0.wp.com\/lyonelkaufmann.ch\/Blog\/wp-content\/uploads\/2015\/03\/cUPxBB8WUwEfCkcIcWoJ_zl72eJkfbmt4t8yenImKBXEejxNn4ZJNZ2ss5Ku7Cxt.jpg?fit=500%2C206&ssl=1&resize=350%2C200","width":350,"height":200},"classes":[]}],"jetpack_likes_enabled":true,"_links":{"self":[{"href":"https:\/\/lyonelkaufmann.ch\/Blog\/wp-json\/wp\/v2\/posts\/5960","targetHints":{"allow":["GET"]}}],"collection":[{"href":"https:\/\/lyonelkaufmann.ch\/Blog\/wp-json\/wp\/v2\/posts"}],"about":[{"href":"https:\/\/lyonelkaufmann.ch\/Blog\/wp-json\/wp\/v2\/types\/post"}],"author":[{"embeddable":true,"href":"https:\/\/lyonelkaufmann.ch\/Blog\/wp-json\/wp\/v2\/users\/1"}],"replies":[{"embeddable":true,"href":"https:\/\/lyonelkaufmann.ch\/Blog\/wp-json\/wp\/v2\/comments?post=5960"}],"version-history":[{"count":0,"href":"https:\/\/lyonelkaufmann.ch\/Blog\/wp-json\/wp\/v2\/posts\/5960\/revisions"}],"wp:featuredmedia":[{"embeddable":true,"href":"https:\/\/lyonelkaufmann.ch\/Blog\/wp-json\/wp\/v2\/media\/13910"}],"wp:attachment":[{"href":"https:\/\/lyonelkaufmann.ch\/Blog\/wp-json\/wp\/v2\/media?parent=5960"}],"wp:term":[{"taxonomy":"category","embeddable":true,"href":"https:\/\/lyonelkaufmann.ch\/Blog\/wp-json\/wp\/v2\/categories?post=5960"},{"taxonomy":"post_tag","embeddable":true,"href":"https:\/\/lyonelkaufmann.ch\/Blog\/wp-json\/wp\/v2\/tags?post=5960"}],"curies":[{"name":"wp","href":"https:\/\/api.w.org\/{rel}","templated":true}]}}