{"id":5976,"date":"2012-09-14T08:00:00","date_gmt":"2012-09-14T08:00:00","guid":{"rendered":"http:\/\/lyonelkaufmann.ch\/histoire\/?p=5976"},"modified":"2012-09-14T08:00:00","modified_gmt":"2012-09-14T08:00:00","slug":"14-septembre-1515-france-info-a-la-bataille-de-marignan","status":"publish","type":"post","link":"https:\/\/lyonelkaufmann.ch\/Blog\/2012\/09\/14\/14-septembre-1515-france-info-a-la-bataille-de-marignan\/","title":{"rendered":"14 septembre 1515 : un podcast de la bataille de Marignan !"},"content":{"rendered":"<figure id=\"attachment_5982\" aria-describedby=\"caption-attachment-5982\" style=\"width: 530px\" class=\"wp-caption aligncenter\"><a href=\"https:\/\/i0.wp.com\/lyonelkaufmann.ch\/histoire\/wp-content\/uploads\/2012\/09\/hodler1.jpg\"><img data-recalc-dims=\"1\" loading=\"lazy\" decoding=\"async\" class=\"size-full wp-image-5982\" title=\"hodler1\" src=\"https:\/\/i0.wp.com\/lyonelkaufmann.ch\/histoire\/wp-content\/uploads\/2012\/09\/hodler1.jpg?resize=530%2C260\" alt=\"\" width=\"530\" height=\"260\" \/><\/a><figcaption id=\"caption-attachment-5982\" class=\"wp-caption-text\">\u00abLa Retraite de Marignan\u00bb, Ferdinand Hodler, 1900, Mus\u00e9e national suisse, Zurich\/LM-41994<\/figcaption><\/figure>\n<p><strong>Le 11 ao\u00fbt dernier, la chronique historique de France Info ramenait ses auditeurs \u00e0 cette date et cette bataille que des g\u00e9n\u00e9rations d&rsquo;\u00e9coliers de Suisse comme de France se devaient de retenir.\u00a0Mais la bataille elle-m\u00eame, ses causes et ses cons\u00e9quences, est largement oubli\u00e9e.<\/strong><\/p>\n<p><a href=\"http:\/\/www.franceinfo.fr\/player\/export-reecouter?content=686515\">http:\/\/www.franceinfo.fr\/player\/export-reecouter?content=686515<\/a><\/p>\n<blockquote><p>Mieux vaut ne pas trop poser la main sur les canons. Ils sont encore chauds. Pendant les 20 heures qu&rsquo;aura dur\u00e9 cette bataille exceptionnellement longue, ils ont cruellement d\u00e9cim\u00e9 les adversaires des Fran\u00e7ais : les Suisses, des soldats redout\u00e9s dans toute l&rsquo;Europe. C&rsquo;est la premi\u00e8re fois que l&rsquo;artillerie est utilis\u00e9e \u00e0 cette \u00e9chelle. Ca ne sera pas la derni\u00e8re. La victoire a ouvert l&rsquo;Italie du nord aux Fran\u00e7ais. Une fois de plus, pourrait-on dire, tant les all\u00e9es et venues des arm\u00e9es europ\u00e9ennes sont permanentes dans la P\u00e9ninsule. L&rsquo;Italie fascine par sa richesse, sa beaut\u00e9, sa sophistication. Elle attire par sa faiblesse politique : cette myriade de micro-Etats en conflit permanent, qui permettent aux puissances \u00e9trang\u00e8res d&rsquo;intervenir sans trop de difficult\u00e9. Les Fran\u00e7ais se sont fait peur en cette matin\u00e9e du 14. Sans l&rsquo;arriv\u00e9e de leurs alli\u00e9s v\u00e9nitiens, ils \u00e9taient en f\u00e2cheuse posture. Mais toutes ces p\u00e9rip\u00e9ties semblent oubli\u00e9es, quand le jeune roi Fran\u00e7ois Ier, qui f\u00eate se 21 ans, s&rsquo;avance dans le champ Saint-Dom. Il va \u00eatre fait chevalier, sous les yeux de l&rsquo;envoy\u00e9e sp\u00e9ciale de France Info&#8230;<\/p><\/blockquote>\n<p>Au-del\u00e0 de l&rsquo;\u00e9vocation de cette bataille, cette chronique peut donner des id\u00e9es aux professeurs d&rsquo;histoire et les inciter \u00e0 faire produire des <strong>podcasts<\/strong> (\u00e9missions de radio num\u00e9rique) historiques \u00e0 leurs \u00e9l\u00e8ves.\u00a0Dans le canton de Vaud, ils disposent m\u00eame avec le <strong>RadioBus <\/strong>et les <strong>RadioBox<\/strong> de tout une aide et d&rsquo;un accompagnement p\u00e9dagogique pour r\u00e9aliser leur projet. Le site :\u00a0<a href=\"http:\/\/www.radiobus.fm\/infos\/\">http:\/\/www.radiobus.fm\/infos\/<\/a><\/p>\n<p>Concernant la place de Marignan dans l&rsquo;histoire suisse, on pourra lire l&rsquo;article r\u00e9cent du journal L&rsquo;Hebdo (<a href=\"http:\/\/www.hebdo.ch\/cinq_dates_qui_ont_change_la_suisse_162780_.html\">Le 14 septembre 1515, Marignan, le choix de la mondialisation<\/a>). On y apprend que cette bataille n&rsquo;a retrouv\u00e9 une place de choix qu&rsquo;au d\u00e9but du 20e si\u00e8cle et l&rsquo;historien Hans-Ulrich Jost estime que loin de se recroqueviller sur elle-m\u00eame apr\u00e8s 1515, la Conf\u00e9d\u00e9ration\u00a0\u00ab<em>n\u2019a jamais \u00e9t\u00e9 aussi active \u00e0 l\u2019\u00e9tranger\u00bb<\/em>.<\/p>\n<p>A titre d&rsquo;exemple, Hans-Ulrich Jost indique qu&rsquo;il y a eu davantage d\u2019Helv\u00e8tes enr\u00f4l\u00e9s dans les arm\u00e9es europ\u00e9ennes apr\u00e8s les guerres d\u2019Italie : <em>\u00abIl y avait continuellement 40 000 \u00e0 60 000 Suisses en service.\u00bb<\/em>\u00a0Ce commerce \u00e9tait tr\u00e8s lucratif pour les cantons et les capitaines signant des contrats.\u00a0Ce fut notre premi\u00e8re industrie d&rsquo;exportation en quelque sorte pendant longtemps.<\/p>\n<p>On pourra aussi lire sur <em>Allez Savoir!<\/em> la pol\u00e9mique provoqu\u00e9e par Ferdinand Hodler avec son \u00e9vocation de la bataille de Marignan :\u00a0<a href=\"http:\/\/www3.unil.ch\/wpmu\/allezsavoir\/hodler-etait-il-le-thomas-hirschhorn-du-xixe-siecle\/\" target=\"_blank\">Hodler \u00e9tait-il le Thomas Hirschhorn du XIXe?<\/a><\/p>\n","protected":false},"excerpt":{"rendered":"<p>Le 11 ao\u00fbt dernier, la chronique historique de France Info ramenait ses auditeurs \u00e0 cette date et cette bataille que des g\u00e9n\u00e9rations d&rsquo;\u00e9coliers de Suisse comme de France se devaient de retenir.\u00a0Mais la bataille elle-m\u00eame, ses causes et ses cons\u00e9quences, est largement oubli\u00e9e. http:\/\/www.franceinfo.fr\/player\/export-reecouter?content=686515 Mieux vaut ne pas trop poser la main sur les canons. [&hellip;]<\/p>\n","protected":false},"author":1,"featured_media":14134,"comment_status":"open","ping_status":"open","sticky":false,"template":"","format":"standard","meta":{"_import_markdown_pro_load_document_selector":0,"_import_markdown_pro_submit_text_textarea":"","_genesis_hide_title":false,"_genesis_hide_breadcrumbs":false,"_genesis_hide_singular_image":false,"_genesis_hide_footer_widgets":false,"_genesis_custom_body_class":"","_genesis_custom_post_class":"","_genesis_layout":"","jetpack_post_was_ever_published":false,"_jetpack_newsletter_access":"","_jetpack_dont_email_post_to_subs":false,"_jetpack_newsletter_tier_id":0,"_jetpack_memberships_contains_paywalled_content":false,"_jetpack_memberships_contains_paid_content":false,"activitypub_content_warning":"","activitypub_content_visibility":"","activitypub_max_image_attachments":3,"activitypub_interaction_policy_quote":"anyone","activitypub_status":"","footnotes":"","jetpack_publicize_message":"","jetpack_publicize_feature_enabled":true,"jetpack_social_post_already_shared":true,"jetpack_social_options":{"image_generator_settings":{"template":"fullscreen","default_image_id":0,"font":"","enabled":false},"version":2}},"categories":[2],"tags":[],"class_list":{"0":"post-5976","1":"post","2":"type-post","3":"status-publish","4":"format-standard","5":"has-post-thumbnail","7":"category-histoire-2","8":"entry"},"jetpack_publicize_connections":[],"featured_image_src":"https:\/\/i0.wp.com\/lyonelkaufmann.ch\/Blog\/wp-content\/uploads\/2015\/03\/hodler1.jpg?resize=530%2C260&ssl=1","featured_image_src_square":"https:\/\/i0.wp.com\/lyonelkaufmann.ch\/Blog\/wp-content\/uploads\/2015\/03\/hodler1.jpg?resize=530%2C260&ssl=1","author_info":{"display_name":"Lyonel Kaufmann","author_link":"https:\/\/lyonelkaufmann.ch\/Blog\/author\/lyonelk\/"},"jetpack_featured_media_url":"https:\/\/i0.wp.com\/lyonelkaufmann.ch\/Blog\/wp-content\/uploads\/2015\/03\/hodler1.jpg?fit=530%2C260&ssl=1","jetpack_sharing_enabled":true,"jetpack_shortlink":"https:\/\/wp.me\/p1qtF4-1yo","jetpack-related-posts":[{"id":19142,"url":"https:\/\/lyonelkaufmann.ch\/Blog\/2018\/04\/05\/suisse-revolutionnaire-monument-bataille-grauholz-1798\/","url_meta":{"origin":5976,"position":0},"title":"#suisse #r\u00e9volutionnaire #monument bataille #Grauholz #1798","author":"Lyonel Kaufmann","date":"5 avril 2018","format":false,"excerpt":"from Instagram: https:\/\/ift.tt\/2GBPSLU","rel":"","context":"Dans &quot;Blogcaf\u00e9&quot;","block_context":{"text":"Blogcaf\u00e9","link":"https:\/\/lyonelkaufmann.ch\/Blog\/category\/blogcafe-2\/"},"img":{"alt_text":"","src":"","width":0,"height":0},"classes":[]},{"id":27774,"url":"https:\/\/lyonelkaufmann.ch\/Blog\/2025\/11\/30\/52-alesia-quand-lhistoire-fait-dates-arte\/","url_meta":{"origin":5976,"position":1},"title":"-52 Al\u00e9sia | Quand l&rsquo;histoire fait dates | ARTE","author":"Lyonel Kaufmann","date":"30 novembre 2025","format":false,"excerpt":"Dans cette magnifique s\u00e9rie d'Arte, Patrick Boucheron nous met en perspective la bataille d'Al\u00e9sia, la Guerre des Gaules, Jules C\u00e9sar, Vercing\u00e9torix et notre rapport au pass\u00e9 et \u00e0 l'histoire. Brillant. https:\/\/youtu.be\/Ss-CGE--fZs?si=LP1aC_TUKZHxiXgZ Le site de la bataille, situ\u00e9 \u00e0 Alise-Sainte-Reine (n'en d\u00e9plaise \u00e0 certains), est en Bourgogne, pas si loin de\u2026","rel":"","context":"Dans &quot;histoire&quot;","block_context":{"text":"histoire","link":"https:\/\/lyonelkaufmann.ch\/Blog\/category\/histoire-2\/"},"img":{"alt_text":"","src":"https:\/\/i0.wp.com\/lyonelkaufmann.ch\/Blog\/wp-content\/uploads\/2025\/11\/1920x1080-3982961008.jpg?fit=1200%2C675&ssl=1&resize=350%2C200","width":350,"height":200,"srcset":"https:\/\/i0.wp.com\/lyonelkaufmann.ch\/Blog\/wp-content\/uploads\/2025\/11\/1920x1080-3982961008.jpg?fit=1200%2C675&ssl=1&resize=350%2C200 1x, https:\/\/i0.wp.com\/lyonelkaufmann.ch\/Blog\/wp-content\/uploads\/2025\/11\/1920x1080-3982961008.jpg?fit=1200%2C675&ssl=1&resize=525%2C300 1.5x, https:\/\/i0.wp.com\/lyonelkaufmann.ch\/Blog\/wp-content\/uploads\/2025\/11\/1920x1080-3982961008.jpg?fit=1200%2C675&ssl=1&resize=700%2C400 2x, https:\/\/i0.wp.com\/lyonelkaufmann.ch\/Blog\/wp-content\/uploads\/2025\/11\/1920x1080-3982961008.jpg?fit=1200%2C675&ssl=1&resize=1050%2C600 3x"},"classes":[]},{"id":12770,"url":"https:\/\/lyonelkaufmann.ch\/Blog\/2012\/08\/17\/sempach-roadbook\/","url_meta":{"origin":5976,"position":2},"title":"Sempach | Roadbook","author":"Lyonel Kaufmann","date":"17 ao\u00fbt 2012","format":false,"excerpt":"Chapelle comm\u00e9morative de la bataille de Sempach (1386). Clin d'oeil \u00e0 ma th\u00e8se! Fresque de la bataille \u00e0 l'int\u00e9rieur de la chapelle Le point de vue ext\u00e9rieur. Le monument \u00e0 Winkelried","rel":"","context":"Dans &quot;histoire&quot;","block_context":{"text":"histoire","link":"https:\/\/lyonelkaufmann.ch\/Blog\/category\/histoire-2\/"},"img":{"alt_text":"","src":"https:\/\/i0.wp.com\/lyonelkaufmann.ch\/Blog\/wp-content\/uploads\/2015\/03\/20120817-162146.jpg?fit=650%2C486&ssl=1&resize=350%2C200","width":350,"height":200,"srcset":"https:\/\/i0.wp.com\/lyonelkaufmann.ch\/Blog\/wp-content\/uploads\/2015\/03\/20120817-162146.jpg?fit=650%2C486&ssl=1&resize=350%2C200 1x, https:\/\/i0.wp.com\/lyonelkaufmann.ch\/Blog\/wp-content\/uploads\/2015\/03\/20120817-162146.jpg?fit=650%2C486&ssl=1&resize=525%2C300 1.5x"},"classes":[]},{"id":18597,"url":"https:\/\/lyonelkaufmann.ch\/Blog\/2017\/10\/11\/bramberg-1\/","url_meta":{"origin":5976,"position":3},"title":"Bramberg (1)","author":"Lyonel Kaufmann","date":"11 octobre 2017","format":false,"excerpt":"Apr\u00e8s Schwarzenburg et sa campagne, je poursuis en direction de Neuenegg \u00e0 la recherche du monument de la bataille de Laupen (1339). Arriv\u00e9 \u00e0 Bramberg, le monument est facilement rep\u00e9rable, tr\u00f4nant au sommet d'une cr\u00eate. La bataille de Laupen eut lieu le 21 juin 1339. Elle opposa une coalition form\u00e9e\u2026","rel":"","context":"Dans &quot;Blogcaf\u00e9&quot;","block_context":{"text":"Blogcaf\u00e9","link":"https:\/\/lyonelkaufmann.ch\/Blog\/category\/blogcafe-2\/"},"img":{"alt_text":"","src":"https:\/\/i0.wp.com\/lyonelkaufmann.ch\/Blog\/wp-content\/uploads\/2017\/10\/IMGP2458.jpg?fit=798%2C1200&ssl=1&resize=350%2C200","width":350,"height":200,"srcset":"https:\/\/i0.wp.com\/lyonelkaufmann.ch\/Blog\/wp-content\/uploads\/2017\/10\/IMGP2458.jpg?fit=798%2C1200&ssl=1&resize=350%2C200 1x, https:\/\/i0.wp.com\/lyonelkaufmann.ch\/Blog\/wp-content\/uploads\/2017\/10\/IMGP2458.jpg?fit=798%2C1200&ssl=1&resize=525%2C300 1.5x, https:\/\/i0.wp.com\/lyonelkaufmann.ch\/Blog\/wp-content\/uploads\/2017\/10\/IMGP2458.jpg?fit=798%2C1200&ssl=1&resize=700%2C400 2x"},"classes":[]},{"id":5443,"url":"https:\/\/lyonelkaufmann.ch\/Blog\/2012\/05\/20\/lapres-bataille-de-grandson-comme-si-vous-y-etiez-cuk-ch\/","url_meta":{"origin":5976,"position":4},"title":"L\u2019apr\u00e8s-bataille de Grandson comme si vous y \u00e9tiez\u2026 |\u00a0Cuk.ch","author":"Lyonel Kaufmann","date":"20 mai 2012","format":false,"excerpt":"En fait c'est un double article que nous propose Anne Cun\u00e9o sur cuk.ch sur les collections et l'exposition temporaire \u00e0 venir en 2013 du Mus\u00e9e Historique de Berne. En premier lieu, Anne Cun\u00e9o nous pr\u00e9sente les tapisseries prises par les Suisses lors de la bataille de Grandson. La Tenture des\u2026","rel":"","context":"Dans &quot;histoire&quot;","block_context":{"text":"histoire","link":"https:\/\/lyonelkaufmann.ch\/Blog\/category\/histoire-2\/"},"img":{"alt_text":"","src":"https:\/\/i0.wp.com\/lyonelkaufmann.ch\/Blog\/wp-content\/uploads\/2015\/03\/RoisMages_vign.jpg?fit=400%2C316&ssl=1&resize=350%2C200","width":350,"height":200},"classes":[]},{"id":6775,"url":"https:\/\/lyonelkaufmann.ch\/Blog\/2013\/02\/03\/la-bataille-de-stalingrad-en-infographie-ria-novosti\/","url_meta":{"origin":5976,"position":5},"title":"La Bataille de Stalingrad en infographie (Ria Novosti)","author":"Lyonel Kaufmann","date":"3 f\u00e9vrier 2013","format":false,"excerpt":"See on Scoop.it - histoire Description - commentaire: Une superbe infographie synth\u00e9tisant la bataille de Stalingrad (2 f\u00e9vrier 1943). Il y a donc 70 ans, le 2 f\u00e9vrier 1943, la bataille de Stalingrad prenait fin apr\u00e8s 200 jours de combats. Cette bataille est un tournant de la Deuxi\u00e8me guerre mondiale.\u2026","rel":"","context":"Dans &quot;histoire&quot;","block_context":{"text":"histoire","link":"https:\/\/lyonelkaufmann.ch\/Blog\/category\/histoire-2\/"},"img":{"alt_text":"","src":"","width":0,"height":0},"classes":[]}],"jetpack_likes_enabled":true,"_links":{"self":[{"href":"https:\/\/lyonelkaufmann.ch\/Blog\/wp-json\/wp\/v2\/posts\/5976","targetHints":{"allow":["GET"]}}],"collection":[{"href":"https:\/\/lyonelkaufmann.ch\/Blog\/wp-json\/wp\/v2\/posts"}],"about":[{"href":"https:\/\/lyonelkaufmann.ch\/Blog\/wp-json\/wp\/v2\/types\/post"}],"author":[{"embeddable":true,"href":"https:\/\/lyonelkaufmann.ch\/Blog\/wp-json\/wp\/v2\/users\/1"}],"replies":[{"embeddable":true,"href":"https:\/\/lyonelkaufmann.ch\/Blog\/wp-json\/wp\/v2\/comments?post=5976"}],"version-history":[{"count":0,"href":"https:\/\/lyonelkaufmann.ch\/Blog\/wp-json\/wp\/v2\/posts\/5976\/revisions"}],"wp:featuredmedia":[{"embeddable":true,"href":"https:\/\/lyonelkaufmann.ch\/Blog\/wp-json\/wp\/v2\/media\/14134"}],"wp:attachment":[{"href":"https:\/\/lyonelkaufmann.ch\/Blog\/wp-json\/wp\/v2\/media?parent=5976"}],"wp:term":[{"taxonomy":"category","embeddable":true,"href":"https:\/\/lyonelkaufmann.ch\/Blog\/wp-json\/wp\/v2\/categories?post=5976"},{"taxonomy":"post_tag","embeddable":true,"href":"https:\/\/lyonelkaufmann.ch\/Blog\/wp-json\/wp\/v2\/tags?post=5976"}],"curies":[{"name":"wp","href":"https:\/\/api.w.org\/{rel}","templated":true}]}}