{"id":5980,"date":"2012-05-07T15:01:50","date_gmt":"2012-05-07T14:01:50","guid":{"rendered":"https:\/\/lyonelkaufmann.ch\/Blog\/?p=5980"},"modified":"2012-05-07T15:01:50","modified_gmt":"2012-05-07T14:01:50","slug":"firefox-vous-dit-qui-vous-espionne-sur-le-web-daily-geek-show","status":"publish","type":"post","link":"https:\/\/lyonelkaufmann.ch\/Blog\/2012\/05\/07\/firefox-vous-dit-qui-vous-espionne-sur-le-web-daily-geek-show\/","title":{"rendered":"Firefox vous dit qui vous espionne sur le web ! |\u00a0Daily Geek Show"},"content":{"rendered":"<p>Tout le monde le sait, lorsque l\u2019on surf sur la toile, nous ne sommes pas tranquilles et m\u00eame espionn\u00e9s\u00a0! Firefox y a pens\u00e9 et vous permet d\u00e8s maintenant de d\u00e9couvrir qui vous surveille\u2026 et a cr\u00e9\u00e9 <a href=\"http:\/\/www.mozilla.org\/en-US\/collusion\/\" target=\"_blank\">Collusion<\/a>.<\/p>\n<p>via\u00a0<a href=\"http:\/\/dailygeekshow.com\/2012\/03\/03\/firefox-vous-dit-qui-vous-espionne-sur-le-web\/\">Daily Geek Show \u00bb Firefox vous dit qui vous espionne sur le web !<\/a>.<\/p>\n","protected":false},"excerpt":{"rendered":"<p>Tout le monde le sait, lorsque l\u2019on surf sur la toile, nous ne sommes pas tranquilles et m\u00eame espionn\u00e9s\u00a0! Firefox y a pens\u00e9 et vous permet d\u00e8s maintenant de d\u00e9couvrir qui vous surveille\u2026 et a cr\u00e9\u00e9 Collusion. via\u00a0Daily Geek Show \u00bb Firefox vous dit qui vous espionne sur le web !.<\/p>\n","protected":false},"author":1,"featured_media":14680,"comment_status":"open","ping_status":"open","sticky":false,"template":"","format":"link","meta":{"_import_markdown_pro_load_document_selector":0,"_import_markdown_pro_submit_text_textarea":"","_genesis_hide_title":false,"_genesis_hide_breadcrumbs":false,"_genesis_hide_singular_image":false,"_genesis_hide_footer_widgets":false,"_genesis_custom_body_class":"","_genesis_custom_post_class":"","_genesis_layout":"","jetpack_post_was_ever_published":false,"_jetpack_newsletter_access":"","_jetpack_dont_email_post_to_subs":false,"_jetpack_newsletter_tier_id":0,"_jetpack_memberships_contains_paywalled_content":false,"_jetpack_memberships_contains_paid_content":false,"activitypub_content_warning":"","activitypub_content_visibility":"","activitypub_max_image_attachments":3,"activitypub_interaction_policy_quote":"anyone","activitypub_status":"","footnotes":"","jetpack_publicize_message":"","jetpack_publicize_feature_enabled":true,"jetpack_social_post_already_shared":true,"jetpack_social_options":{"image_generator_settings":{"template":"fullscreen","default_image_id":0,"font":"","enabled":false},"version":2}},"categories":[3],"tags":[],"class_list":{"0":"post-5980","1":"post","2":"type-post","3":"status-publish","4":"format-link","5":"has-post-thumbnail","7":"category-blogcafe-2","8":"post_format-post-format-link","9":"entry"},"jetpack_publicize_connections":[],"featured_image_src":"https:\/\/i0.wp.com\/lyonelkaufmann.ch\/Blog\/wp-content\/uploads\/2015\/03\/blogcafe1.jpg?resize=600%2C400&ssl=1","featured_image_src_square":"https:\/\/i0.wp.com\/lyonelkaufmann.ch\/Blog\/wp-content\/uploads\/2015\/03\/blogcafe1.jpg?resize=600%2C600&ssl=1","author_info":{"display_name":"Lyonel Kaufmann","author_link":"https:\/\/lyonelkaufmann.ch\/Blog\/author\/lyonelk\/"},"jetpack_featured_media_url":"https:\/\/i0.wp.com\/lyonelkaufmann.ch\/Blog\/wp-content\/uploads\/2015\/03\/blogcafe1.jpg?fit=1024%2C683&ssl=1","jetpack_sharing_enabled":true,"jetpack_shortlink":"https:\/\/wp.me\/p1qtF4-1ys","jetpack-related-posts":[{"id":430,"url":"https:\/\/lyonelkaufmann.ch\/Blog\/2007\/01\/12\/ou-lon-reparle-de-firefox\/","url_meta":{"origin":5980,"position":0},"title":"O\u00f9 l\u2019on reparle de Firefox","author":"Lyonel Kaufmann","date":"12 janvier 2007","format":false,"excerpt":"Depuis que je suis pass\u00e9 plus largement \u00e0 l'utilisation des diff\u00e9rents services propos\u00e9s par Google (gmail, Google Reader, Google Docs, Google Calendar, etc.), cette information de MacG\u00e9n\u00e9ration m'int\u00e9resse au plus haut point en relation avec ma vie nomade. Si les d\u00e9veloppeurs de Firefox (3 ou autre) pouvaient programmer la version\u2026","rel":"","context":"Dans &quot;Blogcaf\u00e9&quot;","block_context":{"text":"Blogcaf\u00e9","link":"https:\/\/lyonelkaufmann.ch\/Blog\/category\/blogcafe-2\/"},"img":{"alt_text":"","src":"https:\/\/i0.wp.com\/lyonelkaufmann.ch\/Blog\/wp-content\/uploads\/2015\/03\/blogcafe1.jpg?fit=1024%2C683&ssl=1&resize=350%2C200","width":350,"height":200,"srcset":"https:\/\/i0.wp.com\/lyonelkaufmann.ch\/Blog\/wp-content\/uploads\/2015\/03\/blogcafe1.jpg?fit=1024%2C683&ssl=1&resize=350%2C200 1x, https:\/\/i0.wp.com\/lyonelkaufmann.ch\/Blog\/wp-content\/uploads\/2015\/03\/blogcafe1.jpg?fit=1024%2C683&ssl=1&resize=525%2C300 1.5x, https:\/\/i0.wp.com\/lyonelkaufmann.ch\/Blog\/wp-content\/uploads\/2015\/03\/blogcafe1.jpg?fit=1024%2C683&ssl=1&resize=700%2C400 2x"},"classes":[]},{"id":15341,"url":"https:\/\/lyonelkaufmann.ch\/Blog\/2015\/11\/12\/firefox-disponible-sur-ios\/","url_meta":{"origin":5980,"position":1},"title":"Firefox disponible sur iOS","author":"Lyonel Kaufmann","date":"12 novembre 2015","format":false,"excerpt":"Apr\u00e8s une longue attente, Firefox est d\u00e9sormais disponible sur iOS (iPhone et iPad). Ce navigateur vous sera particuli\u00e8rement utile si vous l\u2019utilisez d\u00e9j\u00e0 sur votre ordinateur. A l\u2019aide de votre compte Firefox, vous aurez ainsi l\u2019occasion de synchroniser vos donn\u00e9es d\u2019un appareil \u00e0 l\u2019autre. Ce navigateur dispose notamment d\u2019un mode\u2026","rel":"","context":"Dans &quot;Blogcaf\u00e9&quot;","block_context":{"text":"Blogcaf\u00e9","link":"https:\/\/lyonelkaufmann.ch\/Blog\/category\/blogcafe-2\/"},"img":{"alt_text":"","src":"https:\/\/i0.wp.com\/lyonelkaufmann.ch\/Blog\/wp-content\/uploads\/2015\/11\/024F3A98-ED1C-4F30-B8A3-BADB7E29B009.png?fit=800%2C450&ssl=1&resize=350%2C200","width":350,"height":200,"srcset":"https:\/\/i0.wp.com\/lyonelkaufmann.ch\/Blog\/wp-content\/uploads\/2015\/11\/024F3A98-ED1C-4F30-B8A3-BADB7E29B009.png?fit=800%2C450&ssl=1&resize=350%2C200 1x, https:\/\/i0.wp.com\/lyonelkaufmann.ch\/Blog\/wp-content\/uploads\/2015\/11\/024F3A98-ED1C-4F30-B8A3-BADB7E29B009.png?fit=800%2C450&ssl=1&resize=525%2C300 1.5x, https:\/\/i0.wp.com\/lyonelkaufmann.ch\/Blog\/wp-content\/uploads\/2015\/11\/024F3A98-ED1C-4F30-B8A3-BADB7E29B009.png?fit=800%2C450&ssl=1&resize=700%2C400 2x"},"classes":[]},{"id":15019,"url":"https:\/\/lyonelkaufmann.ch\/Blog\/2015\/07\/04\/firefox-arrive-bientot-sur-ios-numerama\/","url_meta":{"origin":5980,"position":2},"title":"Firefox arrive bient\u00f4t sur iOS | Numerama","author":"Lyonel Kaufmann","date":"4 juillet 2015","format":false,"excerpt":"Au cours d'une semaine marqu\u00e9e par l'arriv\u00e9e d'une nouvelle version de Firefox, la fondation Mozilla est revenue bri\u00e8vement sur l'avenir de son navigateur, et plus particuli\u00e8rement sur son portage vers d'autres plateformes. \u00c0 cette occasion, elle a confirm\u00e9 l'arriv\u00e9e, \"bient\u00f4t\", de Firefox sur Windows 10 et iOS. Dans le cas\u2026","rel":"","context":"Dans &quot;Blogcaf\u00e9&quot;","block_context":{"text":"Blogcaf\u00e9","link":"https:\/\/lyonelkaufmann.ch\/Blog\/category\/blogcafe-2\/"},"img":{"alt_text":"","src":"https:\/\/i0.wp.com\/lyonelkaufmann.ch\/Blog\/wp-content\/uploads\/2015\/07\/2832245379_bd26373046_b1.jpg?fit=675%2C350&ssl=1&resize=350%2C200","width":350,"height":200,"srcset":"https:\/\/i0.wp.com\/lyonelkaufmann.ch\/Blog\/wp-content\/uploads\/2015\/07\/2832245379_bd26373046_b1.jpg?fit=675%2C350&ssl=1&resize=350%2C200 1x, https:\/\/i0.wp.com\/lyonelkaufmann.ch\/Blog\/wp-content\/uploads\/2015\/07\/2832245379_bd26373046_b1.jpg?fit=675%2C350&ssl=1&resize=525%2C300 1.5x"},"classes":[]},{"id":12654,"url":"https:\/\/lyonelkaufmann.ch\/Blog\/2010\/05\/17\/firefox-ou-google-chrome-etre-son-propre-maitre-ou-choisir-de-qui-nous-serons-lesclave\/","url_meta":{"origin":5980,"position":3},"title":"Firefox ou Google Chrome: Etre son propre ma\u00eetre ou choisir de qui nous serons l&rsquo;esclave?","author":"Lyonel Kaufmann","date":"17 mai 2010","format":"aside","excerpt":"La libert\u00e9 est un bien trop pr\u00e9cieux pour la remettre entre les mains de quiconque, fut-il m\u00eame un ma\u00eetre bienveillant et attentionn\u00e9. Dans un dernier billet de Framablog (Google Chrome m'a tuer ou le probable d\u00e9clin de Firefox si nous n'y faisons rien - Framablog), l'auteur s'inqui\u00e8te par anticipation si\u2026","rel":"","context":"Dans &quot;Blogcaf\u00e9&quot;","block_context":{"text":"Blogcaf\u00e9","link":"https:\/\/lyonelkaufmann.ch\/Blog\/category\/blogcafe-2\/"},"img":{"alt_text":"","src":"https:\/\/i0.wp.com\/lyonelkaufmann.ch\/Blog\/wp-content\/uploads\/2015\/03\/01-10.jpg?fit=500%2C403&ssl=1&resize=350%2C200","width":350,"height":200},"classes":[]},{"id":2967,"url":"https:\/\/lyonelkaufmann.ch\/Blog\/2009\/08\/18\/feedly-avec-safari-cest-possible\/","url_meta":{"origin":5980,"position":4},"title":"Feedly avec Safari: c&rsquo;est possible!","author":"Lyonel Kaufmann","date":"18 ao\u00fbt 2009","format":"aside","excerpt":"Feedly se superpose \u00e0 Google Reader pour vous offrir une pr\u00e9sentation magazine ou journal de vos nouvelles agr\u00e9g\u00e9es par Google Reader. C'est surtout une extension r\u00e9serv\u00e9e jusqu'\u00e0 pr\u00e9sent \u00e0 Firefox. Exit la possibilit\u00e9 de l'utiliser avec Safari? Jusqu'\u00e0 r\u00e9cemment oui. En effet, les d\u00e9veloppeurs envisagent d'incorporer prochainement le plugin \u00e0\u2026","rel":"","context":"Dans &quot;Blogcaf\u00e9&quot;","block_context":{"text":"Blogcaf\u00e9","link":"https:\/\/lyonelkaufmann.ch\/Blog\/category\/blogcafe-2\/"},"img":{"alt_text":"","src":"https:\/\/i0.wp.com\/lyonelkaufmann.ch\/Blog\/wp-content\/uploads\/2015\/03\/ec0a11c018c6680245bc2ba58572123cc358b4e9.png?fit=1175%2C900&ssl=1&resize=350%2C200","width":350,"height":200,"srcset":"https:\/\/i0.wp.com\/lyonelkaufmann.ch\/Blog\/wp-content\/uploads\/2015\/03\/ec0a11c018c6680245bc2ba58572123cc358b4e9.png?fit=1175%2C900&ssl=1&resize=350%2C200 1x, https:\/\/i0.wp.com\/lyonelkaufmann.ch\/Blog\/wp-content\/uploads\/2015\/03\/ec0a11c018c6680245bc2ba58572123cc358b4e9.png?fit=1175%2C900&ssl=1&resize=525%2C300 1.5x, https:\/\/i0.wp.com\/lyonelkaufmann.ch\/Blog\/wp-content\/uploads\/2015\/03\/ec0a11c018c6680245bc2ba58572123cc358b4e9.png?fit=1175%2C900&ssl=1&resize=700%2C400 2x, https:\/\/i0.wp.com\/lyonelkaufmann.ch\/Blog\/wp-content\/uploads\/2015\/03\/ec0a11c018c6680245bc2ba58572123cc358b4e9.png?fit=1175%2C900&ssl=1&resize=1050%2C600 3x"},"classes":[]},{"id":12603,"url":"https:\/\/lyonelkaufmann.ch\/Blog\/2008\/02\/28\/une-nouvelle-ere-du-logiciel-en-ligne\/","url_meta":{"origin":5980,"position":5},"title":"Une nouvelle \u00e8re du logiciel en ligne","author":"Lyonel Kaufmann","date":"28 f\u00e9vrier 2008","format":"aside","excerpt":"Les applications en ligne gagnent maturit\u00e9 et l'industrie du software est certainement entr\u00e9e dans une nouvelle \u00e8re. Rien qu'hier ZohoWriter , Picnik ont d\u00e9pos\u00e9 dans ma bo\u00eete mail l'annonce de nouvelles fonctionnalit\u00e9s. En premier lieu, ZohoWriter ne cesse de s'am\u00e9liorer et il peut pr\u00e9tendre non seulement \u00e0 concurrence GoogleDocuments ,\u2026","rel":"","context":"Dans &quot;Blogcaf\u00e9&quot;","block_context":{"text":"Blogcaf\u00e9","link":"https:\/\/lyonelkaufmann.ch\/Blog\/category\/blogcafe-2\/"},"img":{"alt_text":"","src":"https:\/\/i0.wp.com\/lyonelkaufmann.ch\/Blog\/wp-content\/uploads\/2015\/03\/044.jpg?fit=480%2C360&ssl=1&resize=350%2C200","width":350,"height":200},"classes":[]}],"jetpack_likes_enabled":true,"_links":{"self":[{"href":"https:\/\/lyonelkaufmann.ch\/Blog\/wp-json\/wp\/v2\/posts\/5980","targetHints":{"allow":["GET"]}}],"collection":[{"href":"https:\/\/lyonelkaufmann.ch\/Blog\/wp-json\/wp\/v2\/posts"}],"about":[{"href":"https:\/\/lyonelkaufmann.ch\/Blog\/wp-json\/wp\/v2\/types\/post"}],"author":[{"embeddable":true,"href":"https:\/\/lyonelkaufmann.ch\/Blog\/wp-json\/wp\/v2\/users\/1"}],"replies":[{"embeddable":true,"href":"https:\/\/lyonelkaufmann.ch\/Blog\/wp-json\/wp\/v2\/comments?post=5980"}],"version-history":[{"count":0,"href":"https:\/\/lyonelkaufmann.ch\/Blog\/wp-json\/wp\/v2\/posts\/5980\/revisions"}],"wp:featuredmedia":[{"embeddable":true,"href":"https:\/\/lyonelkaufmann.ch\/Blog\/wp-json\/wp\/v2\/media\/14680"}],"wp:attachment":[{"href":"https:\/\/lyonelkaufmann.ch\/Blog\/wp-json\/wp\/v2\/media?parent=5980"}],"wp:term":[{"taxonomy":"category","embeddable":true,"href":"https:\/\/lyonelkaufmann.ch\/Blog\/wp-json\/wp\/v2\/categories?post=5980"},{"taxonomy":"post_tag","embeddable":true,"href":"https:\/\/lyonelkaufmann.ch\/Blog\/wp-json\/wp\/v2\/tags?post=5980"}],"curies":[{"name":"wp","href":"https:\/\/api.w.org\/{rel}","templated":true}]}}