{"id":6010,"date":"2012-08-22T11:58:53","date_gmt":"2012-08-22T11:58:53","guid":{"rendered":"http:\/\/lyonelkaufmann.ch\/histoire\/?p=6010"},"modified":"2012-08-22T11:58:53","modified_gmt":"2012-08-22T11:58:53","slug":"un-nouveau-manuel-dhistoire-geographie-a-la-mode-ornaise","status":"publish","type":"post","link":"https:\/\/lyonelkaufmann.ch\/Blog\/2012\/08\/22\/un-nouveau-manuel-dhistoire-geographie-a-la-mode-ornaise\/","title":{"rendered":"Un nouveau manuel d&rsquo;histoire g\u00e9ographie \u00e0 la mode ornaise"},"content":{"rendered":"<figure id=\"attachment_6012\" aria-describedby=\"caption-attachment-6012\" style=\"width: 200px\" class=\"wp-caption alignleft\"><a href=\"https:\/\/i0.wp.com\/lyonelkaufmann.ch\/histoire\/wp-content\/uploads\/2012\/08\/orne_manuel_histoire.jpg\"><img data-recalc-dims=\"1\" loading=\"lazy\" decoding=\"async\" class=\"size-full wp-image-6012\" title=\"orne_manuel_histoire\" src=\"https:\/\/i0.wp.com\/lyonelkaufmann.ch\/histoire\/wp-content\/uploads\/2012\/08\/orne_manuel_histoire.jpg?resize=200%2C252\" alt=\"\" width=\"200\" height=\"252\" \/><\/a><figcaption id=\"caption-attachment-6012\" class=\"wp-caption-text\">La couverture du nouveau manuel<\/figcaption><\/figure>\n<p><strong>Le Conseil g\u00e9n\u00e9ral de l&rsquo;Orne diffusera d\u00e8s la rentr\u00e9e un nouveau manuel d&rsquo;histoire g\u00e9ographie destin\u00e9 aux \u00e9l\u00e8ves des classes de 6\u00e8me \u00e0 la 3\u00e8me, scolaris\u00e9s dans l&rsquo;Orne. Le manuel s&rsquo;intitule <em>L&rsquo;Orne, des territoires, une histoire<\/em>.<\/strong><\/p>\n<p>Pour les initiants, il s&rsquo;agit de pr\u00e9senter un double programme compos\u00e9 du contenu officiel national, ainsi que des th\u00e9matiques sur l&rsquo;histoire et la g\u00e9ographie propres \u00e0 la r\u00e9gion. Ces cent quarante-quatre pages permettront de faire conna\u00eetre le d\u00e9partement dans les coll\u00e8ges publics et priv\u00e9s.<\/p>\n<p><strong>Est-ce que quelqu&rsquo;un peu me dire si cette initiative d&rsquo;un Conseil g\u00e9n\u00e9ral (ou d&rsquo;un d\u00e9partement) est la premi\u00e8re du genre ou si d&rsquo;autres ont d\u00e9j\u00e0 eu l&rsquo;occasion de r\u00e9aliser un type d&rsquo;ouvrage comparable?<\/strong> A savoir un manuel \u00abr\u00e9gional\u00bb en compl\u00e9ment du manuel de la R\u00e9publique. En effet, j&rsquo;avoue que cette publication m&rsquo;interroge dans le cadre d&rsquo;une \u00e9ducation nationale fran\u00e7aise qui a toujours cherch\u00e9, \u00e0 ma connaissance, \u00e0 r\u00e9pondre \u00e0 la maxime d&rsquo;une <em>\u00abR\u00e9publique une et indivisible\u00bb<\/em>, ou qui a lutt\u00e9 contre les langues r\u00e9gionales.<\/p>\n<p><strong>En r\u00e9sum\u00e9, ce manuel d&rsquo;histoire ouvre-t-il une \u00abbr\u00e8che\u00bb dans la conception fran\u00e7aise de l&rsquo;\u00e9ducation nationale?\u00a0<\/strong><\/p>\n<p>via\u00a0<a href=\"http:\/\/www.actualitte.com\/pedagogies\/un-nouveau-manuel-d-histoire-geographie-a-la-mode-ornaise-36169.htm\">Un nouveau manuel d&rsquo;histoire g\u00e9ographie \u00e0 la mode ornaise<\/a>.<\/p>\n","protected":false},"excerpt":{"rendered":"<p>Le Conseil g\u00e9n\u00e9ral de l&rsquo;Orne diffusera d\u00e8s la rentr\u00e9e un nouveau manuel d&rsquo;histoire g\u00e9ographie destin\u00e9 aux \u00e9l\u00e8ves des classes de 6\u00e8me \u00e0 la 3\u00e8me, scolaris\u00e9s dans l&rsquo;Orne. Le manuel s&rsquo;intitule L&rsquo;Orne, des territoires, une histoire. Pour les initiants, il s&rsquo;agit de pr\u00e9senter un double programme compos\u00e9 du contenu officiel national, ainsi que des th\u00e9matiques sur [&hellip;]<\/p>\n","protected":false},"author":1,"featured_media":14122,"comment_status":"open","ping_status":"open","sticky":false,"template":"","format":"standard","meta":{"_import_markdown_pro_load_document_selector":0,"_import_markdown_pro_submit_text_textarea":"","_genesis_hide_title":false,"_genesis_hide_breadcrumbs":false,"_genesis_hide_singular_image":false,"_genesis_hide_footer_widgets":false,"_genesis_custom_body_class":"","_genesis_custom_post_class":"","_genesis_layout":"","jetpack_post_was_ever_published":false,"_jetpack_newsletter_access":"","_jetpack_dont_email_post_to_subs":false,"_jetpack_newsletter_tier_id":0,"_jetpack_memberships_contains_paywalled_content":false,"_jetpack_memberships_contains_paid_content":false,"activitypub_content_warning":"","activitypub_content_visibility":"","activitypub_max_image_attachments":3,"activitypub_interaction_policy_quote":"anyone","activitypub_status":"","footnotes":"","jetpack_publicize_message":"","jetpack_publicize_feature_enabled":true,"jetpack_social_post_already_shared":true,"jetpack_social_options":{"image_generator_settings":{"template":"fullscreen","default_image_id":0,"font":"","enabled":false},"version":2}},"categories":[2],"tags":[],"class_list":{"0":"post-6010","1":"post","2":"type-post","3":"status-publish","4":"format-standard","5":"has-post-thumbnail","7":"category-histoire-2","8":"entry"},"jetpack_publicize_connections":[],"featured_image_src":"https:\/\/i0.wp.com\/lyonelkaufmann.ch\/Blog\/wp-content\/uploads\/2015\/03\/orne_manuel_histoire.jpg?resize=200%2C252&ssl=1","featured_image_src_square":"https:\/\/i0.wp.com\/lyonelkaufmann.ch\/Blog\/wp-content\/uploads\/2015\/03\/orne_manuel_histoire.jpg?resize=200%2C252&ssl=1","author_info":{"display_name":"Lyonel Kaufmann","author_link":"https:\/\/lyonelkaufmann.ch\/Blog\/author\/lyonelk\/"},"jetpack_featured_media_url":"https:\/\/i0.wp.com\/lyonelkaufmann.ch\/Blog\/wp-content\/uploads\/2015\/03\/orne_manuel_histoire.jpg?fit=200%2C252&ssl=1","jetpack_sharing_enabled":true,"jetpack_shortlink":"https:\/\/wp.me\/p1qtF4-1yW","jetpack-related-posts":[{"id":276,"url":"https:\/\/lyonelkaufmann.ch\/Blog\/2008\/01\/21\/la-droite-franaise-attaque-les-manuels-dhistoire-gographie\/","url_meta":{"origin":6010,"position":0},"title":"La droite fran\u00e7aise attaque les manuels d&rsquo;histoire-g\u00e9ographie","author":"Lyonel Kaufmann","date":"21 janvier 2008","format":false,"excerpt":"L'Expresso du 21 Janvier 2008 Histoire-G\u00e9o : La droite attaque les manuels. La campagne contre les manuels scolaires va-t-elle se porter des Ses \u00e0 l'histoire-g\u00e9ographie ? Le Figaro, qui a lanc\u00e9 la campagne anti-SES, publie le 17 janvier un article sur les manuels d'histoire et de g\u00e9ographie. \"Le minist\u00e8re de\u2026","rel":"","context":"Dans &quot;histoire&quot;","block_context":{"text":"histoire","link":"https:\/\/lyonelkaufmann.ch\/Blog\/category\/histoire-2\/"},"img":{"alt_text":"","src":"https:\/\/i0.wp.com\/lyonelkaufmann.ch\/Blog\/wp-content\/uploads\/2015\/03\/blogcafe1.jpg?fit=1024%2C683&ssl=1&resize=350%2C200","width":350,"height":200,"srcset":"https:\/\/i0.wp.com\/lyonelkaufmann.ch\/Blog\/wp-content\/uploads\/2015\/03\/blogcafe1.jpg?fit=1024%2C683&ssl=1&resize=350%2C200 1x, https:\/\/i0.wp.com\/lyonelkaufmann.ch\/Blog\/wp-content\/uploads\/2015\/03\/blogcafe1.jpg?fit=1024%2C683&ssl=1&resize=525%2C300 1.5x, https:\/\/i0.wp.com\/lyonelkaufmann.ch\/Blog\/wp-content\/uploads\/2015\/03\/blogcafe1.jpg?fit=1024%2C683&ssl=1&resize=700%2C400 2x"},"classes":[]},{"id":3762,"url":"https:\/\/lyonelkaufmann.ch\/Blog\/2011\/05\/25\/malheureux-manuel-franco-allemand-lemonde-fr\/","url_meta":{"origin":6010,"position":1},"title":"Malheureux manuel franco-allemand&#8230; | LeMonde.fr","author":"Lyonel Kaufmann","date":"25 mai 2011","format":false,"excerpt":"Alors que doit para\u00eetre le troisi\u00e8me volume du manuel d'histoire franco-allemand couvrant l'Antiquit\u00e9 \u00e0 la chute de Napol\u00e9on, le journal Le Monde revient sur l'histoire de ce manuel et le peu d'\u00e9cho rencontr\u00e9 aupr\u00e8s des enseignants. Pour rappel, le projet de ce manuel d'histoire commun est n\u00e9 en 2003 \u00e0\u2026","rel":"","context":"Dans &quot;histoire&quot;","block_context":{"text":"histoire","link":"https:\/\/lyonelkaufmann.ch\/Blog\/category\/histoire-2\/"},"img":{"alt_text":"","src":"https:\/\/i0.wp.com\/lyonelkaufmann.ch\/Blog\/wp-content\/uploads\/2015\/03\/blogcafe1.jpg?fit=1024%2C683&ssl=1&resize=350%2C200","width":350,"height":200,"srcset":"https:\/\/i0.wp.com\/lyonelkaufmann.ch\/Blog\/wp-content\/uploads\/2015\/03\/blogcafe1.jpg?fit=1024%2C683&ssl=1&resize=350%2C200 1x, https:\/\/i0.wp.com\/lyonelkaufmann.ch\/Blog\/wp-content\/uploads\/2015\/03\/blogcafe1.jpg?fit=1024%2C683&ssl=1&resize=525%2C300 1.5x, https:\/\/i0.wp.com\/lyonelkaufmann.ch\/Blog\/wp-content\/uploads\/2015\/03\/blogcafe1.jpg?fit=1024%2C683&ssl=1&resize=700%2C400 2x"},"classes":[]},{"id":3248,"url":"https:\/\/lyonelkaufmann.ch\/Blog\/2010\/10\/08\/retour-dexperience-de-lutilisation-du-manuel-numerique-en-classe-ludovia\/","url_meta":{"origin":6010,"position":2},"title":"Retour d&rsquo;exp\u00e9rience de l&rsquo;utilisation du manuel num\u00e9rique en classe | Ludovia","author":"Lyonel Kaufmann","date":"8 octobre 2010","format":false,"excerpt":"Durant l'ann\u00e9e scolaire 2009\/2010, le coll\u00e8ge Victor Hugo de Lavelanet (en Ari\u00e8ge) a \u00e9t\u00e9 amen\u00e9 a utiliser le manuel num\u00e9rique. Lors de cette exp\u00e9rimentation, le coll\u00e8ge a rencontr\u00e9 au d\u00e9marrage pas mal de difficult\u00e9s techniques. L'exp\u00e9rience a concern\u00e9 trois classes de sixi\u00e8me sur les disciplines anglais, fran\u00e7ais et histoire-g\u00e9ographie. Dix\u2026","rel":"","context":"Dans &quot;histoire&quot;","block_context":{"text":"histoire","link":"https:\/\/lyonelkaufmann.ch\/Blog\/category\/histoire-2\/"},"img":{"alt_text":"","src":"https:\/\/i0.wp.com\/lyonelkaufmann.ch\/Blog\/wp-content\/uploads\/2015\/03\/088.jpg?fit=480%2C360&ssl=1&resize=350%2C200","width":350,"height":200},"classes":[]},{"id":7810,"url":"https:\/\/lyonelkaufmann.ch\/Blog\/2007\/05\/18\/quel-mahomet-dans-les-manuels\/","url_meta":{"origin":6010,"position":3},"title":"Quel Mahomet dans les manuels?","author":"Lyonel Kaufmann","date":"18 mai 2007","format":false,"excerpt":"En mai 2005, les \u00e9ditions Belin publient un manuel d'histoire pour les \u00e9l\u00e8ves de 5e (version d'\u00e9valuation pour les enseignants). Dans le sujet concernant l'Islam une miniature du XIIIe si\u00e8cle pr\u00e9sente le visage de Mahomet: Dans la version d\u00e9finitive d'ao\u00fbt 2005, surprise la miniature figure toujours dans le manuel, mais\u2026","rel":"","context":"Dans &quot;histoire&quot;","block_context":{"text":"histoire","link":"https:\/\/lyonelkaufmann.ch\/Blog\/category\/histoire-2\/"},"img":{"alt_text":"","src":"https:\/\/i0.wp.com\/lyonelkaufmann.ch\/Blog\/wp-content\/uploads\/2015\/03\/blogcafe1.jpg?fit=1024%2C683&ssl=1&resize=350%2C200","width":350,"height":200,"srcset":"https:\/\/i0.wp.com\/lyonelkaufmann.ch\/Blog\/wp-content\/uploads\/2015\/03\/blogcafe1.jpg?fit=1024%2C683&ssl=1&resize=350%2C200 1x, https:\/\/i0.wp.com\/lyonelkaufmann.ch\/Blog\/wp-content\/uploads\/2015\/03\/blogcafe1.jpg?fit=1024%2C683&ssl=1&resize=525%2C300 1.5x, https:\/\/i0.wp.com\/lyonelkaufmann.ch\/Blog\/wp-content\/uploads\/2015\/03\/blogcafe1.jpg?fit=1024%2C683&ssl=1&resize=700%2C400 2x"},"classes":[]},{"id":1411,"url":"https:\/\/lyonelkaufmann.ch\/Blog\/2009\/07\/05\/quel-manuel-vs-faut-il-un-manuel-dhistoire\/","url_meta":{"origin":6010,"position":4},"title":"Quel manuel vs faut-il un manuel d&rsquo;histoire?","author":"Lyonel Kaufmann","date":"5 juillet 2009","format":false,"excerpt":"En France, l'arriv\u00e9e d'un nouveau programme d'histoire ou de toute autre mati\u00e8re donne lieu \u00e0 l'ouverture de la chasse. Chaque \u00e9diteur scolaire relifte plus ou moins profond\u00e9ment sa ou ses collections de manuels et les enseignants se les voient ensuite propos\u00e9s. L'arriv\u00e9e donc des nouveaux programmes de 6e ne d\u00e9roge\u2026","rel":"","context":"Dans &quot;histoire&quot;","block_context":{"text":"histoire","link":"https:\/\/lyonelkaufmann.ch\/Blog\/category\/histoire-2\/"},"img":{"alt_text":"","src":"https:\/\/i0.wp.com\/lyonelkaufmann.ch\/Blog\/wp-content\/uploads\/2015\/03\/blogcafe1.jpg?fit=1024%2C683&ssl=1&resize=350%2C200","width":350,"height":200,"srcset":"https:\/\/i0.wp.com\/lyonelkaufmann.ch\/Blog\/wp-content\/uploads\/2015\/03\/blogcafe1.jpg?fit=1024%2C683&ssl=1&resize=350%2C200 1x, https:\/\/i0.wp.com\/lyonelkaufmann.ch\/Blog\/wp-content\/uploads\/2015\/03\/blogcafe1.jpg?fit=1024%2C683&ssl=1&resize=525%2C300 1.5x, https:\/\/i0.wp.com\/lyonelkaufmann.ch\/Blog\/wp-content\/uploads\/2015\/03\/blogcafe1.jpg?fit=1024%2C683&ssl=1&resize=700%2C400 2x"},"classes":[]},{"id":7891,"url":"https:\/\/lyonelkaufmann.ch\/Blog\/2013\/12\/24\/le-role-du-manuel-dans-la-lecon-dhistoire-a-lecole-primaire-1870-1969\/","url_meta":{"origin":6010,"position":5},"title":"Le r\u00f4le du manuel dans la le\u00e7on d\u2019histoire \u00e0 l\u2019\u00e9cole primaire (1870-1969)","author":"Lyonel Kaufmann","date":"24 d\u00e9cembre 2013","format":false,"excerpt":"Le r\u00f4le du manuel dans la le\u00e7on d\u2019histoire \u00e0 l\u2019\u00e9cole primaire (1870-1969) De 1870 \u00e0 1970, un mod\u00e8le de le\u00e7on d\u2019histoire s\u2019impose \u00e0 l\u2019\u00e9cole primaire. Prenant appui sur le r\u00e9cit du ma\u00eetre, \u00e0 finalit\u00e9 civique et morale, le mod\u00e8le de le\u00e7on d\u2019histoire mis au point \u00e0 partir des ann\u00e9es 1880\u2026","rel":"","context":"Dans &quot;histoire&quot;","block_context":{"text":"histoire","link":"https:\/\/lyonelkaufmann.ch\/Blog\/category\/histoire-2\/"},"img":{"alt_text":"","src":"https:\/\/i0.wp.com\/lyonelkaufmann.ch\/Blog\/wp-content\/uploads\/2015\/03\/blogcafe1.jpg?fit=1024%2C683&ssl=1&resize=350%2C200","width":350,"height":200,"srcset":"https:\/\/i0.wp.com\/lyonelkaufmann.ch\/Blog\/wp-content\/uploads\/2015\/03\/blogcafe1.jpg?fit=1024%2C683&ssl=1&resize=350%2C200 1x, https:\/\/i0.wp.com\/lyonelkaufmann.ch\/Blog\/wp-content\/uploads\/2015\/03\/blogcafe1.jpg?fit=1024%2C683&ssl=1&resize=525%2C300 1.5x, https:\/\/i0.wp.com\/lyonelkaufmann.ch\/Blog\/wp-content\/uploads\/2015\/03\/blogcafe1.jpg?fit=1024%2C683&ssl=1&resize=700%2C400 2x"},"classes":[]}],"jetpack_likes_enabled":true,"_links":{"self":[{"href":"https:\/\/lyonelkaufmann.ch\/Blog\/wp-json\/wp\/v2\/posts\/6010","targetHints":{"allow":["GET"]}}],"collection":[{"href":"https:\/\/lyonelkaufmann.ch\/Blog\/wp-json\/wp\/v2\/posts"}],"about":[{"href":"https:\/\/lyonelkaufmann.ch\/Blog\/wp-json\/wp\/v2\/types\/post"}],"author":[{"embeddable":true,"href":"https:\/\/lyonelkaufmann.ch\/Blog\/wp-json\/wp\/v2\/users\/1"}],"replies":[{"embeddable":true,"href":"https:\/\/lyonelkaufmann.ch\/Blog\/wp-json\/wp\/v2\/comments?post=6010"}],"version-history":[{"count":0,"href":"https:\/\/lyonelkaufmann.ch\/Blog\/wp-json\/wp\/v2\/posts\/6010\/revisions"}],"wp:featuredmedia":[{"embeddable":true,"href":"https:\/\/lyonelkaufmann.ch\/Blog\/wp-json\/wp\/v2\/media\/14122"}],"wp:attachment":[{"href":"https:\/\/lyonelkaufmann.ch\/Blog\/wp-json\/wp\/v2\/media?parent=6010"}],"wp:term":[{"taxonomy":"category","embeddable":true,"href":"https:\/\/lyonelkaufmann.ch\/Blog\/wp-json\/wp\/v2\/categories?post=6010"},{"taxonomy":"post_tag","embeddable":true,"href":"https:\/\/lyonelkaufmann.ch\/Blog\/wp-json\/wp\/v2\/tags?post=6010"}],"curies":[{"name":"wp","href":"https:\/\/api.w.org\/{rel}","templated":true}]}}