{"id":6015,"date":"2012-05-15T11:00:00","date_gmt":"2012-05-15T10:00:00","guid":{"rendered":"https:\/\/lyonelkaufmann.ch\/Blog\/?p=6015"},"modified":"2024-01-02T01:21:29","modified_gmt":"2024-01-02T00:21:29","slug":"photo-du-mois-escalier","status":"publish","type":"post","link":"https:\/\/lyonelkaufmann.ch\/Blog\/2012\/05\/15\/photo-du-mois-escalier\/","title":{"rendered":"Photo du mois : Escalier"},"content":{"rendered":"<p>Ce mois-ci, le th\u00e8me choisi est celui de l&rsquo;escalier.<\/p>\n<p>Apr\u00e8s quelques tentatives et recherches, c&rsquo;est lors de mon passage \u00e0 Neuch\u00e2tel que la photo a \u00e9t\u00e9 prise, puis s&rsquo;est impos\u00e9e:<\/p>\n<p><img data-recalc-dims=\"1\" loading=\"lazy\" decoding=\"async\" style=\"display:block;margin-left:auto;margin-right:auto;\" title=\"Escalier_Collegiale_Neuchatel.jpg\" src=\"https:\/\/i0.wp.com\/lyonelkaufmann.ch\/Blog\/wp-content\/uploads\/2012\/05\/Escalier_Collegiale_Neuchatel.jpg?resize=500%2C691&#038;ssl=1\" alt=\"Escalier Coll\u00e9giale Neuch\u00e2tel\" width=\"500\" height=\"691\" border=\"0\" \/><\/p>\n<p>L&rsquo;escalier m\u00e8ne \u00e0 l&rsquo;esplanade de la Coll\u00e9giale et d\u00e9bouche sur l&rsquo;imposante statue du r\u00e9formateur <a href=\"http:\/\/fr.wikipedia.org\/wiki\/Guillaume_Farel\">Guillaume Farel<\/a>. On peut y voir la mise en sc\u00e8ne du pouvoir ou comme la victoire de celui qui a r\u00e9ussit \u00e0 gagner le sommet en prenant l&rsquo;escalier\u2026 Cette derni\u00e8re peut \u00eatre d\u00e9risoire, glorieuse ou v\u00e9cue comme une satisfaction personnelle. A vous de voir\u2026<\/p>\n<p>L&rsquo;Escalier des autres :<\/p>\n<p><a href=\"http:\/\/www.bellelavie.org\" target=\"_blank\" rel=\"noopener\">Manola<\/a>, <a href=\"http:\/\/orcaeyes.blogspot.com\" target=\"_blank\" rel=\"noopener\">Loutron glouton<\/a>, <a href=\"http:\/\/clicpassion.canalblog.com\" target=\"_blank\" rel=\"noopener\">Nicky<\/a>, <a href=\"http:\/\/marionnette.blogsite. org\" target=\"_blank\" rel=\"noopener\">Marion<\/a>, <a href=\"http:\/\/www.cricriyomfromparis.com\" target=\"_blank\" rel=\"noopener\">Cricriyom from Paris<\/a>, <a href=\"http:\/\/lostandfoundinlondon.wordpress.com\" target=\"_blank\" rel=\"noopener\">Lost in London<\/a>, <a href=\"http:\/\/blogoth67.wordpress.com\" target=\"_blank\" rel=\"noopener\">Blogoth67<\/a>, <a href=\"http:\/\/au-cocon-de-vinie.blogspot.com\/\" target=\"_blank\" rel=\"noopener\">Vinie<\/a>, <a href=\"http:\/\/abeillesetpetitesmains.wordpress.com\" target=\"_blank\" rel=\"noopener\">lesegarten<\/a>, <a href=\"http:\/\/www.paris-en-photos.fr\" target=\"_blank\" rel=\"noopener\">Surfanna<\/a>, <a href=\"http:\/\/champagnefraise.wordpress.com\" target=\"_blank\" rel=\"noopener\">Champagne<\/a>, <a href=\"http:\/\/theparisienne.fr\" target=\"_blank\" rel=\"noopener\">The Parisienne<\/a>, <a href=\"http:\/\/www.leshumeursdeviolette.over-blog.com\" target=\"_blank\" rel=\"noopener\">Violette<\/a>, <a href=\"http:\/\/nikita-m-hera.over-blog.com\/\" target=\"_blank\" rel=\"noopener\">Nikit@<\/a>, <a href=\"http:\/\/grandereveuse.fr\/\" target=\"_blank\" rel=\"noopener\">Louisianne<\/a>, <a href=\"http:\/\/www.reverdailleurs.com\" target=\"_blank\" rel=\"noopener\">100driiine<\/a>, <a href=\"http:\/\/www.legaletas.net\/blog\/index.php\" target=\"_blank\" rel=\"noopener\">Gilsoub<\/a>, <a href=\"http:\/\/lhuillierflorida.blogspot.com\" target=\"_blank\" rel=\"noopener\">Agn\u00e8s<\/a>, <a href=\"http:\/\/lestoulouzinzins.canalblog.com\/\" target=\"_blank\" rel=\"noopener\">Les zinzins<\/a>, <a href=\"http:\/\/anteketborka.blogspot.com\" target=\"_blank\" rel=\"noopener\">magda627<\/a>, <a href=\"http:\/\/www.olivierdemontreal.eu\" target=\"_blank\" rel=\"noopener\">Olivier<\/a>, <a href=\"http:\/\/voyageusecomtoise.wordpress.com\" target=\"_blank\" rel=\"noopener\">Nathalie<\/a>, <a href=\"http:\/\/www.perezannik.org\/\" target=\"_blank\" rel=\"noopener\">Annick<\/a>, <a href=\"http:\/\/www.carnetsdimages.org\" target=\"_blank\" rel=\"noopener\">Carnets d&rsquo;images<\/a>, <a href=\"http:\/\/www.titem.fr\" target=\"_blank\" rel=\"noopener\">Titem<\/a>, <a href=\"http:\/\/experienceetc.blogspot.com\" target=\"_blank\" rel=\"noopener\">Hugo<\/a>, <a href=\"http:\/\/une-chtiparisienne-en-ameriquebec.blogspot.com\" target=\"_blank\" rel=\"noopener\">Eff&rsquo;Zee&rsquo;Bee<\/a>, <a href=\"http:\/\/orichan.canalblog.com\" target=\"_blank\" rel=\"noopener\">Ori<\/a>, <a href=\"http:\/\/cessnaoui.canalblog.com\/\" target=\"_blank\" rel=\"noopener\">Cessna, oui !<\/a>, <a href=\"http:\/\/vintagegirltrips.canalblog.com\" target=\"_blank\" rel=\"noopener\">Coco<\/a>, <a href=\"http:\/\/365photos2011nous4.tumblr.com\/\" target=\"_blank\" rel=\"noopener\">Louiki<\/a>, <a href=\"http:\/\/www.leviacarmina.fr\" target=\"_blank\" rel=\"noopener\">Leviacarmina<\/a>, <a href=\"http:\/\/laura-meltingpot.blogspot.com\/\" target=\"_blank\" rel=\"noopener\">Melting Pot<\/a>, <a href=\"http:\/\/www.mgielesbonstuyaux.com\/\" target=\"_blank\" rel=\"noopener\">Mgie les bons tuyaux<\/a>, <a href=\"http:\/\/www.lemagalire.com\" target=\"_blank\" rel=\"noopener\">Le Mag \u00e0 lire<\/a>, <a href=\"http:\/\/florianmontreal.blogspot.com\" target=\"_blank\" rel=\"noopener\">florianL<\/a>, <a href=\"http:\/\/www.tambour-major.blogspot.com\" target=\"_blank\" rel=\"noopener\">Tambour Major<\/a>, <a href=\"http:\/\/www.lauraemparis.com\/\" target=\"_blank\" rel=\"noopener\">Laura<\/a>, <a href=\"http:\/\/teafortwofortea.blogspot.ca\/\" target=\"_blank\" rel=\"noopener\">Isabelle et Gilles<\/a>, <a href=\"http:\/\/letohubohudecaro.canalblog.com\" target=\"_blank\" rel=\"noopener\">Caro<\/a>, <a href=\"http:\/\/derrierechezmoi.canalblog.com\" target=\"_blank\" rel=\"noopener\">Petite Marie<\/a>, <a href=\"http:\/\/www.grignetteetco.blogspot.com\" target=\"_blank\" rel=\"noopener\">Grignette<\/a>, <a href=\"http:\/\/auvergnatsducanada.blogspot.com\" target=\"_blank\" rel=\"noopener\">Chris et Nanou<\/a>, <a href=\"http:\/\/www.lafilledelair.com\" target=\"_blank\" rel=\"noopener\">La Fille de l&rsquo;Air<\/a>, <a href=\"http:\/\/lagodiche.wordpress.com\" target=\"_blank\" rel=\"noopener\">LaGodiche<\/a>, <a href=\"http:\/\/vudubalcon.blogspot.com\" target=\"_blank\" rel=\"noopener\">Fran\u00e7ois le Ni\u00e7ois<\/a>, <a href=\"http:\/\/monptitmonde.amoi.over-blog.com\/\" target=\"_blank\" rel=\"noopener\">Anita<\/a>, <a href=\"http:\/\/cocosophie.over-blog.com\/\" target=\"_blank\" rel=\"noopener\">Cocosophie<\/a>, <a href=\"http:\/\/www.malaxi.net\" target=\"_blank\" rel=\"noopener\">Laurent Nicolas<\/a>, <a href=\"http:\/\/www.laviedevero.com\/\" target=\"_blank\" rel=\"noopener\">V\u00e9ro Beramelo<\/a>, <a href=\"http:\/\/a.nous.les.caribous.over-blog.com\" target=\"_blank\" rel=\"noopener\">Lauriane<\/a>, <a href=\"http:\/\/www.souslecieldeparis.fr\" target=\"_blank\" rel=\"noopener\">La Parigina<\/a>, <a href=\"http:\/\/lesvoyagesdelucy.over-blog.com\" target=\"_blank\" rel=\"noopener\">Les voyages de Lucy<\/a>, <a href=\"http:\/\/www.iletaitunefaim.com\" target=\"_blank\" rel=\"noopener\">Ma\u00efder<\/a>, <a href=\"http:\/\/www.annexedeskipi.blogspot.com\" target=\"_blank\" rel=\"noopener\">Skipi<\/a>, <a href=\"http:\/\/c-est-reparti.blogspot.com\/\" target=\"_blank\" rel=\"noopener\">Cara<\/a>, <a href=\"http:\/\/cherrybee-a-montreal.blogspot.com\" target=\"_blank\" rel=\"noopener\">Cherrybee<\/a>, <a href=\"http:\/\/davidmelaniequebec.blogspot.fr\/\" target=\"_blank\" rel=\"noopener\">David et M\u00e9lanie<\/a>, <a href=\"http:\/\/www.provincecanadienne.blogspot.com\" target=\"_blank\" rel=\"noopener\">Stephane08<\/a>, <a href=\"http:\/\/poutineettartiflette.blogspot.com\" target=\"_blank\" rel=\"noopener\">C\u00e9liano<\/a>, <a href=\"http:\/\/jyreflechis.com\" target=\"_blank\" rel=\"noopener\">Emma<\/a>, <a href=\"http:\/\/sublime-essence.over-blog.com\" target=\"_blank\" rel=\"noopener\">Bestofava<\/a>, <a href=\"http:\/\/vusetrevus.blogspot.com\/\" target=\"_blank\" rel=\"noopener\">M.C.O<\/a>, <a href=\"http:\/\/langloisestmort.tumblr.com\/\" target=\"_blank\" rel=\"noopener\">Andr\u00e9 \u00c9ric<\/a>, <a href=\"http:\/\/lorgnettedunjour.canalblog.com\/\" target=\"_blank\" rel=\"noopener\">Lavandine<\/a>, <a href=\"http:\/\/basedinsg.blogspot.com\" target=\"_blank\" rel=\"noopener\">M<\/a>, <a href=\"http:\/\/lepvtdemilie58.over-blog.com\" target=\"_blank\" rel=\"noopener\">Emily58<\/a>, <a href=\"http:\/\/www.destination-montreal.over-blog.net\" target=\"_blank\" rel=\"noopener\">Lucile et Rod<\/a>, <a href=\"http:\/\/maptitemaisonenquebecquie.blogspot.com\" target=\"_blank\" rel=\"noopener\">Laure<\/a>, <a href=\"http:\/\/le-monde-de-typh.over-blog.com\/\" target=\"_blank\" rel=\"noopener\">Typh&rsquo;<\/a>, <a href=\"http:\/\/nadegedan.blogspot.com\" target=\"_blank\" rel=\"noopener\">Egedan<\/a>, <a href=\"http:\/\/lanantaiseaparis.blogspot.com\" target=\"_blank\" rel=\"noopener\">La Nantaise<\/a>, <a href=\"http:\/\/dederrierelesfagots.wordpress.com\" target=\"_blank\" rel=\"noopener\">L&rsquo;Azimut\u00e9e<\/a>, <a href=\"http:\/\/messineaventure.canalblog.com\" target=\"_blank\" rel=\"noopener\">Nomade57<\/a>, <a href=\"http:\/\/cyberdilou.canalblog.com\" target=\"_blank\" rel=\"noopener\">Gizeh<\/a>, <a href=\"http:\/\/crealhise.blogspot.com\" target=\"_blank\" rel=\"noopener\">Lhise<\/a>, <a href=\"http:\/\/tam.blogs.clan-takeda.com\" target=\"_blank\" rel=\"noopener\">Tam<\/a>, <a href=\"http:\/\/www.lespetitsbarbus.blogspot.com\" target=\"_blank\" rel=\"noopener\">Caroline<\/a>, <a href=\"http:\/\/ou-trouver-a-montreal.ca\" target=\"_blank\" rel=\"noopener\">O\u00f9 trouver \u00e0 Montr\u00e9al ?<\/a>, <a href=\"http:\/\/anne-tranche-de-vie.over-blog.com\" target=\"_blank\" rel=\"noopener\">Anne<\/a>, <a href=\"http:\/\/glose.fr\" target=\"_blank\" rel=\"noopener\">Glose<\/a>, <a href=\"http:\/\/creacecile.canalblog.com\/\" target=\"_blank\" rel=\"noopener\">Minicecile<\/a>, <a href=\"http:\/\/mouseandfrog.wordpress.com\" target=\"_blank\" rel=\"noopener\">The Mouse<\/a>, <a href=\"http:\/\/cestpasmoijeljure.wordpress.com\" target=\"_blank\" rel=\"noopener\">Dr CaSo<\/a>, <a href=\"http:\/\/www.chiffonsandco.fr\" target=\"_blank\" rel=\"noopener\">CHIFFONS and Co<\/a>, <a href=\"http:\/\/120enligne.blogspot.com\/\" target=\"_blank\" rel=\"noopener\">Dan<\/a>, <a href=\"http:\/\/baby-kids-dressing.over-blog.com\/\" target=\"_blank\" rel=\"noopener\">Ovan<\/a>, <a href=\"http:\/\/alexanne.exmackina.com\" target=\"_blank\" rel=\"noopener\">Alexanne<\/a>, <a href=\"http:\/\/blog.nataru.fr\" target=\"_blank\" rel=\"noopener\">Nataru<\/a>, <a href=\"http:\/\/www.journaldunenicoise.com\" target=\"_blank\" rel=\"noopener\">Une ni\u00e7oise<\/a>, <a href=\"http:\/\/www.inmybubble.org\" target=\"_blank\" rel=\"noopener\">Vanilla<\/a>, <a href=\"http:\/\/aparca.canalblog.com\" target=\"_blank\" rel=\"noopener\">Apar\u00e7a<\/a>, <a href=\"http:\/\/www.cekoline.tumblr.com\" target=\"_blank\" rel=\"noopener\">Cekoline<\/a>, <a href=\"http:\/\/frenchiesinparis.over-blog.com\" target=\"_blank\" rel=\"noopener\">C\u00e9line in Paris<\/a>, <a href=\"http:\/\/dnaquebec.blogspot.com\" target=\"_blank\" rel=\"noopener\">DNA<\/a>, <a href=\"http:\/\/cultureetpapotage.blogspot.com\/\" target=\"_blank\" rel=\"noopener\">Agrippine<\/a>, <a href=\"http:\/\/www.onigiri-geek.com\" target=\"_blank\" rel=\"noopener\">Kyn<\/a>, <a href=\"http:\/\/www.xaviermohr.com\" target=\"_blank\" rel=\"noopener\">Xavier Mohr<\/a>, <a href=\"http:\/\/www.boeingbleudemer.com\" target=\"_blank\" rel=\"noopener\">Cynthia<\/a>, <a href=\"http:\/\/zoursland.com\" target=\"_blank\" rel=\"noopener\">Fr\u00e9d\u00e9ric<\/a>, <a href=\"http:\/\/krn-defouloir.blogspot.com\" target=\"_blank\" rel=\"noopener\">Krn<\/a>, <a href=\"http:\/\/famillegerdel.canalblog.com\/\" target=\"_blank\" rel=\"noopener\">Famille Gerdel<\/a>, <a href=\"http:\/\/sinuaisons.wordpress.com\" target=\"_blank\" rel=\"noopener\">Sinuaisons<\/a>, <a href=\"http:\/\/www.fromenglandwl.wordpress.com\" target=\"_blank\" rel=\"noopener\">Carole In England<\/a>, <a href=\"http:\/\/zoewahl.ch\/blog\" target=\"_blank\" rel=\"noopener\">Karrijini<\/a>, <a href=\"http:\/\/www.stephiedomi.blogspot.com\" target=\"_blank\" rel=\"noopener\">St\u00e9phie&amp;lesCacahu\u00e8tes<\/a>, <a href=\"http:\/\/elapstic.com\" target=\"_blank\" rel=\"noopener\">Elapstic<\/a>, <a href=\"http:\/\/www.jeanwilmotte.it\" target=\"_blank\" rel=\"noopener\">Jean Wilmotte<\/a>, <a href=\"http:\/\/www.carnetsduneflaneuse.fr\" target=\"_blank\" rel=\"noopener\">La Flaneuse<\/a>, <a href=\"http:\/\/www.connais-toi-toi-meme.biz\" target=\"_blank\" rel=\"noopener\">Ava<\/a>, <a href=\"http:\/\/testinauteathome.over-blog.com\/\" target=\"_blank\" rel=\"noopener\">Testinaute<\/a>, <a href=\"http:\/\/anne-oneyearinlondon.blogspot.com\/\" target=\"_blank\" rel=\"noopener\">Anne-C\u00e9cile<\/a>, <a href=\"http:\/\/babou-et-ben.com\" target=\"_blank\" rel=\"noopener\">Babou<\/a>, <a href=\"http:\/\/renepaulhenry.blogspot.com\" target=\"_blank\" rel=\"noopener\">Renepaulhenry<\/a>, <a href=\"http:\/\/www.grenoblequebec.blogspot.com\" target=\"_blank\" rel=\"noopener\">A&amp;G<\/a>, <a href=\"http:\/\/enroutepoursherbrooke.blogspot.com\" target=\"_blank\" rel=\"noopener\">Aude<\/a>, <a href=\"http:\/\/chezmamysoren.over-blog.com\" target=\"_blank\" rel=\"noopener\">Mamysoren<\/a>, <a href=\"http:\/\/zaromcha-paris-tourisme.boosterblog.com\/\" target=\"_blank\" rel=\"noopener\">Zaromcha<\/a>, <a href=\"http:\/\/www.annelauret.com\/\" target=\"_blank\" rel=\"noopener\">Anne Laure T<\/a>, <a href=\"http:\/\/www.hibiscusblog.net\" target=\"_blank\" rel=\"noopener\">hibiscus<\/a>, <a href=\"http:\/\/www.unjour-unerencontre.com\/london\" target=\"_blank\" rel=\"noopener\">Un jour une rencontre<\/a>, <a href=\"http:\/\/xoliv.blogspot.com\" target=\"_blank\" rel=\"noopener\">Xoliv&rsquo;<\/a>, <a href=\"https:\/\/lyonelkaufmann.ch\/Blog\" target=\"_blank\" rel=\"noopener\">Lyonelk<\/a>, <a href=\"http:\/\/histoiresdeux.blogspot.com\" target=\"_blank\" rel=\"noopener\">E<\/a>, <a href=\"http:\/\/monpetitjapon.blogspot.com\" target=\"_blank\" rel=\"noopener\">Kyoko<\/a>, <a href=\"http:\/\/grainedememere.blogspot.com\" target=\"_blank\" rel=\"noopener\">Dorydee<\/a>, <a href=\"http:\/\/jenetdam.blogspot.com\" target=\"_blank\" rel=\"noopener\">jen et dam<\/a>, <a href=\"http:\/\/laraphgirl.blogspot.com\" target=\"_blank\" rel=\"noopener\">Galinette<\/a>, <a href=\"http:\/\/www.batilou.org\" target=\"_blank\" rel=\"noopener\">Batilou<\/a>, <a href=\"http:\/\/www.helenedavril.blogspot.com\/\" target=\"_blank\" rel=\"noopener\">H\u00e9l\u00e8ne d&rsquo;avril<\/a>, <a href=\"http:\/\/citrouilleetbouledeneige.com\" target=\"_blank\" rel=\"noopener\">Cathy<\/a>, <a href=\"http:\/\/dunepommealautre.blogspot.com\" target=\"_blank\" rel=\"noopener\">Clara<\/a>, <a href=\"http:\/\/blog.quelbazar.net\/\" target=\"_blank\" rel=\"noopener\">Quelbazar<\/a>, <a href=\"http:\/\/photographeenmarche.blogspot.com\" target=\"_blank\" rel=\"noopener\">Isabelle<\/a>, <a href=\"http:\/\/www.viviane-voyages.com\" target=\"_blank\" rel=\"noopener\">Viviane<\/a>, <a href=\"http:\/\/strangedays.over-blog.fr\/\" target=\"_blank\" rel=\"noopener\">C\u00e9cile<\/a>, <a href=\"http:\/\/marisse.hautetfort.com\/\" target=\"_blank\" rel=\"noopener\">Les petits supplices !<\/a>, <a href=\"http:\/\/blogs.paris.fr\/unitedstatesofparis\" target=\"_blank\" rel=\"noopener\">Alexinparis<\/a>, <a href=\"http:\/\/vuesurjardin.canalblog.com\" target=\"_blank\" rel=\"noopener\">Muni57<\/a>, <a href=\"http:\/\/sgiworld.blogspot.com\" target=\"_blank\" rel=\"noopener\">S\u00e9bastien<\/a>, <a href=\"http:\/\/filamots.wordpress.com\" target=\"_blank\" rel=\"noopener\">Filamots<\/a>, <a href=\"http:\/\/chronique-berliniquaise.blogspot.com\" target=\"_blank\" rel=\"noopener\">Le-Chroniqueur<\/a>, <a href=\"http:\/\/merantaise.blogspot.com\" target=\"_blank\" rel=\"noopener\">Narayan<\/a>, <a href=\"http:\/\/akai-inthesky.blogspot.com\" target=\"_blank\" rel=\"noopener\">Akaieric<\/a>, <a href=\"http:\/\/pilisi.over-blog.com\/\" target=\"_blank\" rel=\"noopener\">Pilisi<\/a>, <a href=\"http:\/\/www.sephiraph.be\" target=\"_blank\" rel=\"noopener\">Sephiraph<\/a>, <a href=\"http:\/\/wonderlandalice.wordpress.com\/\" target=\"_blank\" rel=\"noopener\">Alice Wonderland<\/a>, <a href=\"http:\/\/mdamejo.blogspot.com\" target=\"_blank\" rel=\"noopener\">M&rsquo;dame Jo<\/a>, <a href=\"http:\/\/jadorejadhere.canalblog.com\/\" target=\"_blank\" rel=\"noopener\">J&rsquo;adore j&rsquo;adh\u00e8re<\/a>, <a href=\"http:\/\/par.les.yeux.de.nora.over-blog.com\" target=\"_blank\" rel=\"noopener\">Nora<\/a>, <a href=\"http:\/\/lapapotte.canalblog.com\" target=\"_blank\" rel=\"noopener\">La Papote<\/a>, <a href=\"http:\/\/ponaydotak.tumblr.com\" target=\"_blank\" rel=\"noopener\">Otak<\/a>.<\/p>\n<p>Vous d\u00e9sirez participer \u00e0 La Photo du Mois ? Rien de plus simple : connectez-vous sur Facebook et\u00a0<a href=\"http:\/\/www.facebook.com\/group.php?gid=100358020003774&amp;amp%3Bv=info\" target=\"_blank\" rel=\"noopener\">rejoignez-nous<\/a>. Une question ?\u00a0<a href=\"mailto:olivier.canada@gmail.com\">Contactez Olivier<\/a>.<\/p>\n","protected":false},"excerpt":{"rendered":"<p>Ce mois-ci, le th\u00e8me choisi est celui de l&rsquo;escalier. Apr\u00e8s quelques tentatives et recherches, c&rsquo;est lors de mon passage \u00e0 Neuch\u00e2tel que la photo a \u00e9t\u00e9 prise, puis s&rsquo;est impos\u00e9e: L&rsquo;escalier m\u00e8ne \u00e0 l&rsquo;esplanade de la Coll\u00e9giale et d\u00e9bouche sur l&rsquo;imposante statue du r\u00e9formateur Guillaume Farel. On peut y voir la mise en sc\u00e8ne du [&hellip;]<\/p>\n","protected":false},"author":1,"featured_media":13912,"comment_status":"open","ping_status":"open","sticky":false,"template":"","format":"image","meta":{"_import_markdown_pro_load_document_selector":0,"_import_markdown_pro_submit_text_textarea":"","_genesis_hide_title":false,"_genesis_hide_breadcrumbs":false,"_genesis_hide_singular_image":false,"_genesis_hide_footer_widgets":false,"_genesis_custom_body_class":"","_genesis_custom_post_class":"","_genesis_layout":"","jetpack_post_was_ever_published":false,"_jetpack_newsletter_access":"","_jetpack_dont_email_post_to_subs":false,"_jetpack_newsletter_tier_id":0,"_jetpack_memberships_contains_paywalled_content":false,"_jetpack_memberships_contains_paid_content":false,"activitypub_content_warning":"","activitypub_content_visibility":"","activitypub_max_image_attachments":3,"activitypub_interaction_policy_quote":"anyone","activitypub_status":"","footnotes":"","jetpack_publicize_message":"","jetpack_publicize_feature_enabled":true,"jetpack_social_post_already_shared":true,"jetpack_social_options":{"image_generator_settings":{"template":"fullscreen","default_image_id":0,"font":"","enabled":false},"version":2}},"categories":[3,4],"tags":[],"class_list":{"0":"post-6015","1":"post","2":"type-post","3":"status-publish","4":"format-image","5":"has-post-thumbnail","7":"category-blogcafe-2","8":"category-photo-du-mois","9":"post_format-post-format-image","10":"entry"},"jetpack_publicize_connections":[],"featured_image_src":"https:\/\/i0.wp.com\/lyonelkaufmann.ch\/Blog\/wp-content\/uploads\/2015\/03\/Escalier_Collegiale_Neuchatel.jpg?resize=500%2C400&ssl=1","featured_image_src_square":"https:\/\/i0.wp.com\/lyonelkaufmann.ch\/Blog\/wp-content\/uploads\/2015\/03\/Escalier_Collegiale_Neuchatel.jpg?resize=500%2C600&ssl=1","author_info":{"display_name":"Lyonel Kaufmann","author_link":"https:\/\/lyonelkaufmann.ch\/Blog\/author\/lyonelk\/"},"jetpack_featured_media_url":"https:\/\/i0.wp.com\/lyonelkaufmann.ch\/Blog\/wp-content\/uploads\/2015\/03\/Escalier_Collegiale_Neuchatel.jpg?fit=500%2C691&ssl=1","jetpack_sharing_enabled":true,"jetpack_shortlink":"https:\/\/wp.me\/p1qtF4-1z1","jetpack-related-posts":[{"id":8953,"url":"https:\/\/lyonelkaufmann.ch\/Blog\/2012\/12\/29\/sur-la-route-retrospective-2012\/","url_meta":{"origin":6015,"position":0},"title":"Sur la route |\u00a0R\u00e9trospective 2012","author":"Lyonel Kaufmann","date":"29 d\u00e9cembre 2012","format":false,"excerpt":"Cette ann\u00e9e 2012 a \u00e9t\u00e9 riche en voyages et en d\u00e9couvertes au guidon de Captain Jack. Petit rappel en photos. 3 mars 2012 ! J\u2019ai pas souvenir d\u2019avoir pass\u00e9 aussit\u00f4t dans l\u2019ann\u00e9e mes premiers cols \u00e0 moto. Pour cette ann\u00e9e 2012, mon premier col aura \u00e9t\u00e9 le col du Jaun\u2026","rel":"","context":"Dans &quot;Blogcaf\u00e9&quot;","block_context":{"text":"Blogcaf\u00e9","link":"https:\/\/lyonelkaufmann.ch\/Blog\/category\/blogcafe-2\/"},"img":{"alt_text":"","src":"https:\/\/i0.wp.com\/lyonelkaufmann.ch\/Blog\/wp-content\/uploads\/2015\/03\/Schallenberg1.jpg?fit=600%2C450&ssl=1&resize=350%2C200","width":350,"height":200,"srcset":"https:\/\/i0.wp.com\/lyonelkaufmann.ch\/Blog\/wp-content\/uploads\/2015\/03\/Schallenberg1.jpg?fit=600%2C450&ssl=1&resize=350%2C200 1x, https:\/\/i0.wp.com\/lyonelkaufmann.ch\/Blog\/wp-content\/uploads\/2015\/03\/Schallenberg1.jpg?fit=600%2C450&ssl=1&resize=525%2C300 1.5x"},"classes":[]},{"id":12687,"url":"https:\/\/lyonelkaufmann.ch\/Blog\/2011\/02\/27\/hans-steiner-photographe-suisse-mots-dimages\/","url_meta":{"origin":6015,"position":1},"title":"Hans Steiner, photographe suisse | Mots d&rsquo;images","author":"Lyonel Kaufmann","date":"27 f\u00e9vrier 2011","format":"aside","excerpt":"Le premier escalier roulant \u00e0 Berne, grand magasin Loeb, 1957 \u00a9 Hans Steiner - Mus\u00e9e de l\u2019\u00c9lys\u00e9e via motsdimages.chUne expo photo \u00e0 voir au Mus\u00e9e de l'Elys\u00e9e \u00e0 Lausanne. Ne serait-ce que pour sortir de l'image d'une Suisse archa\u00efque et aux bras noueux.","rel":"","context":"Dans &quot;L'Expresso&quot;","block_context":{"text":"L'Expresso","link":"https:\/\/lyonelkaufmann.ch\/Blog\/category\/breves\/"},"img":{"alt_text":"","src":"https:\/\/i0.wp.com\/posterous.com\/getfile\/files.posterous.com\/lyonelkaufmann\/FhexcixdsGhwtmCGjsFbBxHwAlsJdhDystbdmtqgaBsshElJwcwfjyEzebbk\/media_httpmotsdimages_pwCJA.jpg.scaled500.jpg?resize=350%2C200","width":350,"height":200},"classes":[]},{"id":17111,"url":"https:\/\/lyonelkaufmann.ch\/Blog\/2016\/07\/25\/vendredi-22-juillet-muckross-abbey-killarney-roadtrip-irlande-2016\/","url_meta":{"origin":6015,"position":2},"title":"Vendredi 22 juillet : Muckross Abbey &#8211; Killarney #Roadtrip #Irlande 2016","author":"Lyonel Kaufmann","date":"25 juillet 2016","format":false,"excerpt":"L'abbaye de Muckross est situ\u00e9e dans le Killarney National Park. Il s'agit des ruines d'une abbaye franciscaine fond\u00e9e en 1448. On y d\u00e9ambule dans un entrelacs d'escaliers et de pans de murs plus ou moins complets. Il est ainsi encore possible de se faire une id\u00e9e de la vie des\u2026","rel":"","context":"Dans &quot;Diary&quot;","block_context":{"text":"Diary","link":"https:\/\/lyonelkaufmann.ch\/Blog\/category\/diary\/"},"img":{"alt_text":"","src":"https:\/\/i0.wp.com\/lyonelkaufmann.ch\/Blog\/wp-content\/uploads\/2016\/07\/image-85.jpeg?fit=1200%2C797&ssl=1&resize=350%2C200","width":350,"height":200,"srcset":"https:\/\/i0.wp.com\/lyonelkaufmann.ch\/Blog\/wp-content\/uploads\/2016\/07\/image-85.jpeg?fit=1200%2C797&ssl=1&resize=350%2C200 1x, https:\/\/i0.wp.com\/lyonelkaufmann.ch\/Blog\/wp-content\/uploads\/2016\/07\/image-85.jpeg?fit=1200%2C797&ssl=1&resize=525%2C300 1.5x, https:\/\/i0.wp.com\/lyonelkaufmann.ch\/Blog\/wp-content\/uploads\/2016\/07\/image-85.jpeg?fit=1200%2C797&ssl=1&resize=700%2C400 2x, https:\/\/i0.wp.com\/lyonelkaufmann.ch\/Blog\/wp-content\/uploads\/2016\/07\/image-85.jpeg?fit=1200%2C797&ssl=1&resize=1050%2C600 3x"},"classes":[]},{"id":10138,"url":"https:\/\/lyonelkaufmann.ch\/Blog\/2013\/07\/29\/quebec-sous-la-lune-quebec-2013\/","url_meta":{"origin":6015,"position":3},"title":"Qu\u00e9bec sous la lune | Qu\u00e9bec 2013","author":"Lyonel Kaufmann","date":"29 juillet 2013","format":"gallery","excerpt":"Je vous propose une autre mani\u00e8re de voir la ville de Qu\u00e9bec et d'observer de nuit les lieux incontournables de la journ\u00e9e ainsi que d'autres. Avec la participation de la lune. Le Vieux-Port Le funiculaire Les escaliers du Petit Champlain. En direction du Moulin \u00e0 images. La pleine lune montre\u2026","rel":"","context":"Dans &quot;Roadbook&quot;","block_context":{"text":"Roadbook","link":"https:\/\/lyonelkaufmann.ch\/Blog\/category\/roadbook\/"},"img":{"alt_text":"","src":"https:\/\/i0.wp.com\/lyonelkaufmann.ch\/Blog\/wp-content\/uploads\/2015\/03\/20130729-223603.jpg?fit=640%2C480&ssl=1&resize=350%2C200","width":350,"height":200,"srcset":"https:\/\/i0.wp.com\/lyonelkaufmann.ch\/Blog\/wp-content\/uploads\/2015\/03\/20130729-223603.jpg?fit=640%2C480&ssl=1&resize=350%2C200 1x, https:\/\/i0.wp.com\/lyonelkaufmann.ch\/Blog\/wp-content\/uploads\/2015\/03\/20130729-223603.jpg?fit=640%2C480&ssl=1&resize=525%2C300 1.5x"},"classes":[]},{"id":24406,"url":"https:\/\/lyonelkaufmann.ch\/Blog\/2023\/11\/22\/parcours-photographique-universite-de-berne-1\/","url_meta":{"origin":6015,"position":4},"title":"Parcours photographique : Universit\u00e9 de Berne &#8211; 1","author":"Lyonel Kaufmann","date":"22 novembre 2023","format":false,"excerpt":"Mercredi 15 novembre 2023. A l\u2019occasion de la journ\u00e9e \u00ab\u00a0Dialogue sur les donn\u00e9es ouvertes li\u00e9es\u00a0\u00bb (Linked Open Data in Dialogue), organis\u00e9e \u00e0 l\u2019Universit\u00e9 de Berne dans le B\u00e2timent principal (Hauptrasse 4), j\u2019ai eu l\u2019occasion de d\u00e9couvrir ce b\u00e2timent r\u00e9alis\u00e9 au d\u00e9but du XX\u00e8me si\u00e8cle et situ\u00e9 \u00e0 la Haupstrasse 4.\u2026","rel":"","context":"Dans &quot;Blogcaf\u00e9&quot;","block_context":{"text":"Blogcaf\u00e9","link":"https:\/\/lyonelkaufmann.ch\/Blog\/category\/blogcafe-2\/"},"img":{"alt_text":"","src":"https:\/\/i0.wp.com\/lyonelkaufmann.ch\/Blog\/wp-content\/uploads\/2023\/11\/DSC04759-1.jpeg?fit=1200%2C800&ssl=1&resize=350%2C200","width":350,"height":200,"srcset":"https:\/\/i0.wp.com\/lyonelkaufmann.ch\/Blog\/wp-content\/uploads\/2023\/11\/DSC04759-1.jpeg?fit=1200%2C800&ssl=1&resize=350%2C200 1x, https:\/\/i0.wp.com\/lyonelkaufmann.ch\/Blog\/wp-content\/uploads\/2023\/11\/DSC04759-1.jpeg?fit=1200%2C800&ssl=1&resize=525%2C300 1.5x, https:\/\/i0.wp.com\/lyonelkaufmann.ch\/Blog\/wp-content\/uploads\/2023\/11\/DSC04759-1.jpeg?fit=1200%2C800&ssl=1&resize=700%2C400 2x, https:\/\/i0.wp.com\/lyonelkaufmann.ch\/Blog\/wp-content\/uploads\/2023\/11\/DSC04759-1.jpeg?fit=1200%2C800&ssl=1&resize=1050%2C600 3x"},"classes":[]},{"id":10627,"url":"https:\/\/lyonelkaufmann.ch\/Blog\/2013\/08\/15\/objet-photo-du-mois\/","url_meta":{"origin":6015,"position":5},"title":"Objet |\u00a0Photo du mois","author":"Lyonel Kaufmann","date":"15 ao\u00fbt 2013","format":false,"excerpt":"Comme tous les 15 de chaque mois \u00e0 12:00 tapantes, c'est l'heure de la photo du mois. Ce mois-ci, le th\u00e8me est \u00abobjet\u00bb. \u00a0Alors voici ma photo : Autant le th\u00e8me pr\u00e9c\u00e9dent m'a pos\u00e9 quelques probl\u00e8mes, autant celui-ci a \u00e9t\u00e9 l'inverse. Trois sujets diff\u00e9rents d'objet ont occup\u00e9 mon esprit. Et,\u2026","rel":"","context":"Dans &quot;Photo du mois&quot;","block_context":{"text":"Photo du mois","link":"https:\/\/lyonelkaufmann.ch\/Blog\/category\/photo-du-mois\/"},"img":{"alt_text":"","src":"https:\/\/i0.wp.com\/lyonelkaufmann.ch\/Blog\/wp-content\/uploads\/2013\/08\/Objet2-XL.jpg?fit=1024%2C768&ssl=1&resize=350%2C200","width":350,"height":200,"srcset":"https:\/\/i0.wp.com\/lyonelkaufmann.ch\/Blog\/wp-content\/uploads\/2013\/08\/Objet2-XL.jpg?fit=1024%2C768&ssl=1&resize=350%2C200 1x, https:\/\/i0.wp.com\/lyonelkaufmann.ch\/Blog\/wp-content\/uploads\/2013\/08\/Objet2-XL.jpg?fit=1024%2C768&ssl=1&resize=525%2C300 1.5x, https:\/\/i0.wp.com\/lyonelkaufmann.ch\/Blog\/wp-content\/uploads\/2013\/08\/Objet2-XL.jpg?fit=1024%2C768&ssl=1&resize=700%2C400 2x"},"classes":[]}],"jetpack_likes_enabled":true,"_links":{"self":[{"href":"https:\/\/lyonelkaufmann.ch\/Blog\/wp-json\/wp\/v2\/posts\/6015","targetHints":{"allow":["GET"]}}],"collection":[{"href":"https:\/\/lyonelkaufmann.ch\/Blog\/wp-json\/wp\/v2\/posts"}],"about":[{"href":"https:\/\/lyonelkaufmann.ch\/Blog\/wp-json\/wp\/v2\/types\/post"}],"author":[{"embeddable":true,"href":"https:\/\/lyonelkaufmann.ch\/Blog\/wp-json\/wp\/v2\/users\/1"}],"replies":[{"embeddable":true,"href":"https:\/\/lyonelkaufmann.ch\/Blog\/wp-json\/wp\/v2\/comments?post=6015"}],"version-history":[{"count":1,"href":"https:\/\/lyonelkaufmann.ch\/Blog\/wp-json\/wp\/v2\/posts\/6015\/revisions"}],"predecessor-version":[{"id":24642,"href":"https:\/\/lyonelkaufmann.ch\/Blog\/wp-json\/wp\/v2\/posts\/6015\/revisions\/24642"}],"wp:featuredmedia":[{"embeddable":true,"href":"https:\/\/lyonelkaufmann.ch\/Blog\/wp-json\/wp\/v2\/media\/13912"}],"wp:attachment":[{"href":"https:\/\/lyonelkaufmann.ch\/Blog\/wp-json\/wp\/v2\/media?parent=6015"}],"wp:term":[{"taxonomy":"category","embeddable":true,"href":"https:\/\/lyonelkaufmann.ch\/Blog\/wp-json\/wp\/v2\/categories?post=6015"},{"taxonomy":"post_tag","embeddable":true,"href":"https:\/\/lyonelkaufmann.ch\/Blog\/wp-json\/wp\/v2\/tags?post=6015"}],"curies":[{"name":"wp","href":"https:\/\/api.w.org\/{rel}","templated":true}]}}