{"id":6022,"date":"2012-05-13T09:00:50","date_gmt":"2012-05-13T08:00:50","guid":{"rendered":"https:\/\/lyonelkaufmann.ch\/Blog\/?p=6022"},"modified":"2012-05-13T09:00:50","modified_gmt":"2012-05-13T08:00:50","slug":"la-femme-a-la-porte-neuchatel","status":"publish","type":"post","link":"https:\/\/lyonelkaufmann.ch\/Blog\/2012\/05\/13\/la-femme-a-la-porte-neuchatel\/","title":{"rendered":"La Femme \u00e0 la Porte |\u00a0Neuch\u00e2tel"},"content":{"rendered":"<p>En partant de la place du Banneret pour me rendre \u00e0 la Coll\u00e9giale, je suis tomb\u00e9 en admiration devant cette superbe d\u00e9coration de porte.<\/p>\n<p><img data-recalc-dims=\"1\" loading=\"lazy\" decoding=\"async\" style=\"display:block;margin-left:auto;margin-right:auto;\" title=\"FemmePorteNeuchatel.jpg\" src=\"https:\/\/i0.wp.com\/lyonelkaufmann.ch\/Blog\/wp-content\/uploads\/2012\/05\/FemmePorteNeuchatel.jpg?resize=500%2C909\" alt=\"La Femme \u00e0 la Porte Neuch\u00e2tel\" width=\"500\" height=\"909\" border=\"0\" \/><\/p>\n<p>Je n&rsquo;ai pas manqu\u00e9 de faire quelques rapprochements tant avec le mouvement de l&rsquo;art nouveau que de Picasso (oeil de la dame), mais sans avoir suffisamment de connaissances et de rep\u00e8res pour aller plus loin.<\/p>\n","protected":false},"excerpt":{"rendered":"<p>En partant de la place du Banneret pour me rendre \u00e0 la Coll\u00e9giale, je suis tomb\u00e9 en admiration devant cette superbe d\u00e9coration de porte. Je n&rsquo;ai pas manqu\u00e9 de faire quelques rapprochements tant avec le mouvement de l&rsquo;art nouveau que de Picasso (oeil de la dame), mais sans avoir suffisamment de connaissances et de rep\u00e8res [&hellip;]<\/p>\n","protected":false},"author":1,"featured_media":13913,"comment_status":"open","ping_status":"open","sticky":false,"template":"","format":"image","meta":{"_import_markdown_pro_load_document_selector":0,"_import_markdown_pro_submit_text_textarea":"","_genesis_hide_title":false,"_genesis_hide_breadcrumbs":false,"_genesis_hide_singular_image":false,"_genesis_hide_footer_widgets":false,"_genesis_custom_body_class":"","_genesis_custom_post_class":"","_genesis_layout":"","jetpack_post_was_ever_published":false,"_jetpack_newsletter_access":"","_jetpack_dont_email_post_to_subs":false,"_jetpack_newsletter_tier_id":0,"_jetpack_memberships_contains_paywalled_content":false,"_jetpack_memberships_contains_paid_content":false,"activitypub_content_warning":"","activitypub_content_visibility":"","activitypub_max_image_attachments":3,"activitypub_interaction_policy_quote":"anyone","activitypub_status":"","footnotes":"","jetpack_publicize_message":"","jetpack_publicize_feature_enabled":true,"jetpack_social_post_already_shared":true,"jetpack_social_options":{"image_generator_settings":{"template":"fullscreen","default_image_id":0,"font":"","enabled":false},"version":2}},"categories":[3],"tags":[],"class_list":{"0":"post-6022","1":"post","2":"type-post","3":"status-publish","4":"format-image","5":"has-post-thumbnail","7":"category-blogcafe-2","8":"post_format-post-format-image","9":"entry"},"jetpack_publicize_connections":[],"featured_image_src":"https:\/\/i0.wp.com\/lyonelkaufmann.ch\/Blog\/wp-content\/uploads\/2015\/03\/FemmePorteNeuchatel.jpg?resize=500%2C400&ssl=1","featured_image_src_square":"https:\/\/i0.wp.com\/lyonelkaufmann.ch\/Blog\/wp-content\/uploads\/2015\/03\/FemmePorteNeuchatel.jpg?resize=500%2C600&ssl=1","author_info":{"display_name":"Lyonel Kaufmann","author_link":"https:\/\/lyonelkaufmann.ch\/Blog\/author\/lyonelk\/"},"jetpack_featured_media_url":"https:\/\/i0.wp.com\/lyonelkaufmann.ch\/Blog\/wp-content\/uploads\/2015\/03\/FemmePorteNeuchatel.jpg?fit=500%2C909&ssl=1","jetpack_sharing_enabled":true,"jetpack_shortlink":"https:\/\/wp.me\/p1qtF4-1z8","jetpack-related-posts":[{"id":9451,"url":"https:\/\/lyonelkaufmann.ch\/Blog\/2013\/02\/22\/port-de-cailloux-photo-du-jour\/","url_meta":{"origin":6022,"position":0},"title":"Port de cailloux | Photo du jour","author":"Lyonel Kaufmann","date":"22 f\u00e9vrier 2013","format":"image","excerpt":"Port de cailloux, a photo by lyonelkaufmann on Flickr. Fallait-il suivre le Petit Poucet au Port? Photo prise avec un Pentax MX + objectif SMC Pentax M 1:1.7 50mm Kodak Tmax @ 400","rel":"","context":"Dans &quot;Photo du jour&quot;","block_context":{"text":"Photo du jour","link":"https:\/\/lyonelkaufmann.ch\/Blog\/category\/photo-du-jour\/"},"img":{"alt_text":"","src":"https:\/\/i0.wp.com\/lyonelkaufmann.ch\/Blog\/wp-content\/uploads\/2015\/03\/8489682553_cd6266de9c_z.jpg?fit=400%2C640&ssl=1&resize=350%2C200","width":350,"height":200},"classes":[]},{"id":16440,"url":"https:\/\/lyonelkaufmann.ch\/Blog\/2016\/05\/06\/port-de-cassis\/","url_meta":{"origin":6022,"position":1},"title":"Port de Cassis","author":"Lyonel Kaufmann","date":"6 mai 2016","format":false,"excerpt":"Vendredi 6 mai. Le soleil est \u00e0 nouveau de la partie. Pourquoi ne pas en profiter pour aller en mer ? Touriste pour touriste, nous voici parti pour Cassis et un tour des calanques.\u00a0 La foule se presse \u00e0 Cassis. Notre premi\u00e8re \u00e9preuve consiste \u00e0 trouver une place parc. Tous\u2026","rel":"","context":"Dans &quot;Diary&quot;","block_context":{"text":"Diary","link":"https:\/\/lyonelkaufmann.ch\/Blog\/category\/diary\/"},"img":{"alt_text":"","src":"https:\/\/i0.wp.com\/lyonelkaufmann.ch\/Blog\/wp-content\/uploads\/2016\/05\/img_0713-3.jpg?fit=1024%2C576&ssl=1&resize=350%2C200","width":350,"height":200,"srcset":"https:\/\/i0.wp.com\/lyonelkaufmann.ch\/Blog\/wp-content\/uploads\/2016\/05\/img_0713-3.jpg?fit=1024%2C576&ssl=1&resize=350%2C200 1x, https:\/\/i0.wp.com\/lyonelkaufmann.ch\/Blog\/wp-content\/uploads\/2016\/05\/img_0713-3.jpg?fit=1024%2C576&ssl=1&resize=525%2C300 1.5x, https:\/\/i0.wp.com\/lyonelkaufmann.ch\/Blog\/wp-content\/uploads\/2016\/05\/img_0713-3.jpg?fit=1024%2C576&ssl=1&resize=700%2C400 2x"},"classes":[]},{"id":16463,"url":"https:\/\/lyonelkaufmann.ch\/Blog\/2016\/05\/07\/port-de-cassis-2\/","url_meta":{"origin":6022,"position":2},"title":"Port de Cassis","author":"Lyonel Kaufmann","date":"7 mai 2016","format":false,"excerpt":"via Instagram http:\/\/ift.tt\/1STElWJ","rel":"","context":"Dans &quot;Blogcaf\u00e9&quot;","block_context":{"text":"Blogcaf\u00e9","link":"https:\/\/lyonelkaufmann.ch\/Blog\/category\/blogcafe-2\/"},"img":{"alt_text":"","src":"https:\/\/i0.wp.com\/lyonelkaufmann.ch\/Blog\/wp-content\/uploads\/2016\/05\/13167228_1017013695043167_367633920_n.jpg?fit=1080%2C607&ssl=1&resize=350%2C200","width":350,"height":200,"srcset":"https:\/\/i0.wp.com\/lyonelkaufmann.ch\/Blog\/wp-content\/uploads\/2016\/05\/13167228_1017013695043167_367633920_n.jpg?fit=1080%2C607&ssl=1&resize=350%2C200 1x, https:\/\/i0.wp.com\/lyonelkaufmann.ch\/Blog\/wp-content\/uploads\/2016\/05\/13167228_1017013695043167_367633920_n.jpg?fit=1080%2C607&ssl=1&resize=525%2C300 1.5x, https:\/\/i0.wp.com\/lyonelkaufmann.ch\/Blog\/wp-content\/uploads\/2016\/05\/13167228_1017013695043167_367633920_n.jpg?fit=1080%2C607&ssl=1&resize=700%2C400 2x, https:\/\/i0.wp.com\/lyonelkaufmann.ch\/Blog\/wp-content\/uploads\/2016\/05\/13167228_1017013695043167_367633920_n.jpg?fit=1080%2C607&ssl=1&resize=1050%2C600 3x"},"classes":[]},{"id":6871,"url":"https:\/\/lyonelkaufmann.ch\/Blog\/2013\/03\/24\/facebook-nouvelle-porte-dentree-dans-ladolescence-le-monde\/","url_meta":{"origin":6022,"position":3},"title":"Facebook, nouvelle porte d&rsquo;entr\u00e9e dans l&rsquo;adolescence | Le Monde","author":"Lyonel Kaufmann","date":"24 mars 2013","format":false,"excerpt":"Cet article du Monde est \u00e0 mettre en parall\u00e8le avec l'article pr\u00e9c\u00e9dent consacr\u00e9 aux usages des parents, issus de la G\u00e9n\u00e9ration Y, en relation avec l'institution scolaire. L'article confirme que les usages du num\u00e9riques \"encerclent\" l'espace de la classe. Jusqu'\u00e0 quand celui-ci pourra-t-il y rester sourd et quand les barri\u00e8res\u2026","rel":"","context":"Dans &quot;histoire&quot;","block_context":{"text":"histoire","link":"https:\/\/lyonelkaufmann.ch\/Blog\/category\/histoire-2\/"},"img":{"alt_text":"","src":"https:\/\/i0.wp.com\/lyonelkaufmann.ch\/Blog\/wp-content\/uploads\/2015\/03\/blogcafe1.jpg?fit=1024%2C683&ssl=1&resize=350%2C200","width":350,"height":200,"srcset":"https:\/\/i0.wp.com\/lyonelkaufmann.ch\/Blog\/wp-content\/uploads\/2015\/03\/blogcafe1.jpg?fit=1024%2C683&ssl=1&resize=350%2C200 1x, https:\/\/i0.wp.com\/lyonelkaufmann.ch\/Blog\/wp-content\/uploads\/2015\/03\/blogcafe1.jpg?fit=1024%2C683&ssl=1&resize=525%2C300 1.5x, https:\/\/i0.wp.com\/lyonelkaufmann.ch\/Blog\/wp-content\/uploads\/2015\/03\/blogcafe1.jpg?fit=1024%2C683&ssl=1&resize=700%2C400 2x"},"classes":[]},{"id":18734,"url":"https:\/\/lyonelkaufmann.ch\/Blog\/2017\/10\/19\/porte-venitienne-debut-xxie\/","url_meta":{"origin":6022,"position":4},"title":"Porte v\u00e9nitienne (d\u00e9but XXIe)","author":"Lyonel Kaufmann","date":"19 octobre 2017","format":false,"excerpt":"from Instagram: http:\/\/ift.tt\/2gQmB15","rel":"","context":"Dans &quot;Blogcaf\u00e9&quot;","block_context":{"text":"Blogcaf\u00e9","link":"https:\/\/lyonelkaufmann.ch\/Blog\/category\/blogcafe-2\/"},"img":{"alt_text":"","src":"","width":0,"height":0},"classes":[]},{"id":1615,"url":"https:\/\/lyonelkaufmann.ch\/Blog\/2009\/01\/04\/premiere-avec-marsedit-et-tumblr\/","url_meta":{"origin":6022,"position":5},"title":"Premi\u00e8re avec MarsEdit et Tumblr.","author":"Lyonel Kaufmann","date":"4 janvier 2009","format":"aside","excerpt":"D\u00e9sormais, gr\u00e2ce \u00e0 la modification de l\u2019API de Tumblr., il est possible de poster des billets... Related posts:Tumblr a boucl\u00e9 son tour de table Dans le contexte actuel, c\u2019est une excellente nouvelle. D\u00e9but d\u00e9cembre,...Super truc de geek. Irait bien avec mon MacBook\u2026 Super truc de geek. Irait bien avec mon\u2026","rel":"","context":"Dans &quot;Blogcaf\u00e9&quot;","block_context":{"text":"Blogcaf\u00e9","link":"https:\/\/lyonelkaufmann.ch\/Blog\/category\/blogcafe-2\/"},"img":{"alt_text":"","src":"https:\/\/i0.wp.com\/lyonelkaufmann.ch\/Blog\/wp-content\/uploads\/2015\/03\/blogcafe1.jpg?fit=1024%2C683&ssl=1&resize=350%2C200","width":350,"height":200,"srcset":"https:\/\/i0.wp.com\/lyonelkaufmann.ch\/Blog\/wp-content\/uploads\/2015\/03\/blogcafe1.jpg?fit=1024%2C683&ssl=1&resize=350%2C200 1x, https:\/\/i0.wp.com\/lyonelkaufmann.ch\/Blog\/wp-content\/uploads\/2015\/03\/blogcafe1.jpg?fit=1024%2C683&ssl=1&resize=525%2C300 1.5x, https:\/\/i0.wp.com\/lyonelkaufmann.ch\/Blog\/wp-content\/uploads\/2015\/03\/blogcafe1.jpg?fit=1024%2C683&ssl=1&resize=700%2C400 2x"},"classes":[]}],"jetpack_likes_enabled":true,"_links":{"self":[{"href":"https:\/\/lyonelkaufmann.ch\/Blog\/wp-json\/wp\/v2\/posts\/6022","targetHints":{"allow":["GET"]}}],"collection":[{"href":"https:\/\/lyonelkaufmann.ch\/Blog\/wp-json\/wp\/v2\/posts"}],"about":[{"href":"https:\/\/lyonelkaufmann.ch\/Blog\/wp-json\/wp\/v2\/types\/post"}],"author":[{"embeddable":true,"href":"https:\/\/lyonelkaufmann.ch\/Blog\/wp-json\/wp\/v2\/users\/1"}],"replies":[{"embeddable":true,"href":"https:\/\/lyonelkaufmann.ch\/Blog\/wp-json\/wp\/v2\/comments?post=6022"}],"version-history":[{"count":0,"href":"https:\/\/lyonelkaufmann.ch\/Blog\/wp-json\/wp\/v2\/posts\/6022\/revisions"}],"wp:featuredmedia":[{"embeddable":true,"href":"https:\/\/lyonelkaufmann.ch\/Blog\/wp-json\/wp\/v2\/media\/13913"}],"wp:attachment":[{"href":"https:\/\/lyonelkaufmann.ch\/Blog\/wp-json\/wp\/v2\/media?parent=6022"}],"wp:term":[{"taxonomy":"category","embeddable":true,"href":"https:\/\/lyonelkaufmann.ch\/Blog\/wp-json\/wp\/v2\/categories?post=6022"},{"taxonomy":"post_tag","embeddable":true,"href":"https:\/\/lyonelkaufmann.ch\/Blog\/wp-json\/wp\/v2\/tags?post=6022"}],"curies":[{"name":"wp","href":"https:\/\/api.w.org\/{rel}","templated":true}]}}