{"id":6028,"date":"2012-08-25T15:53:53","date_gmt":"2012-08-25T15:53:53","guid":{"rendered":"http:\/\/lyonelkaufmann.ch\/histoire\/?p=6028"},"modified":"2012-08-25T15:53:53","modified_gmt":"2012-08-25T15:53:53","slug":"memoire-scolaire-de-lholocauste-dans-le-monde-histoire-memoire-et-societe","status":"publish","type":"post","link":"https:\/\/lyonelkaufmann.ch\/Blog\/2012\/08\/25\/memoire-scolaire-de-lholocauste-dans-le-monde-histoire-memoire-et-societe\/","title":{"rendered":"M\u00e9moire scolaire de l&rsquo;Holocauste dans le monde | Histoire, M\u00e9moire et Soci\u00e9t\u00e9"},"content":{"rendered":"<p><strong>Si l&rsquo;Unesco vient officiellement d&rsquo;annoncer la mise en place d&rsquo;un projet d&rsquo;\u00e9tude sur l&rsquo;enseignement de l&rsquo;Holocaustes dans le monde, certaines orientations de ce projet interrogent Micka\u00ebl Bertrand pour que celui-ci atteigne v\u00e9ritablement son objectif.<\/strong><\/p>\n<p>Ainsi donc, le jeudi 23 ao\u00fbt 2012, l&rsquo;UNESCO a officiellement annonc\u00e9 la mise en place d&rsquo;un projet d&rsquo;\u00e9tude sur \u00a0l&rsquo;enseignement de l&rsquo;Holocauste dans le monde. \u00a0Le projet vise essentiellement \u00e0 dresser une cartographie mondiale non seulement des programmes, mais aussi des manuels scolaires sur cette question. Les r\u00e9sultats permettront ainsi d&rsquo;obtenir des conclusions quantitatives (Quels sont les pays dans lesquels on enseigne l&rsquo;Holocauste ? Ces pays ont-ils des points communs culturels, religieux, politique, etc. ?) et qualitatives (Enseigne-t-on l&rsquo;Holocauste de la m\u00eame fa\u00e7on en France, aux Etats-Unis et en Russie par exemple).<\/p>\n<p>Cependant pour Micka\u00ebl Bertrand, le choix du terme\u00a0<em>\u00ab\u00a0Holocauste\u00a0\u00bb<\/em>\u00a0dans la communication officielle du projet n&rsquo;est pas sans poser probl\u00e8me. Il est notamment r\u00e9v\u00e9lateur, selon lui, d&rsquo;une\u00a0d&rsquo;une forte pr\u00e9valence des valeurs et pratiques occidentales dans le cadre d&rsquo;une organisation internationale cens\u00e9e valoriser le dialogue entre les cultures. En effet,\u00a0<em>\u00ab\u00a0Holocauste\u00a0\u00bb<\/em>\u00a0renvoie \u00e0 la d\u00e9nomination qui s&rsquo;est impos\u00e9e aux \u00c9tats-Unis.<\/p>\n<p>Le choix d&rsquo;un terme plus neutre tel celui de\u00a0<em>\u00ab\u00a0g\u00e9nocide\u00a0\u00bb \u00a0<\/em>ne serait-il pas pr\u00e9f\u00e9rable en la mati\u00e8re?<\/p>\n<p>En d\u00e9finitive, pour Micka\u00ebl Bertrand<\/p>\n<blockquote><p>Le nouveau projet initi\u00e9 par l&rsquo;UNESCO est donc tr\u00e8s int\u00e9ressant au sens o\u00f9 il va permettre de dresser une cartographie mondiale utile de l&rsquo;enseignement du g\u00e9nocide des Juifs d&rsquo;Europe. Il conviendrait cependant que cette organisation internationale nuance sa volont\u00e9 de promotion de cet \u00e9v\u00e8nement historique qui risque d&rsquo;\u00eatre interpr\u00e9t\u00e9 comme une imposition des valeurs occidentales \u00e0 l&rsquo;\u00e9chelle mondiale.<\/p><\/blockquote>\n<p>A suivre\u2026<\/p>\n<p><strong>Sources :<\/strong><\/p>\n<ul>\n<li><a href=\"http:\/\/histoiredememoire.over-blog.com\/article-memoire-scolaire-de-l-holocauste-dans-le-monde-109404431.html\">M\u00e9moire scolaire de l&rsquo;Holocauste dans le monde &#8211; Histoire, M\u00e9moire et Soci\u00e9t\u00e9<\/a>.<\/li>\n<li>Le communiqu\u00e9 de l&rsquo;Unesco :\u00a0<a href=\"http:\/\/www.unesco.org\/new\/fr\/media-services\/single-view\/news\/new_survey_examines_how_schools_worldwide_teach_the_holocaust\/\">Une nouvelle \u00e9tude examine l&rsquo;enseignement de l&rsquo;Holocauste dans le monde<\/a><\/li>\n<\/ul>\n","protected":false},"excerpt":{"rendered":"<p>Si l&rsquo;Unesco vient officiellement d&rsquo;annoncer la mise en place d&rsquo;un projet d&rsquo;\u00e9tude sur l&rsquo;enseignement de l&rsquo;Holocaustes dans le monde, certaines orientations de ce projet interrogent Micka\u00ebl Bertrand pour que celui-ci atteigne v\u00e9ritablement son objectif. Ainsi donc, le jeudi 23 ao\u00fbt 2012, l&rsquo;UNESCO a officiellement annonc\u00e9 la mise en place d&rsquo;un projet d&rsquo;\u00e9tude sur \u00a0l&rsquo;enseignement de [&hellip;]<\/p>\n","protected":false},"author":1,"featured_media":14680,"comment_status":"open","ping_status":"open","sticky":false,"template":"","format":"standard","meta":{"_import_markdown_pro_load_document_selector":0,"_import_markdown_pro_submit_text_textarea":"","_genesis_hide_title":false,"_genesis_hide_breadcrumbs":false,"_genesis_hide_singular_image":false,"_genesis_hide_footer_widgets":false,"_genesis_custom_body_class":"","_genesis_custom_post_class":"","_genesis_layout":"","jetpack_post_was_ever_published":false,"_jetpack_newsletter_access":"","_jetpack_dont_email_post_to_subs":false,"_jetpack_newsletter_tier_id":0,"_jetpack_memberships_contains_paywalled_content":false,"_jetpack_memberships_contains_paid_content":false,"activitypub_content_warning":"","activitypub_content_visibility":"","activitypub_max_image_attachments":3,"activitypub_interaction_policy_quote":"anyone","activitypub_status":"","footnotes":"","jetpack_publicize_message":"","jetpack_publicize_feature_enabled":true,"jetpack_social_post_already_shared":true,"jetpack_social_options":{"image_generator_settings":{"template":"fullscreen","default_image_id":0,"font":"","enabled":false},"version":2}},"categories":[2],"tags":[],"class_list":{"0":"post-6028","1":"post","2":"type-post","3":"status-publish","4":"format-standard","5":"has-post-thumbnail","7":"category-histoire-2","8":"entry"},"jetpack_publicize_connections":[],"featured_image_src":"https:\/\/i0.wp.com\/lyonelkaufmann.ch\/Blog\/wp-content\/uploads\/2015\/03\/blogcafe1.jpg?resize=600%2C400&ssl=1","featured_image_src_square":"https:\/\/i0.wp.com\/lyonelkaufmann.ch\/Blog\/wp-content\/uploads\/2015\/03\/blogcafe1.jpg?resize=600%2C600&ssl=1","author_info":{"display_name":"Lyonel Kaufmann","author_link":"https:\/\/lyonelkaufmann.ch\/Blog\/author\/lyonelk\/"},"jetpack_featured_media_url":"https:\/\/i0.wp.com\/lyonelkaufmann.ch\/Blog\/wp-content\/uploads\/2015\/03\/blogcafe1.jpg?fit=1024%2C683&ssl=1","jetpack_sharing_enabled":true,"jetpack_shortlink":"https:\/\/wp.me\/p1qtF4-1ze","jetpack-related-posts":[{"id":6043,"url":"https:\/\/lyonelkaufmann.ch\/Blog\/2012\/08\/26\/auschwitz-symbole-de-lholocauste-tourisme-marianne\/","url_meta":{"origin":6028,"position":0},"title":"Auschwitz, symbole de \u00abl\u2019holocauste-tourisme\u00bb | Marianne","author":"Lyonel Kaufmann","date":"26 ao\u00fbt 2012","format":false,"excerpt":"Le camp d'Auschwitz, en Pologne, serait-il devenu le parfait contre-exemple du travail de m\u00e9moire ? C'est ce que soutient Gilbert Casasus, professeur en \u00e9tudes europ\u00e9ennes, qui met en cause un syst\u00e8me de visites guid\u00e9es o\u00f9 superficiel et compassion dominent, au d\u00e9triment de l'histoire et de l'information. Apr\u00e8s plus de deux\u2026","rel":"","context":"Dans &quot;histoire&quot;","block_context":{"text":"histoire","link":"https:\/\/lyonelkaufmann.ch\/Blog\/category\/histoire-2\/"},"img":{"alt_text":"","src":"https:\/\/i0.wp.com\/lyonelkaufmann.ch\/Blog\/wp-content\/uploads\/2015\/03\/Bundesarchiv_Bild_175-04413_KZ_Auschwitz_Einfahrt.jpg?fit=800%2C504&ssl=1&resize=350%2C200","width":350,"height":200,"srcset":"https:\/\/i0.wp.com\/lyonelkaufmann.ch\/Blog\/wp-content\/uploads\/2015\/03\/Bundesarchiv_Bild_175-04413_KZ_Auschwitz_Einfahrt.jpg?fit=800%2C504&ssl=1&resize=350%2C200 1x, https:\/\/i0.wp.com\/lyonelkaufmann.ch\/Blog\/wp-content\/uploads\/2015\/03\/Bundesarchiv_Bild_175-04413_KZ_Auschwitz_Einfahrt.jpg?fit=800%2C504&ssl=1&resize=525%2C300 1.5x, https:\/\/i0.wp.com\/lyonelkaufmann.ch\/Blog\/wp-content\/uploads\/2015\/03\/Bundesarchiv_Bild_175-04413_KZ_Auschwitz_Einfahrt.jpg?fit=800%2C504&ssl=1&resize=700%2C400 2x"},"classes":[]},{"id":1616,"url":"https:\/\/lyonelkaufmann.ch\/Blog\/2009\/10\/19\/le-musee-dauschwitz-birkenau-sinstalle-sur-facebook-lemonde-fr\/","url_meta":{"origin":6028,"position":1},"title":"Le mus\u00e9e d&rsquo;Auschwitz-Birkenau s&rsquo;installe sur Facebook | LeMonde.fr","author":"Lyonel Kaufmann","date":"19 octobre 2009","format":false,"excerpt":"Si, conform\u00e9ment \u00e0 notre mission, nous voulons \u00e9duquer les jeunes, leur enseigner la responsabilit\u00e9 pour le monde dans lequel ils vivent, nous devons utiliser les moyens de communication que les jeunes utilisent eux-m\u00eames. Propos de\u00a0Pawel Sawicki, le porte-parole du mus\u00e9e d'Auschwitz-Birkenau, \u00e0 l'AFP. Source: Le mus\u00e9e d'Auschwitz-Birkenau s'installe sur Facebook\u2026","rel":"","context":"Dans &quot;histoire&quot;","block_context":{"text":"histoire","link":"https:\/\/lyonelkaufmann.ch\/Blog\/category\/histoire-2\/"},"img":{"alt_text":"","src":"https:\/\/i0.wp.com\/lyonelkaufmann.ch\/Blog\/wp-content\/uploads\/2015\/03\/blogcafe1.jpg?fit=1024%2C683&ssl=1&resize=350%2C200","width":350,"height":200,"srcset":"https:\/\/i0.wp.com\/lyonelkaufmann.ch\/Blog\/wp-content\/uploads\/2015\/03\/blogcafe1.jpg?fit=1024%2C683&ssl=1&resize=350%2C200 1x, https:\/\/i0.wp.com\/lyonelkaufmann.ch\/Blog\/wp-content\/uploads\/2015\/03\/blogcafe1.jpg?fit=1024%2C683&ssl=1&resize=525%2C300 1.5x, https:\/\/i0.wp.com\/lyonelkaufmann.ch\/Blog\/wp-content\/uploads\/2015\/03\/blogcafe1.jpg?fit=1024%2C683&ssl=1&resize=700%2C400 2x"},"classes":[]},{"id":5568,"url":"https:\/\/lyonelkaufmann.ch\/Blog\/2012\/06\/22\/revue-de-presse-enseigner-lhistoire-de-la-shoah-memorial-de-la-shoah\/","url_meta":{"origin":6028,"position":2},"title":"Revue de presse : Enseigner l&rsquo;histoire de la Shoah |\u00a0M\u00e9morial de la Shoah","author":"Lyonel Kaufmann","date":"22 juin 2012","format":false,"excerpt":"Le M\u00e9morial de la Shoah et le minist\u00e8re de l'\u00e9ducation nationale ont ouvert le 27 mars un nouveau site destin\u00e9 aux enseignants.Il propose des s\u00e9quences adaptables pour la classe du primaire au lyc\u00e9e. Le site propose des fiches historique th\u00e9matiques, des documents d'archive et de nombreux documents p\u00e9dagogiques. Les enseignants\u2026","rel":"","context":"Dans &quot;histoire&quot;","block_context":{"text":"histoire","link":"https:\/\/lyonelkaufmann.ch\/Blog\/category\/histoire-2\/"},"img":{"alt_text":"","src":"https:\/\/i0.wp.com\/lyonelkaufmann.ch\/Blog\/wp-content\/uploads\/2015\/03\/blogcafe1.jpg?fit=1024%2C683&ssl=1&resize=350%2C200","width":350,"height":200,"srcset":"https:\/\/i0.wp.com\/lyonelkaufmann.ch\/Blog\/wp-content\/uploads\/2015\/03\/blogcafe1.jpg?fit=1024%2C683&ssl=1&resize=350%2C200 1x, https:\/\/i0.wp.com\/lyonelkaufmann.ch\/Blog\/wp-content\/uploads\/2015\/03\/blogcafe1.jpg?fit=1024%2C683&ssl=1&resize=525%2C300 1.5x, https:\/\/i0.wp.com\/lyonelkaufmann.ch\/Blog\/wp-content\/uploads\/2015\/03\/blogcafe1.jpg?fit=1024%2C683&ssl=1&resize=700%2C400 2x"},"classes":[]},{"id":5644,"url":"https:\/\/lyonelkaufmann.ch\/Blog\/2012\/07\/20\/revue-de-presse-enseigner-lhistoire-de-la-shoah-memorial-de-la-shoah-2\/","url_meta":{"origin":6028,"position":3},"title":"Revue de presse : Enseigner l&rsquo;histoire de la Shoah |\u00a0M\u00e9morial de la Shoah","author":"Lyonel Kaufmann","date":"20 juillet 2012","format":false,"excerpt":"Le M\u00e9morial de la Shoah et le minist\u00e8re de l'\u00e9ducation nationale ont ouvert le 27 mars un nouveau site destin\u00e9 aux enseignants.Il propose des s\u00e9quences adaptables pour la classe du primaire au lyc\u00e9e. Le site propose des fiches historique th\u00e9matiques, des documents d'archive et de nombreux documents p\u00e9dagogiques. Les enseignants\u2026","rel":"","context":"Dans &quot;histoire&quot;","block_context":{"text":"histoire","link":"https:\/\/lyonelkaufmann.ch\/Blog\/category\/histoire-2\/"},"img":{"alt_text":"","src":"https:\/\/i0.wp.com\/lyonelkaufmann.ch\/Blog\/wp-content\/uploads\/2015\/03\/blogcafe1.jpg?fit=1024%2C683&ssl=1&resize=350%2C200","width":350,"height":200,"srcset":"https:\/\/i0.wp.com\/lyonelkaufmann.ch\/Blog\/wp-content\/uploads\/2015\/03\/blogcafe1.jpg?fit=1024%2C683&ssl=1&resize=350%2C200 1x, https:\/\/i0.wp.com\/lyonelkaufmann.ch\/Blog\/wp-content\/uploads\/2015\/03\/blogcafe1.jpg?fit=1024%2C683&ssl=1&resize=525%2C300 1.5x, https:\/\/i0.wp.com\/lyonelkaufmann.ch\/Blog\/wp-content\/uploads\/2015\/03\/blogcafe1.jpg?fit=1024%2C683&ssl=1&resize=700%2C400 2x"},"classes":[]},{"id":3403,"url":"https:\/\/lyonelkaufmann.ch\/Blog\/2011\/01\/13\/quelle-place-la-rome-antique-doit-elle-avoir-a-lecole-vaudoise\/","url_meta":{"origin":6028,"position":4},"title":"Quelle place la Rome antique doit-elle avoir \u00e0 l\u2019\u00e9cole (vaudoise) ?","author":"Lyonel Kaufmann","date":"13 janvier 2011","format":false,"excerpt":"Juste avant les f\u00eates de fin d\u2019ann\u00e9e, j\u2019ai re\u00e7u par mail la question d\u2019un enseignant concernant la place de l\u2019enseignement de Rome dans l\u2019enseignement vaudois. Ceci au m\u00eame moment o\u00f9 en France une pol\u00e9mique a \u00e9t\u00e9 lanc\u00e9e par la revue Historia sur la disparition de l\u2019enseignement de l\u2019Egypte antique pour\u2026","rel":"","context":"Dans &quot;histoire&quot;","block_context":{"text":"histoire","link":"https:\/\/lyonelkaufmann.ch\/Blog\/category\/histoire-2\/"},"img":{"alt_text":"","src":"https:\/\/i0.wp.com\/lyonelkaufmann.ch\/Blog\/wp-content\/uploads\/2015\/03\/blogcafe1.jpg?fit=1024%2C683&ssl=1&resize=350%2C200","width":350,"height":200,"srcset":"https:\/\/i0.wp.com\/lyonelkaufmann.ch\/Blog\/wp-content\/uploads\/2015\/03\/blogcafe1.jpg?fit=1024%2C683&ssl=1&resize=350%2C200 1x, https:\/\/i0.wp.com\/lyonelkaufmann.ch\/Blog\/wp-content\/uploads\/2015\/03\/blogcafe1.jpg?fit=1024%2C683&ssl=1&resize=525%2C300 1.5x, https:\/\/i0.wp.com\/lyonelkaufmann.ch\/Blog\/wp-content\/uploads\/2015\/03\/blogcafe1.jpg?fit=1024%2C683&ssl=1&resize=700%2C400 2x"},"classes":[]},{"id":6815,"url":"https:\/\/lyonelkaufmann.ch\/Blog\/2014\/09\/09\/quelle-place-pour-le-mobile-de-nos-eleves-en-classe\/","url_meta":{"origin":6028,"position":5},"title":"Quelle place pour le mobile de nos \u00e9l\u00e8ves en classe ?","author":"Lyonel Kaufmann","date":"9 septembre 2014","format":false,"excerpt":"Du 18 au 22 f\u00e9vrier, l'Unesco organise la semaine du mobile de l'UNESCO (18 - 22 f\u00e9vrier prochain) et s'interroge sur la place du t\u00e9l\u00e9phone dans l'enseignement. Comme le note Bruno Devauchelle, Paradoxe que celui d'une semaine qui est consacr\u00e9e \u00e0 l'apprendre \u00e0 l'aide des mobiles alors que dans le\u2026","rel":"","context":"Dans &quot;histoire&quot;","block_context":{"text":"histoire","link":"https:\/\/lyonelkaufmann.ch\/Blog\/category\/histoire-2\/"},"img":{"alt_text":"","src":"https:\/\/i0.wp.com\/lyonelkaufmann.ch\/Blog\/wp-content\/uploads\/2015\/03\/0139.jpg?fit=480%2C360&ssl=1&resize=350%2C200","width":350,"height":200},"classes":[]}],"jetpack_likes_enabled":true,"_links":{"self":[{"href":"https:\/\/lyonelkaufmann.ch\/Blog\/wp-json\/wp\/v2\/posts\/6028","targetHints":{"allow":["GET"]}}],"collection":[{"href":"https:\/\/lyonelkaufmann.ch\/Blog\/wp-json\/wp\/v2\/posts"}],"about":[{"href":"https:\/\/lyonelkaufmann.ch\/Blog\/wp-json\/wp\/v2\/types\/post"}],"author":[{"embeddable":true,"href":"https:\/\/lyonelkaufmann.ch\/Blog\/wp-json\/wp\/v2\/users\/1"}],"replies":[{"embeddable":true,"href":"https:\/\/lyonelkaufmann.ch\/Blog\/wp-json\/wp\/v2\/comments?post=6028"}],"version-history":[{"count":0,"href":"https:\/\/lyonelkaufmann.ch\/Blog\/wp-json\/wp\/v2\/posts\/6028\/revisions"}],"wp:featuredmedia":[{"embeddable":true,"href":"https:\/\/lyonelkaufmann.ch\/Blog\/wp-json\/wp\/v2\/media\/14680"}],"wp:attachment":[{"href":"https:\/\/lyonelkaufmann.ch\/Blog\/wp-json\/wp\/v2\/media?parent=6028"}],"wp:term":[{"taxonomy":"category","embeddable":true,"href":"https:\/\/lyonelkaufmann.ch\/Blog\/wp-json\/wp\/v2\/categories?post=6028"},{"taxonomy":"post_tag","embeddable":true,"href":"https:\/\/lyonelkaufmann.ch\/Blog\/wp-json\/wp\/v2\/tags?post=6028"}],"curies":[{"name":"wp","href":"https:\/\/api.w.org\/{rel}","templated":true}]}}