{"id":6043,"date":"2012-08-26T08:09:32","date_gmt":"2012-08-26T08:09:32","guid":{"rendered":"http:\/\/lyonelkaufmann.ch\/histoire\/?p=6043"},"modified":"2012-08-26T08:09:32","modified_gmt":"2012-08-26T08:09:32","slug":"auschwitz-symbole-de-lholocauste-tourisme-marianne","status":"publish","type":"post","link":"https:\/\/lyonelkaufmann.ch\/Blog\/2012\/08\/26\/auschwitz-symbole-de-lholocauste-tourisme-marianne\/","title":{"rendered":"Auschwitz, symbole de \u00abl\u2019holocauste-tourisme\u00bb | Marianne"},"content":{"rendered":"<figure style=\"width: 384px\" class=\"wp-caption alignleft\"><a href=\"http:\/\/upload.wikimedia.org\/wikipedia\/commons\/6\/6a\/Bundesarchiv_Bild_175-04413%2C_KZ_Auschwitz%2C_Einfahrt.jpg\"><img loading=\"lazy\" decoding=\"async\" class=\"  \" title=\"Auschwitz apr\u00e8s le 27 janvier 1945\" src=\"http:\/\/upload.wikimedia.org\/wikipedia\/commons\/6\/6a\/Bundesarchiv_Bild_175-04413%2C_KZ_Auschwitz%2C_Einfahrt.jpg\" alt=\"\" width=\"384\" height=\"242\" \/><\/a><figcaption class=\"wp-caption-text\">Auschwitz apr\u00e8s le 27 janvier 1945.<br \/>Bundesarchiv, B 285 Bild-04413 \/ Stanislaw Mucha \/ CC-BY-SA<\/figcaption><\/figure>\n<p><strong>Le camp d&rsquo;Auschwitz, en Pologne, serait-il devenu le parfait contre-exemple du travail de m\u00e9moire ? C&rsquo;est ce que soutient Gilbert Casasus, professeur en \u00e9tudes europ\u00e9ennes, qui met en cause un syst\u00e8me de visites guid\u00e9es o\u00f9 superficiel et compassion dominent, au d\u00e9triment de l&rsquo;histoire et de l&rsquo;information.<\/strong><\/p>\n<blockquote><p>Apr\u00e8s plus de deux heures de visite, votre patience atteint ses limites. Vous \u00eates exc\u00e9d\u00e9 par ce langage officiel, par cette pr\u00e9sentation qui omet m\u00eame d\u2019\u00e9voquer l\u2019arm\u00e9e sovi\u00e9tique au profit de la seule arm\u00e9e russe. Alors, vous passez vous-m\u00eame \u00e0 l\u2019offensive. Surpris par le nombre de villages ou bourgades environnantes, vous osez poser la question qui f\u00e2che, \u00e0 savoir celle de l\u2019attitude de la population locale durant le Seconde Guerre mondiale. Subitement, le ton monte d\u2019un cran et vous avez droit \u00e0 la remarque suivante : \u00ab que vouliez-vous qu\u2019ils fassent \u00bb ? Sur quoi, poli, vous r\u00e9pondez : \u00ab donner des informations \u00e0 la r\u00e9sistance \u00bb. Fusill\u00e9 du regard, on vous r\u00e9torque alors un cinglant : \u00ab vous avez un autre exemple \u00bb !<\/p><\/blockquote>\n<p>Pourtant d&rsquo;autres d\u00e9marches sont elles exemplaires pour Gilbert Cassus. Il cite \u00e0 ce propos le travail r\u00e9alis\u00e9 par Volkhard Knigge et son \u00e9quipe sur les lieux du m\u00e9morial de Buchenwald ainsi que l&rsquo;excellent mus\u00e9e consacr\u00e9 \u00e0 Oskar Schindler\u00a0sur le terrain m\u00eame de son ancienne usine par\u00a0la ville de Cracovie.<\/p>\n<p>Cela doit interroger les enseignants qui souhaitent r\u00e9aliser un voyage d&rsquo;\u00e9tudes sur de tels lieux comme sur le risque de la compassion et du superficiel d&rsquo;un tel enseignement.<\/p>\n<p>via\u00a0<a href=\"http:\/\/www.marianne2.fr\/Auschwitz-symbole-de-l-holocauste-tourisme_a221856.html\">Auschwitz, symbole de \u00abl\u2019holocauste-tourisme\u00bb<\/a>.<\/p>\n<p>Gilbert Casasus est professeur en \u00e9tudes europ\u00e9ennes \u00e0 l&rsquo;Universit\u00e9 de Fribourg, en Suisse.<\/p>\n","protected":false},"excerpt":{"rendered":"<p>Le camp d&rsquo;Auschwitz, en Pologne, serait-il devenu le parfait contre-exemple du travail de m\u00e9moire ? C&rsquo;est ce que soutient Gilbert Casasus, professeur en \u00e9tudes europ\u00e9ennes, qui met en cause un syst\u00e8me de visites guid\u00e9es o\u00f9 superficiel et compassion dominent, au d\u00e9triment de l&rsquo;histoire et de l&rsquo;information. Apr\u00e8s plus de deux heures de visite, votre patience [&hellip;]<\/p>\n","protected":false},"author":1,"featured_media":14135,"comment_status":"open","ping_status":"open","sticky":false,"template":"","format":"standard","meta":{"_import_markdown_pro_load_document_selector":0,"_import_markdown_pro_submit_text_textarea":"","_genesis_hide_title":false,"_genesis_hide_breadcrumbs":false,"_genesis_hide_singular_image":false,"_genesis_hide_footer_widgets":false,"_genesis_custom_body_class":"","_genesis_custom_post_class":"","_genesis_layout":"","jetpack_post_was_ever_published":false,"_jetpack_newsletter_access":"","_jetpack_dont_email_post_to_subs":false,"_jetpack_newsletter_tier_id":0,"_jetpack_memberships_contains_paywalled_content":false,"_jetpack_memberships_contains_paid_content":false,"activitypub_content_warning":"","activitypub_content_visibility":"","activitypub_max_image_attachments":3,"activitypub_interaction_policy_quote":"anyone","activitypub_status":"","footnotes":"","jetpack_publicize_message":"","jetpack_publicize_feature_enabled":true,"jetpack_social_post_already_shared":true,"jetpack_social_options":{"image_generator_settings":{"template":"fullscreen","default_image_id":0,"font":"","enabled":false},"version":2}},"categories":[2],"tags":[],"class_list":{"0":"post-6043","1":"post","2":"type-post","3":"status-publish","4":"format-standard","5":"has-post-thumbnail","7":"category-histoire-2","8":"entry"},"jetpack_publicize_connections":[],"featured_image_src":"https:\/\/i0.wp.com\/lyonelkaufmann.ch\/Blog\/wp-content\/uploads\/2015\/03\/Bundesarchiv_Bild_175-04413_KZ_Auschwitz_Einfahrt.jpg?resize=600%2C400&ssl=1","featured_image_src_square":"https:\/\/i0.wp.com\/lyonelkaufmann.ch\/Blog\/wp-content\/uploads\/2015\/03\/Bundesarchiv_Bild_175-04413_KZ_Auschwitz_Einfahrt.jpg?resize=600%2C504&ssl=1","author_info":{"display_name":"Lyonel Kaufmann","author_link":"https:\/\/lyonelkaufmann.ch\/Blog\/author\/lyonelk\/"},"jetpack_featured_media_url":"https:\/\/i0.wp.com\/lyonelkaufmann.ch\/Blog\/wp-content\/uploads\/2015\/03\/Bundesarchiv_Bild_175-04413_KZ_Auschwitz_Einfahrt.jpg?fit=800%2C504&ssl=1","jetpack_sharing_enabled":true,"jetpack_shortlink":"https:\/\/wp.me\/p1qtF4-1zt","jetpack-related-posts":[{"id":5075,"url":"https:\/\/lyonelkaufmann.ch\/Blog\/2005\/01\/24\/commmorations-auschwitz\/","url_meta":{"origin":6043,"position":0},"title":"Comm\u00e9morations Auschwitz","author":"Lyonel Kaufmann","date":"24 janvier 2005","format":false,"excerpt":"Cette semaine une place tr\u00e8s importante est faite aux comm\u00e9morations de la lib\u00e9ration il y a 60 ans du Camp d'Auschwitz. Toutes les t\u00e9l\u00e9visions offrent l'un ou l'autre des principaux films, t\u00e9l\u00e9films ou documentaires traitant de l'horreur absolue qu'on repr\u00e9sent\u00e9 les camps d'extermination et Auschwitz plus particuli\u00e8rement, symbole de l'horreur\u2026","rel":"","context":"Dans &quot;histoire&quot;","block_context":{"text":"histoire","link":"https:\/\/lyonelkaufmann.ch\/Blog\/category\/histoire-2\/"},"img":{"alt_text":"","src":"https:\/\/i0.wp.com\/lyonelkaufmann.ch\/Blog\/wp-content\/uploads\/2015\/03\/blogcafe1.jpg?fit=1024%2C683&ssl=1&resize=350%2C200","width":350,"height":200,"srcset":"https:\/\/i0.wp.com\/lyonelkaufmann.ch\/Blog\/wp-content\/uploads\/2015\/03\/blogcafe1.jpg?fit=1024%2C683&ssl=1&resize=350%2C200 1x, https:\/\/i0.wp.com\/lyonelkaufmann.ch\/Blog\/wp-content\/uploads\/2015\/03\/blogcafe1.jpg?fit=1024%2C683&ssl=1&resize=525%2C300 1.5x, https:\/\/i0.wp.com\/lyonelkaufmann.ch\/Blog\/wp-content\/uploads\/2015\/03\/blogcafe1.jpg?fit=1024%2C683&ssl=1&resize=700%2C400 2x"},"classes":[]},{"id":1616,"url":"https:\/\/lyonelkaufmann.ch\/Blog\/2009\/10\/19\/le-musee-dauschwitz-birkenau-sinstalle-sur-facebook-lemonde-fr\/","url_meta":{"origin":6043,"position":1},"title":"Le mus\u00e9e d&rsquo;Auschwitz-Birkenau s&rsquo;installe sur Facebook | LeMonde.fr","author":"Lyonel Kaufmann","date":"19 octobre 2009","format":false,"excerpt":"Si, conform\u00e9ment \u00e0 notre mission, nous voulons \u00e9duquer les jeunes, leur enseigner la responsabilit\u00e9 pour le monde dans lequel ils vivent, nous devons utiliser les moyens de communication que les jeunes utilisent eux-m\u00eames. Propos de\u00a0Pawel Sawicki, le porte-parole du mus\u00e9e d'Auschwitz-Birkenau, \u00e0 l'AFP. Source: Le mus\u00e9e d'Auschwitz-Birkenau s'installe sur Facebook\u2026","rel":"","context":"Dans &quot;histoire&quot;","block_context":{"text":"histoire","link":"https:\/\/lyonelkaufmann.ch\/Blog\/category\/histoire-2\/"},"img":{"alt_text":"","src":"https:\/\/i0.wp.com\/lyonelkaufmann.ch\/Blog\/wp-content\/uploads\/2015\/03\/blogcafe1.jpg?fit=1024%2C683&ssl=1&resize=350%2C200","width":350,"height":200,"srcset":"https:\/\/i0.wp.com\/lyonelkaufmann.ch\/Blog\/wp-content\/uploads\/2015\/03\/blogcafe1.jpg?fit=1024%2C683&ssl=1&resize=350%2C200 1x, https:\/\/i0.wp.com\/lyonelkaufmann.ch\/Blog\/wp-content\/uploads\/2015\/03\/blogcafe1.jpg?fit=1024%2C683&ssl=1&resize=525%2C300 1.5x, https:\/\/i0.wp.com\/lyonelkaufmann.ch\/Blog\/wp-content\/uploads\/2015\/03\/blogcafe1.jpg?fit=1024%2C683&ssl=1&resize=700%2C400 2x"},"classes":[]},{"id":6328,"url":"https:\/\/lyonelkaufmann.ch\/Blog\/2012\/10\/25\/revue-de-presse-deces-de-wilhelm-brasse-photographe-qui-fixa-pour-leternite-les-horreurs-dauschwitz\/","url_meta":{"origin":6043,"position":2},"title":"Revue de presse : D\u00e9c\u00e8s de Wilhelm Brasse, photographe qui fixa pour l&rsquo;\u00e9ternit\u00e9 les horreurs d&rsquo;Auschwitz","author":"Lyonel Kaufmann","date":"25 octobre 2012","format":false,"excerpt":"Wilhelm Brasse, ancien prisonnier du camp d'extermination nazi d'Auschwitz-Birkenau qui sur ordre des autorit\u00e9s, avait pris en photo des dizaines de milliers de ses compagnons, est d\u00e9c\u00e9d\u00e9 mardi \u00e0 l'\u00e2ge de 95 ans \u00e0 Zywiec, dans le sud de la Pologne, a d\u00e9clar\u00e9 \u00e0 l'AFP Pawel Sawicki, un porte-parole du\u2026","rel":"","context":"Dans &quot;histoire&quot;","block_context":{"text":"histoire","link":"https:\/\/lyonelkaufmann.ch\/Blog\/category\/histoire-2\/"},"img":{"alt_text":"","src":"https:\/\/i0.wp.com\/lyonelkaufmann.ch\/Blog\/wp-content\/uploads\/2015\/03\/blogcafe1.jpg?fit=1024%2C683&ssl=1&resize=350%2C200","width":350,"height":200,"srcset":"https:\/\/i0.wp.com\/lyonelkaufmann.ch\/Blog\/wp-content\/uploads\/2015\/03\/blogcafe1.jpg?fit=1024%2C683&ssl=1&resize=350%2C200 1x, https:\/\/i0.wp.com\/lyonelkaufmann.ch\/Blog\/wp-content\/uploads\/2015\/03\/blogcafe1.jpg?fit=1024%2C683&ssl=1&resize=525%2C300 1.5x, https:\/\/i0.wp.com\/lyonelkaufmann.ch\/Blog\/wp-content\/uploads\/2015\/03\/blogcafe1.jpg?fit=1024%2C683&ssl=1&resize=700%2C400 2x"},"classes":[]},{"id":3188,"url":"https:\/\/lyonelkaufmann.ch\/Blog\/2010\/04\/25\/la-bande-dessinee-auschwitz-histoire-geographie-education-civique-au-college-anne-frank-de-sauze-vaussais\/","url_meta":{"origin":6043,"position":3},"title":"La bande-dessin\u00e9e Auschwitz |\u00a0Histoire, g\u00e9ographie, \u00e9ducation civique au coll\u00e8ge Anne Frank de Sauz\u00e9-Vaussais","author":"Lyonel Kaufmann","date":"25 avril 2010","format":"aside","excerpt":"Cette bande-dessin\u00e9e raconte la vie des d\u00e9port\u00e9s dans le camp d\u2019extermination pendant la 2\u00e8me guerre mondiale (39-45). La bande-dessin\u00e9e s\u2019appelle Auschwitz, elle a \u00e9t\u00e9 \u00e9crite et dessin\u00e9e par Pascal Croci. Il est fran\u00e7ais et est n\u00e9 en 1961. Le livre est sorti en mars 2005. La BD fait 84 pages\u2026","rel":"","context":"Dans &quot;Blogcaf\u00e9&quot;","block_context":{"text":"Blogcaf\u00e9","link":"https:\/\/lyonelkaufmann.ch\/Blog\/category\/blogcafe-2\/"},"img":{"alt_text":"","src":"https:\/\/i0.wp.com\/lyonelkaufmann.ch\/Blog\/wp-content\/uploads\/2015\/03\/blogcafe1.jpg?fit=1024%2C683&ssl=1&resize=350%2C200","width":350,"height":200,"srcset":"https:\/\/i0.wp.com\/lyonelkaufmann.ch\/Blog\/wp-content\/uploads\/2015\/03\/blogcafe1.jpg?fit=1024%2C683&ssl=1&resize=350%2C200 1x, https:\/\/i0.wp.com\/lyonelkaufmann.ch\/Blog\/wp-content\/uploads\/2015\/03\/blogcafe1.jpg?fit=1024%2C683&ssl=1&resize=525%2C300 1.5x, https:\/\/i0.wp.com\/lyonelkaufmann.ch\/Blog\/wp-content\/uploads\/2015\/03\/blogcafe1.jpg?fit=1024%2C683&ssl=1&resize=700%2C400 2x"},"classes":[]},{"id":5573,"url":"https:\/\/lyonelkaufmann.ch\/Blog\/2012\/06\/26\/nous-nirons-pas-voir-auschwitz-une-bd-sur-les-memoires-de-la-2nde-gm\/","url_meta":{"origin":6043,"position":4},"title":"Nous n&rsquo;irons pas voir Auschwitz, une BD sur les m\u00e9moires de la 2nde GM","author":"Lyonel Kaufmann","date":"26 juin 2012","format":false,"excerpt":"See on Scoop.it - histoire Cette BD interroge tant la m\u00e9moire des Polonais que celle Fran\u00e7ais, des Juifs et des non-Juifs, des m\u00e9moires crois\u00e9es de la Pologne et de la France d'hier \u00e0 aujourd'hui. J\u00e9r\u00e9mie Dres est un jeune dessinateur fran\u00e7ais, n\u00e9 en 1982 dont les grands-parents sont juifs polonais.\u2026","rel":"","context":"Dans &quot;histoire&quot;","block_context":{"text":"histoire","link":"https:\/\/lyonelkaufmann.ch\/Blog\/category\/histoire-2\/"},"img":{"alt_text":"","src":"https:\/\/i0.wp.com\/lyonelkaufmann.ch\/Blog\/wp-content\/uploads\/2015\/03\/XSHZ71v3LPoMfM6cbjQlPzl72eJkfbmt4t8yenImKBXEejxNn4ZJNZ2ss5Ku7Cxt.jpg?fit=389%2C550&ssl=1&resize=350%2C200","width":350,"height":200},"classes":[]},{"id":7956,"url":"https:\/\/lyonelkaufmann.ch\/Blog\/2014\/04\/09\/revue-de-presse-le-temoignage-exceptionnel-du-seul-deporte-volontaire-a-auschwitz-liberation\/","url_meta":{"origin":6043,"position":5},"title":"Revue de Presse : Le t\u00e9moignage exceptionnel du seul d\u00e9port\u00e9 volontaire \u00e0 Auschwitz | Lib\u00e9ration","author":"Lyonel Kaufmann","date":"9 avril 2014","format":false,"excerpt":"Witold Pilecki t\u00e9moigne \u00e0 Varsovie le 3 mars 1948 (Photo PAP. AFP) Varsovie. 19 septembre 1940. Un officier de r\u00e9serve polonais, Witold Pilecki, se fait volontairement rafler par les Allemands et interner \u00e0 Auschwitz pour y tisser un r\u00e9seau de r\u00e9sistance: \u00abLe Rapport Pilecki\u00bb, \u00e0 para\u00eetre en avril, livre le\u2026","rel":"","context":"Dans &quot;histoire&quot;","block_context":{"text":"histoire","link":"https:\/\/lyonelkaufmann.ch\/Blog\/category\/histoire-2\/"},"img":{"alt_text":"","src":"https:\/\/i0.wp.com\/lyonelkaufmann.ch\/Blog\/wp-content\/uploads\/2015\/03\/1gdDQis.jpg?fit=768%2C494&ssl=1&resize=350%2C200","width":350,"height":200,"srcset":"https:\/\/i0.wp.com\/lyonelkaufmann.ch\/Blog\/wp-content\/uploads\/2015\/03\/1gdDQis.jpg?fit=768%2C494&ssl=1&resize=350%2C200 1x, https:\/\/i0.wp.com\/lyonelkaufmann.ch\/Blog\/wp-content\/uploads\/2015\/03\/1gdDQis.jpg?fit=768%2C494&ssl=1&resize=525%2C300 1.5x, https:\/\/i0.wp.com\/lyonelkaufmann.ch\/Blog\/wp-content\/uploads\/2015\/03\/1gdDQis.jpg?fit=768%2C494&ssl=1&resize=700%2C400 2x"},"classes":[]}],"jetpack_likes_enabled":true,"_links":{"self":[{"href":"https:\/\/lyonelkaufmann.ch\/Blog\/wp-json\/wp\/v2\/posts\/6043","targetHints":{"allow":["GET"]}}],"collection":[{"href":"https:\/\/lyonelkaufmann.ch\/Blog\/wp-json\/wp\/v2\/posts"}],"about":[{"href":"https:\/\/lyonelkaufmann.ch\/Blog\/wp-json\/wp\/v2\/types\/post"}],"author":[{"embeddable":true,"href":"https:\/\/lyonelkaufmann.ch\/Blog\/wp-json\/wp\/v2\/users\/1"}],"replies":[{"embeddable":true,"href":"https:\/\/lyonelkaufmann.ch\/Blog\/wp-json\/wp\/v2\/comments?post=6043"}],"version-history":[{"count":0,"href":"https:\/\/lyonelkaufmann.ch\/Blog\/wp-json\/wp\/v2\/posts\/6043\/revisions"}],"wp:featuredmedia":[{"embeddable":true,"href":"https:\/\/lyonelkaufmann.ch\/Blog\/wp-json\/wp\/v2\/media\/14135"}],"wp:attachment":[{"href":"https:\/\/lyonelkaufmann.ch\/Blog\/wp-json\/wp\/v2\/media?parent=6043"}],"wp:term":[{"taxonomy":"category","embeddable":true,"href":"https:\/\/lyonelkaufmann.ch\/Blog\/wp-json\/wp\/v2\/categories?post=6043"},{"taxonomy":"post_tag","embeddable":true,"href":"https:\/\/lyonelkaufmann.ch\/Blog\/wp-json\/wp\/v2\/tags?post=6043"}],"curies":[{"name":"wp","href":"https:\/\/api.w.org\/{rel}","templated":true}]}}