{"id":606,"date":"2008-12-16T00:43:34","date_gmt":"2008-12-15T23:43:34","guid":{"rendered":"http:\/\/histoire.tumblr.com\/post\/65050596"},"modified":"2008-12-16T00:43:34","modified_gmt":"2008-12-15T23:43:34","slug":"via-wwwbe-virtualch","status":"publish","type":"post","link":"https:\/\/lyonelkaufmann.ch\/Blog\/2008\/12\/16\/via-wwwbe-virtualch\/","title":{"rendered":"Les grands explorateurs ne d\u00e9couvrent g\u00e9n\u00e9ralement\u2026"},"content":{"rendered":"<p style=\"text-align:center;\"><img data-recalc-dims=\"1\" loading=\"lazy\" decoding=\"async\" class=\"aligncenter\" style=\"margin-left:140px;margin-right:140px;\" src=\"https:\/\/i0.wp.com\/media.tumblr.com\/29xWpTwe1hjbgrzhJ5KHAwgRo1_400.jpg?resize=395%2C500\" alt=\"\" width=\"395\" height=\"500\" \/><\/p>\n<p>via <a href=\"http:\/\/www.be-virtual.ch\/blog\/wp-content\/uploads\/2008\/12\/12.jpg\"><\/a><a href=\"http:\/\/www.be-virtual.ch\">www.be-virtual.ch<\/a><\/p>\n","protected":false},"excerpt":{"rendered":"<p><img \/><\/p>\n<p>via <a href=\"http:\/\/www.be-virtual.ch\/blog\/wp-content\/uploads\/2008\/12\/12.jpg\" target=\"_blank\"><\/a><a href=\"http:\/\/www.be-virtual.ch\" target=\"_blank\">www.be-virtual.ch<\/a><\/p>\n","protected":false},"author":1,"featured_media":13584,"comment_status":"closed","ping_status":"closed","sticky":false,"template":"","format":"standard","meta":{"_import_markdown_pro_load_document_selector":0,"_import_markdown_pro_submit_text_textarea":"","_genesis_hide_title":false,"_genesis_hide_breadcrumbs":false,"_genesis_hide_singular_image":false,"_genesis_hide_footer_widgets":false,"_genesis_custom_body_class":"","_genesis_custom_post_class":"","_genesis_layout":"","jetpack_post_was_ever_published":false,"_jetpack_newsletter_access":"","_jetpack_dont_email_post_to_subs":false,"_jetpack_newsletter_tier_id":0,"_jetpack_memberships_contains_paywalled_content":false,"_jetpack_memberships_contains_paid_content":false,"activitypub_content_warning":"","activitypub_content_visibility":"","activitypub_max_image_attachments":3,"activitypub_interaction_policy_quote":"anyone","activitypub_status":"","footnotes":"","jetpack_publicize_message":"","jetpack_publicize_feature_enabled":true,"jetpack_social_post_already_shared":true,"jetpack_social_options":{"image_generator_settings":{"template":"fullscreen","default_image_id":0,"font":"","enabled":false},"version":2}},"categories":[2],"tags":[95],"class_list":{"0":"post-606","1":"post","2":"type-post","3":"status-publish","4":"format-standard","5":"has-post-thumbnail","7":"category-histoire-2","8":"tag-tumblr","9":"entry"},"jetpack_publicize_connections":[],"featured_image_src":"https:\/\/i0.wp.com\/lyonelkaufmann.ch\/Blog\/wp-content\/uploads\/2015\/03\/29xWpTwe1hjbgrzhJ5KHAwgRo1_400.jpg?resize=395%2C400&ssl=1","featured_image_src_square":"https:\/\/i0.wp.com\/lyonelkaufmann.ch\/Blog\/wp-content\/uploads\/2015\/03\/29xWpTwe1hjbgrzhJ5KHAwgRo1_400.jpg?resize=395%2C500&ssl=1","author_info":{"display_name":"Lyonel Kaufmann","author_link":"https:\/\/lyonelkaufmann.ch\/Blog\/author\/lyonelk\/"},"jetpack_featured_media_url":"https:\/\/i0.wp.com\/lyonelkaufmann.ch\/Blog\/wp-content\/uploads\/2015\/03\/29xWpTwe1hjbgrzhJ5KHAwgRo1_400.jpg?fit=395%2C500&ssl=1","jetpack_sharing_enabled":true,"jetpack_shortlink":"https:\/\/wp.me\/p1qtF4-9M","jetpack-related-posts":[{"id":6253,"url":"https:\/\/lyonelkaufmann.ch\/Blog\/2012\/10\/11\/la-paix-toujours-recommencee-la-vie-des-idees\/","url_meta":{"origin":606,"position":0},"title":"La paix, toujours recommenc\u00e9e | La Vie des id\u00e9es","author":"Lyonel Kaufmann","date":"11 octobre 2012","format":false,"excerpt":"Tout \u00e9volue dans le cours de l\u2019histoire, y compris la fa\u00e7on d\u2019\u00e9crire l\u2019histoire elle-m\u00eame. Longtemps port\u00e9e par les chantres des \u00ab\u00a0grandes nations\u00a0\u00bb, elle a donn\u00e9 un travers belliqueux \u00e0 nos manuels d\u2019histoire\u00a0: l\u2019exaltation des guerres du pass\u00e9, des batailles et des grands g\u00e9n\u00e9raux ont accompagn\u00e9 notre enfance. La r\u00e9conciliation franco-allemande\u2026","rel":"","context":"Dans &quot;histoire&quot;","block_context":{"text":"histoire","link":"https:\/\/lyonelkaufmann.ch\/Blog\/category\/histoire-2\/"},"img":{"alt_text":"","src":"https:\/\/i0.wp.com\/lyonelkaufmann.ch\/histoire\/wp-content\/uploads\/2012\/10\/arton2054-7b4ab.png?resize=350%2C200","width":350,"height":200},"classes":[]},{"id":936,"url":"https:\/\/lyonelkaufmann.ch\/Blog\/2009\/02\/11\/la-lecon-dhistoire-a-la-mode-finlandaise-via\/","url_meta":{"origin":606,"position":1},"title":"La le\u00e7on d\u2019histoire \u00e0 la mode finlandaise (via&#8230;","author":"Lyonel Kaufmann","date":"11 f\u00e9vrier 2009","format":false,"excerpt":"La le\u00e7on d\u2019histoire \u00e0 la mode finlandaise (via stephaninthesky)","rel":"","context":"Dans &quot;histoire&quot;","block_context":{"text":"histoire","link":"https:\/\/lyonelkaufmann.ch\/Blog\/category\/histoire-2\/"},"img":{"alt_text":"","src":"https:\/\/i0.wp.com\/lyonelkaufmann.ch\/Blog\/wp-content\/uploads\/2015\/03\/blogcafe1.jpg?fit=1024%2C683&ssl=1&resize=350%2C200","width":350,"height":200,"srcset":"https:\/\/i0.wp.com\/lyonelkaufmann.ch\/Blog\/wp-content\/uploads\/2015\/03\/blogcafe1.jpg?fit=1024%2C683&ssl=1&resize=350%2C200 1x, https:\/\/i0.wp.com\/lyonelkaufmann.ch\/Blog\/wp-content\/uploads\/2015\/03\/blogcafe1.jpg?fit=1024%2C683&ssl=1&resize=525%2C300 1.5x, https:\/\/i0.wp.com\/lyonelkaufmann.ch\/Blog\/wp-content\/uploads\/2015\/03\/blogcafe1.jpg?fit=1024%2C683&ssl=1&resize=700%2C400 2x"},"classes":[]},{"id":862,"url":"https:\/\/lyonelkaufmann.ch\/Blog\/2009\/01\/18\/le-nouvel-observateur-propose-une-serie-de-liens-sur-la-vie-la\/","url_meta":{"origin":606,"position":2},"title":"Le dossier \u00ab\u00a0Che\u00a0\u00bb Guevara (Nouvel Observateur)","author":"Lyonel Kaufmann","date":"18 janvier 2009","format":false,"excerpt":"Le Nouvel Observateur propose une s\u00e9rie de liens sur la vie, la mort et le mythe du \u201cChe\u201d, tu\u00e9 le 8 octobre 1967\u00a0en Bolivie. Le dossier, ERNESTO \u201cCHE\u201d GUEVARA","rel":"","context":"Dans &quot;histoire&quot;","block_context":{"text":"histoire","link":"https:\/\/lyonelkaufmann.ch\/Blog\/category\/histoire-2\/"},"img":{"alt_text":"","src":"","width":0,"height":0},"classes":[]},{"id":805,"url":"https:\/\/lyonelkaufmann.ch\/Blog\/2009\/01\/04\/les-pratiques-en-evaluation-mythes-et-realites\/","url_meta":{"origin":606,"position":3},"title":"Les pratiques en \u00e9valuation: mythes et r\u00e9alit\u00e9s","author":"Lyonel Kaufmann","date":"4 janvier 2009","format":false,"excerpt":"Dans son num\u00e9ro de septembre, la Revue qu\u00e9b\u00e9coise \u201cVie p\u00e9dagogique\u201d propose un article...","rel":"","context":"Dans &quot;histoire&quot;","block_context":{"text":"histoire","link":"https:\/\/lyonelkaufmann.ch\/Blog\/category\/histoire-2\/"},"img":{"alt_text":"","src":"https:\/\/i0.wp.com\/lyonelkaufmann.ch\/Blog\/wp-content\/uploads\/2015\/03\/blogcafe1.jpg?fit=1024%2C683&ssl=1&resize=350%2C200","width":350,"height":200,"srcset":"https:\/\/i0.wp.com\/lyonelkaufmann.ch\/Blog\/wp-content\/uploads\/2015\/03\/blogcafe1.jpg?fit=1024%2C683&ssl=1&resize=350%2C200 1x, https:\/\/i0.wp.com\/lyonelkaufmann.ch\/Blog\/wp-content\/uploads\/2015\/03\/blogcafe1.jpg?fit=1024%2C683&ssl=1&resize=525%2C300 1.5x, https:\/\/i0.wp.com\/lyonelkaufmann.ch\/Blog\/wp-content\/uploads\/2015\/03\/blogcafe1.jpg?fit=1024%2C683&ssl=1&resize=700%2C400 2x"},"classes":[]},{"id":865,"url":"https:\/\/lyonelkaufmann.ch\/Blog\/2009\/01\/18\/dans-la-bande-dessinee-images-de-la-grande-guerre-de-forton-a\/","url_meta":{"origin":606,"position":4},"title":"Dans la BD, images de la grande guerre, de Forton \u00e0 Tardy","author":"Lyonel Kaufmann","date":"18 janvier 2009","format":false,"excerpt":"Dans la Bande Dessin\u00e9e, images de la grande guerre, de Forton \u00e0 Tardi Compte-rendu des Clionautes de l\u2019ouvrage de Bruno Den\u00e9ch\u00e8re, Luc R\u00e9villon (2008).\u00a014-18\u00a0Dans la Bande Dessin\u00e9e, images de la grande guerre, de Forton \u00e0 Tardi.\u00a0\u00c9ditions Cheminements, collection \u00ab\u00a0la bulle au carr\u00e9\u00a0\u00bb, 167 pp. La conclusion du compte-rendu est la\u2026","rel":"","context":"Dans &quot;histoire&quot;","block_context":{"text":"histoire","link":"https:\/\/lyonelkaufmann.ch\/Blog\/category\/histoire-2\/"},"img":{"alt_text":"","src":"https:\/\/i0.wp.com\/3.media.tumblr.com\/1oxiLPzCVivu7q73e3T3M6Eso1_400.jpg?resize=350%2C200","width":350,"height":200},"classes":[]},{"id":3377,"url":"https:\/\/lyonelkaufmann.ch\/Blog\/2011\/01\/13\/un-historien-dans-la-cite-la-vie-des-idees\/","url_meta":{"origin":606,"position":5},"title":"Un historien dans la cit\u00e9 | La Vie des id\u00e9es","author":"Lyonel Kaufmann","date":"13 janvier 2011","format":false,"excerpt":"Historien, auteur de nombreux livres sur la vie politique fran\u00e7aise, les milieux d\u2019affaires et les m\u00e9dias, Jean-No\u00ebl Jeanneney a aussi fait partie du gouvernement et dirig\u00e9 de grandes institutions publiques. Dans cet entretien vid\u00e9o accord\u00e9 \u00e0 la Vie des id\u00e9es, il s\u2019interroge sur la responsabilit\u00e9 civique de l\u2019historien. L'interview vid\u00e9o\u2026","rel":"","context":"Dans &quot;histoire&quot;","block_context":{"text":"histoire","link":"https:\/\/lyonelkaufmann.ch\/Blog\/category\/histoire-2\/"},"img":{"alt_text":"","src":"https:\/\/i0.wp.com\/lyonelkaufmann.ch\/histoire\/wp-content\/uploads\/2011\/01\/arton1288-8b3a9.jpg?resize=350%2C200","width":350,"height":200},"classes":[]}],"jetpack_likes_enabled":true,"_links":{"self":[{"href":"https:\/\/lyonelkaufmann.ch\/Blog\/wp-json\/wp\/v2\/posts\/606","targetHints":{"allow":["GET"]}}],"collection":[{"href":"https:\/\/lyonelkaufmann.ch\/Blog\/wp-json\/wp\/v2\/posts"}],"about":[{"href":"https:\/\/lyonelkaufmann.ch\/Blog\/wp-json\/wp\/v2\/types\/post"}],"author":[{"embeddable":true,"href":"https:\/\/lyonelkaufmann.ch\/Blog\/wp-json\/wp\/v2\/users\/1"}],"replies":[{"embeddable":true,"href":"https:\/\/lyonelkaufmann.ch\/Blog\/wp-json\/wp\/v2\/comments?post=606"}],"version-history":[{"count":0,"href":"https:\/\/lyonelkaufmann.ch\/Blog\/wp-json\/wp\/v2\/posts\/606\/revisions"}],"wp:featuredmedia":[{"embeddable":true,"href":"https:\/\/lyonelkaufmann.ch\/Blog\/wp-json\/wp\/v2\/media\/13584"}],"wp:attachment":[{"href":"https:\/\/lyonelkaufmann.ch\/Blog\/wp-json\/wp\/v2\/media?parent=606"}],"wp:term":[{"taxonomy":"category","embeddable":true,"href":"https:\/\/lyonelkaufmann.ch\/Blog\/wp-json\/wp\/v2\/categories?post=606"},{"taxonomy":"post_tag","embeddable":true,"href":"https:\/\/lyonelkaufmann.ch\/Blog\/wp-json\/wp\/v2\/tags?post=606"}],"curies":[{"name":"wp","href":"https:\/\/api.w.org\/{rel}","templated":true}]}}