{"id":6080,"date":"2012-05-20T12:48:59","date_gmt":"2012-05-20T11:48:59","guid":{"rendered":"https:\/\/lyonelkaufmann.ch\/Blog\/?p=6080"},"modified":"2012-05-20T12:48:59","modified_gmt":"2012-05-20T11:48:59","slug":"jecris-pas-je-digere-noenaute-fr","status":"publish","type":"post","link":"https:\/\/lyonelkaufmann.ch\/Blog\/2012\/05\/20\/jecris-pas-je-digere-noenaute-fr\/","title":{"rendered":"J&rsquo;\u00e9cris pas, je dig\u00e8re | No\u00e9Naute.fr"},"content":{"rendered":"<p style=\"text-align:center;\"><a href=\"http:\/\/noenaute.fr\/smartarded-livre-i\/livre-i-episodes\/bonus-13-inspirations-et-digestion\/2\/\"><img data-recalc-dims=\"1\" loading=\"lazy\" decoding=\"async\" class=\"aligncenter\" src=\"https:\/\/i0.wp.com\/lyonelkaufmann.ch\/Blog\/wp-content\/uploads\/2012\/05\/01-bonus-13-libre-revolution.jpg?resize=576%2C324\" alt=\"\" width=\"576\" height=\"324\" \/><\/a><\/p>\n<blockquote><p>Je vois que le langage familier de certains personnages me vient direct de mon addiction \u00e0 Kaamelott. Je note r\u00e9guli\u00e8rement les emprunts que je fais \u00e0 telle auteure ou tel cr\u00e9ateur, et je sais que ce que je r\u00e9tribue s\u2019est nourri du monde autour de moi. C\u2019est pour \u00e7a que d\u2019aucuns croient en une no\u00e9tie (\u00e9poque d\u2019aristote) ou une noosph\u00e8re (quelques si\u00e8cles plus tard). Un monde des id\u00e9es o\u00f9 la conscience collective passerait en nous pour se faire dig\u00e9rer et ainsi inlassablement \u00e9voluer et muter, comme la terre traversant le corps des lombrics se renouvelle.<\/p><\/blockquote>\n<p style=\"text-align:justify;\">No\u00e9Naute.fr, c\u2019est <a href=\"http:\/\/noenaute.fr\/noenaute-les-regles-du-jeu\/\">un roman feuilleton publi\u00e9 sous la forme d\u2019un blog<\/a>, au rythme de 5 \u00e9pisodes par semaine, avec l\u2019intention de cr\u00e9er une nouvelle exp\u00e9rience de lecture et une nouvelle forme de relation entre l\u2019auteur et son public. Son auteur vient de faire passer son projet sous licence CC0 (<a href=\"http:\/\/wiki.creativecommons.org\/CC0\">Creative Commons Zero<\/a>), le faisant entrer ainsi dans le domaine public par anticipation.<\/p>\n<p>La suite: <a href=\"http:\/\/noenaute.fr\/smartarded-livre-i\/livre-i-episodes\/bonus-13-inspirations-et-digestion\/2\/\">Bonus 13 : inspirations et digestion | | No\u00e9Naute.frNo\u00e9Naute.fr | Page 2<\/a>.<\/p>\n","protected":false},"excerpt":{"rendered":"<p>Je vois que le langage familier de certains personnages me vient direct de mon addiction \u00e0 Kaamelott. Je note r\u00e9guli\u00e8rement les emprunts que je fais \u00e0 telle auteure ou tel cr\u00e9ateur, et je sais que ce que je r\u00e9tribue s\u2019est nourri du monde autour de moi. C\u2019est pour \u00e7a que d\u2019aucuns croient en une no\u00e9tie [&hellip;]<\/p>\n","protected":false},"author":1,"featured_media":13916,"comment_status":"open","ping_status":"open","sticky":false,"template":"","format":"standard","meta":{"_import_markdown_pro_load_document_selector":0,"_import_markdown_pro_submit_text_textarea":"","_genesis_hide_title":false,"_genesis_hide_breadcrumbs":false,"_genesis_hide_singular_image":false,"_genesis_hide_footer_widgets":false,"_genesis_custom_body_class":"","_genesis_custom_post_class":"","_genesis_layout":"","jetpack_post_was_ever_published":false,"_jetpack_newsletter_access":"","_jetpack_dont_email_post_to_subs":false,"_jetpack_newsletter_tier_id":0,"_jetpack_memberships_contains_paywalled_content":false,"_jetpack_memberships_contains_paid_content":false,"activitypub_content_warning":"","activitypub_content_visibility":"","activitypub_max_image_attachments":3,"activitypub_interaction_policy_quote":"anyone","activitypub_status":"","footnotes":"","jetpack_publicize_message":"","jetpack_publicize_feature_enabled":true,"jetpack_social_post_already_shared":true,"jetpack_social_options":{"image_generator_settings":{"template":"fullscreen","default_image_id":0,"font":"","enabled":false},"version":2}},"categories":[3],"tags":[],"class_list":{"0":"post-6080","1":"post","2":"type-post","3":"status-publish","4":"format-standard","5":"has-post-thumbnail","7":"category-blogcafe-2","8":"entry"},"jetpack_publicize_connections":[],"featured_image_src":"https:\/\/i0.wp.com\/lyonelkaufmann.ch\/Blog\/wp-content\/uploads\/2015\/03\/01-bonus-13-libre-revolution.jpg?resize=600%2C400&ssl=1","featured_image_src_square":"https:\/\/i0.wp.com\/lyonelkaufmann.ch\/Blog\/wp-content\/uploads\/2015\/03\/01-bonus-13-libre-revolution.jpg?resize=600%2C600&ssl=1","author_info":{"display_name":"Lyonel Kaufmann","author_link":"https:\/\/lyonelkaufmann.ch\/Blog\/author\/lyonelk\/"},"jetpack_featured_media_url":"https:\/\/i0.wp.com\/lyonelkaufmann.ch\/Blog\/wp-content\/uploads\/2015\/03\/01-bonus-13-libre-revolution.jpg?fit=1600%2C900&ssl=1","jetpack_sharing_enabled":true,"jetpack_shortlink":"https:\/\/wp.me\/p1qtF4-1A4","jetpack-related-posts":[{"id":4262,"url":"https:\/\/lyonelkaufmann.ch\/Blog\/2010\/12\/16\/le-the-meilleur-que-le-fendant-pour-digerer-une-fondue-au-fromage\/","url_meta":{"origin":6080,"position":0},"title":"Le th\u00e9 meilleur que le fendant pour dig\u00e9rer une fondue au fromage!","author":"Lyonel Kaufmann","date":"16 d\u00e9cembre 2010","format":"aside","excerpt":"via Cmic BlogUn mythe s\u2019effondre! Le web bruissait ce matin du r\u00e9sultat d\u2019une \u00e9tude tr\u00e8s s\u00e9rieuse men\u00e9e par l\u2019Universit\u00e9 ... Read More >>","rel":"","context":"Dans &quot;L'Expresso&quot;","block_context":{"text":"L'Expresso","link":"https:\/\/lyonelkaufmann.ch\/Blog\/category\/breves\/"},"img":{"alt_text":"","src":"https:\/\/i0.wp.com\/lyonelkaufmann.ch\/Blog\/wp-content\/uploads\/2015\/03\/3158989615_ec54b532b3.jpg?fit=500%2C480&ssl=1&resize=350%2C200","width":350,"height":200},"classes":[]},{"id":17760,"url":"https:\/\/lyonelkaufmann.ch\/Blog\/2016\/12\/17\/pour-un-populisme-numerique-de-gauche\/","url_meta":{"origin":6080,"position":1},"title":"Pour un populisme num\u00e9rique (de gauche)","author":"Lyonel Kaufmann","date":"17 d\u00e9cembre 2016","format":false,"excerpt":"Un article fort int\u00e9ressant d'Evgeny Morozov dans Le Monde diplomatique de d\u00e9cembre 2016 concernant nos donn\u00e9es num\u00e9riques. \u00c0 partir du constat suivant : \u00c0 l\u2019heure actuelle, cinq compagnies am\u00e9ricaines \u2014 le chinois Baidu \u00e9tant le seul concurrent \u00e9tranger digne de ce nom \u2014 ont d\u00e9j\u00e0 extrait, trait\u00e9 et dig\u00e9r\u00e9 une\u2026","rel":"","context":"Dans &quot;politis&quot;","block_context":{"text":"politis","link":"https:\/\/lyonelkaufmann.ch\/Blog\/category\/politis\/"},"img":{"alt_text":"","src":"https:\/\/i0.wp.com\/lyonelkaufmann.ch\/Blog\/wp-content\/uploads\/2015\/03\/blogcafe1.jpg?fit=1024%2C683&ssl=1&resize=350%2C200","width":350,"height":200,"srcset":"https:\/\/i0.wp.com\/lyonelkaufmann.ch\/Blog\/wp-content\/uploads\/2015\/03\/blogcafe1.jpg?fit=1024%2C683&ssl=1&resize=350%2C200 1x, https:\/\/i0.wp.com\/lyonelkaufmann.ch\/Blog\/wp-content\/uploads\/2015\/03\/blogcafe1.jpg?fit=1024%2C683&ssl=1&resize=525%2C300 1.5x, https:\/\/i0.wp.com\/lyonelkaufmann.ch\/Blog\/wp-content\/uploads\/2015\/03\/blogcafe1.jpg?fit=1024%2C683&ssl=1&resize=700%2C400 2x"},"classes":[]},{"id":16277,"url":"https:\/\/lyonelkaufmann.ch\/Blog\/2016\/04\/08\/netflix-ben-cest-de-la-tele\/","url_meta":{"origin":6080,"position":2},"title":"\u00ab Netflix, ben c\u2019est de la t\u00e9l\u00e9 ! \u00bb","author":"Lyonel Kaufmann","date":"8 avril 2016","format":false,"excerpt":"La claque ! Mon accompagnatrice de Reed Midem n\u2019en revient pas. Ces jeunes venus de plusieurs pays europ\u00e9ens* et d\u2019Australie ne ressemblent vraiment pas aux autres festivaliers. R\u00e9sultat : je devais leur faire un speech, j\u2019ai pass\u00e9 mon temps \u00e0 les \u00e9couter !\u00a0 Et jamais le foss\u00e9 des usages m\u00e9dias\u2026","rel":"","context":"Dans &quot;Blogcaf\u00e9&quot;","block_context":{"text":"Blogcaf\u00e9","link":"https:\/\/lyonelkaufmann.ch\/Blog\/category\/blogcafe-2\/"},"img":{"alt_text":"","src":"https:\/\/i0.wp.com\/lyonelkaufmann.ch\/Blog\/wp-content\/uploads\/2016\/04\/img_0427-1.jpg?fit=600%2C450&ssl=1&resize=350%2C200","width":350,"height":200,"srcset":"https:\/\/i0.wp.com\/lyonelkaufmann.ch\/Blog\/wp-content\/uploads\/2016\/04\/img_0427-1.jpg?fit=600%2C450&ssl=1&resize=350%2C200 1x, https:\/\/i0.wp.com\/lyonelkaufmann.ch\/Blog\/wp-content\/uploads\/2016\/04\/img_0427-1.jpg?fit=600%2C450&ssl=1&resize=525%2C300 1.5x"},"classes":[]},{"id":4955,"url":"https:\/\/lyonelkaufmann.ch\/Blog\/2012\/01\/26\/revue-de-presse-gengis-khan-forgeron-du-monde-moderne-histoire-globale\/","url_meta":{"origin":6080,"position":3},"title":"Revue de presse : Gengis Khan, forgeron du monde moderne | Histoire Globale","author":"Lyonel Kaufmann","date":"26 janvier 2012","format":false,"excerpt":"Notre monde ne serait pas tel qu\u2019il est sans Gengis Khan. Telle est la th\u00e8se, brutalement r\u00e9sum\u00e9e, expos\u00e9e par un certain nombre de chercheurs \u00e9tats-uniens, \u00e0 la t\u00eate desquels chevauche Jack Weatherford avec un livre publi\u00e9 en 2005, Gengis Khan and the Making of the Modern World. L\u2019\u0153uvre mongole fut\u2026","rel":"","context":"Dans &quot;histoire&quot;","block_context":{"text":"histoire","link":"https:\/\/lyonelkaufmann.ch\/Blog\/category\/histoire-2\/"},"img":{"alt_text":"","src":"https:\/\/i0.wp.com\/lyonelkaufmann.ch\/Blog\/wp-content\/uploads\/2015\/03\/blogcafe1.jpg?fit=1024%2C683&ssl=1&resize=350%2C200","width":350,"height":200,"srcset":"https:\/\/i0.wp.com\/lyonelkaufmann.ch\/Blog\/wp-content\/uploads\/2015\/03\/blogcafe1.jpg?fit=1024%2C683&ssl=1&resize=350%2C200 1x, https:\/\/i0.wp.com\/lyonelkaufmann.ch\/Blog\/wp-content\/uploads\/2015\/03\/blogcafe1.jpg?fit=1024%2C683&ssl=1&resize=525%2C300 1.5x, https:\/\/i0.wp.com\/lyonelkaufmann.ch\/Blog\/wp-content\/uploads\/2015\/03\/blogcafe1.jpg?fit=1024%2C683&ssl=1&resize=700%2C400 2x"},"classes":[]},{"id":7162,"url":"https:\/\/lyonelkaufmann.ch\/Blog\/2013\/06\/19\/revue-de-presse-le-deni-du-monde-aggiornamento-hist-geo\/","url_meta":{"origin":6080,"position":4},"title":"Revue de presse : Le d\u00e9ni du Monde | aggiornamento hist-geo","author":"Lyonel Kaufmann","date":"19 juin 2013","format":false,"excerpt":"Le dernier num\u00e9ro du D\u00e9bat est consacr\u00e9 \u00e0 l\u2019enseignement de l\u2019histoire, au \u00ab difficile enseignement de l\u2019histoire \u00bb. Car telle est la question\/affirmation pos\u00e9e par Pierre Nora \u00e0 l\u2019or\u00e9e de son \u00e9ditorial : \u00ab Pourquoi est-il devenu si difficile d\u2019enseigner l\u2019histoire dans les classes du primaire et du secondaire ?\u2026","rel":"","context":"Dans &quot;histoire&quot;","block_context":{"text":"histoire","link":"https:\/\/lyonelkaufmann.ch\/Blog\/category\/histoire-2\/"},"img":{"alt_text":"","src":"https:\/\/i0.wp.com\/lyonelkaufmann.ch\/Blog\/wp-content\/uploads\/2015\/03\/blogcafe1.jpg?fit=1024%2C683&ssl=1&resize=350%2C200","width":350,"height":200,"srcset":"https:\/\/i0.wp.com\/lyonelkaufmann.ch\/Blog\/wp-content\/uploads\/2015\/03\/blogcafe1.jpg?fit=1024%2C683&ssl=1&resize=350%2C200 1x, https:\/\/i0.wp.com\/lyonelkaufmann.ch\/Blog\/wp-content\/uploads\/2015\/03\/blogcafe1.jpg?fit=1024%2C683&ssl=1&resize=525%2C300 1.5x, https:\/\/i0.wp.com\/lyonelkaufmann.ch\/Blog\/wp-content\/uploads\/2015\/03\/blogcafe1.jpg?fit=1024%2C683&ssl=1&resize=700%2C400 2x"},"classes":[]},{"id":12528,"url":"https:\/\/lyonelkaufmann.ch\/Blog\/2006\/07\/02\/le-monde-du-web-20-bilan-1\/","url_meta":{"origin":6080,"position":5},"title":"Le monde du Web 2.0 : bilan (1)","author":"Lyonel Kaufmann","date":"2 juillet 2006","format":false,"excerpt":"Depuis un peu plus de 6 mois et mon retour \u00e0 WordPress, j'explore l'univers dit du Web 2.0. Cela fait partie d'ailleurs du recadrage de la ligne \u00e9ditoriale [ok c'est pompeux!] de ce site (voir au sujet de\u2026). Beaucoup d'\u00e9l\u00e9ments s'entrechoquent. Ils seront donc propos\u00e9s au travers de plusieurs billets.\u2026","rel":"","context":"Dans &quot;Blogcaf\u00e9&quot;","block_context":{"text":"Blogcaf\u00e9","link":"https:\/\/lyonelkaufmann.ch\/Blog\/category\/blogcafe-2\/"},"img":{"alt_text":"","src":"https:\/\/i0.wp.com\/lyonelkaufmann.ch\/Blog\/wp-content\/uploads\/2015\/03\/blogcafe1.jpg?fit=1024%2C683&ssl=1&resize=350%2C200","width":350,"height":200,"srcset":"https:\/\/i0.wp.com\/lyonelkaufmann.ch\/Blog\/wp-content\/uploads\/2015\/03\/blogcafe1.jpg?fit=1024%2C683&ssl=1&resize=350%2C200 1x, https:\/\/i0.wp.com\/lyonelkaufmann.ch\/Blog\/wp-content\/uploads\/2015\/03\/blogcafe1.jpg?fit=1024%2C683&ssl=1&resize=525%2C300 1.5x, https:\/\/i0.wp.com\/lyonelkaufmann.ch\/Blog\/wp-content\/uploads\/2015\/03\/blogcafe1.jpg?fit=1024%2C683&ssl=1&resize=700%2C400 2x"},"classes":[]}],"jetpack_likes_enabled":true,"_links":{"self":[{"href":"https:\/\/lyonelkaufmann.ch\/Blog\/wp-json\/wp\/v2\/posts\/6080","targetHints":{"allow":["GET"]}}],"collection":[{"href":"https:\/\/lyonelkaufmann.ch\/Blog\/wp-json\/wp\/v2\/posts"}],"about":[{"href":"https:\/\/lyonelkaufmann.ch\/Blog\/wp-json\/wp\/v2\/types\/post"}],"author":[{"embeddable":true,"href":"https:\/\/lyonelkaufmann.ch\/Blog\/wp-json\/wp\/v2\/users\/1"}],"replies":[{"embeddable":true,"href":"https:\/\/lyonelkaufmann.ch\/Blog\/wp-json\/wp\/v2\/comments?post=6080"}],"version-history":[{"count":0,"href":"https:\/\/lyonelkaufmann.ch\/Blog\/wp-json\/wp\/v2\/posts\/6080\/revisions"}],"wp:featuredmedia":[{"embeddable":true,"href":"https:\/\/lyonelkaufmann.ch\/Blog\/wp-json\/wp\/v2\/media\/13916"}],"wp:attachment":[{"href":"https:\/\/lyonelkaufmann.ch\/Blog\/wp-json\/wp\/v2\/media?parent=6080"}],"wp:term":[{"taxonomy":"category","embeddable":true,"href":"https:\/\/lyonelkaufmann.ch\/Blog\/wp-json\/wp\/v2\/categories?post=6080"},{"taxonomy":"post_tag","embeddable":true,"href":"https:\/\/lyonelkaufmann.ch\/Blog\/wp-json\/wp\/v2\/tags?post=6080"}],"curies":[{"name":"wp","href":"https:\/\/api.w.org\/{rel}","templated":true}]}}