{"id":6101,"date":"2012-08-30T08:22:06","date_gmt":"2012-08-30T08:22:06","guid":{"rendered":"http:\/\/lyonelkaufmann.ch\/histoire\/?p=6101"},"modified":"2012-08-30T08:22:06","modified_gmt":"2012-08-30T08:22:06","slug":"humanites-digitales-organiser-sa-recherche-sur-le-web-infoclio-ch","status":"publish","type":"post","link":"https:\/\/lyonelkaufmann.ch\/Blog\/2012\/08\/30\/humanites-digitales-organiser-sa-recherche-sur-le-web-infoclio-ch\/","title":{"rendered":"Humanit\u00e9s digitales : Organiser sa recherche sur le web | infoclio.ch"},"content":{"rendered":"<p><strong><a href=\"http:\/\/www.infoclio.ch\" target=\"_blank\">Infoclio.ch<\/a>,\u00a0le portail professionnel des sciences historiques en Suisse, ouvrira \u00e0 la rentr\u00e9e universitaire un nouveau portail destin\u00e9s aux \u00e9tudiants en histoire. Cette initiative arrive \u00e0 point nommer alors que la question des <em>\u00abHumanit\u00e9s Digitales\u00bb<\/em> (<em>\u00abDigital humanities\u00bb<\/em>) se d\u00e9veloppent de mani\u00e8re r\u00e9jouissante en Suisse. On r\u00eave d&rsquo;une d\u00e9clinaison pour l&rsquo;enseignement obligatoire et gymnasial.<\/strong><\/p>\n<p>Lors de la rentr\u00e9e acad\u00e9mique 2012-2013, infoclio.ch lance une nouvelle ressource destin\u00e9e aux \u00e9tudiants en histoire sur le th\u00e8me des comp\u00e9tences informationnelles et de la recherche en ligne. La ressource <strong>\u00ab compas \u2013 Organiser sa recherche sur le web \u00bb<\/strong> sera disponible gratuitement d\u00e8s le 17 septembre 2012 \u00e0 l\u2019adresse <a href=\"http:\/\/compas.infoclio.ch\" target=\"_blank\">compas.infoclio.ch<\/a>.<\/p>\n<p>Cette ressource p\u00e9dagogique est organis\u00e9e en trois chapitres :<\/p>\n<p>1. Cr\u00e9er sa propre infrastructure num\u00e9rique : Ce chapitre pr\u00e9sente des conseils pour am\u00e9liorer sa m\u00e9thode de travail et g\u00e9rer efficacement ses donn\u00e9es.<\/p>\n<p>2. Recherche sp\u00e9cialis\u00e9e : Ce chapitre fait le point sur la recherche et l\u2019\u00e9valuation de l\u2019information en ligne.<\/p>\n<p>3. Soigner ses contacts : Ce chapitre explique comment soigner ses contacts sur les r\u00e9seaux sociaux et autres services de communication en ligne et explique comment publier ses propres textes.<\/p>\n<p>Pour agr\u00e9menter le tout, chacun des trois chapitres est introduit par un court-m\u00e9trage muet.<br \/>\n<span class=\"embed-youtube\" style=\"text-align:center; display: block;\"><iframe loading=\"lazy\" class=\"youtube-player\" width=\"640\" height=\"360\" src=\"https:\/\/www.youtube.com\/embed\/oSzihRUPt-o?version=3&#038;rel=1&#038;showsearch=0&#038;showinfo=1&#038;iv_load_policy=1&#038;fs=1&#038;hl=fr-FR&#038;autohide=2&#038;wmode=transparent\" allowfullscreen=\"true\" style=\"border:0;\" sandbox=\"allow-scripts allow-same-origin allow-popups allow-presentation allow-popups-to-escape-sandbox\"><\/iframe><\/span><\/p>\n<p>Source : <a href=\"http:\/\/www.infoclio.ch\/fr\/node\/27014\">infoclio.ch lance une ressource p\u00e9dagogique en ligne pour les \u00e9tudiants en histoire | infoclio.ch<\/a>.<\/p>\n","protected":false},"excerpt":{"rendered":"<p>Infoclio.ch,\u00a0le portail professionnel des sciences historiques en Suisse, ouvrira \u00e0 la rentr\u00e9e universitaire un nouveau portail destin\u00e9s aux \u00e9tudiants en histoire. Cette initiative arrive \u00e0 point nommer alors que la question des \u00abHumanit\u00e9s Digitales\u00bb (\u00abDigital humanities\u00bb) se d\u00e9veloppent de mani\u00e8re r\u00e9jouissante en Suisse. On r\u00eave d&rsquo;une d\u00e9clinaison pour l&rsquo;enseignement obligatoire et gymnasial. Lors de la [&hellip;]<\/p>\n","protected":false},"author":1,"featured_media":14138,"comment_status":"open","ping_status":"open","sticky":false,"template":"","format":"standard","meta":{"_import_markdown_pro_load_document_selector":0,"_import_markdown_pro_submit_text_textarea":"","_genesis_hide_title":false,"_genesis_hide_breadcrumbs":false,"_genesis_hide_singular_image":false,"_genesis_hide_footer_widgets":false,"_genesis_custom_body_class":"","_genesis_custom_post_class":"","_genesis_layout":"","jetpack_post_was_ever_published":false,"_jetpack_newsletter_access":"","_jetpack_dont_email_post_to_subs":false,"_jetpack_newsletter_tier_id":0,"_jetpack_memberships_contains_paywalled_content":false,"_jetpack_memberships_contains_paid_content":false,"activitypub_content_warning":"","activitypub_content_visibility":"","activitypub_max_image_attachments":3,"activitypub_interaction_policy_quote":"anyone","activitypub_status":"","footnotes":"","jetpack_publicize_message":"","jetpack_publicize_feature_enabled":true,"jetpack_social_post_already_shared":true,"jetpack_social_options":{"image_generator_settings":{"template":"fullscreen","default_image_id":0,"font":"","enabled":false},"version":2}},"categories":[2],"tags":[],"class_list":{"0":"post-6101","1":"post","2":"type-post","3":"status-publish","4":"format-standard","5":"has-post-thumbnail","7":"category-histoire-2","8":"entry"},"jetpack_publicize_connections":[],"featured_image_src":"https:\/\/i0.wp.com\/lyonelkaufmann.ch\/Blog\/wp-content\/uploads\/2015\/03\/0120.jpg?resize=480%2C360&ssl=1","featured_image_src_square":"https:\/\/i0.wp.com\/lyonelkaufmann.ch\/Blog\/wp-content\/uploads\/2015\/03\/0120.jpg?resize=480%2C360&ssl=1","author_info":{"display_name":"Lyonel Kaufmann","author_link":"https:\/\/lyonelkaufmann.ch\/Blog\/author\/lyonelk\/"},"jetpack_featured_media_url":"https:\/\/i0.wp.com\/lyonelkaufmann.ch\/Blog\/wp-content\/uploads\/2015\/03\/0120.jpg?fit=480%2C360&ssl=1","jetpack_sharing_enabled":true,"jetpack_shortlink":"https:\/\/wp.me\/p1qtF4-1Ap","jetpack-related-posts":[{"id":6365,"url":"https:\/\/lyonelkaufmann.ch\/Blog\/2012\/10\/22\/humanites-digitales-a-lecole-etre-googliser-ou-etre-acteur\/","url_meta":{"origin":6101,"position":0},"title":"Humanit\u00e9s digitales \u00e0 l&rsquo;\u00e9cole : \u00eatre googliser ou \u00eatre acteur?  | Chronique no 136","author":"Lyonel Kaufmann","date":"22 octobre 2012","format":false,"excerpt":"Lorsque le cin\u00e9matographe, puis la t\u00e9l\u00e9vision ont fait irruption dans nos vies, ces technologies n'ont pas manqu\u00e9 de susciter le ravissement et l'effroi au sein de l'institution scolaire. Ravissement de certains s'imaginant qu'en diffusant un film ou une \u00e9mission de t\u00e9l\u00e9vision, le savoir allait passer directement dans le cerveau des\u2026","rel":"","context":"Dans &quot;histoire&quot;","block_context":{"text":"histoire","link":"https:\/\/lyonelkaufmann.ch\/Blog\/category\/histoire-2\/"},"img":{"alt_text":"","src":"https:\/\/i0.wp.com\/lyonelkaufmann.ch\/Blog\/wp-content\/uploads\/2015\/03\/blogcafe1.jpg?fit=1024%2C683&ssl=1&resize=350%2C200","width":350,"height":200,"srcset":"https:\/\/i0.wp.com\/lyonelkaufmann.ch\/Blog\/wp-content\/uploads\/2015\/03\/blogcafe1.jpg?fit=1024%2C683&ssl=1&resize=350%2C200 1x, https:\/\/i0.wp.com\/lyonelkaufmann.ch\/Blog\/wp-content\/uploads\/2015\/03\/blogcafe1.jpg?fit=1024%2C683&ssl=1&resize=525%2C300 1.5x, https:\/\/i0.wp.com\/lyonelkaufmann.ch\/Blog\/wp-content\/uploads\/2015\/03\/blogcafe1.jpg?fit=1024%2C683&ssl=1&resize=700%2C400 2x"},"classes":[]},{"id":6396,"url":"https:\/\/lyonelkaufmann.ch\/Blog\/2012\/11\/06\/colloque-infoclio-ch-2012-accessibilite-et-droits-dutilisation-des-ressources-historiques-sur-le-web\/","url_meta":{"origin":6101,"position":1},"title":"Colloque infoclio.ch 2012: Accessibilit\u00e9 et droits d\u2019utilisation des ressources historiques sur le web","author":"Lyonel Kaufmann","date":"6 novembre 2012","format":false,"excerpt":"Le colloque infoclio.ch 2012 s'est tenu vendredi 2 novembre au Kornhauforum de Berne, sur le th\u00e8me \"Accessibilit\u00e9 et droits d\u2019utilisation des ressources historiques sur le web\".\u00a0Vous pouvez d\u00e8s \u00e0 pr\u00e9sent retrouver tous les enregistrements et les pr\u00e9sentations des conf\u00e9renciers sur cette page sp\u00e9ciale d\u00e9di\u00e9e au colloque. Le th\u00e8me de ce\u2026","rel":"","context":"Dans &quot;histoire&quot;","block_context":{"text":"histoire","link":"https:\/\/lyonelkaufmann.ch\/Blog\/category\/histoire-2\/"},"img":{"alt_text":"","src":"https:\/\/i0.wp.com\/lyonelkaufmann.ch\/Blog\/wp-content\/uploads\/2015\/03\/blogcafe1.jpg?fit=1024%2C683&ssl=1&resize=350%2C200","width":350,"height":200,"srcset":"https:\/\/i0.wp.com\/lyonelkaufmann.ch\/Blog\/wp-content\/uploads\/2015\/03\/blogcafe1.jpg?fit=1024%2C683&ssl=1&resize=350%2C200 1x, https:\/\/i0.wp.com\/lyonelkaufmann.ch\/Blog\/wp-content\/uploads\/2015\/03\/blogcafe1.jpg?fit=1024%2C683&ssl=1&resize=525%2C300 1.5x, https:\/\/i0.wp.com\/lyonelkaufmann.ch\/Blog\/wp-content\/uploads\/2015\/03\/blogcafe1.jpg?fit=1024%2C683&ssl=1&resize=700%2C400 2x"},"classes":[]},{"id":7861,"url":"https:\/\/lyonelkaufmann.ch\/Blog\/2007\/10\/29\/roy-rosenzweig-19502007\/","url_meta":{"origin":6101,"position":2},"title":"Roy Rosenzweig (1950\u20142007)","author":"Lyonel Kaufmann","date":"29 octobre 2007","format":false,"excerpt":"Roy Rosenzweig (1950\u20142007) Roy Rosenzweig n'est pas un historien fort connu dans nos contr\u00e9es. C'est dommage. Historien am\u00e9ricain, il est un des pionniers relativement \u00e0 l'histoire et l'utilisation des nouveaux m\u00e9dias. Ses pr\u00e9occupations portaient notamment sur la mise \u00e0 disposition de ressources historiques sous forme digitale (Digital history). Parmi ses\u2026","rel":"","context":"Dans &quot;histoire&quot;","block_context":{"text":"histoire","link":"https:\/\/lyonelkaufmann.ch\/Blog\/category\/histoire-2\/"},"img":{"alt_text":"","src":"https:\/\/i0.wp.com\/lyonelkaufmann.ch\/Blog\/wp-content\/uploads\/2015\/03\/158.jpg?fit=234%2C252&ssl=1&resize=350%2C200","width":350,"height":200},"classes":[]},{"id":5317,"url":"https:\/\/lyonelkaufmann.ch\/Blog\/2012\/04\/19\/revue-de-presse-deux-nouveaux-blogs-suisses-sur-lhistoire-numerique-infoclio-ch\/","url_meta":{"origin":6101,"position":3},"title":"Revue de presse : Deux nouveaux blogs suisses sur l&rsquo;histoire num\u00e9rique | infoclio.ch","author":"Lyonel Kaufmann","date":"19 avril 2012","format":false,"excerpt":"Deux nouveaux blogs r\u00e9dig\u00e9s par des chercheurs suisses ont vu le jour ces derni\u00e8res semaines sur la plateforme de carnets de recherche hypotheses.org et sont pr\u00e9sent\u00e9s bri\u00e8vement par Enrico Natale.Deux nouveaux blogs suisses sur l'histoire num\u00e9rique | infoclio.ch","rel":"","context":"Dans &quot;histoire&quot;","block_context":{"text":"histoire","link":"https:\/\/lyonelkaufmann.ch\/Blog\/category\/histoire-2\/"},"img":{"alt_text":"","src":"https:\/\/i0.wp.com\/lyonelkaufmann.ch\/Blog\/wp-content\/uploads\/2015\/03\/blogcafe1.jpg?fit=1024%2C683&ssl=1&resize=350%2C200","width":350,"height":200,"srcset":"https:\/\/i0.wp.com\/lyonelkaufmann.ch\/Blog\/wp-content\/uploads\/2015\/03\/blogcafe1.jpg?fit=1024%2C683&ssl=1&resize=350%2C200 1x, https:\/\/i0.wp.com\/lyonelkaufmann.ch\/Blog\/wp-content\/uploads\/2015\/03\/blogcafe1.jpg?fit=1024%2C683&ssl=1&resize=525%2C300 1.5x, https:\/\/i0.wp.com\/lyonelkaufmann.ch\/Blog\/wp-content\/uploads\/2015\/03\/blogcafe1.jpg?fit=1024%2C683&ssl=1&resize=700%2C400 2x"},"classes":[]},{"id":8084,"url":"https:\/\/lyonelkaufmann.ch\/Blog\/2014\/06\/30\/exposition-virtuelle-medecine-et-alimentation-infoclio-ch\/","url_meta":{"origin":6101,"position":4},"title":"Exposition virtuelle: M\u00e9decine et alimentation | infoclio.ch","author":"Lyonel Kaufmann","date":"30 juin 2014","format":false,"excerpt":"Un petit verre ? L'Universit\u00e9 de Fribourg \u00e0 mis en ligne une exposition virtuelle, en Fran\u00e7ais et en Allemand, consacr\u00e9e \u00e0 l'histoire des rapports entre m\u00e9decine et alimentation. L\u2019exposition consiste en une exp\u00e9rimentation num\u00e9rique qui propose une strat\u00e9gie mus\u00e9ographique innovante reposant les fonds de plusieurs institutions culturelles suisses: le Mus\u00e9e\u2026","rel":"","context":"Dans &quot;histoire&quot;","block_context":{"text":"histoire","link":"https:\/\/lyonelkaufmann.ch\/Blog\/category\/histoire-2\/"},"img":{"alt_text":"wpid-6_1024-2014-06-30-21-41.png","src":"https:\/\/i0.wp.com\/lyonelkaufmann.ch\/histoire\/wp-content\/uploads\/2014\/06\/wpid-6_1024-2014-06-30-21-41.png?resize=350%2C200","width":350,"height":200,"srcset":"https:\/\/i0.wp.com\/lyonelkaufmann.ch\/histoire\/wp-content\/uploads\/2014\/06\/wpid-6_1024-2014-06-30-21-41.png?resize=350%2C200 1x, https:\/\/i0.wp.com\/lyonelkaufmann.ch\/histoire\/wp-content\/uploads\/2014\/06\/wpid-6_1024-2014-06-30-21-41.png?resize=525%2C300 1.5x, https:\/\/i0.wp.com\/lyonelkaufmann.ch\/histoire\/wp-content\/uploads\/2014\/06\/wpid-6_1024-2014-06-30-21-41.png?resize=700%2C400 2x"},"classes":[]},{"id":6497,"url":"https:\/\/lyonelkaufmann.ch\/Blog\/2012\/11\/29\/table-ronde-le-numerique-de-nouvelles-facons-decrire-lhistoire\/","url_meta":{"origin":6101,"position":5},"title":"Table ronde \u201cLe num\u00e9rique : de nouvelles fa\u00e7ons d\u2019\u00e9crire l\u2019histoire?\u201d","author":"Lyonel Kaufmann","date":"29 novembre 2012","format":false,"excerpt":"L\u2019Assembl\u00e9e g\u00e9n\u00e9rale de l\u2019Association fran\u00e7aise d\u2019histoire \u00e9conomique aura lieu le mercredi 12 d\u00e9cembre dans l\u2019apr\u00e8s-midi. Dans ce cadre-l\u00e0, elle organise une table ronde intitul\u00e9e \u201cLe num\u00e9rique : de nouvelles fa\u00e7ons d\u2019\u00e9crire l\u2019histoire?\u201d Cette table ronde, organis\u00e9e par Fr\u00e9d\u00e9ric Clavert (Centre virtuel de la connaissance sur l\u2019Europe, Luxembourg) et Claire Lemercier\u2026","rel":"","context":"Dans &quot;histoire&quot;","block_context":{"text":"histoire","link":"https:\/\/lyonelkaufmann.ch\/Blog\/category\/histoire-2\/"},"img":{"alt_text":"","src":"https:\/\/i0.wp.com\/lyonelkaufmann.ch\/Blog\/wp-content\/uploads\/2015\/03\/blogcafe1.jpg?fit=1024%2C683&ssl=1&resize=350%2C200","width":350,"height":200,"srcset":"https:\/\/i0.wp.com\/lyonelkaufmann.ch\/Blog\/wp-content\/uploads\/2015\/03\/blogcafe1.jpg?fit=1024%2C683&ssl=1&resize=350%2C200 1x, https:\/\/i0.wp.com\/lyonelkaufmann.ch\/Blog\/wp-content\/uploads\/2015\/03\/blogcafe1.jpg?fit=1024%2C683&ssl=1&resize=525%2C300 1.5x, https:\/\/i0.wp.com\/lyonelkaufmann.ch\/Blog\/wp-content\/uploads\/2015\/03\/blogcafe1.jpg?fit=1024%2C683&ssl=1&resize=700%2C400 2x"},"classes":[]}],"jetpack_likes_enabled":true,"_links":{"self":[{"href":"https:\/\/lyonelkaufmann.ch\/Blog\/wp-json\/wp\/v2\/posts\/6101","targetHints":{"allow":["GET"]}}],"collection":[{"href":"https:\/\/lyonelkaufmann.ch\/Blog\/wp-json\/wp\/v2\/posts"}],"about":[{"href":"https:\/\/lyonelkaufmann.ch\/Blog\/wp-json\/wp\/v2\/types\/post"}],"author":[{"embeddable":true,"href":"https:\/\/lyonelkaufmann.ch\/Blog\/wp-json\/wp\/v2\/users\/1"}],"replies":[{"embeddable":true,"href":"https:\/\/lyonelkaufmann.ch\/Blog\/wp-json\/wp\/v2\/comments?post=6101"}],"version-history":[{"count":0,"href":"https:\/\/lyonelkaufmann.ch\/Blog\/wp-json\/wp\/v2\/posts\/6101\/revisions"}],"wp:featuredmedia":[{"embeddable":true,"href":"https:\/\/lyonelkaufmann.ch\/Blog\/wp-json\/wp\/v2\/media\/14138"}],"wp:attachment":[{"href":"https:\/\/lyonelkaufmann.ch\/Blog\/wp-json\/wp\/v2\/media?parent=6101"}],"wp:term":[{"taxonomy":"category","embeddable":true,"href":"https:\/\/lyonelkaufmann.ch\/Blog\/wp-json\/wp\/v2\/categories?post=6101"},{"taxonomy":"post_tag","embeddable":true,"href":"https:\/\/lyonelkaufmann.ch\/Blog\/wp-json\/wp\/v2\/tags?post=6101"}],"curies":[{"name":"wp","href":"https:\/\/api.w.org\/{rel}","templated":true}]}}