{"id":6105,"date":"2012-08-31T05:57:44","date_gmt":"2012-08-31T05:57:44","guid":{"rendered":"http:\/\/lyonelkaufmann.ch\/histoire\/?p=6105"},"modified":"2012-08-31T05:57:44","modified_gmt":"2012-08-31T05:57:44","slug":"grandeur-et-decadence-a-hollywood-les-chiffres-romains-ont-perdu-la-bataille-des-titres-slate","status":"publish","type":"post","link":"https:\/\/lyonelkaufmann.ch\/Blog\/2012\/08\/31\/grandeur-et-decadence-a-hollywood-les-chiffres-romains-ont-perdu-la-bataille-des-titres-slate\/","title":{"rendered":"Grandeur et d\u00e9cadence : A Hollywood, les chiffres romains ont perdu la bataille"},"content":{"rendered":"<p><strong>Encore une raison de moins de faire apprendre les chiffre romains \u00a0\u00e0 l&rsquo;\u00e9cole ! Fini \u00abRocky II\u00bb, place \u00e0 \u00abExpandables 2\u00bb: en quelques d\u00e9cennies, les chiffres arabes ont supplant\u00e9 les romains dans la majorit\u00e9 des franchises. M\u00eame Stallone n&rsquo;y trouve plus rien \u00e0 redire, lui qui trouvait que les chiffres arabes faisaient \u00abeff\u00e9min\u00e9s\u00bb.\u00a0<\/strong><\/p>\n<p style=\"text-align:center;\"><a href=\"http:\/\/www.slate.fr\/story\/61039\/cinema-hollywood-films-titres-chiffres-romains-arabes\"><img data-recalc-dims=\"1\" decoding=\"async\" src=\"https:\/\/i0.wp.com\/lyonelkaufmann.ch\/histoire\/wp-content\/uploads\/2012\/08\/the-expendables-2-videogame-team-cover.jpg\" alt=\"\" \/><\/a><\/p>\n<p>Aux Etats-Unis, une g\u00e9n\u00e9ration d&rsquo;enfants (ou du moins Bart Simpson qui, dans un \u00e9pisode des Simpsons de 1995, trouve quel chiffre romain veut dire sept en ajoutant Rocky II et Rocky V) a appris comment lire les chiffres romains gr\u00e2ce \u00e0 ces films.<\/p>\n<p>Mais c&rsquo;\u00e9tait il y a dix-sept ans. D\u00e9sormais, les jeunes biberonn\u00e9s aux suites de Spider-Man et Transformers pourraient ne jamais apprendre le style classique. Comment les chiffres romains ont-ils conquis puis perdu les faveurs d&rsquo;Hollywood?<\/p>\n<p>La suite dans <a href=\"http:\/\/www.slate.fr\/story\/61039\/cinema-hollywood-films-titres-chiffres-romains-arabes\">A Hollywood, les chiffres romains ont perdu la bataille des titres | Slate<\/a>.<\/p>\n","protected":false},"excerpt":{"rendered":"<p>Encore une raison de moins de faire apprendre les chiffre romains \u00a0\u00e0 l&rsquo;\u00e9cole ! Fini \u00abRocky II\u00bb, place \u00e0 \u00abExpandables 2\u00bb: en quelques d\u00e9cennies, les chiffres arabes ont supplant\u00e9 les romains dans la majorit\u00e9 des franchises. M\u00eame Stallone n&rsquo;y trouve plus rien \u00e0 redire, lui qui trouvait que les chiffres arabes faisaient \u00abeff\u00e9min\u00e9s\u00bb.\u00a0 Aux Etats-Unis, [&hellip;]<\/p>\n","protected":false},"author":1,"featured_media":14139,"comment_status":"open","ping_status":"open","sticky":false,"template":"","format":"standard","meta":{"_import_markdown_pro_load_document_selector":0,"_import_markdown_pro_submit_text_textarea":"","_genesis_hide_title":false,"_genesis_hide_breadcrumbs":false,"_genesis_hide_singular_image":false,"_genesis_hide_footer_widgets":false,"_genesis_custom_body_class":"","_genesis_custom_post_class":"","_genesis_layout":"","jetpack_post_was_ever_published":false,"_jetpack_newsletter_access":"","_jetpack_dont_email_post_to_subs":false,"_jetpack_newsletter_tier_id":0,"_jetpack_memberships_contains_paywalled_content":false,"_jetpack_memberships_contains_paid_content":false,"activitypub_content_warning":"","activitypub_content_visibility":"","activitypub_max_image_attachments":3,"activitypub_interaction_policy_quote":"anyone","activitypub_status":"","footnotes":"","jetpack_publicize_message":"","jetpack_publicize_feature_enabled":true,"jetpack_social_post_already_shared":true,"jetpack_social_options":{"image_generator_settings":{"template":"fullscreen","default_image_id":0,"font":"","enabled":false},"version":2}},"categories":[2],"tags":[],"class_list":{"0":"post-6105","1":"post","2":"type-post","3":"status-publish","4":"format-standard","5":"has-post-thumbnail","7":"category-histoire-2","8":"entry"},"jetpack_publicize_connections":[],"featured_image_src":"https:\/\/i0.wp.com\/lyonelkaufmann.ch\/Blog\/wp-content\/uploads\/2015\/03\/the-expendables-2-videogame-team-cover.jpg?resize=600%2C330&ssl=1","featured_image_src_square":"https:\/\/i0.wp.com\/lyonelkaufmann.ch\/Blog\/wp-content\/uploads\/2015\/03\/the-expendables-2-videogame-team-cover.jpg?resize=600%2C330&ssl=1","author_info":{"display_name":"Lyonel Kaufmann","author_link":"https:\/\/lyonelkaufmann.ch\/Blog\/author\/lyonelk\/"},"jetpack_featured_media_url":"https:\/\/i0.wp.com\/lyonelkaufmann.ch\/Blog\/wp-content\/uploads\/2015\/03\/the-expendables-2-videogame-team-cover.jpg?fit=600%2C330&ssl=1","jetpack_sharing_enabled":true,"jetpack_shortlink":"https:\/\/wp.me\/p1qtF4-1At","jetpack-related-posts":[{"id":6629,"url":"https:\/\/lyonelkaufmann.ch\/Blog\/2012\/12\/28\/dans-le-retroviseur\/","url_meta":{"origin":6105,"position":0},"title":"L&rsquo;ann\u00e9e 2012 dans mon r\u00e9troviseur |\u00a0Chronique no 138","author":"Lyonel Kaufmann","date":"28 d\u00e9cembre 2012","format":false,"excerpt":"Devant le sapin de No\u00ebl, alors que la f\u00eate bat son plein, l'heure est aussi \u00e0 jeter un dernier regard sur l'ann\u00e9e \u00e9coul\u00e9e pour en faire un bilan. En parcourant, mois par mois, les articles publi\u00e9s sur mon blog professionnel, les \u00e9l\u00e9ments suivants ont acquis suffisamment de relief pour s'y\u2026","rel":"","context":"Dans &quot;histoire&quot;","block_context":{"text":"histoire","link":"https:\/\/lyonelkaufmann.ch\/Blog\/category\/histoire-2\/"},"img":{"alt_text":"","src":"https:\/\/i0.wp.com\/lyonelkaufmann.ch\/Blog\/wp-content\/uploads\/2015\/03\/2mondes.jpg?fit=402%2C284&ssl=1&resize=350%2C200","width":350,"height":200},"classes":[]},{"id":7664,"url":"https:\/\/lyonelkaufmann.ch\/Blog\/2005\/07\/21\/un-sanctuaire-gallo-romain-au-sommet-du-chasseron\/","url_meta":{"origin":6105,"position":1},"title":"Un sanctuaire gallo-romain au sommet du Chasseron","author":"Lyonel Kaufmann","date":"21 juillet 2005","format":false,"excerpt":"Les arch\u00e9ologues vaudois ont mis au jour les vestiges d'un sanctuaire gallo-romain \u00e0 1.607 m\u00e8tres au sommet du Chasseron qui domine Sainte-Croix (VD). Ce \"fanum\", de pr\u00e8s de dix m\u00e8tres de c\u00f4t\u00e9, \u00e9tait d\u00e9di\u00e9 \u00e0 plusieurs divinit\u00e9s, dont la principale semble avoir \u00e9t\u00e9 le \"Mercure souverain\" de la religion gallo-romaine.\u2026","rel":"","context":"Dans &quot;histoire&quot;","block_context":{"text":"histoire","link":"https:\/\/lyonelkaufmann.ch\/Blog\/category\/histoire-2\/"},"img":{"alt_text":"","src":"https:\/\/i0.wp.com\/lyonelkaufmann.ch\/Blog\/wp-content\/uploads\/2015\/03\/blogcafe1.jpg?fit=1024%2C683&ssl=1&resize=350%2C200","width":350,"height":200,"srcset":"https:\/\/i0.wp.com\/lyonelkaufmann.ch\/Blog\/wp-content\/uploads\/2015\/03\/blogcafe1.jpg?fit=1024%2C683&ssl=1&resize=350%2C200 1x, https:\/\/i0.wp.com\/lyonelkaufmann.ch\/Blog\/wp-content\/uploads\/2015\/03\/blogcafe1.jpg?fit=1024%2C683&ssl=1&resize=525%2C300 1.5x, https:\/\/i0.wp.com\/lyonelkaufmann.ch\/Blog\/wp-content\/uploads\/2015\/03\/blogcafe1.jpg?fit=1024%2C683&ssl=1&resize=700%2C400 2x"},"classes":[]},{"id":3458,"url":"https:\/\/lyonelkaufmann.ch\/Blog\/2011\/01\/26\/conscience-de-soi-et-representations-de-lautre-dans-la-rome-antique-livre\/","url_meta":{"origin":6105,"position":2},"title":"Conscience de soi et repr\u00e9sentations de l&rsquo;autre dans la Rome antique | Livre","author":"Lyonel Kaufmann","date":"26 janvier 2011","format":false,"excerpt":"Dans la discussion relative \u00e0 la place de l'enseignement de Rome au coll\u00e8ge (Quelle place la Rome antique doit-elle avoir \u00e0 l\u2019\u00e9cole (vaudoise) ?), voici une parution r\u00e9cente utile dans le cadre de ce d\u00e9bat. Le r\u00e9sum\u00e9 de l'ouvrage par l'\u00e9diteur : Le renouvellement des \u00e9tudes antiques a mis en\u2026","rel":"","context":"Dans &quot;histoire&quot;","block_context":{"text":"histoire","link":"https:\/\/lyonelkaufmann.ch\/Blog\/category\/histoire-2\/"},"img":{"alt_text":"","src":"https:\/\/i0.wp.com\/lyonelkaufmann.ch\/Blog\/wp-content\/uploads\/2015\/03\/blogcafe1.jpg?fit=1024%2C683&ssl=1&resize=350%2C200","width":350,"height":200,"srcset":"https:\/\/i0.wp.com\/lyonelkaufmann.ch\/Blog\/wp-content\/uploads\/2015\/03\/blogcafe1.jpg?fit=1024%2C683&ssl=1&resize=350%2C200 1x, https:\/\/i0.wp.com\/lyonelkaufmann.ch\/Blog\/wp-content\/uploads\/2015\/03\/blogcafe1.jpg?fit=1024%2C683&ssl=1&resize=525%2C300 1.5x, https:\/\/i0.wp.com\/lyonelkaufmann.ch\/Blog\/wp-content\/uploads\/2015\/03\/blogcafe1.jpg?fit=1024%2C683&ssl=1&resize=700%2C400 2x"},"classes":[]},{"id":16133,"url":"https:\/\/lyonelkaufmann.ch\/Blog\/2016\/02\/23\/tongres-ambiorix-roi-des-eburons\/","url_meta":{"origin":6105,"position":3},"title":"Tongres : Ambiorix, roi des \u00c9burons","author":"Lyonel Kaufmann","date":"23 f\u00e9vrier 2016","format":false,"excerpt":"En ce mardi 23 f\u00e9vrier, apr\u00e8s une matin\u00e9e pass\u00e9s \u00e0 l'HELMo de Li\u00e8ge (institution de formation des ma\u00eetres), nous nous rendons \u00e0 Tongres avec mon coll\u00e8gue. Ville romaine, Tongres abrite un mus\u00e9e gallo-romain et actuellement une exposition temporaire sur les Gladiateurs. C'est l'occasion de faire la connaissance avec Ambiorix, le\u2026","rel":"","context":"Dans &quot;Blogcaf\u00e9&quot;","block_context":{"text":"Blogcaf\u00e9","link":"https:\/\/lyonelkaufmann.ch\/Blog\/category\/blogcafe-2\/"},"img":{"alt_text":"","src":"https:\/\/i0.wp.com\/lyonelkaufmann.ch\/Blog\/wp-content\/uploads\/2016\/02\/img_0088.jpg?fit=800%2C1200&ssl=1&resize=350%2C200","width":350,"height":200,"srcset":"https:\/\/i0.wp.com\/lyonelkaufmann.ch\/Blog\/wp-content\/uploads\/2016\/02\/img_0088.jpg?fit=800%2C1200&ssl=1&resize=350%2C200 1x, https:\/\/i0.wp.com\/lyonelkaufmann.ch\/Blog\/wp-content\/uploads\/2016\/02\/img_0088.jpg?fit=800%2C1200&ssl=1&resize=525%2C300 1.5x, https:\/\/i0.wp.com\/lyonelkaufmann.ch\/Blog\/wp-content\/uploads\/2016\/02\/img_0088.jpg?fit=800%2C1200&ssl=1&resize=700%2C400 2x"},"classes":[]},{"id":7665,"url":"https:\/\/lyonelkaufmann.ch\/Blog\/2005\/07\/29\/une-t%ef%bf%bdte-sculpt%ef%bf%bde-de-lempereur-constantin-retrouv%ef%bf%bde-dans-les-anciens-%ef%bf%bdgouts-de-rome\/","url_meta":{"origin":6105,"position":4},"title":"Une t\u00eate sculpt\u00e9e de l&#8217;empereur Constantin retrouv\u00e9e dans les anciens \u00e9gouts de Rome","author":"Lyonel Kaufmann","date":"29 juillet 2005","format":false,"excerpt":"ROME (AP) - Mais o\u00f9 avait-il la t\u00eate? Dans l'\u00e9gout. Un portrait de marbre de l'empereur romain Constantin a \u00e9t\u00e9 mis au jour la semaine derni\u00e8re par des arch\u00e9ologues qui nettoyaient l'ancien syst\u00e8me de canalisations du Forum, a annonc\u00e9 jeudi Eugenio La Rocca, le directeur des monuments de Rome, en\u2026","rel":"","context":"Dans &quot;histoire&quot;","block_context":{"text":"histoire","link":"https:\/\/lyonelkaufmann.ch\/Blog\/category\/histoire-2\/"},"img":{"alt_text":"","src":"https:\/\/i0.wp.com\/lyonelkaufmann.ch\/Blog\/wp-content\/uploads\/2015\/03\/blogcafe1.jpg?fit=1024%2C683&ssl=1&resize=350%2C200","width":350,"height":200,"srcset":"https:\/\/i0.wp.com\/lyonelkaufmann.ch\/Blog\/wp-content\/uploads\/2015\/03\/blogcafe1.jpg?fit=1024%2C683&ssl=1&resize=350%2C200 1x, https:\/\/i0.wp.com\/lyonelkaufmann.ch\/Blog\/wp-content\/uploads\/2015\/03\/blogcafe1.jpg?fit=1024%2C683&ssl=1&resize=525%2C300 1.5x, https:\/\/i0.wp.com\/lyonelkaufmann.ch\/Blog\/wp-content\/uploads\/2015\/03\/blogcafe1.jpg?fit=1024%2C683&ssl=1&resize=700%2C400 2x"},"classes":[]},{"id":341,"url":"https:\/\/lyonelkaufmann.ch\/Blog\/2008\/08\/24\/kindle-est-il-lavenir-des-manuels-scolaires\/","url_meta":{"origin":6105,"position":5},"title":"Kindle est-il l&rsquo;avenir des manuels scolaires?","author":"Lyonel Kaufmann","date":"24 ao\u00fbt 2008","format":false,"excerpt":"Amazon r\u00e9inventera-t-il les manuels scolaires avec son mod\u00e8le Kindle con\u00e7u pour les coll\u00e8ge et les universit\u00e9s am\u00e9ricaines? Ce week-end Amazon a confirm\u00e9 les rumeurs qui \u00e9voquait la sortie d'un nouveau mod\u00e8le Kindle \u00e0 destination des coll\u00e8ges et universit\u00e9 am\u00e9ricaines. Ce march\u00e9 de manuels est estim\u00e9 \u00e0 5,5 milliards de $\u2026","rel":"","context":"Dans &quot;histoire&quot;","block_context":{"text":"histoire","link":"https:\/\/lyonelkaufmann.ch\/Blog\/category\/histoire-2\/"},"img":{"alt_text":"kindle-pile.png","src":"https:\/\/i0.wp.com\/lyonelkaufmann.ch\/histoire\/wp-content\/uploads\/2008\/08\/kindle-pile.png?resize=350%2C200","width":350,"height":200},"classes":[]}],"jetpack_likes_enabled":true,"_links":{"self":[{"href":"https:\/\/lyonelkaufmann.ch\/Blog\/wp-json\/wp\/v2\/posts\/6105","targetHints":{"allow":["GET"]}}],"collection":[{"href":"https:\/\/lyonelkaufmann.ch\/Blog\/wp-json\/wp\/v2\/posts"}],"about":[{"href":"https:\/\/lyonelkaufmann.ch\/Blog\/wp-json\/wp\/v2\/types\/post"}],"author":[{"embeddable":true,"href":"https:\/\/lyonelkaufmann.ch\/Blog\/wp-json\/wp\/v2\/users\/1"}],"replies":[{"embeddable":true,"href":"https:\/\/lyonelkaufmann.ch\/Blog\/wp-json\/wp\/v2\/comments?post=6105"}],"version-history":[{"count":0,"href":"https:\/\/lyonelkaufmann.ch\/Blog\/wp-json\/wp\/v2\/posts\/6105\/revisions"}],"wp:featuredmedia":[{"embeddable":true,"href":"https:\/\/lyonelkaufmann.ch\/Blog\/wp-json\/wp\/v2\/media\/14139"}],"wp:attachment":[{"href":"https:\/\/lyonelkaufmann.ch\/Blog\/wp-json\/wp\/v2\/media?parent=6105"}],"wp:term":[{"taxonomy":"category","embeddable":true,"href":"https:\/\/lyonelkaufmann.ch\/Blog\/wp-json\/wp\/v2\/categories?post=6105"},{"taxonomy":"post_tag","embeddable":true,"href":"https:\/\/lyonelkaufmann.ch\/Blog\/wp-json\/wp\/v2\/tags?post=6105"}],"curies":[{"name":"wp","href":"https:\/\/api.w.org\/{rel}","templated":true}]}}