{"id":6128,"date":"2012-09-04T06:33:02","date_gmt":"2012-09-04T06:33:02","guid":{"rendered":"http:\/\/lyonelkaufmann.ch\/histoire\/?p=6128"},"modified":"2012-09-04T06:33:02","modified_gmt":"2012-09-04T06:33:02","slug":"comment-fabriquer-de-meilleurs-profs-slate","status":"publish","type":"post","link":"https:\/\/lyonelkaufmann.ch\/Blog\/2012\/09\/04\/comment-fabriquer-de-meilleurs-profs-slate\/","title":{"rendered":"Comment fabriquer de meilleurs profs | Slate"},"content":{"rendered":"<p>Aux Etats-Unis aussi, l&rsquo;\u00e9ducation fait l&rsquo;objet d&rsquo;un \u00e2pre d\u00e9bat. Certains pensent qu&rsquo;il suffirait de virer les mauvais enseignants pour am\u00e9liorer le syst\u00e8me. A contrario, de nouvelles \u00e9tudes montrent qu\u2019ils peuvent apprendre \u00e0 devenir bons.<\/p>\n<p>A lire :\u00a0<a href=\"http:\/\/www.slate.fr\/story\/61249\/fabriquer-meilleurs-profs-education\">Comment fabriquer de meilleurs profs | Slate<\/a>.<\/p>\n","protected":false},"excerpt":{"rendered":"<p>Aux Etats-Unis aussi, l&rsquo;\u00e9ducation fait l&rsquo;objet d&rsquo;un \u00e2pre d\u00e9bat. Certains pensent qu&rsquo;il suffirait de virer les mauvais enseignants pour am\u00e9liorer le syst\u00e8me. A contrario, de nouvelles \u00e9tudes montrent qu\u2019ils peuvent apprendre \u00e0 devenir bons. A lire :\u00a0Comment fabriquer de meilleurs profs | Slate.<\/p>\n","protected":false},"author":1,"featured_media":14680,"comment_status":"open","ping_status":"open","sticky":false,"template":"","format":"standard","meta":{"_import_markdown_pro_load_document_selector":0,"_import_markdown_pro_submit_text_textarea":"","_genesis_hide_title":false,"_genesis_hide_breadcrumbs":false,"_genesis_hide_singular_image":false,"_genesis_hide_footer_widgets":false,"_genesis_custom_body_class":"","_genesis_custom_post_class":"","_genesis_layout":"","jetpack_post_was_ever_published":false,"_jetpack_newsletter_access":"","_jetpack_dont_email_post_to_subs":false,"_jetpack_newsletter_tier_id":0,"_jetpack_memberships_contains_paywalled_content":false,"_jetpack_memberships_contains_paid_content":false,"activitypub_content_warning":"","activitypub_content_visibility":"","activitypub_max_image_attachments":3,"activitypub_interaction_policy_quote":"anyone","activitypub_status":"","footnotes":"","jetpack_publicize_message":"","jetpack_publicize_feature_enabled":true,"jetpack_social_post_already_shared":true,"jetpack_social_options":{"image_generator_settings":{"template":"fullscreen","default_image_id":0,"font":"","enabled":false},"version":2}},"categories":[2],"tags":[],"class_list":{"0":"post-6128","1":"post","2":"type-post","3":"status-publish","4":"format-standard","5":"has-post-thumbnail","7":"category-histoire-2","8":"entry"},"jetpack_publicize_connections":[],"featured_image_src":"https:\/\/i0.wp.com\/lyonelkaufmann.ch\/Blog\/wp-content\/uploads\/2015\/03\/blogcafe1.jpg?resize=600%2C400&ssl=1","featured_image_src_square":"https:\/\/i0.wp.com\/lyonelkaufmann.ch\/Blog\/wp-content\/uploads\/2015\/03\/blogcafe1.jpg?resize=600%2C600&ssl=1","author_info":{"display_name":"Lyonel Kaufmann","author_link":"https:\/\/lyonelkaufmann.ch\/Blog\/author\/lyonelk\/"},"jetpack_featured_media_url":"https:\/\/i0.wp.com\/lyonelkaufmann.ch\/Blog\/wp-content\/uploads\/2015\/03\/blogcafe1.jpg?fit=1024%2C683&ssl=1","jetpack_sharing_enabled":true,"jetpack_shortlink":"https:\/\/wp.me\/p1qtF4-1AQ","jetpack-related-posts":[{"id":10902,"url":"https:\/\/lyonelkaufmann.ch\/Blog\/2013\/11\/01\/non-la-guerre-des-mondes-dorson-welles-na-pas-panique-les-etats-unis-slate\/","url_meta":{"origin":6128,"position":0},"title":"Non, \u00abLa Guerre des mondes\u00bb d&rsquo;Orson Welles n&rsquo;a pas paniqu\u00e9 les Etats-Unis | Slate","author":"Lyonel Kaufmann","date":"1 novembre 2013","format":false,"excerpt":"A l'occasion du 75e anniversaire de l'\u00e9mission radiophonique d'Orson Welles, Slate revient sur la panique qu'aurait provoqu\u00e9 par sa diffusion. Orson Welles Selon Slate, le nombre d'auditeurs affol\u00e9s aurait \u00e9t\u00e9 ridicule. Comment d\u00e8s lors cette histoire d\u2019auditeurs affol\u00e9s a-t-elle d\u00e9but\u00e9? \"La faute est \u00e0 rechercher du c\u00f4t\u00e9 des journaux am\u00e9ricains.\u2026","rel":"","context":"Dans &quot;Blogcaf\u00e9&quot;","block_context":{"text":"Blogcaf\u00e9","link":"https:\/\/lyonelkaufmann.ch\/Blog\/category\/blogcafe-2\/"},"img":{"alt_text":"","src":"","width":0,"height":0},"classes":[]},{"id":6105,"url":"https:\/\/lyonelkaufmann.ch\/Blog\/2012\/08\/31\/grandeur-et-decadence-a-hollywood-les-chiffres-romains-ont-perdu-la-bataille-des-titres-slate\/","url_meta":{"origin":6128,"position":1},"title":"Grandeur et d\u00e9cadence : A Hollywood, les chiffres romains ont perdu la bataille","author":"Lyonel Kaufmann","date":"31 ao\u00fbt 2012","format":false,"excerpt":"Encore une raison de moins de faire apprendre les chiffre romains \u00a0\u00e0 l'\u00e9cole ! Fini \u00abRocky II\u00bb, place \u00e0 \u00abExpandables 2\u00bb: en quelques d\u00e9cennies, les chiffres arabes ont supplant\u00e9 les romains dans la majorit\u00e9 des franchises. M\u00eame Stallone n'y trouve plus rien \u00e0 redire, lui qui trouvait que les chiffres\u2026","rel":"","context":"Dans &quot;histoire&quot;","block_context":{"text":"histoire","link":"https:\/\/lyonelkaufmann.ch\/Blog\/category\/histoire-2\/"},"img":{"alt_text":"","src":"https:\/\/i0.wp.com\/lyonelkaufmann.ch\/Blog\/wp-content\/uploads\/2015\/03\/the-expendables-2-videogame-team-cover.jpg?fit=600%2C330&ssl=1&resize=350%2C200","width":350,"height":200,"srcset":"https:\/\/i0.wp.com\/lyonelkaufmann.ch\/Blog\/wp-content\/uploads\/2015\/03\/the-expendables-2-videogame-team-cover.jpg?fit=600%2C330&ssl=1&resize=350%2C200 1x, https:\/\/i0.wp.com\/lyonelkaufmann.ch\/Blog\/wp-content\/uploads\/2015\/03\/the-expendables-2-videogame-team-cover.jpg?fit=600%2C330&ssl=1&resize=525%2C300 1.5x"},"classes":[]},{"id":7880,"url":"https:\/\/lyonelkaufmann.ch\/Blog\/2013\/11\/09\/exclusif-on-a-retrouve-les-unes-de-journaux-de-la-premiere-guerre-mondiale-slate\/","url_meta":{"origin":6128,"position":2},"title":"EXCLUSIF On a retrouv\u00e9 les unes de journaux de la Premi\u00e8re Guerre mondiale | Slate","author":"Lyonel Kaufmann","date":"9 novembre 2013","format":false,"excerpt":"Il y a quelques semaines, lors du Colombus Day (le jour lors duquel les Am\u00e9ricains comm\u00e9morent la d\u00e9couverte du continent par l'explorateur), le New York Magazine avait imagin\u00e9 des fausses unes des journaux am\u00e9ricains s'ils avaient couvert cet \u00e9v\u00e8nement. Pour inaugurer en l\u00e9g\u00e9ret\u00e9 une s\u00e9rie d'articles marquant le d\u00e9but des\u2026","rel":"","context":"Dans &quot;histoire&quot;","block_context":{"text":"histoire","link":"https:\/\/lyonelkaufmann.ch\/Blog\/category\/histoire-2\/"},"img":{"alt_text":"","src":"https:\/\/i0.wp.com\/lyonelkaufmann.ch\/Blog\/wp-content\/uploads\/2015\/03\/liberation_fake.jpg?fit=460%2C582&ssl=1&resize=350%2C200","width":350,"height":200},"classes":[]},{"id":5584,"url":"https:\/\/lyonelkaufmann.ch\/Blog\/2012\/07\/02\/le-trombone-objet-parfait-slate\/","url_meta":{"origin":6128,"position":3},"title":"Le trombone, objet parfait | Slate","author":"Lyonel Kaufmann","date":"2 juillet 2012","format":false,"excerpt":"- Metal Haystack par SykoStam via Flickr CC License by - Invent\u00e9 en 1899, l'accessoire de bureau n'a jamais \u00e9volu\u00e9 en plus d'un si\u00e8cle d'existence. R\u00e9cit de la vie d'un objet au design parfait, qui a su se rendre indispensable dans la vie de tout les jours. Et qui \u00e0\u2026","rel":"","context":"Dans &quot;histoire&quot;","block_context":{"text":"histoire","link":"https:\/\/lyonelkaufmann.ch\/Blog\/category\/histoire-2\/"},"img":{"alt_text":"","src":"https:\/\/i0.wp.com\/lyonelkaufmann.ch\/Blog\/wp-content\/uploads\/2015\/03\/paperclip_0.jpg?fit=600%2C330&ssl=1&resize=350%2C200","width":350,"height":200,"srcset":"https:\/\/i0.wp.com\/lyonelkaufmann.ch\/Blog\/wp-content\/uploads\/2015\/03\/paperclip_0.jpg?fit=600%2C330&ssl=1&resize=350%2C200 1x, https:\/\/i0.wp.com\/lyonelkaufmann.ch\/Blog\/wp-content\/uploads\/2015\/03\/paperclip_0.jpg?fit=600%2C330&ssl=1&resize=525%2C300 1.5x"},"classes":[]},{"id":7892,"url":"https:\/\/lyonelkaufmann.ch\/Blog\/2013\/12\/29\/les-paralleles-inconfortables-entre-1914-et-2014-slate\/","url_meta":{"origin":6128,"position":4},"title":"Les parall\u00e8les inconfortables entre 1914 et 2014 | Slate","author":"Lyonel Kaufmann","date":"29 d\u00e9cembre 2013","format":false,"excerpt":"See on Scoop.it - histoire L\u2019ann\u00e9e 2014 sera-t-elle aussi d\u00e9sastreuse que celle de 1914 avec la Premi\u00e8re guerre mondiale\u00a0qui a pr\u00e9cipit\u00e9 l\u2019autodestruction de l\u2019Europe? A l\u2019or\u00e9e de l\u2019ann\u00e9e 1914, l\u2019optimisme \u00e9tait g\u00e9n\u00e9ral rappelle Businessinsider.Lyonel Kaufmann's insight:Pour Slate, le d\u00e9tonateur d'un conflit majeur que personne ne voit venir ne viendrait pas\u2026","rel":"","context":"Dans &quot;histoire&quot;","block_context":{"text":"histoire","link":"https:\/\/lyonelkaufmann.ch\/Blog\/category\/histoire-2\/"},"img":{"alt_text":"","src":"https:\/\/i0.wp.com\/lyonelkaufmann.ch\/Blog\/wp-content\/uploads\/2015\/03\/G1atkzm6vcAmPDTiwo7yIzl72eJkfbmt4t8yenImKBXEejxNn4ZJNZ2ss5Ku7Cxt.jpg?fit=500%2C275&ssl=1&resize=350%2C200","width":350,"height":200},"classes":[]},{"id":8093,"url":"https:\/\/lyonelkaufmann.ch\/Blog\/2014\/07\/06\/joe-sacco-et-la-premiere-guerre-mondiale-comment-il-en-est-venu-a-realiser-une-exceptionnelle-tapisserie-sur-la-bataille-de-la-somme-slate-fr\/","url_meta":{"origin":6128,"position":5},"title":"Joe Sacco et la Premi\u00e8re Guerre mondiale: comment il en est venu \u00e0 r\u00e9aliser une exceptionnelle tapisserie sur la Bataille de la Somme | Slate.fr","author":"Lyonel Kaufmann","date":"6 juillet 2014","format":false,"excerpt":"Le 1er juillet 1916, commence la bataille de la Somme, la plus meurtri\u00e8re que l'arm\u00e9e britannique ait jamais connue. Rencontre de Slate.fr avec l\u2019auteur de la longue fresque qui est expos\u00e9e tout cet \u00e9t\u00e9 \u00e0 la station Montparnasse \u00e0 Paris. D\u00e9tail de la tapisserie r\u00e9alis\u00e9e par Joe Sacco. Se jouant\u2026","rel":"","context":"Dans &quot;histoire&quot;","block_context":{"text":"histoire","link":"https:\/\/lyonelkaufmann.ch\/Blog\/category\/histoire-2\/"},"img":{"alt_text":"","src":"https:\/\/i0.wp.com\/lyonelkaufmann.ch\/Blog\/wp-content\/uploads\/2015\/02\/wpid-tapisserie-sacco-2014-07-6-16-07.jpg?fit=1090%2C500&ssl=1&resize=350%2C200","width":350,"height":200,"srcset":"https:\/\/i0.wp.com\/lyonelkaufmann.ch\/Blog\/wp-content\/uploads\/2015\/02\/wpid-tapisserie-sacco-2014-07-6-16-07.jpg?fit=1090%2C500&ssl=1&resize=350%2C200 1x, https:\/\/i0.wp.com\/lyonelkaufmann.ch\/Blog\/wp-content\/uploads\/2015\/02\/wpid-tapisserie-sacco-2014-07-6-16-07.jpg?fit=1090%2C500&ssl=1&resize=525%2C300 1.5x, https:\/\/i0.wp.com\/lyonelkaufmann.ch\/Blog\/wp-content\/uploads\/2015\/02\/wpid-tapisserie-sacco-2014-07-6-16-07.jpg?fit=1090%2C500&ssl=1&resize=700%2C400 2x, https:\/\/i0.wp.com\/lyonelkaufmann.ch\/Blog\/wp-content\/uploads\/2015\/02\/wpid-tapisserie-sacco-2014-07-6-16-07.jpg?fit=1090%2C500&ssl=1&resize=1050%2C600 3x"},"classes":[]}],"jetpack_likes_enabled":true,"_links":{"self":[{"href":"https:\/\/lyonelkaufmann.ch\/Blog\/wp-json\/wp\/v2\/posts\/6128","targetHints":{"allow":["GET"]}}],"collection":[{"href":"https:\/\/lyonelkaufmann.ch\/Blog\/wp-json\/wp\/v2\/posts"}],"about":[{"href":"https:\/\/lyonelkaufmann.ch\/Blog\/wp-json\/wp\/v2\/types\/post"}],"author":[{"embeddable":true,"href":"https:\/\/lyonelkaufmann.ch\/Blog\/wp-json\/wp\/v2\/users\/1"}],"replies":[{"embeddable":true,"href":"https:\/\/lyonelkaufmann.ch\/Blog\/wp-json\/wp\/v2\/comments?post=6128"}],"version-history":[{"count":0,"href":"https:\/\/lyonelkaufmann.ch\/Blog\/wp-json\/wp\/v2\/posts\/6128\/revisions"}],"wp:featuredmedia":[{"embeddable":true,"href":"https:\/\/lyonelkaufmann.ch\/Blog\/wp-json\/wp\/v2\/media\/14680"}],"wp:attachment":[{"href":"https:\/\/lyonelkaufmann.ch\/Blog\/wp-json\/wp\/v2\/media?parent=6128"}],"wp:term":[{"taxonomy":"category","embeddable":true,"href":"https:\/\/lyonelkaufmann.ch\/Blog\/wp-json\/wp\/v2\/categories?post=6128"},{"taxonomy":"post_tag","embeddable":true,"href":"https:\/\/lyonelkaufmann.ch\/Blog\/wp-json\/wp\/v2\/tags?post=6128"}],"curies":[{"name":"wp","href":"https:\/\/api.w.org\/{rel}","templated":true}]}}