{"id":6198,"date":"2012-09-29T07:49:59","date_gmt":"2012-09-29T07:49:59","guid":{"rendered":"http:\/\/lyonelkaufmann.ch\/histoire\/?p=6198"},"modified":"2012-09-29T07:49:59","modified_gmt":"2012-09-29T07:49:59","slug":"et-les-manuels-universitaires-libres-devinrent-realite-en-californie-framablog","status":"publish","type":"post","link":"https:\/\/lyonelkaufmann.ch\/Blog\/2012\/09\/29\/et-les-manuels-universitaires-libres-devinrent-realite-en-californie-framablog\/","title":{"rendered":"Et les manuels universitaires libres devinrent r\u00e9alit\u00e9 en Californie | Framablog"},"content":{"rendered":"<p style=\"text-align:center;\"><a href=\"http:\/\/www.framablog.org\/index.php\/post\/2012\/09\/28\/californie-manuel-scolaire-libre-cc-by\"><img data-recalc-dims=\"1\" loading=\"lazy\" decoding=\"async\" class=\"aligncenter\" src=\"https:\/\/i0.wp.com\/lyonelkaufmann.ch\/histoire\/wp-content\/uploads\/2012\/09\/20mm_cc-by.jpg?resize=518%2C304\" alt=\"\" width=\"518\" height=\"304\" \/><\/a><\/p>\n<p>C\u2019est officiel. En Californie, le Gouverneur Jerry Brown a sign\u00e9 deux projets de lois (SB1052 et SB1053) qui permettront la cr\u00e9ation de manuels num\u00e9riques sous licence libre pour les cinquante cours les plus populaires des universit\u00e9s de Californie . Ce projet de loi a \u00e9t\u00e9 propos\u00e9 par le pr\u00e9sident du S\u00e9nat par int\u00e9rim Darrell Steinberg et est pass\u00e9 au S\u00e9nat et \u00e0 l\u2019Assembl\u00e9e de Californie fin ao\u00fbt.<\/p>\n<p>Un \u00e9l\u00e9ment essentiel de la l\u00e9gislation Californienne est que les manuels ainsi cr\u00e9\u00e9s seront disponibles sous licence Creative Commons Paternit\u00e9 (CC-BY).<\/p>\n<p>La licence CC BY permet aux professeurs d\u2019adapter le contenu des manuels aux besoins des \u00e9tudiants, aux soci\u00e9t\u00e9s commerciales de se servir de ces ressources et d\u2019en cr\u00e9er de nouvelles \u00e0 partir des premi\u00e8res (comme par exemple des tutoriels vid\u00e9os), et ouvre des portes \u00e0 la collaboration et \u00e0 l\u2019am\u00e9lioration de ce mat\u00e9riel de cours.<\/p>\n<p>via\u00a0<a href=\"http:\/\/www.framablog.org\/index.php\/post\/2012\/09\/28\/californie-manuel-scolaire-libre-cc-by\">Et les manuels universitaires libres devinrent r\u00e9alit\u00e9 en Californie &#8211; Framablog<\/a>.<\/p>\n","protected":false},"excerpt":{"rendered":"<p>C\u2019est officiel. En Californie, le Gouverneur Jerry Brown a sign\u00e9 deux projets de lois (SB1052 et SB1053) qui permettront la cr\u00e9ation de manuels num\u00e9riques sous licence libre pour les cinquante cours les plus populaires des universit\u00e9s de Californie . Ce projet de loi a \u00e9t\u00e9 propos\u00e9 par le pr\u00e9sident du S\u00e9nat par int\u00e9rim Darrell Steinberg [&hellip;]<\/p>\n","protected":false},"author":1,"featured_media":14143,"comment_status":"open","ping_status":"open","sticky":false,"template":"","format":"standard","meta":{"_import_markdown_pro_load_document_selector":0,"_import_markdown_pro_submit_text_textarea":"","_genesis_hide_title":false,"_genesis_hide_breadcrumbs":false,"_genesis_hide_singular_image":false,"_genesis_hide_footer_widgets":false,"_genesis_custom_body_class":"","_genesis_custom_post_class":"","_genesis_layout":"","jetpack_post_was_ever_published":false,"_jetpack_newsletter_access":"","_jetpack_dont_email_post_to_subs":false,"_jetpack_newsletter_tier_id":0,"_jetpack_memberships_contains_paywalled_content":false,"_jetpack_memberships_contains_paid_content":false,"activitypub_content_warning":"","activitypub_content_visibility":"","activitypub_max_image_attachments":3,"activitypub_interaction_policy_quote":"anyone","activitypub_status":"","footnotes":"","jetpack_publicize_message":"","jetpack_publicize_feature_enabled":true,"jetpack_social_post_already_shared":true,"jetpack_social_options":{"image_generator_settings":{"template":"fullscreen","default_image_id":0,"font":"","enabled":false},"version":2}},"categories":[2],"tags":[],"class_list":{"0":"post-6198","1":"post","2":"type-post","3":"status-publish","4":"format-standard","5":"has-post-thumbnail","7":"category-histoire-2","8":"entry"},"jetpack_publicize_connections":[],"featured_image_src":"https:\/\/i0.wp.com\/lyonelkaufmann.ch\/Blog\/wp-content\/uploads\/2015\/03\/20mm_cc-by.jpg?resize=600%2C380&ssl=1","featured_image_src_square":"https:\/\/i0.wp.com\/lyonelkaufmann.ch\/Blog\/wp-content\/uploads\/2015\/03\/20mm_cc-by.jpg?resize=600%2C380&ssl=1","author_info":{"display_name":"Lyonel Kaufmann","author_link":"https:\/\/lyonelkaufmann.ch\/Blog\/author\/lyonelk\/"},"jetpack_featured_media_url":"https:\/\/i0.wp.com\/lyonelkaufmann.ch\/Blog\/wp-content\/uploads\/2015\/03\/20mm_cc-by.jpg?fit=648%2C380&ssl=1","jetpack_sharing_enabled":true,"jetpack_shortlink":"https:\/\/wp.me\/p1qtF4-1BY","jetpack-related-posts":[{"id":1411,"url":"https:\/\/lyonelkaufmann.ch\/Blog\/2009\/07\/05\/quel-manuel-vs-faut-il-un-manuel-dhistoire\/","url_meta":{"origin":6198,"position":0},"title":"Quel manuel vs faut-il un manuel d&rsquo;histoire?","author":"Lyonel Kaufmann","date":"5 juillet 2009","format":false,"excerpt":"En France, l'arriv\u00e9e d'un nouveau programme d'histoire ou de toute autre mati\u00e8re donne lieu \u00e0 l'ouverture de la chasse. Chaque \u00e9diteur scolaire relifte plus ou moins profond\u00e9ment sa ou ses collections de manuels et les enseignants se les voient ensuite propos\u00e9s. L'arriv\u00e9e donc des nouveaux programmes de 6e ne d\u00e9roge\u2026","rel":"","context":"Dans &quot;histoire&quot;","block_context":{"text":"histoire","link":"https:\/\/lyonelkaufmann.ch\/Blog\/category\/histoire-2\/"},"img":{"alt_text":"","src":"https:\/\/i0.wp.com\/lyonelkaufmann.ch\/Blog\/wp-content\/uploads\/2015\/03\/blogcafe1.jpg?fit=1024%2C683&ssl=1&resize=350%2C200","width":350,"height":200,"srcset":"https:\/\/i0.wp.com\/lyonelkaufmann.ch\/Blog\/wp-content\/uploads\/2015\/03\/blogcafe1.jpg?fit=1024%2C683&ssl=1&resize=350%2C200 1x, https:\/\/i0.wp.com\/lyonelkaufmann.ch\/Blog\/wp-content\/uploads\/2015\/03\/blogcafe1.jpg?fit=1024%2C683&ssl=1&resize=525%2C300 1.5x, https:\/\/i0.wp.com\/lyonelkaufmann.ch\/Blog\/wp-content\/uploads\/2015\/03\/blogcafe1.jpg?fit=1024%2C683&ssl=1&resize=700%2C400 2x"},"classes":[]},{"id":2958,"url":"https:\/\/lyonelkaufmann.ch\/Blog\/2009\/08\/14\/google-book-des-livres-sous-licence-creative-commons-les-eclats-de-s-i-lex\/","url_meta":{"origin":6198,"position":1},"title":"Google Book : des livres sous licence Creative Commons | Les Eclats de S.I.Lex","author":"Lyonel Kaufmann","date":"14 ao\u00fbt 2009","format":"aside","excerpt":"A lire sur le blog officiel\u00a0Inside Google Book\u00a0:\u00a0Bringing the power of the Creative Commons to Google Book\u00a0et sur le site de Creative Commons International\u00a0:\u00a0Google Book adds Creative Commons Options. Google Book va proposer aux auteurs et \u00e9diteurs de diffuser leurs ouvrages via Google Book sous licence Creative Commons.\u00a0Les titulaires de\u2026","rel":"","context":"Dans &quot;Blogcaf\u00e9&quot;","block_context":{"text":"Blogcaf\u00e9","link":"https:\/\/lyonelkaufmann.ch\/Blog\/category\/blogcafe-2\/"},"img":{"alt_text":"","src":"https:\/\/i0.wp.com\/lyonelkaufmann.ch\/Blog\/wp-content\/uploads\/2015\/03\/blogcafe1.jpg?fit=1024%2C683&ssl=1&resize=350%2C200","width":350,"height":200,"srcset":"https:\/\/i0.wp.com\/lyonelkaufmann.ch\/Blog\/wp-content\/uploads\/2015\/03\/blogcafe1.jpg?fit=1024%2C683&ssl=1&resize=350%2C200 1x, https:\/\/i0.wp.com\/lyonelkaufmann.ch\/Blog\/wp-content\/uploads\/2015\/03\/blogcafe1.jpg?fit=1024%2C683&ssl=1&resize=525%2C300 1.5x, https:\/\/i0.wp.com\/lyonelkaufmann.ch\/Blog\/wp-content\/uploads\/2015\/03\/blogcafe1.jpg?fit=1024%2C683&ssl=1&resize=700%2C400 2x"},"classes":[]},{"id":14566,"url":"https:\/\/lyonelkaufmann.ch\/Blog\/2015\/02\/28\/revue-de-presse-le-manuel-de-6e-partout-ralentir-travaux-le-blog\/","url_meta":{"origin":6198,"position":2},"title":"Revue de Presse : Le manuel de 6e partout | Ralentir travaux : le blog","author":"Lyonel Kaufmann","date":"28 f\u00e9vrier 2015","format":false,"excerpt":"Le manuel de 6 toujours libre mais plus gratuit By ralentirtravaux.com - Yann Houry \u00abJ\u2019ai longtemps h\u00e9sit\u00e9, mais la d\u00e9cision est prise\u00a0:\u00a0le manuel de 6e, s\u2019il est toujours libre, n\u2019est plus gratuit. La raison est fort simple : cela m\u2019amusait beaucoup d\u2019\u00e9laborer Ralentir travaux (dans lequel s\u2019origine ledit manuel) ;\u2026","rel":"","context":"Dans &quot;Diary&quot;","block_context":{"text":"Diary","link":"https:\/\/lyonelkaufmann.ch\/Blog\/category\/diary\/"},"img":{"alt_text":"","src":"https:\/\/i0.wp.com\/lyonelkaufmann.ch\/Blog\/wp-content\/uploads\/2015\/03\/18x7Lq0.png?fit=723%2C1024&ssl=1&resize=350%2C200","width":350,"height":200,"srcset":"https:\/\/i0.wp.com\/lyonelkaufmann.ch\/Blog\/wp-content\/uploads\/2015\/03\/18x7Lq0.png?fit=723%2C1024&ssl=1&resize=350%2C200 1x, https:\/\/i0.wp.com\/lyonelkaufmann.ch\/Blog\/wp-content\/uploads\/2015\/03\/18x7Lq0.png?fit=723%2C1024&ssl=1&resize=525%2C300 1.5x, https:\/\/i0.wp.com\/lyonelkaufmann.ch\/Blog\/wp-content\/uploads\/2015\/03\/18x7Lq0.png?fit=723%2C1024&ssl=1&resize=700%2C400 2x"},"classes":[]},{"id":3010,"url":"https:\/\/lyonelkaufmann.ch\/Blog\/2010\/07\/30\/comment-la-science-fabrique-des-contes-de-fees-prisme-de-tete\/","url_meta":{"origin":6198,"position":3},"title":"Comment la science fabrique des contes de f\u00e9es | Pris(m)e de t\u00eate","author":"Lyonel Kaufmann","date":"30 juillet 2010","format":false,"excerpt":"Il y a peu, un beau conte de f\u00e9es se trouvait [\u2026] dans tous les manuels scolaires. Une histoire touchante mais\u2026 fausse et biais\u00e9e. Dans une publication teint\u00e9e d\u2019humour, l\u2019anthropologue et f\u00e9ministe Emily Martin d\u00e9crypte avec pr\u00e9cision les st\u00e9r\u00e9otypes masculins et f\u00e9minins utilis\u00e9s en biologie de la reproduction. L\u2019ovule est\u2026","rel":"","context":"Dans &quot;histoire&quot;","block_context":{"text":"histoire","link":"https:\/\/lyonelkaufmann.ch\/Blog\/category\/histoire-2\/"},"img":{"alt_text":"","src":"https:\/\/i0.wp.com\/lyonelkaufmann.ch\/Blog\/wp-content\/uploads\/2015\/03\/blogcafe1.jpg?fit=1024%2C683&ssl=1&resize=350%2C200","width":350,"height":200,"srcset":"https:\/\/i0.wp.com\/lyonelkaufmann.ch\/Blog\/wp-content\/uploads\/2015\/03\/blogcafe1.jpg?fit=1024%2C683&ssl=1&resize=350%2C200 1x, https:\/\/i0.wp.com\/lyonelkaufmann.ch\/Blog\/wp-content\/uploads\/2015\/03\/blogcafe1.jpg?fit=1024%2C683&ssl=1&resize=525%2C300 1.5x, https:\/\/i0.wp.com\/lyonelkaufmann.ch\/Blog\/wp-content\/uploads\/2015\/03\/blogcafe1.jpg?fit=1024%2C683&ssl=1&resize=700%2C400 2x"},"classes":[]},{"id":6189,"url":"https:\/\/lyonelkaufmann.ch\/Blog\/2012\/06\/05\/pourrons-nous-un-jour-legalement-diffuser-le-portrait-de-francois-hollande-droits-dauteur\/","url_meta":{"origin":6198,"position":4},"title":"Pourrons-nous un jour l\u00e9galement diffuser le portrait de Fran\u00e7ois Hollande ? | Droits d\u2019auteur","author":"Lyonel Kaufmann","date":"5 juin 2012","format":"image","excerpt":"Peut-on humblement demander \u00e0 Fran\u00e7ois Hollande et Raymond Depardon de placer cette image sous licence libre CC-BY-SA, afin qu\u2019elle devienne l\u2019image de tous les Fran\u00e7ais, et pas uniquement de ceux qui paieront 7,6 euros \u00e0 la Documentation fran\u00e7aise ! via\u00a0Pourrons-nous un jour l\u00e9galement diffuser le portrait de Fran\u00e7ois Hollande ?\u2026","rel":"","context":"Dans &quot;Blogcaf\u00e9&quot;","block_context":{"text":"Blogcaf\u00e9","link":"https:\/\/lyonelkaufmann.ch\/Blog\/category\/blogcafe-2\/"},"img":{"alt_text":"","src":"https:\/\/i0.wp.com\/lyonelkaufmann.ch\/Blog\/wp-content\/uploads\/2015\/03\/1712286_5_1eb9_le-portrait-officiel-de-francois-hollande-24e_a970de9ba86eadefc6365ed04a6afdb7.jpg?fit=232%2C299&ssl=1&resize=350%2C200","width":350,"height":200},"classes":[]},{"id":18004,"url":"https:\/\/lyonelkaufmann.ch\/Blog\/2017\/02\/13\/petit-manuel-des-bonnes-pratiques-ecolos-sur-internet\/","url_meta":{"origin":6198,"position":5},"title":"Petit manuel des bonnes pratiques \u00e9colos sur Internet","author":"Lyonel Kaufmann","date":"13 f\u00e9vrier 2017","format":false,"excerpt":"Derri\u00e8re Internet se cache une industrie polluante qui repr\u00e9sente entre 2\u00a0% et 10\u00a0% des \u00e9missions de gaz \u00e0 effet de serre, soit plus que l\u2019aviation. Certains usages permettent cependant de limiter ces \u00e9missions. Reporter nous propose quelques solutions relativement simples pour tout en chacun: Faire le vide dans sa messagerie\u2026","rel":"","context":"Dans &quot;Blogcaf\u00e9&quot;","block_context":{"text":"Blogcaf\u00e9","link":"https:\/\/lyonelkaufmann.ch\/Blog\/category\/blogcafe-2\/"},"img":{"alt_text":"","src":"https:\/\/i0.wp.com\/lyonelkaufmann.ch\/Blog\/wp-content\/uploads\/2017\/02\/Image-13.02.17-12-08.jpeg?resize=350%2C200&ssl=1","width":350,"height":200,"srcset":"https:\/\/i0.wp.com\/lyonelkaufmann.ch\/Blog\/wp-content\/uploads\/2017\/02\/Image-13.02.17-12-08.jpeg?resize=350%2C200&ssl=1 1x, https:\/\/i0.wp.com\/lyonelkaufmann.ch\/Blog\/wp-content\/uploads\/2017\/02\/Image-13.02.17-12-08.jpeg?resize=525%2C300&ssl=1 1.5x, https:\/\/i0.wp.com\/lyonelkaufmann.ch\/Blog\/wp-content\/uploads\/2017\/02\/Image-13.02.17-12-08.jpeg?resize=700%2C400&ssl=1 2x"},"classes":[]}],"jetpack_likes_enabled":true,"_links":{"self":[{"href":"https:\/\/lyonelkaufmann.ch\/Blog\/wp-json\/wp\/v2\/posts\/6198","targetHints":{"allow":["GET"]}}],"collection":[{"href":"https:\/\/lyonelkaufmann.ch\/Blog\/wp-json\/wp\/v2\/posts"}],"about":[{"href":"https:\/\/lyonelkaufmann.ch\/Blog\/wp-json\/wp\/v2\/types\/post"}],"author":[{"embeddable":true,"href":"https:\/\/lyonelkaufmann.ch\/Blog\/wp-json\/wp\/v2\/users\/1"}],"replies":[{"embeddable":true,"href":"https:\/\/lyonelkaufmann.ch\/Blog\/wp-json\/wp\/v2\/comments?post=6198"}],"version-history":[{"count":0,"href":"https:\/\/lyonelkaufmann.ch\/Blog\/wp-json\/wp\/v2\/posts\/6198\/revisions"}],"wp:featuredmedia":[{"embeddable":true,"href":"https:\/\/lyonelkaufmann.ch\/Blog\/wp-json\/wp\/v2\/media\/14143"}],"wp:attachment":[{"href":"https:\/\/lyonelkaufmann.ch\/Blog\/wp-json\/wp\/v2\/media?parent=6198"}],"wp:term":[{"taxonomy":"category","embeddable":true,"href":"https:\/\/lyonelkaufmann.ch\/Blog\/wp-json\/wp\/v2\/categories?post=6198"},{"taxonomy":"post_tag","embeddable":true,"href":"https:\/\/lyonelkaufmann.ch\/Blog\/wp-json\/wp\/v2\/tags?post=6198"}],"curies":[{"name":"wp","href":"https:\/\/api.w.org\/{rel}","templated":true}]}}