{"id":6214,"date":"2012-10-01T16:06:07","date_gmt":"2012-10-01T16:06:07","guid":{"rendered":"http:\/\/lyonelkaufmann.ch\/histoire\/?p=6214"},"modified":"2012-10-01T16:06:07","modified_gmt":"2012-10-01T16:06:07","slug":"lhistoire-selon-dimitri-casali-entre-le-vide-et-le-trop-plein-aggiornamento-hist-geo","status":"publish","type":"post","link":"https:\/\/lyonelkaufmann.ch\/Blog\/2012\/10\/01\/lhistoire-selon-dimitri-casali-entre-le-vide-et-le-trop-plein-aggiornamento-hist-geo\/","title":{"rendered":"L\u2019histoire selon Dimitri Casali : entre le vide et le trop-plein | aggiornamento hist-geo"},"content":{"rendered":"<p>Introduction de la critique de l&rsquo;ouvrage de Casali Dimitri (2012). <em>L\u2019Histoire de France interdite. Pourquoi ne sommes-nous pas plus fiers de notre histoire ?<\/em> Paris : \u00a0JC Latt\u00e8s,<\/p>\n<blockquote><p>Lire le dernier livre de Dimitri Casali, <em>L\u2019Histoire de France interdite. Pourquoi ne sommes-nous pas plus fiers de notre histoire\u00a0?<\/em>, revient \u00e0 suivre un chemin tortueux o\u00f9 les vides succ\u00e8dent brutalement aux trop-pleins. \u00a0Cet ouvrage est satur\u00e9 de lieux communs des plus droitiers, accumule les clich\u00e9s n\u00e9o-conservateurs, assemble h\u00e2tivement, et avec lourdeur, des \u00e9l\u00e9ments \u00e9pars, saute avec assurance du coq \u00e0 l\u2019\u00e2ne, se r\u00e9p\u00e8te et r\u00e9p\u00e8te les pr\u00e9c\u00e9dentes publications de l\u2019auteur, est truff\u00e9 enfin de phrases-alibis cens\u00e9es le l\u00e9gitimer comme un historien respectable.<\/p>\n<p>Parall\u00e8lement, son argumentation ne s\u2019appuie que sur quelques \u00e9l\u00e9ments indigents. \u00a0M. Casali ne ma\u00eetrise par les outils de l\u2019historien, m\u00e9connait les avanc\u00e9es et les d\u00e9bats historiographiques des vingt derni\u00e8res ann\u00e9es. La vacuit\u00e9 atteint son paroxysme, lorsqu\u2019il entreprend, fort de son exp\u00e9rience \u00ab\u00a0d\u2019ancien professeur en ZEP\u00a0\u00bb et de chantre de \u00ab\u00a0l\u2019histo-rock\u00a0\u00bb \u00a0(m\u00e2tin, quel homme\u00a0!), d\u2019intervenir dans le domaine de l\u2019histoire scolaire.<\/p>\n<p>Confront\u00e9s \u00e0 tant de clich\u00e9s \u00e9cul\u00e9s, de contre-v\u00e9rit\u00e9s grossi\u00e8res et de consid\u00e9rations politiques inacceptables, il est impossible de recenser exhaustivement tous les probl\u00e8mes de <em>L\u2019Histoire de France interdite<\/em> mais nous pouvons en pointer les faits les plus saillants.<\/p>\n<p>Ceci est donc une critique de combat, qui esp\u00e8re donner des armes pour lutter contre ceux qui instrumentalisent et d\u00e9naturent l\u2019histoire \u00e0 des fins ultra-nationalistes.<\/p><\/blockquote>\n<p>Lire la suite :\u00a0<a href=\"http:\/\/aggiornamento.hypotheses.org\/994#_ftn1\">L\u2019histoire selon Dimitri Casali : entre le vide et le trop-plein | aggiornamento hist-geo<\/a>.<\/p>\n","protected":false},"excerpt":{"rendered":"<p>Introduction de la critique de l&rsquo;ouvrage de Casali Dimitri (2012). L\u2019Histoire de France interdite. Pourquoi ne sommes-nous pas plus fiers de notre histoire ? Paris : \u00a0JC Latt\u00e8s, Lire le dernier livre de Dimitri Casali, L\u2019Histoire de France interdite. Pourquoi ne sommes-nous pas plus fiers de notre histoire\u00a0?, revient \u00e0 suivre un chemin tortueux o\u00f9 [&hellip;]<\/p>\n","protected":false},"author":1,"featured_media":14680,"comment_status":"open","ping_status":"open","sticky":false,"template":"","format":"standard","meta":{"_import_markdown_pro_load_document_selector":0,"_import_markdown_pro_submit_text_textarea":"","_genesis_hide_title":false,"_genesis_hide_breadcrumbs":false,"_genesis_hide_singular_image":false,"_genesis_hide_footer_widgets":false,"_genesis_custom_body_class":"","_genesis_custom_post_class":"","_genesis_layout":"","jetpack_post_was_ever_published":false,"_jetpack_newsletter_access":"","_jetpack_dont_email_post_to_subs":false,"_jetpack_newsletter_tier_id":0,"_jetpack_memberships_contains_paywalled_content":false,"_jetpack_memberships_contains_paid_content":false,"activitypub_content_warning":"","activitypub_content_visibility":"","activitypub_max_image_attachments":3,"activitypub_interaction_policy_quote":"anyone","activitypub_status":"","footnotes":"","jetpack_publicize_message":"","jetpack_publicize_feature_enabled":true,"jetpack_social_post_already_shared":true,"jetpack_social_options":{"image_generator_settings":{"template":"fullscreen","default_image_id":0,"font":"","enabled":false},"version":2}},"categories":[2],"tags":[],"class_list":{"0":"post-6214","1":"post","2":"type-post","3":"status-publish","4":"format-standard","5":"has-post-thumbnail","7":"category-histoire-2","8":"entry"},"jetpack_publicize_connections":[],"featured_image_src":"https:\/\/i0.wp.com\/lyonelkaufmann.ch\/Blog\/wp-content\/uploads\/2015\/03\/blogcafe1.jpg?resize=600%2C400&ssl=1","featured_image_src_square":"https:\/\/i0.wp.com\/lyonelkaufmann.ch\/Blog\/wp-content\/uploads\/2015\/03\/blogcafe1.jpg?resize=600%2C600&ssl=1","author_info":{"display_name":"Lyonel Kaufmann","author_link":"https:\/\/lyonelkaufmann.ch\/Blog\/author\/lyonelk\/"},"jetpack_featured_media_url":"https:\/\/i0.wp.com\/lyonelkaufmann.ch\/Blog\/wp-content\/uploads\/2015\/03\/blogcafe1.jpg?fit=1024%2C683&ssl=1","jetpack_sharing_enabled":true,"jetpack_shortlink":"https:\/\/wp.me\/p1qtF4-1Ce","jetpack-related-posts":[{"id":1301,"url":"https:\/\/lyonelkaufmann.ch\/Blog\/2009\/05\/04\/eric-hobsbawm-a-lage-des-incertitudes-mediapart\/","url_meta":{"origin":6214,"position":0},"title":"Eric Hobsbawm \u00e0 l&rsquo;\u00e2ge des incertitudes | Mediapart","author":"Lyonel Kaufmann","date":"4 mai 2009","format":false,"excerpt":"Mediapart nous propose un interview vid\u00e9o en cinq parties avec Eric Hobsbawm \u00e0 l'occasion de la sortie en fran\u00e7ais de deux ouvrages de cet important historien britannique, sp\u00e9cialiste des 19e et 20e si\u00e8cles. Le premier de ces ouvrages est consacr\u00e9 \u00e0 L'Empire, la d\u00e9mocratie et le terrorisme et l'autre \u00e0\u2026","rel":"","context":"Dans &quot;histoire&quot;","block_context":{"text":"histoire","link":"https:\/\/lyonelkaufmann.ch\/Blog\/category\/histoire-2\/"},"img":{"alt_text":"","src":"https:\/\/i0.wp.com\/lyonelkaufmann.ch\/Blog\/wp-content\/uploads\/2015\/03\/blogcafe1.jpg?fit=1024%2C683&ssl=1&resize=350%2C200","width":350,"height":200,"srcset":"https:\/\/i0.wp.com\/lyonelkaufmann.ch\/Blog\/wp-content\/uploads\/2015\/03\/blogcafe1.jpg?fit=1024%2C683&ssl=1&resize=350%2C200 1x, https:\/\/i0.wp.com\/lyonelkaufmann.ch\/Blog\/wp-content\/uploads\/2015\/03\/blogcafe1.jpg?fit=1024%2C683&ssl=1&resize=525%2C300 1.5x, https:\/\/i0.wp.com\/lyonelkaufmann.ch\/Blog\/wp-content\/uploads\/2015\/03\/blogcafe1.jpg?fit=1024%2C683&ssl=1&resize=700%2C400 2x"},"classes":[]},{"id":2926,"url":"https:\/\/lyonelkaufmann.ch\/Blog\/2010\/07\/27\/film-histoire-le-debarquement-de-normandie\/","url_meta":{"origin":6214,"position":1},"title":"Film &amp; Histoire : Le d\u00e9barquement de Normandie","author":"Lyonel Kaufmann","date":"27 juillet 2010","format":false,"excerpt":"La pause estivale est l\u2019occasion de rattraper ses retards en lecture de toutes sortes. Je vous proposerai donc quelques ouvrages ou lecture en ligne en lien avec le cin\u00e9ma et l\u2019histoire. Pour le reste, le site tournera tr\u00e8s certainement au ralenti. Bon \u00e9t\u00e9! Olivier Wieviorka est l'auteur en 2007 de\u2026","rel":"","context":"Dans &quot;histoire&quot;","block_context":{"text":"histoire","link":"https:\/\/lyonelkaufmann.ch\/Blog\/category\/histoire-2\/"},"img":{"alt_text":"","src":"https:\/\/i0.wp.com\/lyonelkaufmann.ch\/histoire\/wp-content\/uploads\/2010\/06\/wieviorka_debarquement_normandie.jpg?resize=350%2C200","width":350,"height":200},"classes":[]},{"id":8054,"url":"https:\/\/lyonelkaufmann.ch\/Blog\/2014\/06\/22\/lhistoire-globale-au-college-de-france-histoire-globale\/","url_meta":{"origin":6214,"position":2},"title":"L\u2019histoire globale au Coll\u00e8ge de France ? | Histoire Globale","author":"Lyonel Kaufmann","date":"22 juin 2014","format":false,"excerpt":"Le 28 novembre dernier, Sanjay Subrahmanyam inaugurait une nouvelle chaire au Coll\u00e8ge de France (en ligne). Son intitul\u00e9, \u00ab\u00a0Histoire globale de la premi\u00e8re modernit\u00e9\u00a0\u00bb, ne pouvait que plaire, a priori, aux auteurs de ce blog et \u00e0 tous ceux, en France, qui appellent de leurs v\u0153ux le d\u00e9veloppement de l\u2019histoire\u2026","rel":"","context":"Dans &quot;histoire&quot;","block_context":{"text":"histoire","link":"https:\/\/lyonelkaufmann.ch\/Blog\/category\/histoire-2\/"},"img":{"alt_text":"","src":"https:\/\/i0.wp.com\/lyonelkaufmann.ch\/Blog\/wp-content\/uploads\/2015\/03\/0138.jpg?fit=480%2C360&ssl=1&resize=350%2C200","width":350,"height":200},"classes":[]},{"id":7274,"url":"https:\/\/lyonelkaufmann.ch\/Blog\/2013\/08\/13\/chronique-de-lete-histoire-du-devoir-de-memoire-et-enseignement-de-lhistoire-une-interview-de-sebastien-ledoux\/","url_meta":{"origin":6214,"position":3},"title":"Chronique de l&rsquo;\u00e9t\u00e9 : Histoire du devoir de m\u00e9moire et enseignement de l\u2019histoire, une interview de S\u00e9bastien Ledoux","author":"Lyonel Kaufmann","date":"13 ao\u00fbt 2013","format":false,"excerpt":"Je mets \u00e0 profit la pause estivale pour publier en ce mois d\u2019ao\u00fbt mes chroniques mensuelles du\u00a0Caf\u00e9 p\u00e9dagogique. En avril, \u00e0 la suite d'un article de S\u00e9bastien Ledoux\u00a0[1] paru\u00a0sur le site du Comit\u00e9 de Vigilance face aux Usages Publics de l\u2019Histoire (CVUHV), j'interrogeais ce dernier sur\u00a0quelques questions concernant les aspects\u2026","rel":"","context":"Dans &quot;histoire&quot;","block_context":{"text":"histoire","link":"https:\/\/lyonelkaufmann.ch\/Blog\/category\/histoire-2\/"},"img":{"alt_text":"","src":"https:\/\/i0.wp.com\/lyonelkaufmann.ch\/Blog\/wp-content\/uploads\/2015\/03\/affiche_plus_jamais.jpg?fit=632%2C872&ssl=1&resize=350%2C200","width":350,"height":200,"srcset":"https:\/\/i0.wp.com\/lyonelkaufmann.ch\/Blog\/wp-content\/uploads\/2015\/03\/affiche_plus_jamais.jpg?fit=632%2C872&ssl=1&resize=350%2C200 1x, https:\/\/i0.wp.com\/lyonelkaufmann.ch\/Blog\/wp-content\/uploads\/2015\/03\/affiche_plus_jamais.jpg?fit=632%2C872&ssl=1&resize=525%2C300 1.5x"},"classes":[]},{"id":8583,"url":"https:\/\/lyonelkaufmann.ch\/Blog\/2014\/11\/30\/orlando-figes-2007-la-revolution-russe-1891-1924-la-tragedie-dun-peuple\/","url_meta":{"origin":6214,"position":4},"title":"Orlando Figes (2007). La R\u00e9volution russe. 1891-1924 : la trag\u00e9die d\u2019un peuple","author":"Lyonel Kaufmann","date":"30 novembre 2014","format":false,"excerpt":"Orlando Figes (2007).\u00a0La R\u00e9volution russe. 1891-1924 : la trag\u00e9die d\u2019un peuple.\u00a0Paris : Deno\u00ebl, 1107 pages. Pr\u00e9face de Marc Ferro.\u00a0ISBN\u00a0: 978-2-207-25839-2 Finalement, j\u2019ai men\u00e9 au bout la lecture (de longue haleine) de cet ouvrage de plus de 1000 pages paru en fran\u00e7ais en 2007, plus de 10 ans apr\u00e8s sa publication\u2026","rel":"","context":"Dans &quot;histoire&quot;","block_context":{"text":"histoire","link":"https:\/\/lyonelkaufmann.ch\/Blog\/category\/histoire-2\/"},"img":{"alt_text":"","src":"https:\/\/i0.wp.com\/lyonelkaufmann.ch\/Blog\/wp-content\/uploads\/2015\/02\/figes.gif?fit=296%2C475&ssl=1&resize=350%2C200","width":350,"height":200},"classes":[]},{"id":7464,"url":"https:\/\/lyonelkaufmann.ch\/Blog\/2013\/09\/07\/revue-de-presse-revolution-tranquille-lignorance-pleine-de-lhistoire-du-quebec-contemporain-chaire-de-recherche-du-canada-en-histoire-et-economie-politique-du-quebec-contemporai\/","url_meta":{"origin":6214,"position":5},"title":"Revue de presse : R\u00e9volution tranquille? L\u2019ignorance pleine de l\u2019histoire du Qu\u00e9bec contemporain","author":"Lyonel Kaufmann","date":"7 septembre 2013","format":false,"excerpt":"Depuis 2004, des chercheurs ont sond\u00e9 les jeunes Qu\u00e9b\u00e9cois au sujet de la R\u00e9volution tranquille. Leurs \u00e9tudes sont disponibles sous forme de m\u00e9moire de ma\u00eetrise ou d\u2019articles scientifiques. Coup sur coup, ces \u00e9tudes illustrent que les jeunes ont une ignorance pleine plut\u00f4t que vide de la R\u00e9volution tranquille. Ils poss\u00e8dent\u2026","rel":"","context":"Dans &quot;histoire&quot;","block_context":{"text":"histoire","link":"https:\/\/lyonelkaufmann.ch\/Blog\/category\/histoire-2\/"},"img":{"alt_text":"","src":"https:\/\/i0.wp.com\/lyonelkaufmann.ch\/Blog\/wp-content\/uploads\/2015\/03\/blogcafe1.jpg?fit=1024%2C683&ssl=1&resize=350%2C200","width":350,"height":200,"srcset":"https:\/\/i0.wp.com\/lyonelkaufmann.ch\/Blog\/wp-content\/uploads\/2015\/03\/blogcafe1.jpg?fit=1024%2C683&ssl=1&resize=350%2C200 1x, https:\/\/i0.wp.com\/lyonelkaufmann.ch\/Blog\/wp-content\/uploads\/2015\/03\/blogcafe1.jpg?fit=1024%2C683&ssl=1&resize=525%2C300 1.5x, https:\/\/i0.wp.com\/lyonelkaufmann.ch\/Blog\/wp-content\/uploads\/2015\/03\/blogcafe1.jpg?fit=1024%2C683&ssl=1&resize=700%2C400 2x"},"classes":[]}],"jetpack_likes_enabled":true,"_links":{"self":[{"href":"https:\/\/lyonelkaufmann.ch\/Blog\/wp-json\/wp\/v2\/posts\/6214","targetHints":{"allow":["GET"]}}],"collection":[{"href":"https:\/\/lyonelkaufmann.ch\/Blog\/wp-json\/wp\/v2\/posts"}],"about":[{"href":"https:\/\/lyonelkaufmann.ch\/Blog\/wp-json\/wp\/v2\/types\/post"}],"author":[{"embeddable":true,"href":"https:\/\/lyonelkaufmann.ch\/Blog\/wp-json\/wp\/v2\/users\/1"}],"replies":[{"embeddable":true,"href":"https:\/\/lyonelkaufmann.ch\/Blog\/wp-json\/wp\/v2\/comments?post=6214"}],"version-history":[{"count":0,"href":"https:\/\/lyonelkaufmann.ch\/Blog\/wp-json\/wp\/v2\/posts\/6214\/revisions"}],"wp:featuredmedia":[{"embeddable":true,"href":"https:\/\/lyonelkaufmann.ch\/Blog\/wp-json\/wp\/v2\/media\/14680"}],"wp:attachment":[{"href":"https:\/\/lyonelkaufmann.ch\/Blog\/wp-json\/wp\/v2\/media?parent=6214"}],"wp:term":[{"taxonomy":"category","embeddable":true,"href":"https:\/\/lyonelkaufmann.ch\/Blog\/wp-json\/wp\/v2\/categories?post=6214"},{"taxonomy":"post_tag","embeddable":true,"href":"https:\/\/lyonelkaufmann.ch\/Blog\/wp-json\/wp\/v2\/tags?post=6214"}],"curies":[{"name":"wp","href":"https:\/\/api.w.org\/{rel}","templated":true}]}}