{"id":6253,"date":"2012-10-11T09:00:38","date_gmt":"2012-10-11T09:00:38","guid":{"rendered":"http:\/\/lyonelkaufmann.ch\/histoire\/?p=6253"},"modified":"2012-10-11T09:00:38","modified_gmt":"2012-10-11T09:00:38","slug":"la-paix-toujours-recommencee-la-vie-des-idees","status":"publish","type":"post","link":"https:\/\/lyonelkaufmann.ch\/Blog\/2012\/10\/11\/la-paix-toujours-recommencee-la-vie-des-idees\/","title":{"rendered":"La paix, toujours recommenc\u00e9e | La Vie des id\u00e9es"},"content":{"rendered":"<p><a href=\"http:\/\/www.laviedesidees.fr\/La-paix-toujours-recommencee.html\"><img data-recalc-dims=\"1\" loading=\"lazy\" decoding=\"async\" class=\"alignleft\" src=\"https:\/\/i0.wp.com\/lyonelkaufmann.ch\/histoire\/wp-content\/uploads\/2012\/10\/arton2054-7b4ab.png?resize=132%2C200\" alt=\"\" width=\"132\" height=\"200\" \/><\/a> Tout \u00e9volue dans le cours de l\u2019histoire, y compris la fa\u00e7on d\u2019\u00e9crire l\u2019histoire elle-m\u00eame. Longtemps port\u00e9e par les chantres des \u00ab\u00a0grandes nations\u00a0\u00bb, elle a donn\u00e9 un travers belliqueux \u00e0 nos manuels d\u2019histoire\u00a0: l\u2019exaltation des guerres du pass\u00e9, des batailles et des grands g\u00e9n\u00e9raux ont accompagn\u00e9 notre enfance. La r\u00e9conciliation franco-allemande est certes pass\u00e9e par l\u00e0, mais un bref coup d\u2019\u0153il \u00e0 l\u2019actualit\u00e9 litt\u00e9raire nous convaincra que la gloire virile de la guerre (pour l\u2019empire ou l\u2019ind\u00e9pendance, peu importe) tient toujours une place dans les imaginaires nationaux, sur fond de drapeaux, fanfares et d\u00e9fil\u00e9s militaires. Le culte du dieu Mars, c\u2019est-\u00e0-dire de la violence organis\u00e9e entre \u00c9tats, continue de faire recette aupr\u00e8s du grand public.<\/p>\n<p>D\u00e8s lors, cela a-t-il un sens d\u2019\u00e9crire un livre sur la paix internationale, cette figure modeste de l\u2019histoire\u00a0? R\u00e9guli\u00e8rement bafou\u00e9e au nom de la \u00ab\u00a0raison d\u2019\u00c9tat\u00a0\u00bb, elle a certes pour elle sa patience infinie, qui lui conf\u00e8re quelque chose d\u2019h\u00e9ro\u00efque au regard de ses faiblesses \u00e9videntes. On la trouve toujours de retour au lendemain des grandes guerres qui ont d\u00e9vast\u00e9 notre continent, et elle est la compagne discr\u00e8te des Europ\u00e9ens de l\u2019Ouest depuis bient\u00f4t soixante-dix ans. Elle a m\u00eame connu une br\u00e8ve heure de gloire au moment de la chute du bloc sovi\u00e9tique \u2014 lorsqu\u2019elle devint la cl\u00e9 de vo\u00fbte d\u2019une Union europ\u00e9enne bient\u00f4t \u00e9largie \u00e0 vingt-sept membres.<\/p>\n<p>L\u2019ouvrage de Bruno Arcidiacono, historien des relations internationales, apporte un \u00e9clairage original \u00e0 ce sujet en explorant la gen\u00e8se de l\u2019id\u00e9e de la paix entre \u00c9tats.<\/p>\n<p>Lire la suite :\u00a0<a href=\"http:\/\/www.laviedesidees.fr\/La-paix-toujours-recommencee.html\">La paix, toujours recommenc\u00e9e &#8211; La Vie des id\u00e9es<\/a>.<\/p>\n<p>Recens\u00e9 : Bruno Arcidiacono, <em>Cinq types de paix. Une histoire des plans de pacification perp\u00e9tuelle (XVIIe-XXe si\u00e8cles)<\/em>, Paris, PUF, 2011, 465 p., 32 \u20ac.<\/p>\n","protected":false},"excerpt":{"rendered":"<p>Tout \u00e9volue dans le cours de l\u2019histoire, y compris la fa\u00e7on d\u2019\u00e9crire l\u2019histoire elle-m\u00eame. Longtemps port\u00e9e par les chantres des \u00ab\u00a0grandes nations\u00a0\u00bb, elle a donn\u00e9 un travers belliqueux \u00e0 nos manuels d\u2019histoire\u00a0: l\u2019exaltation des guerres du pass\u00e9, des batailles et des grands g\u00e9n\u00e9raux ont accompagn\u00e9 notre enfance. La r\u00e9conciliation franco-allemande est certes pass\u00e9e par l\u00e0, [&hellip;]<\/p>\n","protected":false},"author":1,"featured_media":14146,"comment_status":"open","ping_status":"open","sticky":false,"template":"","format":"standard","meta":{"_import_markdown_pro_load_document_selector":0,"_import_markdown_pro_submit_text_textarea":"","_genesis_hide_title":false,"_genesis_hide_breadcrumbs":false,"_genesis_hide_singular_image":false,"_genesis_hide_footer_widgets":false,"_genesis_custom_body_class":"","_genesis_custom_post_class":"","_genesis_layout":"","jetpack_post_was_ever_published":false,"_jetpack_newsletter_access":"","_jetpack_dont_email_post_to_subs":false,"_jetpack_newsletter_tier_id":0,"_jetpack_memberships_contains_paywalled_content":false,"_jetpack_memberships_contains_paid_content":false,"activitypub_content_warning":"","activitypub_content_visibility":"","activitypub_max_image_attachments":3,"activitypub_interaction_policy_quote":"anyone","activitypub_status":"","footnotes":"","jetpack_publicize_message":"","jetpack_publicize_feature_enabled":true,"jetpack_social_post_already_shared":true,"jetpack_social_options":{"image_generator_settings":{"template":"fullscreen","default_image_id":0,"font":"","enabled":false},"version":2}},"categories":[2],"tags":[],"class_list":{"0":"post-6253","1":"post","2":"type-post","3":"status-publish","4":"format-standard","5":"has-post-thumbnail","7":"category-histoire-2","8":"entry"},"jetpack_publicize_connections":[],"featured_image_src":"https:\/\/i0.wp.com\/lyonelkaufmann.ch\/Blog\/wp-content\/uploads\/2015\/03\/arton2054-7b4ab.png?resize=132%2C200&ssl=1","featured_image_src_square":"https:\/\/i0.wp.com\/lyonelkaufmann.ch\/Blog\/wp-content\/uploads\/2015\/03\/arton2054-7b4ab.png?resize=132%2C200&ssl=1","author_info":{"display_name":"Lyonel Kaufmann","author_link":"https:\/\/lyonelkaufmann.ch\/Blog\/author\/lyonelk\/"},"jetpack_featured_media_url":"https:\/\/i0.wp.com\/lyonelkaufmann.ch\/Blog\/wp-content\/uploads\/2015\/03\/arton2054-7b4ab.png?fit=132%2C200&ssl=1","jetpack_sharing_enabled":true,"jetpack_shortlink":"https:\/\/wp.me\/p1qtF4-1CR","jetpack-related-posts":[{"id":1246,"url":"https:\/\/lyonelkaufmann.ch\/Blog\/2009\/03\/26\/histoire-de-guerre-parcours-de-paix\/","url_meta":{"origin":6253,"position":0},"title":"Histoire de Guerre, Parcours de Paix","author":"Lyonel Kaufmann","date":"26 mars 2009","format":false,"excerpt":"Le but du\u00a0site p\u00e9dagogique \u00ab\u00a0Histoire de guerre, Parcours de paix\u00a0\u00bbest d'offrir une relecture de l'Histoire de la Premi\u00e8re Guerre mondiale sous l'angle de l'\u00e9ducation \u00e0 la paix, \u00e0 la citoyennet\u00e9 et au vivre ensemble. Quelles le\u00e7ons l'Histoire peut-elle encore nous apprendre pour mieux vivre ensemble aujourd'hui\u00a0? Ce site y r\u00e9pond\u2026","rel":"","context":"Dans &quot;histoire&quot;","block_context":{"text":"histoire","link":"https:\/\/lyonelkaufmann.ch\/Blog\/category\/histoire-2\/"},"img":{"alt_text":"","src":"https:\/\/i0.wp.com\/lyonelkaufmann.ch\/Blog\/wp-content\/uploads\/2015\/03\/blogcafe1.jpg?fit=1024%2C683&ssl=1&resize=350%2C200","width":350,"height":200,"srcset":"https:\/\/i0.wp.com\/lyonelkaufmann.ch\/Blog\/wp-content\/uploads\/2015\/03\/blogcafe1.jpg?fit=1024%2C683&ssl=1&resize=350%2C200 1x, https:\/\/i0.wp.com\/lyonelkaufmann.ch\/Blog\/wp-content\/uploads\/2015\/03\/blogcafe1.jpg?fit=1024%2C683&ssl=1&resize=525%2C300 1.5x, https:\/\/i0.wp.com\/lyonelkaufmann.ch\/Blog\/wp-content\/uploads\/2015\/03\/blogcafe1.jpg?fit=1024%2C683&ssl=1&resize=700%2C400 2x"},"classes":[]},{"id":6307,"url":"https:\/\/lyonelkaufmann.ch\/Blog\/2012\/10\/22\/revue-de-presse-la-grande-guerre-actualites-de-lhistoire\/","url_meta":{"origin":6253,"position":1},"title":"Revue de presse : La Grande Guerre |\u00a0Actualites de l&rsquo;histoire","author":"Lyonel Kaufmann","date":"22 octobre 2012","format":false,"excerpt":"Certains commencent \u00e0 s'agiter dans la perspective de la comm\u00e9moration en 2014 du centenaire de la Grande Guerre. Voici une s\u00e9lection de liens \u00e0 ce propos. Vivement que l'on pense \u00e0 comm\u00e9morer le centenaire de la Grande Paix. La Grande Guerre |\u00a0Actualites de l'histoire","rel":"","context":"Dans &quot;histoire&quot;","block_context":{"text":"histoire","link":"https:\/\/lyonelkaufmann.ch\/Blog\/category\/histoire-2\/"},"img":{"alt_text":"","src":"https:\/\/i0.wp.com\/lyonelkaufmann.ch\/Blog\/wp-content\/uploads\/2015\/03\/blogcafe1.jpg?fit=1024%2C683&ssl=1&resize=350%2C200","width":350,"height":200,"srcset":"https:\/\/i0.wp.com\/lyonelkaufmann.ch\/Blog\/wp-content\/uploads\/2015\/03\/blogcafe1.jpg?fit=1024%2C683&ssl=1&resize=350%2C200 1x, https:\/\/i0.wp.com\/lyonelkaufmann.ch\/Blog\/wp-content\/uploads\/2015\/03\/blogcafe1.jpg?fit=1024%2C683&ssl=1&resize=525%2C300 1.5x, https:\/\/i0.wp.com\/lyonelkaufmann.ch\/Blog\/wp-content\/uploads\/2015\/03\/blogcafe1.jpg?fit=1024%2C683&ssl=1&resize=700%2C400 2x"},"classes":[]},{"id":5023,"url":"https:\/\/lyonelkaufmann.ch\/Blog\/2012\/02\/07\/revue-de-presse-benoit-falaize-marianne-koreta-dir-la-guerre-despagne-lecrire-et-lenseigner\/","url_meta":{"origin":6253,"position":2},"title":"Revue de presse : Beno\u00eet Falaize, Marianne Koreta (dir.), La guerre d&rsquo;Espagne. L&rsquo;\u00e9crire et l&rsquo;enseigner","author":"Lyonel Kaufmann","date":"7 f\u00e9vrier 2012","format":false,"excerpt":"Il 's'agit d'un compte-rendu de l\u2019ouvrage dirig\u00e9 par Beno\u00eet Falaize et Marianne Koreta, issu des rencontres internationales de Lyon en 2007 autour des fa\u00e7ons d\u2019\u00e9crire et d\u2019enseigner la guerre d\u2019Espagne. L'ouvrage est compos\u00e9 de deux grandes parties, regroupant chacune plusieurs articles. Au sein de la premi\u00e8re partie, sont d\u00e9velopp\u00e9s, tout\u2026","rel":"","context":"Dans &quot;histoire&quot;","block_context":{"text":"histoire","link":"https:\/\/lyonelkaufmann.ch\/Blog\/category\/histoire-2\/"},"img":{"alt_text":"","src":"https:\/\/i0.wp.com\/lyonelkaufmann.ch\/Blog\/wp-content\/uploads\/2015\/03\/blogcafe1.jpg?fit=1024%2C683&ssl=1&resize=350%2C200","width":350,"height":200,"srcset":"https:\/\/i0.wp.com\/lyonelkaufmann.ch\/Blog\/wp-content\/uploads\/2015\/03\/blogcafe1.jpg?fit=1024%2C683&ssl=1&resize=350%2C200 1x, https:\/\/i0.wp.com\/lyonelkaufmann.ch\/Blog\/wp-content\/uploads\/2015\/03\/blogcafe1.jpg?fit=1024%2C683&ssl=1&resize=525%2C300 1.5x, https:\/\/i0.wp.com\/lyonelkaufmann.ch\/Blog\/wp-content\/uploads\/2015\/03\/blogcafe1.jpg?fit=1024%2C683&ssl=1&resize=700%2C400 2x"},"classes":[]},{"id":8072,"url":"https:\/\/lyonelkaufmann.ch\/Blog\/2014\/06\/27\/dossier-historiographies-de-la-grande-guerre\/","url_meta":{"origin":6253,"position":3},"title":"DOSSIER \u2013 Historiographies de la Grande Guerre","author":"Lyonel Kaufmann","date":"27 juin 2014","format":false,"excerpt":"Consacrer un dossier au conflit qui ouvre l\u2019\u00e8re des guerres mondiales et totales est un passage oblig\u00e9 pour tout m\u00e9dia en ces temps de comm\u00e9moration. L\u2019imp\u00e9ratif m\u00e9moriel se fait sans doute d\u2019autant plus pressant que le premier conflit mondial, longtemps occult\u00e9 par l\u2019ombre du second et sans plus...","rel":"","context":"Dans &quot;histoire&quot;","block_context":{"text":"histoire","link":"https:\/\/lyonelkaufmann.ch\/Blog\/category\/histoire-2\/"},"img":{"alt_text":"","src":"","width":0,"height":0},"classes":[]},{"id":7913,"url":"https:\/\/lyonelkaufmann.ch\/Blog\/2014\/02\/04\/la-grande-guerre-a-nourri-la-litterature-durant-un-siecle\/","url_meta":{"origin":6253,"position":4},"title":"\u00ab\u00a0La Grande Guerre a nourri la litt\u00e9rature durant un si\u00e8cle\u00a0\u00bb","author":"Lyonel Kaufmann","date":"4 f\u00e9vrier 2014","format":false,"excerpt":"Pour Laurence Campa, ma\u00eetresse de conf\u00e9rences en lettres modernes \u00e0 l'universit\u00e9 Paris-XII Val-de-Marne, la Premi\u00e8re Guerre mondiale continue d'inspirer les \u00e9crivains parce qu'elle est plus qu'un cadre historique. Auteure de la \u00ab Petite biblioth\u00e8que du centenaire\u00a0\u00bb, s\u00e9lection comment\u00e9e d'\u0153uvres litt\u00e9raires sur la Grande Guerre de 1914 \u00e0 aujourd'hui, elle est\u2026","rel":"","context":"Dans &quot;histoire&quot;","block_context":{"text":"histoire","link":"https:\/\/lyonelkaufmann.ch\/Blog\/category\/histoire-2\/"},"img":{"alt_text":"","src":"https:\/\/i0.wp.com\/lyonelkaufmann.ch\/Blog\/wp-content\/uploads\/2015\/03\/blogcafe1.jpg?fit=1024%2C683&ssl=1&resize=350%2C200","width":350,"height":200,"srcset":"https:\/\/i0.wp.com\/lyonelkaufmann.ch\/Blog\/wp-content\/uploads\/2015\/03\/blogcafe1.jpg?fit=1024%2C683&ssl=1&resize=350%2C200 1x, https:\/\/i0.wp.com\/lyonelkaufmann.ch\/Blog\/wp-content\/uploads\/2015\/03\/blogcafe1.jpg?fit=1024%2C683&ssl=1&resize=525%2C300 1.5x, https:\/\/i0.wp.com\/lyonelkaufmann.ch\/Blog\/wp-content\/uploads\/2015\/03\/blogcafe1.jpg?fit=1024%2C683&ssl=1&resize=700%2C400 2x"},"classes":[]},{"id":7278,"url":"https:\/\/lyonelkaufmann.ch\/Blog\/2013\/08\/15\/chronique-de-lete-14-18-le-centenaire-en-phase-dapproche-serree\/","url_meta":{"origin":6253,"position":5},"title":"Chronique de l&rsquo;\u00e9t\u00e9 : 14-18, le centenaire en phase d&rsquo;approche serr\u00e9e","author":"Lyonel Kaufmann","date":"15 ao\u00fbt 2013","format":false,"excerpt":"Je mets \u00e0 profit la pause estivale pour publier en ce mois d\u2019ao\u00fbt mes chroniques mensuelles du\u00a0Caf\u00e9 p\u00e9dagogique. En mai, les comm\u00e9morations du centenaire de 14-18 approchant \u00e0 grand pas, je pr\u00e9sentais des ressources et des initiatives int\u00e9ressantes en la mati\u00e8re. La plupart ont d\u00e9j\u00e0 \u00e9t\u00e9 mentionn\u00e9es sur ce site.\u2026","rel":"","context":"Dans &quot;histoire&quot;","block_context":{"text":"histoire","link":"https:\/\/lyonelkaufmann.ch\/Blog\/category\/histoire-2\/"},"img":{"alt_text":"","src":"https:\/\/i0.wp.com\/lyonelkaufmann.ch\/Blog\/wp-content\/uploads\/2015\/03\/poster.jpg?fit=600%2C900&ssl=1&resize=350%2C200","width":350,"height":200,"srcset":"https:\/\/i0.wp.com\/lyonelkaufmann.ch\/Blog\/wp-content\/uploads\/2015\/03\/poster.jpg?fit=600%2C900&ssl=1&resize=350%2C200 1x, https:\/\/i0.wp.com\/lyonelkaufmann.ch\/Blog\/wp-content\/uploads\/2015\/03\/poster.jpg?fit=600%2C900&ssl=1&resize=525%2C300 1.5x"},"classes":[]}],"jetpack_likes_enabled":true,"_links":{"self":[{"href":"https:\/\/lyonelkaufmann.ch\/Blog\/wp-json\/wp\/v2\/posts\/6253","targetHints":{"allow":["GET"]}}],"collection":[{"href":"https:\/\/lyonelkaufmann.ch\/Blog\/wp-json\/wp\/v2\/posts"}],"about":[{"href":"https:\/\/lyonelkaufmann.ch\/Blog\/wp-json\/wp\/v2\/types\/post"}],"author":[{"embeddable":true,"href":"https:\/\/lyonelkaufmann.ch\/Blog\/wp-json\/wp\/v2\/users\/1"}],"replies":[{"embeddable":true,"href":"https:\/\/lyonelkaufmann.ch\/Blog\/wp-json\/wp\/v2\/comments?post=6253"}],"version-history":[{"count":0,"href":"https:\/\/lyonelkaufmann.ch\/Blog\/wp-json\/wp\/v2\/posts\/6253\/revisions"}],"wp:featuredmedia":[{"embeddable":true,"href":"https:\/\/lyonelkaufmann.ch\/Blog\/wp-json\/wp\/v2\/media\/14146"}],"wp:attachment":[{"href":"https:\/\/lyonelkaufmann.ch\/Blog\/wp-json\/wp\/v2\/media?parent=6253"}],"wp:term":[{"taxonomy":"category","embeddable":true,"href":"https:\/\/lyonelkaufmann.ch\/Blog\/wp-json\/wp\/v2\/categories?post=6253"},{"taxonomy":"post_tag","embeddable":true,"href":"https:\/\/lyonelkaufmann.ch\/Blog\/wp-json\/wp\/v2\/tags?post=6253"}],"curies":[{"name":"wp","href":"https:\/\/api.w.org\/{rel}","templated":true}]}}