{"id":6256,"date":"2012-07-15T11:00:00","date_gmt":"2012-07-15T10:00:00","guid":{"rendered":"https:\/\/lyonelkaufmann.ch\/Blog\/?p=6256"},"modified":"2024-01-02T01:30:05","modified_gmt":"2024-01-02T00:30:05","slug":"photo-du-mois-la-vie-en-vert","status":"publish","type":"post","link":"https:\/\/lyonelkaufmann.ch\/Blog\/2012\/07\/15\/photo-du-mois-la-vie-en-vert\/","title":{"rendered":"Photo du mois : la vie en vert"},"content":{"rendered":"<p>Ce mois, c&rsquo;est Doroth\u00e9e qui nous a propos\u00e9 le th\u00e8me du mois:<\/p>\n<blockquote><p>La nature exulte, partout les petits oiseaux gazouillent, le vert recouvre les arbres et envahit villes et campagnes. Adeptes du \u00ab\u00a0green living\u00a0\u00bb et amis photographes, c&rsquo;est l&rsquo;occasion de capturer \u00e0 travers vos objectifs les couleurs de notre belle plan\u00e8te, vos petits coins de verdure, voire de nous faire d\u00e9couvrir des initiatives \u00e9cologiques aux quatre coins du monde. En ce mois de juillet, je vous propose donc de voir \u00ab\u00a0la vie en vert\u00a0\u00bb!<\/p><\/blockquote>\n<p><img data-recalc-dims=\"1\" loading=\"lazy\" decoding=\"async\" style=\"display:block;margin-left:auto;margin-right:auto;\" title=\"IMGP0396.jpg\" alt=\"IMGP0396\" src=\"https:\/\/i0.wp.com\/lyonelkaufmann.ch\/Blog\/wp-content\/uploads\/2012\/06\/IMGP0396.jpg?resize=500%2C754&#038;ssl=1\" width=\"500\" height=\"754\" border=\"0\" \/><\/p>\n<p style=\"text-align:center;\">Aigrettes de Pissenlit &#8211; Lac des Joncs (18 juin 2012)<\/p>\n<p style=\"text-align:justify;\">J&rsquo;ai choisi cette photo, car les aigrettes de pissenlit nous rappellent toute la fragilit\u00e9 de la nature. Un souffle de vent trop fort ou celui d&rsquo;un enfant et hop les aigrettes s&rsquo;\u00e9parpillent. En m\u00eame temps, cela fait aussi sa force puisqu&rsquo;ainsi les graines \u00e9parpill\u00e9es \u00e0 tout va permettront au pissenlit d&rsquo;assurer sa descendance\u2026<\/p>\n<p style=\"text-align:justify;\">La vie en vert des autres :<\/p>\n<p><a href=\"http:\/\/www.reverdailleurs.com\" target=\"_blank\" rel=\"noopener\">100driiine<\/a>, <a href=\"http:\/\/www.grenoblequebec.blogspot.com\" target=\"_blank\" rel=\"noopener\">A&amp;G<\/a>, <a href=\"http:\/\/lhuillierflorida.blogspot.com\" target=\"_blank\" rel=\"noopener\">Agn\u00e8s<\/a>, <a href=\"http:\/\/cultureetpapotage.blogspot.com\/\" target=\"_blank\" rel=\"noopener\">Agrippine<\/a>, <a href=\"http:\/\/akai-inthesky.blogspot.com\" target=\"_blank\" rel=\"noopener\">Akaieric<\/a>, <a href=\"http:\/\/cocovin.net\/\" target=\"_blank\" rel=\"noopener\">Alban<\/a>, <a href=\"http:\/\/alexanne.exmackina.com\" target=\"_blank\" rel=\"noopener\">Alexanne<\/a>, <a href=\"http:\/\/blogs.paris.fr\/unitedstatesofparis\" target=\"_blank\" rel=\"noopener\">Alexinparis<\/a>, <a href=\"http:\/\/wonderlandalice.wordpress.com\/\" target=\"_blank\" rel=\"noopener\">Alice Wonderland<\/a>, <a href=\"http:\/\/langloisestmort.tumblr.com\/tagged\/La-Photo-du-Mois\" target=\"_blank\" rel=\"noopener\">Andr\u00e9(eric)Fernandes<\/a>, <a href=\"http:\/\/monptitmonde.amoi.over-blog.com\/\" target=\"_blank\" rel=\"noopener\">Anita<\/a>, <a href=\"http:\/\/anne-tranche-de-vie.over-blog.com\" target=\"_blank\" rel=\"noopener\">Anne<\/a>, <a href=\"http:\/\/www.annelauret.com\/\" target=\"_blank\" rel=\"noopener\">Anne Laure T<\/a>, <a href=\"http:\/\/anne-oneyearinlondon.blogspot.com\/\" target=\"_blank\" rel=\"noopener\">Anne-C\u00e9cile<\/a>, <a href=\"http:\/\/www.perezannik.org\/\" target=\"_blank\" rel=\"noopener\">Annick<\/a>, <a href=\"http:\/\/aparca.canalblog.com\" target=\"_blank\" rel=\"noopener\">Apar\u00e7a<\/a>, <a href=\"http:\/\/www.chiffonsandco.fr\" target=\"_blank\" rel=\"noopener\">Arwen<\/a>, <a href=\"http:\/\/enroutepoursherbrooke.blogspot.com\" target=\"_blank\" rel=\"noopener\">Aude<\/a>, <a href=\"http:\/\/www.connais-toi-toi-meme.biz\" target=\"_blank\" rel=\"noopener\">Ava<\/a>, <a href=\"http:\/\/babou-et-ben.com\" target=\"_blank\" rel=\"noopener\">Babou<\/a>, <a href=\"http:\/\/www.batilou.org\" target=\"_blank\" rel=\"noopener\">Batilou<\/a>, <a href=\"http:\/\/sublime-essence.over-blog.com\" target=\"_blank\" rel=\"noopener\">Bestofava<\/a>, <a href=\"http:\/\/blogoth67.wordpress.com\" target=\"_blank\" rel=\"noopener\">Blogoth67<\/a>, <a href=\"http:\/\/c-est-reparti.blogspot.com\/\" target=\"_blank\" rel=\"noopener\">Cara<\/a>, <a href=\"http:\/\/www.carnetsdimages.org\" target=\"_blank\" rel=\"noopener\">Carnets d&rsquo;images<\/a>, <a href=\"http:\/\/letohubohudecaro.canalblog.com\" target=\"_blank\" rel=\"noopener\">Caro<\/a>, <a href=\"http:\/\/www.fromenglandwl.wordpress.com\" target=\"_blank\" rel=\"noopener\">Carole In England<\/a>, <a href=\"http:\/\/citrouilleetbouledeneige.com\" target=\"_blank\" rel=\"noopener\">Cathy<\/a>, <a href=\"http:\/\/www.cekoline.tumblr.com\" target=\"_blank\" rel=\"noopener\">Cekoline<\/a>, <a href=\"http:\/\/poutineettartiflette.blogspot.com\" target=\"_blank\" rel=\"noopener\">C\u00e9liano<\/a>, <a href=\"http:\/\/frenchiesinparis.over-blog.com\" target=\"_blank\" rel=\"noopener\">C\u00e9line in Paris<\/a>, <a href=\"http:\/\/cessnaoui.canalblog.com\/\" target=\"_blank\" rel=\"noopener\">Cessna, oui !<\/a>, <a href=\"http:\/\/champagnefraise.wordpress.com\" target=\"_blank\" rel=\"noopener\">Champagne<\/a>, <a href=\"http:\/\/cherrybee-a-montreal.blogspot.com\" target=\"_blank\" rel=\"noopener\">Cherrybee<\/a>, <a href=\"http:\/\/auvergnatsducanada.blogspot.com\" target=\"_blank\" rel=\"noopener\">Chris et Nanou<\/a>, <a href=\"http:\/\/dunepommealautre.blogspot.com\" target=\"_blank\" rel=\"noopener\">Clara<\/a>, <a href=\"http:\/\/vintagegirltrips.canalblog.com\" target=\"_blank\" rel=\"noopener\">Coco<\/a>, <a href=\"http:\/\/cocosophie.over-blog.com\/\" target=\"_blank\" rel=\"noopener\">Cocosophie<\/a>, <a href=\"http:\/\/www.cricriyomfromparis.com\" target=\"_blank\" rel=\"noopener\">Cricriyom from Paris<\/a>, <a href=\"http:\/\/www.boeingbleudemer.com\" target=\"_blank\" rel=\"noopener\">Cynthia<\/a>, <a href=\"http:\/\/120enligne.blogspot.com\/\" target=\"_blank\" rel=\"noopener\">Dan<\/a>, <a href=\"http:\/\/davidmelaniequebec.blogspot.fr\/\" target=\"_blank\" rel=\"noopener\">David et M\u00e9lanie<\/a>, <a href=\"http:\/\/dnaquebec.blogspot.com\" target=\"_blank\" rel=\"noopener\">DNA<\/a>, <a href=\"http:\/\/grainedememere.blogspot.com\" target=\"_blank\" rel=\"noopener\">Dorydee<\/a>, <a href=\"http:\/\/cestpasmoijeljure.wordpress.com\" target=\"_blank\" rel=\"noopener\">Dr CaSo<\/a>, <a href=\"http:\/\/www.dreamtripleteam.canalblog.com\" target=\"_blank\" rel=\"noopener\">Dreamteam<\/a>, <a href=\"http:\/\/histoiresdeux.blogspot.com\" target=\"_blank\" rel=\"noopener\">E<\/a>, <a href=\"http:\/\/elapstic.com\" target=\"_blank\" rel=\"noopener\">Elapstic<\/a>, <a href=\"http:\/\/emilondon.wordpress.com\" target=\"_blank\" rel=\"noopener\">Emi London<\/a>, <a href=\"http:\/\/jyreflechis.com\" target=\"_blank\" rel=\"noopener\">Emma<\/a>, <a href=\"http:\/\/escapade-tunisie.com\/\" target=\"_blank\" rel=\"noopener\">Escapade en Tunisie<\/a>, <a href=\"http:\/\/fanfanraccoons.blogspot.com\" target=\"_blank\" rel=\"noopener\">Fanfan Raccoon<\/a>, <a href=\"http:\/\/filamots.wordpress.com\" target=\"_blank\" rel=\"noopener\">Filamots<\/a>, <a href=\"http:\/\/doubspays.wordpress.com\" target=\"_blank\" rel=\"noopener\">Flo<\/a>, <a href=\"http:\/\/florianmontreal.blogspot.com\" target=\"_blank\" rel=\"noopener\">florianL<\/a>, <a href=\"http:\/\/vudubalcon.blogspot.com\" target=\"_blank\" rel=\"noopener\">Fran\u00e7ois le Ni\u00e7ois<\/a>, <a href=\"http:\/\/zoursland.com\" target=\"_blank\" rel=\"noopener\">Fr\u00e9d\u00e9ric<\/a>, <a href=\"http:\/\/laraphgirl.blogspot.com\" target=\"_blank\" rel=\"noopener\">Galinette<\/a>, <a href=\"http:\/\/www.legaletas.net\/blog\/index.php\" target=\"_blank\" rel=\"noopener\">Gilsoub<\/a>, <a href=\"http:\/\/cyberdilou.canalblog.com\" target=\"_blank\" rel=\"noopener\">Gizeh<\/a>, <a href=\"http:\/\/vraiefiction.blogspot.com\" target=\"_blank\" rel=\"noopener\">Guillaume<\/a>, <a href=\"http:\/\/hibiscusblog.net\" target=\"_blank\" rel=\"noopener\">Hibiscus<\/a>, <a href=\"http:\/\/photographeenmarche.blogspot.com\" target=\"_blank\" rel=\"noopener\">Isabelle<\/a>, <a href=\"http:\/\/jadorejadhere.canalblog.com\/\" target=\"_blank\" rel=\"noopener\">J&rsquo;adore j&rsquo;adh\u00e8re<\/a>, <a href=\"http:\/\/www.jeanwilmotte.it\" target=\"_blank\" rel=\"noopener\">Jean Wilmotte<\/a>, <a href=\"http:\/\/jenetdam.blogspot.com\" target=\"_blank\" rel=\"noopener\">jen et dam<\/a>, <a href=\"http:\/\/zoewahl.ch\/blog\" target=\"_blank\" rel=\"noopener\">Karrijini<\/a>, <a href=\"http:\/\/www.kobaitchi.com\/\" target=\"_blank\" rel=\"noopener\">Kob<\/a>, <a href=\"http:\/\/krn-defouloir.blogspot.com\" target=\"_blank\" rel=\"noopener\">Krn<\/a>, <a href=\"http:\/\/www.onigiri-geek.com\" target=\"_blank\" rel=\"noopener\">Kyn<\/a>, <a href=\"http:\/\/monpetitjapon.blogspot.com\" target=\"_blank\" rel=\"noopener\">Kyoko<\/a>, <a href=\"http:\/\/www.lafilledelair.com\" target=\"_blank\" rel=\"noopener\">La Fille de l&rsquo;Air<\/a>, <a href=\"http:\/\/www.carnetsduneflaneuse.fr\" target=\"_blank\" rel=\"noopener\">La Flaneuse<\/a>, <a href=\"http:\/\/lanantaiseaparis.com\" target=\"_blank\" rel=\"noopener\">La Nantaise<\/a>, <a href=\"http:\/\/lapapotte.canalblog.com\" target=\"_blank\" rel=\"noopener\">La Papote<\/a>, <a href=\"http:\/\/www.souslecieldeparis.fr\" target=\"_blank\" rel=\"noopener\">La Parigina<\/a>, <a href=\"http:\/\/lagodiche.wordpress.com\" target=\"_blank\" rel=\"noopener\">LaGodiche<\/a>, <a href=\"http:\/\/maptitemaisonenquebecquie.blogspot.com\" target=\"_blank\" rel=\"noopener\">Laure<\/a>, <a href=\"http:\/\/www.malaxi.net\" target=\"_blank\" rel=\"noopener\">Laurent Nicolas<\/a>, <a href=\"http:\/\/a.nous.les.caribous.over-blog.com\" target=\"_blank\" rel=\"noopener\">Lauriane<\/a>, <a href=\"http:\/\/lorgnettedunjour.canalblog.com\/\" target=\"_blank\" rel=\"noopener\">Lavandine<\/a>, <a href=\"http:\/\/dederrierelesfagots.wordpress.com\" target=\"_blank\" rel=\"noopener\">L&rsquo;Azimut\u00e9e<\/a>, <a href=\"http:\/\/www.lemagalire.com\" target=\"_blank\" rel=\"noopener\">Le Mag \u00e0 lire<\/a>, <a href=\"http:\/\/chronique-berliniquaise.blogspot.com\" target=\"_blank\" rel=\"noopener\">Le-Chroniqueur<\/a>, <a href=\"http:\/\/marisse.hautetfort.com\/\" target=\"_blank\" rel=\"noopener\">Les petits supplices !<\/a>, <a href=\"http:\/\/lesvoyagesdelucy.over-blog.com\" target=\"_blank\" rel=\"noopener\">Les voyages de Lucy<\/a>, <a href=\"http:\/\/lise-oz-fat.over-blog.com\" target=\"_blank\" rel=\"noopener\">Les voyages de Seth et Lise<\/a>, <a href=\"http:\/\/lestoulouzinzins.canalblog.com\/\" target=\"_blank\" rel=\"noopener\">Les zinzins<\/a>, <a href=\"http:\/\/abeillesetpetitesmains.wordpress.com\" target=\"_blank\" rel=\"noopener\">Lesegarten<\/a>, <a href=\"http:\/\/www.leviacarmina.fr\" target=\"_blank\" rel=\"noopener\">Leviacarmina<\/a>, <a href=\"http:\/\/crealhise.blogspot.com\" target=\"_blank\" rel=\"noopener\">Lhise<\/a>, <a href=\"http:\/\/lostandfoundinlondon.wordpress.com\" target=\"_blank\" rel=\"noopener\">Lost in London<\/a>, <a href=\"http:\/\/365photos2011nous4.tumblr.com\/\" target=\"_blank\" rel=\"noopener\">Louiki<\/a>, <a href=\"http:\/\/grandereveuse.fr\/\" target=\"_blank\" rel=\"noopener\">Louisianne<\/a>, <a href=\"https:\/\/lyonelkaufmann.ch\/Blog\" target=\"_blank\" rel=\"noopener\">Lyonelk<\/a>, <a href=\"http:\/\/basedinsg.blogspot.com\" target=\"_blank\" rel=\"noopener\">M<\/a>, <a href=\"http:\/\/vusetrevus.blogspot.com\/\" target=\"_blank\" rel=\"noopener\">M.C.O<\/a>, <a href=\"http:\/\/anteketborka.blogspot.com\" target=\"_blank\" rel=\"noopener\">magda627<\/a>, <a href=\"http:\/\/www.iletaitunefaim.com\" target=\"_blank\" rel=\"noopener\">Ma\u00efder<\/a>, <a href=\"http:\/\/chezmamysoren.over-blog.com\" target=\"_blank\" rel=\"noopener\">Mamysoren<\/a>, <a href=\"http:\/\/www.bellelavie.org\" target=\"_blank\" rel=\"noopener\">Manola<\/a>, <a href=\"http:\/\/bleuemarie.wordpress.com\" target=\"_blank\" rel=\"noopener\">Marie<\/a>, <a href=\"http:\/\/url.exen.fr\/58100\/\" target=\"_blank\" rel=\"noopener\">Marion<\/a>, <a href=\"http:\/\/mdamejo.blogspot.com\" target=\"_blank\" rel=\"noopener\">M&rsquo;dame Jo<\/a>, <a href=\"http:\/\/laura-meltingpot.blogspot.com\/\" target=\"_blank\" rel=\"noopener\">Melting Pot<\/a>, <a href=\"http:\/\/www.mgielesbonstuyaux.com\/\" target=\"_blank\" rel=\"noopener\">Mgie les bons tuyaux<\/a>, <a href=\"http:\/\/www.lespetitsbarbus.blogspot.com\" target=\"_blank\" rel=\"noopener\">Misscarone<\/a>, <a href=\"http:\/\/mistinguettalli.blogspot.com\" target=\"_blank\" rel=\"noopener\">Mistinguett<\/a>, <a href=\"http:\/\/vuesurjardin.canalblog.com\" target=\"_blank\" rel=\"noopener\">Muni57<\/a>, <a href=\"http:\/\/merantaise.blogs\npot.com\" target=\"_blank\" rel=\"noopener\">Narayan<\/a>, <a href=\"http:\/\/blog.nataru.fr\" target=\"_blank\" rel=\"noopener\">Nataru<\/a>, <a href=\"http:\/\/voyageusecomtoise.wordpress.com\" target=\"_blank\" rel=\"noopener\">Nathalie<\/a>, <a href=\"http:\/\/desliresdestoiles.over-blog.com\/\" target=\"_blank\" rel=\"noopener\">Nelcie<\/a>, <a href=\"http:\/\/clicpassion.canalblog.com\" target=\"_blank\" rel=\"noopener\">Nicky<\/a>, <a href=\"http:\/\/messineaventure.canalblog.com\" target=\"_blank\" rel=\"noopener\">Nomade57<\/a>, <a href=\"http:\/\/par.les.yeux.de.nora.over-blog.com\" target=\"_blank\" rel=\"noopener\">Nora<\/a>, <a href=\"http:\/\/www.olivierdemontreal.eu\" target=\"_blank\" rel=\"noopener\">Olivier<\/a>, <a href=\"http:\/\/orichan.canalblog.com\" target=\"_blank\" rel=\"noopener\">Ori<\/a>, <a href=\"http:\/\/ohedugateau.com\/\" target=\"_blank\" rel=\"noopener\">Oryann<\/a>, <a href=\"http:\/\/ponaydotak.tumblr.com\" target=\"_blank\" rel=\"noopener\">Otaku<\/a>, <a href=\"http:\/\/ou-trouver-a-montreal.ca\" target=\"_blank\" rel=\"noopener\">O\u00f9 trouver \u00e0 Montr\u00e9al ?<\/a>, <a href=\"http:\/\/derrierechezmoi.canalblog.com\" target=\"_blank\" rel=\"noopener\">Petite Marie<\/a>, <a href=\"http:\/\/pilisi.over-blog.com\/\" target=\"_blank\" rel=\"noopener\">Pilisi<\/a>, <a href=\"http:\/\/blog.quelbazar.net\/\" target=\"_blank\" rel=\"noopener\">Quelbazar<\/a>, <a href=\"http:\/\/renepaulhenry.blogspot.com\" target=\"_blank\" rel=\"noopener\">Renepaulhenry<\/a>, <a href=\"http:\/\/sgiworld.blogspot.com\" target=\"_blank\" rel=\"noopener\">S\u00e9bastien<\/a>, <a href=\"http:\/\/www.sephiraph.be\" target=\"_blank\" rel=\"noopener\">Sephiraph<\/a>, <a href=\"http:\/\/sinuaisons.wordpress.com\" target=\"_blank\" rel=\"noopener\">Sinuaisons<\/a>, <a href=\"http:\/\/www.annexedeskipi.blogspot.com\" target=\"_blank\" rel=\"noopener\">Skipi<\/a>, <a href=\"http:\/\/www.provincecanadienne.blogspot.com\" target=\"_blank\" rel=\"noopener\">Stephane08<\/a>, <a href=\"http:\/\/www.stephiedomi.blogspot.com\" target=\"_blank\" rel=\"noopener\">St\u00e9phie&amp;lesCacahu\u00e8tes<\/a>, <a href=\"http:\/\/www.superlisa.com\/\" target=\"_blank\" rel=\"noopener\">Super Lisa<\/a>, <a href=\"http:\/\/tam.blogs.clan-takeda.com\" target=\"_blank\" rel=\"noopener\">Tam<\/a>, <a href=\"http:\/\/www.tambour-major.blogspot.com\" target=\"_blank\" rel=\"noopener\">Tambour Major<\/a>, <a href=\"http:\/\/www.terhischram.fr\/\" target=\"_blank\" rel=\"noopener\">Terhi Schram<\/a>, <a href=\"http:\/\/testinauteathome.over-blog.com\/\" target=\"_blank\" rel=\"noopener\">Testinaute<\/a>, <a href=\"http:\/\/mouseandfrog.wordpress.com\" target=\"_blank\" rel=\"noopener\">The Mouse<\/a>, <a href=\"http:\/\/www.titem.fr\" target=\"_blank\" rel=\"noopener\">Titem<\/a>, <a href=\"http:\/\/le-monde-de-typh.over-blog.com\/\" target=\"_blank\" rel=\"noopener\">Typh&rsquo;<\/a>, <a href=\"http:\/\/www.unjour-unerencontre.com\/london\" target=\"_blank\" rel=\"noopener\">Un jour une rencontre<\/a>, <a href=\"http:\/\/www.journaldunenicoise.com\" target=\"_blank\" rel=\"noopener\">Une ni\u00e7oise<\/a>, <a href=\"http:\/\/www.inmybubble.org\" target=\"_blank\" rel=\"noopener\">Vanilla<\/a>, <a href=\"http:\/\/www.laviedevero.com\/\" target=\"_blank\" rel=\"noopener\">V\u00e9ro Beramelo<\/a>, <a href=\"http:\/\/www.leshumeursdeviolette.over-blog.com\" target=\"_blank\" rel=\"noopener\">Violette<\/a>, <a href=\"http:\/\/www.viviane-voyages.com\" target=\"_blank\" rel=\"noopener\">Viviane<\/a>, <a href=\"http:\/\/www.xaviermohr.com\" target=\"_blank\" rel=\"noopener\">Xavier Mohr<\/a>, <a href=\"http:\/\/xoliv.blogspot.com\" target=\"_blank\" rel=\"noopener\">Xoliv&rsquo;<\/a>, <a href=\"http:\/\/zaromcha-paris-tourisme.boosterblog.com\/\" target=\"_blank\" rel=\"noopener\">Zaromcha<\/a>.<\/p>\n","protected":false},"excerpt":{"rendered":"<p>Ce mois, c&rsquo;est Doroth\u00e9e qui nous a propos\u00e9 le th\u00e8me du mois: La nature exulte, partout les petits oiseaux gazouillent, le vert recouvre les arbres et envahit villes et campagnes. Adeptes du \u00ab\u00a0green living\u00a0\u00bb et amis photographes, c&rsquo;est l&rsquo;occasion de capturer \u00e0 travers vos objectifs les couleurs de notre belle plan\u00e8te, vos petits coins de [&hellip;]<\/p>\n","protected":false},"author":1,"featured_media":13925,"comment_status":"open","ping_status":"open","sticky":false,"template":"","format":"image","meta":{"_import_markdown_pro_load_document_selector":0,"_import_markdown_pro_submit_text_textarea":"","_genesis_hide_title":false,"_genesis_hide_breadcrumbs":false,"_genesis_hide_singular_image":false,"_genesis_hide_footer_widgets":false,"_genesis_custom_body_class":"","_genesis_custom_post_class":"","_genesis_layout":"","jetpack_post_was_ever_published":false,"_jetpack_newsletter_access":"","_jetpack_dont_email_post_to_subs":false,"_jetpack_newsletter_tier_id":0,"_jetpack_memberships_contains_paywalled_content":false,"_jetpack_memberships_contains_paid_content":false,"activitypub_content_warning":"","activitypub_content_visibility":"","activitypub_max_image_attachments":3,"activitypub_interaction_policy_quote":"anyone","activitypub_status":"","footnotes":"","jetpack_publicize_message":"","jetpack_publicize_feature_enabled":true,"jetpack_social_post_already_shared":true,"jetpack_social_options":{"image_generator_settings":{"template":"fullscreen","default_image_id":0,"font":"","enabled":false},"version":2}},"categories":[3,4],"tags":[],"class_list":{"0":"post-6256","1":"post","2":"type-post","3":"status-publish","4":"format-image","5":"has-post-thumbnail","7":"category-blogcafe-2","8":"category-photo-du-mois","9":"post_format-post-format-image","10":"entry"},"jetpack_publicize_connections":[],"featured_image_src":"https:\/\/i0.wp.com\/lyonelkaufmann.ch\/Blog\/wp-content\/uploads\/2015\/03\/IMGP0396.jpg?resize=500%2C400&ssl=1","featured_image_src_square":"https:\/\/i0.wp.com\/lyonelkaufmann.ch\/Blog\/wp-content\/uploads\/2015\/03\/IMGP0396.jpg?resize=500%2C600&ssl=1","author_info":{"display_name":"Lyonel Kaufmann","author_link":"https:\/\/lyonelkaufmann.ch\/Blog\/author\/lyonelk\/"},"jetpack_featured_media_url":"https:\/\/i0.wp.com\/lyonelkaufmann.ch\/Blog\/wp-content\/uploads\/2015\/03\/IMGP0396.jpg?fit=500%2C754&ssl=1","jetpack_sharing_enabled":true,"jetpack_shortlink":"https:\/\/wp.me\/p1qtF4-1CU","jetpack-related-posts":[{"id":9358,"url":"https:\/\/lyonelkaufmann.ch\/Blog\/2013\/02\/15\/bleu-photo-du-mois\/","url_meta":{"origin":6256,"position":0},"title":"Bleu |\u00a0Photo du mois","author":"Lyonel Kaufmann","date":"15 f\u00e9vrier 2013","format":"image","excerpt":"Pour ce mois de f\u00e9vrier, c'est hibiscus qui nous a propos\u00e9 le sujet suivant : Bleu : azur, ciel, cobalt, indigo, lapis-lazuli, myosotis, saphir ... Ce ne sont que quelques pistes d'interpr\u00e9tation, il y en a bien d'autres. Laissons libre cours \u00e0 notre imagination et plongeons tous dans le grand\u2026","rel":"","context":"Dans &quot;Photo du mois&quot;","block_context":{"text":"Photo du mois","link":"https:\/\/lyonelkaufmann.ch\/Blog\/category\/photo-du-mois\/"},"img":{"alt_text":"","src":"https:\/\/i0.wp.com\/lyonelkaufmann.ch\/Blog\/wp-content\/uploads\/2015\/03\/bleu.jpg?fit=400%2C600&ssl=1&resize=350%2C200","width":350,"height":200},"classes":[]},{"id":12219,"url":"https:\/\/lyonelkaufmann.ch\/Blog\/2014\/11\/15\/voir-la-vie-en-rose-photo-du-mois\/","url_meta":{"origin":6256,"position":1},"title":"Voir la vie en rose |\u00a0Photo du mois","author":"Lyonel Kaufmann","date":"15 novembre 2014","format":false,"excerpt":"Ce mois, le th\u00e8me Voir la vie en rose, a \u00e9t\u00e9 choisi par Arwen (http:\/\/www.chiffonsandco.fr\u00a0). Voici mon acceptation du th\u00e8me. La photo a \u00e9t\u00e9 prise en Normandie le 15 octobre. Illustration que m\u00eame un jour d'automne pluvieux, il est possible de voir la vie en rose\u2026 L'interpr\u00e9tation de mes confr\u00e8res\u2026","rel":"","context":"Dans &quot;Photo du mois&quot;","block_context":{"text":"Photo du mois","link":"https:\/\/lyonelkaufmann.ch\/Blog\/category\/photo-du-mois\/"},"img":{"alt_text":"","src":"https:\/\/i0.wp.com\/lyonelkaufmann.ch\/Blog\/wp-content\/uploads\/2015\/02\/vie_rose1.jpg?fit=1024%2C767&ssl=1&resize=350%2C200","width":350,"height":200,"srcset":"https:\/\/i0.wp.com\/lyonelkaufmann.ch\/Blog\/wp-content\/uploads\/2015\/02\/vie_rose1.jpg?fit=1024%2C767&ssl=1&resize=350%2C200 1x, https:\/\/i0.wp.com\/lyonelkaufmann.ch\/Blog\/wp-content\/uploads\/2015\/02\/vie_rose1.jpg?fit=1024%2C767&ssl=1&resize=525%2C300 1.5x, https:\/\/i0.wp.com\/lyonelkaufmann.ch\/Blog\/wp-content\/uploads\/2015\/02\/vie_rose1.jpg?fit=1024%2C767&ssl=1&resize=700%2C400 2x"},"classes":[]},{"id":16328,"url":"https:\/\/lyonelkaufmann.ch\/Blog\/2016\/04\/15\/la-nature-en-macro-la-photo-du-mois\/","url_meta":{"origin":6256,"position":2},"title":"La nature en macro | La photo du mois","author":"Lyonel Kaufmann","date":"15 avril 2016","format":false,"excerpt":"Th\u00e8me du mois : La nature en macro, choisi par Laulinea (http:\/\/www.laulinea.com\/) Un peu \u00e0 l'arrache, voici mon interpr\u00e9tation du th\u00e8me :\u00a0\u00a0 La photo a \u00e9t\u00e9 prise sur les remparts de la belle ville de Soleure (Suisse). L'interpr\u00e9tation du th\u00e8me par les autres participants : a href=\"http:\/\/www.afnewstravel.com\/\" target=\"_blank\">AF News, Akaieric,\u2026","rel":"","context":"Dans &quot;Photo du mois&quot;","block_context":{"text":"Photo du mois","link":"https:\/\/lyonelkaufmann.ch\/Blog\/category\/photo-du-mois\/"},"img":{"alt_text":"","src":"https:\/\/i0.wp.com\/lyonelkaufmann.ch\/Blog\/wp-content\/uploads\/2016\/04\/img_0332-1.jpg?fit=1035%2C1035&ssl=1&resize=350%2C200","width":350,"height":200,"srcset":"https:\/\/i0.wp.com\/lyonelkaufmann.ch\/Blog\/wp-content\/uploads\/2016\/04\/img_0332-1.jpg?fit=1035%2C1035&ssl=1&resize=350%2C200 1x, https:\/\/i0.wp.com\/lyonelkaufmann.ch\/Blog\/wp-content\/uploads\/2016\/04\/img_0332-1.jpg?fit=1035%2C1035&ssl=1&resize=525%2C300 1.5x, https:\/\/i0.wp.com\/lyonelkaufmann.ch\/Blog\/wp-content\/uploads\/2016\/04\/img_0332-1.jpg?fit=1035%2C1035&ssl=1&resize=700%2C400 2x"},"classes":[]},{"id":12784,"url":"https:\/\/lyonelkaufmann.ch\/Blog\/2012\/11\/15\/mon-blog-en-une-photo-photo-du-mois\/","url_meta":{"origin":6256,"position":3},"title":"Mon blog en une photo |\u00a0Photo du mois","author":"Lyonel Kaufmann","date":"15 novembre 2012","format":"image","excerpt":"Ce mois-ci, le th\u00e8me a \u00e9t\u00e9 choisi par Clara : Bon, alors Clara de New York, elle a eu un peu de mal a se d\u00e9cider devant ces millions de possibilit\u00e9s, alors d\u00e9sol\u00e9e de vous avoir fait poireauter un peu ... Bref, je pars du constat que ce rendez vous\u2026","rel":"","context":"Dans &quot;Photo du mois&quot;","block_context":{"text":"Photo du mois","link":"https:\/\/lyonelkaufmann.ch\/Blog\/category\/photo-du-mois\/"},"img":{"alt_text":"","src":"https:\/\/i0.wp.com\/lyonelkaufmann.ch\/Blog\/wp-content\/uploads\/2015\/03\/Mon-blog-en-une-photo-XL.jpg?fit=1024%2C678&ssl=1&resize=350%2C200","width":350,"height":200,"srcset":"https:\/\/i0.wp.com\/lyonelkaufmann.ch\/Blog\/wp-content\/uploads\/2015\/03\/Mon-blog-en-une-photo-XL.jpg?fit=1024%2C678&ssl=1&resize=350%2C200 1x, https:\/\/i0.wp.com\/lyonelkaufmann.ch\/Blog\/wp-content\/uploads\/2015\/03\/Mon-blog-en-une-photo-XL.jpg?fit=1024%2C678&ssl=1&resize=525%2C300 1.5x, https:\/\/i0.wp.com\/lyonelkaufmann.ch\/Blog\/wp-content\/uploads\/2015\/03\/Mon-blog-en-une-photo-XL.jpg?fit=1024%2C678&ssl=1&resize=700%2C400 2x"},"classes":[]},{"id":9993,"url":"https:\/\/lyonelkaufmann.ch\/Blog\/2013\/07\/15\/au-ras-du-sol-photo-du-mois\/","url_meta":{"origin":6256,"position":4},"title":"Au ras-du-sol |\u00a0Photo du mois","author":"Lyonel Kaufmann","date":"15 juillet 2013","format":"image","excerpt":"Ce mois, le th\u00e8me nous est propos\u00e9 par St\u00e9ph : Bonjour \u00e0 toutes et \u00e0 tous, Pour ce mois de juillet 2013, je vous propose un th\u00e8me qui, je l\u2019esp\u00e8re, vous inspirera : \u00ab au ras-du-sol \u00bb. Plus qu\u2019un sujet, un objet ou une action \u00e0 illustrer, je souhaite surtout\u2026","rel":"","context":"Dans &quot;Photo du mois&quot;","block_context":{"text":"Photo du mois","link":"https:\/\/lyonelkaufmann.ch\/Blog\/category\/photo-du-mois\/"},"img":{"alt_text":"","src":"https:\/\/i0.wp.com\/lyonelkaufmann.ch\/Blog\/wp-content\/uploads\/2015\/03\/DSC03299.jpg?fit=800%2C533&ssl=1&resize=350%2C200","width":350,"height":200,"srcset":"https:\/\/i0.wp.com\/lyonelkaufmann.ch\/Blog\/wp-content\/uploads\/2015\/03\/DSC03299.jpg?fit=800%2C533&ssl=1&resize=350%2C200 1x, https:\/\/i0.wp.com\/lyonelkaufmann.ch\/Blog\/wp-content\/uploads\/2015\/03\/DSC03299.jpg?fit=800%2C533&ssl=1&resize=525%2C300 1.5x, https:\/\/i0.wp.com\/lyonelkaufmann.ch\/Blog\/wp-content\/uploads\/2015\/03\/DSC03299.jpg?fit=800%2C533&ssl=1&resize=700%2C400 2x"},"classes":[]},{"id":15559,"url":"https:\/\/lyonelkaufmann.ch\/Blog\/2016\/01\/15\/jardin-secret-photo-du-mois\/","url_meta":{"origin":6256,"position":5},"title":"Jardin secret | Photo du mois","author":"Lyonel Kaufmann","date":"15 janvier 2016","format":"image","excerpt":"Th\u00e8me de ce mois : Jardin Secret, choisi par Cara (http:\/\/c-est-reparti.blogspot.com\/). Sa pr\u00e9sentation du th\u00e8me : Puisque c'est moi qui ai l'honneur de choisir le th\u00e8me pour le mois de janvier (malgr\u00e9 mon retard d'aujourd'hui, j'ai honte), le voici : \"Jardin secret\" A interpr\u00e9ter au sens propre comme au figur\u00e9...\u2026","rel":"","context":"Dans &quot;Photo du mois&quot;","block_context":{"text":"Photo du mois","link":"https:\/\/lyonelkaufmann.ch\/Blog\/category\/photo-du-mois\/"},"img":{"alt_text":"","src":"https:\/\/i0.wp.com\/lyonelkaufmann.ch\/Blog\/wp-content\/uploads\/2016\/01\/IMG_3528-e1453032575496-1-e1453032733699.jpg?fit=439%2C640&ssl=1&resize=350%2C200","width":350,"height":200},"classes":[]}],"jetpack_likes_enabled":true,"_links":{"self":[{"href":"https:\/\/lyonelkaufmann.ch\/Blog\/wp-json\/wp\/v2\/posts\/6256","targetHints":{"allow":["GET"]}}],"collection":[{"href":"https:\/\/lyonelkaufmann.ch\/Blog\/wp-json\/wp\/v2\/posts"}],"about":[{"href":"https:\/\/lyonelkaufmann.ch\/Blog\/wp-json\/wp\/v2\/types\/post"}],"author":[{"embeddable":true,"href":"https:\/\/lyonelkaufmann.ch\/Blog\/wp-json\/wp\/v2\/users\/1"}],"replies":[{"embeddable":true,"href":"https:\/\/lyonelkaufmann.ch\/Blog\/wp-json\/wp\/v2\/comments?post=6256"}],"version-history":[{"count":1,"href":"https:\/\/lyonelkaufmann.ch\/Blog\/wp-json\/wp\/v2\/posts\/6256\/revisions"}],"predecessor-version":[{"id":24658,"href":"https:\/\/lyonelkaufmann.ch\/Blog\/wp-json\/wp\/v2\/posts\/6256\/revisions\/24658"}],"wp:featuredmedia":[{"embeddable":true,"href":"https:\/\/lyonelkaufmann.ch\/Blog\/wp-json\/wp\/v2\/media\/13925"}],"wp:attachment":[{"href":"https:\/\/lyonelkaufmann.ch\/Blog\/wp-json\/wp\/v2\/media?parent=6256"}],"wp:term":[{"taxonomy":"category","embeddable":true,"href":"https:\/\/lyonelkaufmann.ch\/Blog\/wp-json\/wp\/v2\/categories?post=6256"},{"taxonomy":"post_tag","embeddable":true,"href":"https:\/\/lyonelkaufmann.ch\/Blog\/wp-json\/wp\/v2\/tags?post=6256"}],"curies":[{"name":"wp","href":"https:\/\/api.w.org\/{rel}","templated":true}]}}