{"id":6269,"date":"2012-10-13T17:56:51","date_gmt":"2012-10-13T17:56:51","guid":{"rendered":"http:\/\/lyonelkaufmann.ch\/histoire\/?p=6269"},"modified":"2012-10-13T17:56:51","modified_gmt":"2012-10-13T17:56:51","slug":"dans-les-meandres-du-congo-mediapart","status":"publish","type":"post","link":"https:\/\/lyonelkaufmann.ch\/Blog\/2012\/10\/13\/dans-les-meandres-du-congo-mediapart\/","title":{"rendered":"Dans les m\u00e9andres du Congo | Mediapart"},"content":{"rendered":"<p><strong><a href=\"https:\/\/i0.wp.com\/www.politis.ch\/carnets\/wp-content\/uploads\/2012\/10\/Congo_une_histoire.jpg\"><img data-recalc-dims=\"1\" loading=\"lazy\" decoding=\"async\" class=\"alignleft size-full wp-image-6661\" title=\"Congo_une_histoire\" src=\"https:\/\/i0.wp.com\/www.politis.ch\/carnets\/wp-content\/uploads\/2012\/10\/Congo_une_histoire.jpg?resize=287%2C475\" alt=\"\" width=\"287\" height=\"475\" \/><\/a>Au moment o\u00f9 le sommet de la Francophonie se tient en R\u00e9publique du Congo, ou Congo-Kinshasa, il est utile de revenir sur l&rsquo;histoire mouvement\u00e9e de ce pays.<\/strong><\/p>\n<p>A ce titre, la lecture de l&rsquo;ouvrage de David Van Reybrouck <em>\u00abCongo. Une histoire\u00bb<\/em>s&rsquo;impose. Cette histoire remonte bien avant l&rsquo;arriv\u00e9e des Portugais au 16e si\u00e8cle\u00a0dans l\u2019embouchure du grand fleuve. Comme l&rsquo;indique \u00e9galement Van Reybrouck<\/p>\n<blockquote><p>\u00able Congo n\u2019a pas \u00e0 attendre Stanley pour entrer dans l\u2019histoire. La r\u00e9gion n\u2019est pas vierge et le temps ne s\u2019y est pas arr\u00eat\u00e9.\u00a0\u00c0 partir de 1500, elle participe au commerce mondial. Et m\u00eame si la plupart des habitants de la for\u00eat n\u2019ont jamais \u00e9t\u00e9 conscients d\u2019un monde ext\u00e9rieur, ils mangent tous les jours des plantes provenant d\u2019un autre continent\u00a0\u00bb, \u00e0 savoir le ma\u00efs et le manioc, venant d\u2019Am\u00e9rique latine.<\/p><\/blockquote>\n<p>Cet ouvrage de plus de 700 pages est traduit aujourd\u2019hui en fran\u00e7ais apr\u00e8s \u00eatre devenu un best-seller en Belgique n\u00e9erlandophone et aux Pays-Bas. Pour M\u00e9diapart<\/p>\n<blockquote><p>Il constitue une entreprise presque aussi d\u00e9mesur\u00e9e que son objet, un \u00abpays de 2,3 millions de kilom\u00e8tres carr\u00e9s, aussi grand que l\u2019Europe occidentale ou les deux tiers de l\u2019Inde\u00bb. Et un projet aussi hybride que son auteur, \u00e0 la fois arch\u00e9ologue, journaliste, romancier et homme de th\u00e9\u00e2tre, qui correspond \u00e0 un genre, rarement en usage en France et beaucoup plus fr\u00e9quent dans le monde anglo-saxon, que l\u2019on nomme \u00ab\u00a0non-fiction litt\u00e9raire\u00a0\u00bb et se situe entre l\u2019historiographie scientifique, la litt\u00e9rature et le reportage.<\/p><\/blockquote>\n<p>Lire le compte-rendu (r\u00e9serv\u00e9 aux abonn\u00e9s):\u00a0<a href=\"http:\/\/www.mediapart.fr\/journal\/culture-idees\/121012\/dans-les-meandres-du-congo\">Dans les m\u00e9andres du Congo | Mediapart<\/a>.<\/p>\n","protected":false},"excerpt":{"rendered":"<p>Au moment o\u00f9 le sommet de la Francophonie se tient en R\u00e9publique du Congo, ou Congo-Kinshasa, il est utile de revenir sur l&rsquo;histoire mouvement\u00e9e de ce pays. A ce titre, la lecture de l&rsquo;ouvrage de David Van Reybrouck \u00abCongo. Une histoire\u00bbs&rsquo;impose. Cette histoire remonte bien avant l&rsquo;arriv\u00e9e des Portugais au 16e si\u00e8cle\u00a0dans l\u2019embouchure du grand [&hellip;]<\/p>\n","protected":false},"author":1,"featured_media":6661,"comment_status":"open","ping_status":"open","sticky":false,"template":"","format":"standard","meta":{"_import_markdown_pro_load_document_selector":0,"_import_markdown_pro_submit_text_textarea":"","_genesis_hide_title":false,"_genesis_hide_breadcrumbs":false,"_genesis_hide_singular_image":false,"_genesis_hide_footer_widgets":false,"_genesis_custom_body_class":"","_genesis_custom_post_class":"","_genesis_layout":"","jetpack_post_was_ever_published":false,"_jetpack_newsletter_access":"","_jetpack_dont_email_post_to_subs":false,"_jetpack_newsletter_tier_id":0,"_jetpack_memberships_contains_paywalled_content":false,"_jetpack_memberships_contains_paid_content":false,"activitypub_content_warning":"","activitypub_content_visibility":"","activitypub_max_image_attachments":3,"activitypub_interaction_policy_quote":"anyone","activitypub_status":"","footnotes":"","jetpack_publicize_message":"","jetpack_publicize_feature_enabled":true,"jetpack_social_post_already_shared":true,"jetpack_social_options":{"image_generator_settings":{"template":"fullscreen","default_image_id":0,"font":"","enabled":false},"version":2}},"categories":[2],"tags":[],"class_list":{"0":"post-6269","1":"post","2":"type-post","3":"status-publish","4":"format-standard","5":"has-post-thumbnail","7":"category-histoire-2","8":"entry"},"jetpack_publicize_connections":[],"featured_image_src":null,"featured_image_src_square":null,"author_info":{"display_name":"Lyonel Kaufmann","author_link":"https:\/\/lyonelkaufmann.ch\/Blog\/author\/lyonelk\/"},"jetpack_featured_media_url":"","jetpack_sharing_enabled":true,"jetpack_shortlink":"https:\/\/wp.me\/p1qtF4-1D7","jetpack-related-posts":[{"id":2779,"url":"https:\/\/lyonelkaufmann.ch\/Blog\/2010\/05\/06\/mshis11-bande-dessinee-et-histoire-atelier-4-5-2010\/","url_meta":{"origin":6269,"position":0},"title":"MSHIS11 Bande Dessin\u00e9e et Histoire (atelier 4.5.2010)","author":"Lyonel Kaufmann","date":"6 mai 2010","format":false,"excerpt":"A la suite de l'Atelier de ce dernier mardi consacr\u00e9 \u00e0 l'utilisation de la Bande Dessin\u00e9e en histoire, je fais ici l'inventaire des liens et r\u00e9f\u00e9rences utilis\u00e9es lors de cette s\u00e9ance. Au terme de ce parcours, je r\u00e9pertorie \u00e9galement les activit\u00e9s con\u00e7ues par les \u00e9tudiant-e-s lors de cet atelier. En\u2026","rel":"","context":"Dans &quot;histoire&quot;","block_context":{"text":"histoire","link":"https:\/\/lyonelkaufmann.ch\/Blog\/category\/histoire-2\/"},"img":{"alt_text":"","src":"https:\/\/i0.wp.com\/lyonelkaufmann.ch\/histoire\/wp-content\/uploads\/2010\/05\/HistoireBande.jpg?resize=350%2C200","width":350,"height":200},"classes":[]},{"id":911,"url":"https:\/\/lyonelkaufmann.ch\/Blog\/2009\/02\/05\/sur-la-descente-de-croix-de-roger-van-der-weyden\/","url_meta":{"origin":6269,"position":1},"title":"Sur \u201cLa Descente de croix\u201d de Roger van der Weyden,&#8230;","author":"Lyonel Kaufmann","date":"5 f\u00e9vrier 2009","format":false,"excerpt":"Sur \u201cLa Descente de croix\u201d de Roger van der Weyden, on peut voir le r\u00e9alisme d\u2019une larme perlant \u00e0 l\u2019\u0153il de saint Jean.\u00a0 Quatorze toiles du Prado en haute r\u00e9solution sur Internet - Chevilly","rel":"","context":"Dans &quot;histoire&quot;","block_context":{"text":"histoire","link":"https:\/\/lyonelkaufmann.ch\/Blog\/category\/histoire-2\/"},"img":{"alt_text":"","src":"https:\/\/i0.wp.com\/lyonelkaufmann.ch\/Blog\/wp-content\/uploads\/2015\/03\/1oxiLPzCVjkxziq950nut704o1_500.jpg?fit=500%2C335&ssl=1&resize=350%2C200","width":350,"height":200},"classes":[]},{"id":15940,"url":"https:\/\/lyonelkaufmann.ch\/Blog\/2016\/01\/03\/fairphone-2-un-smartphone-prevu-pour-durer-la-liberte\/","url_meta":{"origin":6269,"position":2},"title":"Fairphone 2 : Un smartphone pr\u00e9vu pour durer | La Libert\u00e9","author":"Lyonel Kaufmann","date":"3 janvier 2016","format":false,"excerpt":"Fairphone 2 \u2022 Cet appareil \u00ab\u00e9quitable\u00bb, tr\u00e8s attendu apr\u00e8s le succ\u00e8s du premier mod\u00e8le, convainc par sa conception modulaire o\u00f9 un \u00e9l\u00e9ment d\u00e9faillant peut facilement \u00eatre remplac\u00e9. On en \u00e9tait rest\u00e9s au stade de l\u2019intention louable avec le Fairphone 1. Un smartphone labellis\u00e9 \u00ab\u00e9quitable\u00bb, dont le fabricant affirmait notamment se\u2026","rel":"","context":"Dans &quot;Blogcaf\u00e9&quot;","block_context":{"text":"Blogcaf\u00e9","link":"https:\/\/lyonelkaufmann.ch\/Blog\/category\/blogcafe-2\/"},"img":{"alt_text":"","src":"https:\/\/i0.wp.com\/lyonelkaufmann.ch\/Blog\/wp-content\/uploads\/2016\/01\/28_ma_fairphone_copie-1.jpg?fit=644%2C362&ssl=1&resize=350%2C200","width":350,"height":200,"srcset":"https:\/\/i0.wp.com\/lyonelkaufmann.ch\/Blog\/wp-content\/uploads\/2016\/01\/28_ma_fairphone_copie-1.jpg?fit=644%2C362&ssl=1&resize=350%2C200 1x, https:\/\/i0.wp.com\/lyonelkaufmann.ch\/Blog\/wp-content\/uploads\/2016\/01\/28_ma_fairphone_copie-1.jpg?fit=644%2C362&ssl=1&resize=525%2C300 1.5x"},"classes":[]},{"id":15203,"url":"https:\/\/lyonelkaufmann.ch\/Blog\/2015\/09\/24\/lecture-fordetroit-dalexandre-friederich\/","url_meta":{"origin":6269,"position":3},"title":"Lecture : Fordetroit d&rsquo;Alexandre Friederich","author":"Lyonel Kaufmann","date":"24 septembre 2015","format":false,"excerpt":"Nouvelle proposition de lecture d'un \u00e9crivain suisse avec\u00a0Fordetroit d'Alexandre Friederich aux Editions Allia.\u00a0Alexandre Friederich raconte le d\u00e9clin d\u2019une cit\u00e9 d\u00e9sert\u00e9e par ses habitants apr\u00e8s la crise des \u201csubprimes\u201d en 2008. L'envers du r\u00eave am\u00e9ricain dans un roman noir.\u00a0 Ce livre est propos\u00e9 cette fois-ci par BibliObs et Didier Jacob :\u2026","rel":"","context":"Dans &quot;Blogcaf\u00e9&quot;","block_context":{"text":"Blogcaf\u00e9","link":"https:\/\/lyonelkaufmann.ch\/Blog\/category\/blogcafe-2\/"},"img":{"alt_text":"","src":"https:\/\/i0.wp.com\/lyonelkaufmann.ch\/Blog\/wp-content\/uploads\/2015\/09\/book_715_image_cover-21.gif?fit=706%2C1200&ssl=1&resize=350%2C200","width":350,"height":200,"srcset":"https:\/\/i0.wp.com\/lyonelkaufmann.ch\/Blog\/wp-content\/uploads\/2015\/09\/book_715_image_cover-21.gif?fit=706%2C1200&ssl=1&resize=350%2C200 1x, https:\/\/i0.wp.com\/lyonelkaufmann.ch\/Blog\/wp-content\/uploads\/2015\/09\/book_715_image_cover-21.gif?fit=706%2C1200&ssl=1&resize=525%2C300 1.5x, https:\/\/i0.wp.com\/lyonelkaufmann.ch\/Blog\/wp-content\/uploads\/2015\/09\/book_715_image_cover-21.gif?fit=706%2C1200&ssl=1&resize=700%2C400 2x"},"classes":[]},{"id":22436,"url":"https:\/\/lyonelkaufmann.ch\/Blog\/2021\/01\/04\/une-suisse-deux-epoques-qui-a-peur-de-lhomme-noir\/","url_meta":{"origin":6269,"position":4},"title":"Une Suisse, deux \u00e9poques: \u00abQui a peur de l\u2019homme noir?\u00bb","author":"Lyonel Kaufmann","date":"4 janvier 2021","format":false,"excerpt":"\u00abAucun Noir n\u2019avait, avant moi, pos\u00e9 les pieds dans ce village suisse.\u00bb En 1951, l\u2019\u00e9crivain afro-am\u00e9ricain James Baldwin s\u00e9journe \u00e0 Lo\u00e8che-les-Bains. Il y vit l\u2019exp\u00e9rience de l\u2019\u00e9tranget\u00e9, celle d\u2019un \u00abNeger\u00bb, comme l\u2019appelle les enfants. 70 ans plus tard, qu'est-ce qui a vraiment chang\u00e9? https:\/\/www.youtube.com\/watch?v=TSqd1p11prw Cette s\u00e9rie documentaire est co-produite avec\u2026","rel":"","context":"Dans &quot;Blogcaf\u00e9&quot;","block_context":{"text":"Blogcaf\u00e9","link":"https:\/\/lyonelkaufmann.ch\/Blog\/category\/blogcafe-2\/"},"img":{"alt_text":"","src":"https:\/\/i0.wp.com\/img.youtube.com\/vi\/TSqd1p11prw\/0.jpg?resize=350%2C200","width":350,"height":200},"classes":[]},{"id":21866,"url":"https:\/\/lyonelkaufmann.ch\/Blog\/2020\/08\/02\/chasseur-de-cols-entre-ardeche-et-cevennes-28-07-2020\/","url_meta":{"origin":6269,"position":5},"title":"Chasseur de cols entre Ard\u00e8che et C\u00e9vennes (28.07.2020)","author":"Lyonel Kaufmann","date":"2 ao\u00fbt 2020","format":false,"excerpt":"En ce mardi 28 juillet 2020, l\u2019occasion \u00e9tait belle de profiter de mon s\u00e9jour pr\u00e8s de Barjac pour parcourir les petites routes entre Barjac, Les Vans, Villefort, Aubenas et Vallon Pont d\u2019Arc. Tout un r\u00e9seau de petites routes et de cols m\u2019attendaient et j\u2019ai zigzagu\u00e9 entre le Parc naturel r\u00e9gional\u2026","rel":"","context":"Dans &quot;moto&quot;","block_context":{"text":"moto","link":"https:\/\/lyonelkaufmann.ch\/Blog\/category\/moto\/"},"img":{"alt_text":"","src":"https:\/\/i0.wp.com\/photos.smugmug.com\/photos\/i-gsmcgpW\/0\/X4\/i-gsmcgpW-X4.jpg?resize=350%2C200&ssl=1","width":350,"height":200},"classes":[]}],"jetpack_likes_enabled":true,"_links":{"self":[{"href":"https:\/\/lyonelkaufmann.ch\/Blog\/wp-json\/wp\/v2\/posts\/6269","targetHints":{"allow":["GET"]}}],"collection":[{"href":"https:\/\/lyonelkaufmann.ch\/Blog\/wp-json\/wp\/v2\/posts"}],"about":[{"href":"https:\/\/lyonelkaufmann.ch\/Blog\/wp-json\/wp\/v2\/types\/post"}],"author":[{"embeddable":true,"href":"https:\/\/lyonelkaufmann.ch\/Blog\/wp-json\/wp\/v2\/users\/1"}],"replies":[{"embeddable":true,"href":"https:\/\/lyonelkaufmann.ch\/Blog\/wp-json\/wp\/v2\/comments?post=6269"}],"version-history":[{"count":0,"href":"https:\/\/lyonelkaufmann.ch\/Blog\/wp-json\/wp\/v2\/posts\/6269\/revisions"}],"wp:featuredmedia":[{"embeddable":true,"href":"https:\/\/lyonelkaufmann.ch\/Blog\/wp-json\/"}],"wp:attachment":[{"href":"https:\/\/lyonelkaufmann.ch\/Blog\/wp-json\/wp\/v2\/media?parent=6269"}],"wp:term":[{"taxonomy":"category","embeddable":true,"href":"https:\/\/lyonelkaufmann.ch\/Blog\/wp-json\/wp\/v2\/categories?post=6269"},{"taxonomy":"post_tag","embeddable":true,"href":"https:\/\/lyonelkaufmann.ch\/Blog\/wp-json\/wp\/v2\/tags?post=6269"}],"curies":[{"name":"wp","href":"https:\/\/api.w.org\/{rel}","templated":true}]}}