{"id":6275,"date":"2012-10-15T08:00:00","date_gmt":"2012-10-15T08:00:00","guid":{"rendered":"http:\/\/lyonelkaufmann.ch\/histoire\/?p=6275"},"modified":"2012-10-15T08:00:00","modified_gmt":"2012-10-15T08:00:00","slug":"la-revolution-francaise-dalbert-mathiez-revolution-francaise","status":"publish","type":"post","link":"https:\/\/lyonelkaufmann.ch\/Blog\/2012\/10\/15\/la-revolution-francaise-dalbert-mathiez-revolution-francaise\/","title":{"rendered":"La R\u00e9volution fran\u00e7aise d&rsquo;Albert Mathiez &#8211; R\u00e9volution Fran\u00e7aise"},"content":{"rendered":"<p><img data-recalc-dims=\"1\" loading=\"lazy\" decoding=\"async\" style=\"float:left;\" title=\"mathiez_bartillat.png\" src=\"https:\/\/i0.wp.com\/lyonelkaufmann.ch\/histoire\/wp-content\/uploads\/2012\/10\/mathiez_bartillat.png?resize=150%2C241\" alt=\"Mathiez bartillat\" width=\"150\" height=\"241\" border=\"0\" \/>Albert Mathiez, <i>La R\u00e9volution fran\u00e7aise<\/i>, Paris, Bartillat, 2012, 658 p. Introduction de Yannick Bosc et Florence Gauthier.<\/p>\n<p>Cette r\u00e9\u00e9dition rassemble en un seul volume les trois parties de l&rsquo;ouvrage publi\u00e9es entre 1922 et 1927\u00a0: La Chute de la royaut\u00e9\u00a0; La Gironde et la Montagne\u00a0; La Terreur. Pour la premi\u00e8re fois, La R\u00e9volution fran\u00e7aise est accompagn\u00e9e d&rsquo;un index, d&rsquo;une chronologie et d&rsquo;un appareil critique rappelant l&rsquo;oeuvre et la vie d&rsquo;Albert Mathiez. Le site R\u00e9volution fran\u00e7aise.net en propose le premier chapitre consacr\u00e9 \u00e0\u00a0<em>\u00ab\u00a0La crise de l&rsquo;Ancien R\u00e9gime\u00a0\u00bb.<\/em><\/p>\n<p>Bonne lecture !<\/p>\n<p>Pour lire le premier chapitre <em>\u00ab\u00a0La crise de l&rsquo;Ancien R\u00e9gime\u00a0\u00bb<\/em>\u00a0: <a href=\"http:\/\/revolution-francaise.net\/2012\/10\/13\/500-la-revolution-francaise-d-albert-mathiez\">La R\u00e9volution fran\u00e7aise d&rsquo;Albert Mathiez &#8211; R\u00e9volution Fran\u00e7aise<\/a>.<\/p>\n","protected":false},"excerpt":{"rendered":"<p>Albert Mathiez, La R\u00e9volution fran\u00e7aise, Paris, Bartillat, 2012, 658 p. Introduction de Yannick Bosc et Florence Gauthier. Cette r\u00e9\u00e9dition rassemble en un seul volume les trois parties de l&rsquo;ouvrage publi\u00e9es entre 1922 et 1927\u00a0: La Chute de la royaut\u00e9\u00a0; La Gironde et la Montagne\u00a0; La Terreur. Pour la premi\u00e8re fois, La R\u00e9volution fran\u00e7aise est accompagn\u00e9e [&hellip;]<\/p>\n","protected":false},"author":1,"featured_media":14147,"comment_status":"open","ping_status":"open","sticky":false,"template":"","format":"standard","meta":{"_import_markdown_pro_load_document_selector":0,"_import_markdown_pro_submit_text_textarea":"","_genesis_hide_title":false,"_genesis_hide_breadcrumbs":false,"_genesis_hide_singular_image":false,"_genesis_hide_footer_widgets":false,"_genesis_custom_body_class":"","_genesis_custom_post_class":"","_genesis_layout":"","jetpack_post_was_ever_published":false,"_jetpack_newsletter_access":"","_jetpack_dont_email_post_to_subs":false,"_jetpack_newsletter_tier_id":0,"_jetpack_memberships_contains_paywalled_content":false,"_jetpack_memberships_contains_paid_content":false,"activitypub_content_warning":"","activitypub_content_visibility":"","activitypub_max_image_attachments":3,"activitypub_interaction_policy_quote":"anyone","activitypub_status":"","footnotes":"","jetpack_publicize_message":"","jetpack_publicize_feature_enabled":true,"jetpack_social_post_already_shared":true,"jetpack_social_options":{"image_generator_settings":{"template":"fullscreen","default_image_id":0,"font":"","enabled":false},"version":2}},"categories":[2],"tags":[],"class_list":{"0":"post-6275","1":"post","2":"type-post","3":"status-publish","4":"format-standard","5":"has-post-thumbnail","7":"category-histoire-2","8":"entry"},"jetpack_publicize_connections":[],"featured_image_src":"https:\/\/i0.wp.com\/lyonelkaufmann.ch\/Blog\/wp-content\/uploads\/2015\/03\/mathiez_bartillat.png?resize=150%2C241&ssl=1","featured_image_src_square":"https:\/\/i0.wp.com\/lyonelkaufmann.ch\/Blog\/wp-content\/uploads\/2015\/03\/mathiez_bartillat.png?resize=150%2C241&ssl=1","author_info":{"display_name":"Lyonel Kaufmann","author_link":"https:\/\/lyonelkaufmann.ch\/Blog\/author\/lyonelk\/"},"jetpack_featured_media_url":"https:\/\/i0.wp.com\/lyonelkaufmann.ch\/Blog\/wp-content\/uploads\/2015\/03\/mathiez_bartillat.png?fit=150%2C241&ssl=1","jetpack_sharing_enabled":true,"jetpack_shortlink":"https:\/\/wp.me\/p1qtF4-1Dd","jetpack-related-posts":[{"id":6174,"url":"https:\/\/lyonelkaufmann.ch\/Blog\/2012\/09\/26\/la-revolution-francaise-un-evenement-de-la-raison-sensible-1787-1799-revolution-francaise\/","url_meta":{"origin":6275,"position":0},"title":"La R\u00e9volution fran\u00e7aise : un \u00e9v\u00e9nement de la raison sensible (1787-1799)","author":"Lyonel Kaufmann","date":"26 septembre 2012","format":false,"excerpt":"Extrait de l'Avant-propos de l'ouvrage de Sophie Wahnich (2012). La R\u00e9volution fran\u00e7aise. Un \u00e9v\u00e9nement de la raison sensible, 1787-1799. Paris : Hachette Sup\u00e9rieur. \u00abL\u2019histoire de la R\u00e9volution fran\u00e7aise depuis le bicentenaire semblait vou\u00e9e \u00e0 la comm\u00e9moration et \u00e0 son calendrier. La revisiter permettait de se rem\u00e9morer origines, fondements, et errements\u2026","rel":"","context":"Dans &quot;histoire&quot;","block_context":{"text":"histoire","link":"https:\/\/lyonelkaufmann.ch\/Blog\/category\/histoire-2\/"},"img":{"alt_text":"","src":"https:\/\/i0.wp.com\/lyonelkaufmann.ch\/histoire\/wp-content\/uploads\/2012\/09\/hachette_wahnich.png?resize=350%2C200","width":350,"height":200},"classes":[]},{"id":6964,"url":"https:\/\/lyonelkaufmann.ch\/Blog\/2013\/04\/16\/la-revolution-francaise-en-chansons-revolution-francaise\/","url_meta":{"origin":6275,"position":1},"title":"La R\u00e9volution fran\u00e7aise en chansons | R\u00e9volution Fran\u00e7aise","author":"Lyonel Kaufmann","date":"16 avril 2013","format":false,"excerpt":"Le site R\u00e9volution fran\u00e7aise.net\u00a0a s\u00e9lectionn\u00e9 quelques exemples de chansons r\u00e9volutionnaire en ligne sur YouTube. Les chansons ont jou\u00e9 un r\u00f4le important dans la circulation des id\u00e9es et des st\u00e9r\u00e9otypes politiques pendant la R\u00e9volution fran\u00e7aise. Certaines de ces chansons sont elles-m\u00eames des \"\u00e9v\u00e9nements\" r\u00e9volutionnaires\u00a0: La \"Marseillaise\" bien s\u00fbr, mais aussi le\u2026","rel":"","context":"Dans &quot;histoire&quot;","block_context":{"text":"histoire","link":"https:\/\/lyonelkaufmann.ch\/Blog\/category\/histoire-2\/"},"img":{"alt_text":"","src":"https:\/\/i0.wp.com\/lyonelkaufmann.ch\/Blog\/wp-content\/uploads\/2015\/03\/blogcafe1.jpg?fit=1024%2C683&ssl=1&resize=350%2C200","width":350,"height":200,"srcset":"https:\/\/i0.wp.com\/lyonelkaufmann.ch\/Blog\/wp-content\/uploads\/2015\/03\/blogcafe1.jpg?fit=1024%2C683&ssl=1&resize=350%2C200 1x, https:\/\/i0.wp.com\/lyonelkaufmann.ch\/Blog\/wp-content\/uploads\/2015\/03\/blogcafe1.jpg?fit=1024%2C683&ssl=1&resize=525%2C300 1.5x, https:\/\/i0.wp.com\/lyonelkaufmann.ch\/Blog\/wp-content\/uploads\/2015\/03\/blogcafe1.jpg?fit=1024%2C683&ssl=1&resize=700%2C400 2x"},"classes":[]},{"id":7193,"url":"https:\/\/lyonelkaufmann.ch\/Blog\/2013\/06\/29\/revue-de-presse-la-revolution-francaise-francetv-education\/","url_meta":{"origin":6275,"position":2},"title":"Revue de presse : La r\u00e9volution fran\u00e7aise | francetv \u00e9ducation","author":"Lyonel Kaufmann","date":"29 juin 2013","format":false,"excerpt":"Un dossier ludique de France T\u00e9l\u00e9visions pour expliquer aux plus jeunes les principales \u00e9tapes de la R\u00e9volution fran\u00e7aise \u00e0 travers une frise chronologique, les portraits des principaux personnages et les grands th\u00e8mes de la R\u00e9volution. La r\u00e9volution fran\u00e7aise | francetv \u00e9ducation","rel":"","context":"Dans &quot;histoire&quot;","block_context":{"text":"histoire","link":"https:\/\/lyonelkaufmann.ch\/Blog\/category\/histoire-2\/"},"img":{"alt_text":"","src":"https:\/\/i0.wp.com\/lyonelkaufmann.ch\/Blog\/wp-content\/uploads\/2015\/03\/blogcafe1.jpg?fit=1024%2C683&ssl=1&resize=350%2C200","width":350,"height":200,"srcset":"https:\/\/i0.wp.com\/lyonelkaufmann.ch\/Blog\/wp-content\/uploads\/2015\/03\/blogcafe1.jpg?fit=1024%2C683&ssl=1&resize=350%2C200 1x, https:\/\/i0.wp.com\/lyonelkaufmann.ch\/Blog\/wp-content\/uploads\/2015\/03\/blogcafe1.jpg?fit=1024%2C683&ssl=1&resize=525%2C300 1.5x, https:\/\/i0.wp.com\/lyonelkaufmann.ch\/Blog\/wp-content\/uploads\/2015\/03\/blogcafe1.jpg?fit=1024%2C683&ssl=1&resize=700%2C400 2x"},"classes":[]},{"id":7778,"url":"https:\/\/lyonelkaufmann.ch\/Blog\/2007\/01\/10\/historiographie-de-la-terreur-revolution-francaise\/","url_meta":{"origin":6275,"position":3},"title":"Historiographie de la Terreur (R\u00e9volution fran\u00e7aise)","author":"Lyonel Kaufmann","date":"10 janvier 2007","format":false,"excerpt":"Le site R\u00e9volution-fran\u00e7aise.net a r\u00e9cemment publi\u00e9 plusieurs articles qui int\u00e9resseront tout enseignant planifiant une s\u00e9quence d'enseignement relative \u00e0 la Terreur sous la R\u00e9volution fran\u00e7aise. Ces articles lui offriront des outils de r\u00e9flexion int\u00e9ressants et utiles lui permettant \u00e0 la fois de faire le point sur l'historiographie du sujet et \u00e9galement\u2026","rel":"","context":"Dans &quot;histoire&quot;","block_context":{"text":"histoire","link":"https:\/\/lyonelkaufmann.ch\/Blog\/category\/histoire-2\/"},"img":{"alt_text":"","src":"","width":0,"height":0},"classes":[]},{"id":1337,"url":"https:\/\/lyonelkaufmann.ch\/Blog\/2009\/06\/03\/quote-by-peuple-et-violence-dans-lhistoire-de-la-revolution-francaise-revolution-francaise\/","url_meta":{"origin":6275,"position":4},"title":"Quote by Peuple et violence dans l\u2019histoire de la revolution fran\u00e7aise &#8211; R\u00e9volution Fran\u00e7aise","author":"Lyonel Kaufmann","date":"3 juin 2009","format":false,"excerpt":"Si l\u2019histoire de la R\u00e9volution fran\u00e7aise ne se limite pas, fort heureusement, \u00e0 l\u2019analyse de la violence qui s\u2019y est d\u00e9ploy\u00e9e, cette violence semble encore la frapper aujourd\u2019hui d\u2019un discr\u00e9dit qui conduit \u00e0 plusieurs impasses historiographiques. La premi\u00e8re consiste \u00e0 \u00e9viter soigneusement d\u2019en parler pour ne pas r\u00e9veiller des d\u00e9mons\u2026","rel":"","context":"Dans &quot;histoire&quot;","block_context":{"text":"histoire","link":"https:\/\/lyonelkaufmann.ch\/Blog\/category\/histoire-2\/"},"img":{"alt_text":"","src":"https:\/\/i0.wp.com\/lyonelkaufmann.ch\/Blog\/wp-content\/uploads\/2015\/03\/blogcafe1.jpg?fit=1024%2C683&ssl=1&resize=350%2C200","width":350,"height":200,"srcset":"https:\/\/i0.wp.com\/lyonelkaufmann.ch\/Blog\/wp-content\/uploads\/2015\/03\/blogcafe1.jpg?fit=1024%2C683&ssl=1&resize=350%2C200 1x, https:\/\/i0.wp.com\/lyonelkaufmann.ch\/Blog\/wp-content\/uploads\/2015\/03\/blogcafe1.jpg?fit=1024%2C683&ssl=1&resize=525%2C300 1.5x, https:\/\/i0.wp.com\/lyonelkaufmann.ch\/Blog\/wp-content\/uploads\/2015\/03\/blogcafe1.jpg?fit=1024%2C683&ssl=1&resize=700%2C400 2x"},"classes":[]},{"id":311,"url":"https:\/\/lyonelkaufmann.ch\/Blog\/2009\/02\/22\/extraits-du-film-revolution-francaise-de-robert-enrico-sur-dailymotion\/","url_meta":{"origin":6275,"position":5},"title":"\u00ab\u00a0R\u00e9volution fran\u00e7aise\u00a0\u00bb de Robert Enrico sur DailyMotion","author":"Lyonel Kaufmann","date":"22 f\u00e9vrier 2009","format":false,"excerpt":"http:\/\/www.dailymotion.com\/swf\/x2r7ig La R\u00e9volution Fran\u00e7aise - Discours de Danton par Kronos59 31 extraits du film de Robert Enrico dans ce Groupe Daily Motion. Ces extraits forment une vision classique de la R\u00e9volution. Pour utiliser les extraits en classe d'histoire, vous pourrez lire avec int\u00e9r\u00eat les articles suivants: La R\u00e9volution fran\u00e7aise en\u2026","rel":"","context":"Dans &quot;histoire&quot;","block_context":{"text":"histoire","link":"https:\/\/lyonelkaufmann.ch\/Blog\/category\/histoire-2\/"},"img":{"alt_text":"","src":"https:\/\/i0.wp.com\/lyonelkaufmann.ch\/Blog\/wp-content\/uploads\/2015\/03\/blogcafe1.jpg?fit=1024%2C683&ssl=1&resize=350%2C200","width":350,"height":200,"srcset":"https:\/\/i0.wp.com\/lyonelkaufmann.ch\/Blog\/wp-content\/uploads\/2015\/03\/blogcafe1.jpg?fit=1024%2C683&ssl=1&resize=350%2C200 1x, https:\/\/i0.wp.com\/lyonelkaufmann.ch\/Blog\/wp-content\/uploads\/2015\/03\/blogcafe1.jpg?fit=1024%2C683&ssl=1&resize=525%2C300 1.5x, https:\/\/i0.wp.com\/lyonelkaufmann.ch\/Blog\/wp-content\/uploads\/2015\/03\/blogcafe1.jpg?fit=1024%2C683&ssl=1&resize=700%2C400 2x"},"classes":[]}],"jetpack_likes_enabled":true,"_links":{"self":[{"href":"https:\/\/lyonelkaufmann.ch\/Blog\/wp-json\/wp\/v2\/posts\/6275","targetHints":{"allow":["GET"]}}],"collection":[{"href":"https:\/\/lyonelkaufmann.ch\/Blog\/wp-json\/wp\/v2\/posts"}],"about":[{"href":"https:\/\/lyonelkaufmann.ch\/Blog\/wp-json\/wp\/v2\/types\/post"}],"author":[{"embeddable":true,"href":"https:\/\/lyonelkaufmann.ch\/Blog\/wp-json\/wp\/v2\/users\/1"}],"replies":[{"embeddable":true,"href":"https:\/\/lyonelkaufmann.ch\/Blog\/wp-json\/wp\/v2\/comments?post=6275"}],"version-history":[{"count":0,"href":"https:\/\/lyonelkaufmann.ch\/Blog\/wp-json\/wp\/v2\/posts\/6275\/revisions"}],"wp:featuredmedia":[{"embeddable":true,"href":"https:\/\/lyonelkaufmann.ch\/Blog\/wp-json\/wp\/v2\/media\/14147"}],"wp:attachment":[{"href":"https:\/\/lyonelkaufmann.ch\/Blog\/wp-json\/wp\/v2\/media?parent=6275"}],"wp:term":[{"taxonomy":"category","embeddable":true,"href":"https:\/\/lyonelkaufmann.ch\/Blog\/wp-json\/wp\/v2\/categories?post=6275"},{"taxonomy":"post_tag","embeddable":true,"href":"https:\/\/lyonelkaufmann.ch\/Blog\/wp-json\/wp\/v2\/tags?post=6275"}],"curies":[{"name":"wp","href":"https:\/\/api.w.org\/{rel}","templated":true}]}}