{"id":6278,"date":"2012-06-18T18:16:33","date_gmt":"2012-06-18T17:16:33","guid":{"rendered":"https:\/\/lyonelkaufmann.ch\/Blog\/?p=6278"},"modified":"2024-01-02T01:26:02","modified_gmt":"2024-01-02T00:26:02","slug":"photo-du-jour-champex-lac","status":"publish","type":"post","link":"https:\/\/lyonelkaufmann.ch\/Blog\/2012\/06\/18\/photo-du-jour-champex-lac\/","title":{"rendered":"Photo du jour : Champex-Lac"},"content":{"rendered":"<p style=\"text-align:center;\"><img data-recalc-dims=\"1\" loading=\"lazy\" decoding=\"async\" class=\"aligncenter\" style=\"display:block;border-style:initial;border-color:initial;border-width:0;\" title=\"DSCN3167.JPG\" alt=\"DSCN3167\" src=\"https:\/\/i0.wp.com\/lyonelkaufmann.ch\/Blog\/wp-content\/uploads\/2012\/06\/DSCN3167.jpg?resize=600%2C450&#038;ssl=1\" width=\"600\" height=\"450\" border=\"0\" \/><\/p>\n<p style=\"text-align:justify;\">Ce dimanche, nous avons effectu\u00e9 une petite escapade \u00e0 Champex-Lac. C&rsquo;est un lieu particulier depuis que nous y avons s\u00e9journ\u00e9 en famille tout l&rsquo;\u00e9t\u00e9 en 1999. D\u00e9sormais cela ressemble \u00e0 une forme de p\u00e8lerinage, fort agr\u00e9able lorsqu&rsquo;il s&rsquo;agit de manger une coupe de glace juste \u00e0 c\u00f4t\u00e9 de la location de p\u00e9dalos et barques.<\/p>\n","protected":false},"excerpt":{"rendered":"<p>Ce dimanche, nous avons effectu\u00e9 une petite escapade \u00e0 Champex-Lac. C&rsquo;est un lieu particulier depuis que nous y avons s\u00e9journ\u00e9 en famille tout l&rsquo;\u00e9t\u00e9 en 1999. D\u00e9sormais cela ressemble \u00e0 une forme de p\u00e8lerinage, fort agr\u00e9able lorsqu&rsquo;il s&rsquo;agit de manger une coupe de glace juste \u00e0 c\u00f4t\u00e9 de la location de p\u00e9dalos et barques.<\/p>\n","protected":false},"author":1,"featured_media":13927,"comment_status":"open","ping_status":"open","sticky":false,"template":"","format":"image","meta":{"_import_markdown_pro_load_document_selector":0,"_import_markdown_pro_submit_text_textarea":"","_genesis_hide_title":false,"_genesis_hide_breadcrumbs":false,"_genesis_hide_singular_image":false,"_genesis_hide_footer_widgets":false,"_genesis_custom_body_class":"","_genesis_custom_post_class":"","_genesis_layout":"","jetpack_post_was_ever_published":false,"_jetpack_newsletter_access":"","_jetpack_dont_email_post_to_subs":false,"_jetpack_newsletter_tier_id":0,"_jetpack_memberships_contains_paywalled_content":false,"_jetpack_memberships_contains_paid_content":false,"activitypub_content_warning":"","activitypub_content_visibility":"","activitypub_max_image_attachments":3,"activitypub_interaction_policy_quote":"anyone","activitypub_status":"","footnotes":"","jetpack_publicize_message":"","jetpack_publicize_feature_enabled":true,"jetpack_social_post_already_shared":true,"jetpack_social_options":{"image_generator_settings":{"template":"fullscreen","default_image_id":0,"font":"","enabled":false},"version":2}},"categories":[3],"tags":[],"class_list":{"0":"post-6278","1":"post","2":"type-post","3":"status-publish","4":"format-image","5":"has-post-thumbnail","7":"category-blogcafe-2","8":"post_format-post-format-image","9":"entry"},"jetpack_publicize_connections":[],"featured_image_src":"https:\/\/i0.wp.com\/lyonelkaufmann.ch\/Blog\/wp-content\/uploads\/2015\/03\/DSCN3167.jpg?resize=600%2C400&ssl=1","featured_image_src_square":"https:\/\/i0.wp.com\/lyonelkaufmann.ch\/Blog\/wp-content\/uploads\/2015\/03\/DSCN3167.jpg?resize=600%2C450&ssl=1","author_info":{"display_name":"Lyonel Kaufmann","author_link":"https:\/\/lyonelkaufmann.ch\/Blog\/author\/lyonelk\/"},"jetpack_featured_media_url":"https:\/\/i0.wp.com\/lyonelkaufmann.ch\/Blog\/wp-content\/uploads\/2015\/03\/DSCN3167.jpg?fit=600%2C450&ssl=1","jetpack_sharing_enabled":true,"jetpack_shortlink":"https:\/\/wp.me\/p1qtF4-1Dg","jetpack-related-posts":[{"id":27052,"url":"https:\/\/lyonelkaufmann.ch\/Blog\/2025\/06\/01\/champex-lac-29-05-2025\/","url_meta":{"origin":6278,"position":0},"title":"Champex-Lac (29-05-2025)","author":"Lyonel Kaufmann","date":"1 juin 2025","format":false,"excerpt":"En ce jour f\u00e9ri\u00e9 du jeudi de l'Ascension, nous profitions de cette journ\u00e9e ensoleill\u00e9e pour nous rendre \u00e0 Champex-Lac. Ce lieu a une saveur particuli\u00e8re depuis que nous y avons pass\u00e9 un mois magnifique en famille en juillet-ao\u00fbt 1999 alors que nous avions pris nos distance avec le bruit et\u2026","rel":"","context":"Dans &quot;Blogcaf\u00e9&quot;","block_context":{"text":"Blogcaf\u00e9","link":"https:\/\/lyonelkaufmann.ch\/Blog\/category\/blogcafe-2\/"},"img":{"alt_text":"","src":"https:\/\/i0.wp.com\/lyonelkaufmann.ch\/Blog\/wp-content\/uploads\/2025\/06\/IMG_0810-scaled-e1748816541215.jpg?fit=1200%2C900&ssl=1&resize=350%2C200","width":350,"height":200,"srcset":"https:\/\/i0.wp.com\/lyonelkaufmann.ch\/Blog\/wp-content\/uploads\/2025\/06\/IMG_0810-scaled-e1748816541215.jpg?fit=1200%2C900&ssl=1&resize=350%2C200 1x, https:\/\/i0.wp.com\/lyonelkaufmann.ch\/Blog\/wp-content\/uploads\/2025\/06\/IMG_0810-scaled-e1748816541215.jpg?fit=1200%2C900&ssl=1&resize=525%2C300 1.5x, https:\/\/i0.wp.com\/lyonelkaufmann.ch\/Blog\/wp-content\/uploads\/2025\/06\/IMG_0810-scaled-e1748816541215.jpg?fit=1200%2C900&ssl=1&resize=700%2C400 2x, https:\/\/i0.wp.com\/lyonelkaufmann.ch\/Blog\/wp-content\/uploads\/2025\/06\/IMG_0810-scaled-e1748816541215.jpg?fit=1200%2C900&ssl=1&resize=1050%2C600 3x"},"classes":[]},{"id":2975,"url":"https:\/\/lyonelkaufmann.ch\/Blog\/2009\/08\/30\/champex-val-darpette\/","url_meta":{"origin":6278,"position":1},"title":"Champex &#8211; Val d&rsquo;Arpette","author":"Lyonel Kaufmann","date":"30 ao\u00fbt 2009","format":"aside","excerpt":"J'ai pass\u00e9 hier une superbe journ\u00e9e hier \u00e0 Champex Lac avec l'exposition de sculpture de Ren\u00e9 K\u00fcng au Jardin Alpin, puis avec une grimpette au Val d'Arpette. Je vous propose ici une photo tr\u00e8s hihghland \u00e0 mon go\u00fbt sur la Fen\u00eatre d'Arpette qui permet ensuite de rejoindre le col de\u2026","rel":"","context":"Dans &quot;Blogcaf\u00e9&quot;","block_context":{"text":"Blogcaf\u00e9","link":"https:\/\/lyonelkaufmann.ch\/Blog\/category\/blogcafe-2\/"},"img":{"alt_text":"","src":"https:\/\/i0.wp.com\/lyonelkaufmann.ch\/Blog\/wp-content\/uploads\/2015\/03\/3870586365_960960e9d1.jpg?fit=500%2C281&ssl=1&resize=350%2C200","width":350,"height":200},"classes":[]},{"id":18950,"url":"https:\/\/lyonelkaufmann.ch\/Blog\/2018\/01\/02\/la-vie-comme-a-champex-hipstamatic-jane-inas1982-triplecrown\/","url_meta":{"origin":6278,"position":2},"title":"La vie comme \u00e0 Champex #Hipstamatic #Jane #Inas1982 #TripleCrown","author":"Lyonel Kaufmann","date":"2 janvier 2018","format":false,"excerpt":"from Instagram: http:\/\/ift.tt\/2lFDtKK","rel":"","context":"Dans &quot;Blogcaf\u00e9&quot;","block_context":{"text":"Blogcaf\u00e9","link":"https:\/\/lyonelkaufmann.ch\/Blog\/category\/blogcafe-2\/"},"img":{"alt_text":"","src":"","width":0,"height":0},"classes":[]},{"id":15169,"url":"https:\/\/lyonelkaufmann.ch\/Blog\/2015\/08\/16\/nyon-lac-par-lyonel-kaufmann-via-flickr\/","url_meta":{"origin":6278,"position":3},"title":"Nyon &#8211; Lac","author":"Lyonel Kaufmann","date":"16 ao\u00fbt 2015","format":false,"excerpt":"Nyon - Lac par Lyonel Kaufmann Bord du lac \u00e0 Nyon pendant le Festival des Arts vivants","rel":"","context":"Dans &quot;Photo du jour&quot;","block_context":{"text":"Photo du jour","link":"https:\/\/lyonelkaufmann.ch\/Blog\/category\/photo-du-jour\/"},"img":{"alt_text":"","src":"https:\/\/i0.wp.com\/lyonelkaufmann.ch\/Blog\/wp-content\/uploads\/2015\/08\/20433199480_022eac6ec3_c.jpg?fit=800%2C600&ssl=1&resize=350%2C200","width":350,"height":200,"srcset":"https:\/\/i0.wp.com\/lyonelkaufmann.ch\/Blog\/wp-content\/uploads\/2015\/08\/20433199480_022eac6ec3_c.jpg?fit=800%2C600&ssl=1&resize=350%2C200 1x, https:\/\/i0.wp.com\/lyonelkaufmann.ch\/Blog\/wp-content\/uploads\/2015\/08\/20433199480_022eac6ec3_c.jpg?fit=800%2C600&ssl=1&resize=525%2C300 1.5x, https:\/\/i0.wp.com\/lyonelkaufmann.ch\/Blog\/wp-content\/uploads\/2015\/08\/20433199480_022eac6ec3_c.jpg?fit=800%2C600&ssl=1&resize=700%2C400 2x"},"classes":[]},{"id":10044,"url":"https:\/\/lyonelkaufmann.ch\/Blog\/2013\/07\/17\/lac-saint-jean-quebec-2013\/","url_meta":{"origin":6278,"position":4},"title":"Lac Saint-Jean | Qu\u00e9bec 2013","author":"Lyonel Kaufmann","date":"17 juillet 2013","format":"gallery","excerpt":"Il n'\u00e9tait pas dans notre id\u00e9e de venir au Qu\u00e9bec dans l'optique d'un voyage baln\u00e9aire. Pourtant, en fonction des temp\u00e9rature estivales et des douces plages de sable fin du Lac Saint-Jean, nous avons pu profiter \u00e0 la Pointe-Taillon d'un moment de plage et de baignade apr\u00e8s une heure de kayak.\u2026","rel":"","context":"Dans &quot;Roadbook&quot;","block_context":{"text":"Roadbook","link":"https:\/\/lyonelkaufmann.ch\/Blog\/category\/roadbook\/"},"img":{"alt_text":"","src":"https:\/\/i0.wp.com\/lyonelkaufmann.ch\/Blog\/wp-content\/uploads\/2015\/03\/20130717-092615.jpg?fit=801%2C451&ssl=1&resize=350%2C200","width":350,"height":200,"srcset":"https:\/\/i0.wp.com\/lyonelkaufmann.ch\/Blog\/wp-content\/uploads\/2015\/03\/20130717-092615.jpg?fit=801%2C451&ssl=1&resize=350%2C200 1x, https:\/\/i0.wp.com\/lyonelkaufmann.ch\/Blog\/wp-content\/uploads\/2015\/03\/20130717-092615.jpg?fit=801%2C451&ssl=1&resize=525%2C300 1.5x, https:\/\/i0.wp.com\/lyonelkaufmann.ch\/Blog\/wp-content\/uploads\/2015\/03\/20130717-092615.jpg?fit=801%2C451&ssl=1&resize=700%2C400 2x"},"classes":[]},{"id":12675,"url":"https:\/\/lyonelkaufmann.ch\/Blog\/2010\/10\/29\/desenzano-lac-de-garde-26-octobre-2010\/","url_meta":{"origin":6278,"position":5},"title":"Desenzano \u2013 Lac de Garde (26 octobre 2010)","author":"Lyonel Kaufmann","date":"29 octobre 2010","format":"aside","excerpt":"Desenzano - Lac de Garde (26 octobre 2010), premi\u00e8re mise en ligne par lyonelkaufmann. En ce jour gris d'automne, le lac, les montagnes et le nuages tendent \u00e0 ne faire qu'un. Les sommets enneig\u00e9s nous font douter de la saison...","rel":"","context":"Dans &quot;Blogcaf\u00e9&quot;","block_context":{"text":"Blogcaf\u00e9","link":"https:\/\/lyonelkaufmann.ch\/Blog\/category\/blogcafe-2\/"},"img":{"alt_text":"","src":"https:\/\/i0.wp.com\/lyonelkaufmann.ch\/Blog\/wp-content\/uploads\/2015\/03\/5126392846_7d8d71b05f_z.jpg?fit=480%2C640&ssl=1&resize=350%2C200","width":350,"height":200},"classes":[]}],"jetpack_likes_enabled":true,"_links":{"self":[{"href":"https:\/\/lyonelkaufmann.ch\/Blog\/wp-json\/wp\/v2\/posts\/6278","targetHints":{"allow":["GET"]}}],"collection":[{"href":"https:\/\/lyonelkaufmann.ch\/Blog\/wp-json\/wp\/v2\/posts"}],"about":[{"href":"https:\/\/lyonelkaufmann.ch\/Blog\/wp-json\/wp\/v2\/types\/post"}],"author":[{"embeddable":true,"href":"https:\/\/lyonelkaufmann.ch\/Blog\/wp-json\/wp\/v2\/users\/1"}],"replies":[{"embeddable":true,"href":"https:\/\/lyonelkaufmann.ch\/Blog\/wp-json\/wp\/v2\/comments?post=6278"}],"version-history":[{"count":1,"href":"https:\/\/lyonelkaufmann.ch\/Blog\/wp-json\/wp\/v2\/posts\/6278\/revisions"}],"predecessor-version":[{"id":24649,"href":"https:\/\/lyonelkaufmann.ch\/Blog\/wp-json\/wp\/v2\/posts\/6278\/revisions\/24649"}],"wp:featuredmedia":[{"embeddable":true,"href":"https:\/\/lyonelkaufmann.ch\/Blog\/wp-json\/wp\/v2\/media\/13927"}],"wp:attachment":[{"href":"https:\/\/lyonelkaufmann.ch\/Blog\/wp-json\/wp\/v2\/media?parent=6278"}],"wp:term":[{"taxonomy":"category","embeddable":true,"href":"https:\/\/lyonelkaufmann.ch\/Blog\/wp-json\/wp\/v2\/categories?post=6278"},{"taxonomy":"post_tag","embeddable":true,"href":"https:\/\/lyonelkaufmann.ch\/Blog\/wp-json\/wp\/v2\/tags?post=6278"}],"curies":[{"name":"wp","href":"https:\/\/api.w.org\/{rel}","templated":true}]}}