{"id":6285,"date":"2012-10-16T05:39:57","date_gmt":"2012-10-16T05:39:57","guid":{"rendered":"http:\/\/lyonelkaufmann.ch\/histoire\/?p=6285"},"modified":"2012-10-16T05:39:57","modified_gmt":"2012-10-16T05:39:57","slug":"les-indiens-a-la-conquete-de-louest-la-vie-des-idees","status":"publish","type":"post","link":"https:\/\/lyonelkaufmann.ch\/Blog\/2012\/10\/16\/les-indiens-a-la-conquete-de-louest-la-vie-des-idees\/","title":{"rendered":"Les Indiens \u00e0 la conqu\u00eate de l\u2019Ouest | La Vie des id\u00e9es"},"content":{"rendered":"<p><a href=\"http:\/\/www.laviedesidees.fr\/Les-Indiens-a-la-conquete-de-l.html\"><img data-recalc-dims=\"1\" loading=\"lazy\" decoding=\"async\" class=\"alignleft\" src=\"https:\/\/i0.wp.com\/lyonelkaufmann.ch\/histoire\/wp-content\/uploads\/2012\/10\/arton2053-35d31.jpg?resize=136%2C200\" alt=\"\" width=\"136\" height=\"200\" \/><\/a> <strong>D\u00e9passer le r\u00e9cit national\u00a0: ce d\u00e9fi occupe les historiens depuis plusieurs d\u00e9cennies. Appliqu\u00e9e \u00e0 l\u2019Am\u00e9rique du Nord, il a boulevers\u00e9 notre compr\u00e9hension de ph\u00e9nom\u00e8nes historiques comme la \u00ab\u00a0Conqu\u00eate de l\u2019Ouest\u00a0\u00bb. Un historien finlandais propose, \u00e0 travers l\u2019histoire des Comanches, de pousser jusqu\u2019au bout ce renversement de perspectives pour mettre en avant la puissance des Indig\u00e8nes face aux Europ\u00e9ens.<\/strong><\/p>\n<p>Le livre de Pekka H\u00e4m\u00e4l\u00e4inen est paru aux presses universitaires de Yale en 2008. H\u00e4m\u00e4l\u00e4inen est professeur d\u2019histoire \u00e0 l\u2019Universit\u00e9 de Californie \u00e0 Santa Barbara puis \u00e0 Oxford, form\u00e9 aux universit\u00e9s d\u2019Helsinki et du Nebraska. Il a r\u00e9dig\u00e9 un ouvrage qui correspond bien aux normes actuelles des collections historiques des presses universitaires am\u00e9ricaines, soucieuses d\u2019\u00e9tendre leur public au del\u00e0 du monde universitaire en abordant des th\u00e8mes qui entrent en r\u00e9sonance avec des probl\u00e8mes contemporains.<\/p>\n<p>La d\u00e9marche d\u2019H\u00e4m\u00e4l\u00e4inen rel\u00e8ve de ce qu\u2019on appelle en anglais un <em>revisionism<\/em>. Il h\u00e9rite cette posture et ce projet d\u2019une g\u00e9n\u00e9ration ant\u00e9rieure d\u2019historiens am\u00e9ricains sp\u00e9cialistes des rapports entre indig\u00e8nes et colons. Ces auteurs ont repris, pour essayer de lui tordre le cou, le vieux th\u00e8me de la Fronti\u00e8re qui avait fait la gloire de Frederick Jackson Turner, figure centrale de l\u2019\u00e9cole historique am\u00e9ricaine au tournant du vingti\u00e8me si\u00e8cle dont les id\u00e9es ont domin\u00e9 l\u2019histoire de l\u2019Ouest jusque dans les ann\u00e9es 1960.<\/p>\n<p>Recens\u00e9 : Pekka H\u00e4m\u00e4l\u00e4inen, <em>L\u2019Empire Comanche<\/em>, traduit de l\u2019anglais par Fr\u00e9d\u00e9ric Cotton, pr\u00e9face de Richard White. Toulouse, \u00e9ditions Anacharsis, 2012, 599 p., 28 \u20ac.<\/p>\n<p>Lire le compte-rendu :\u00a0<a href=\"http:\/\/www.laviedesidees.fr\/Les-Indiens-a-la-conquete-de-l.html\">Les Indiens \u00e0 la conqu\u00eate de l\u2019Ouest &#8211; La Vie des id\u00e9es<\/a>.<\/p>\n","protected":false},"excerpt":{"rendered":"<p>D\u00e9passer le r\u00e9cit national\u00a0: ce d\u00e9fi occupe les historiens depuis plusieurs d\u00e9cennies. Appliqu\u00e9e \u00e0 l\u2019Am\u00e9rique du Nord, il a boulevers\u00e9 notre compr\u00e9hension de ph\u00e9nom\u00e8nes historiques comme la \u00ab\u00a0Conqu\u00eate de l\u2019Ouest\u00a0\u00bb. Un historien finlandais propose, \u00e0 travers l\u2019histoire des Comanches, de pousser jusqu\u2019au bout ce renversement de perspectives pour mettre en avant la puissance des Indig\u00e8nes [&hellip;]<\/p>\n","protected":false},"author":1,"featured_media":14148,"comment_status":"open","ping_status":"open","sticky":false,"template":"","format":"standard","meta":{"_import_markdown_pro_load_document_selector":0,"_import_markdown_pro_submit_text_textarea":"","_genesis_hide_title":false,"_genesis_hide_breadcrumbs":false,"_genesis_hide_singular_image":false,"_genesis_hide_footer_widgets":false,"_genesis_custom_body_class":"","_genesis_custom_post_class":"","_genesis_layout":"","jetpack_post_was_ever_published":false,"_jetpack_newsletter_access":"","_jetpack_dont_email_post_to_subs":false,"_jetpack_newsletter_tier_id":0,"_jetpack_memberships_contains_paywalled_content":false,"_jetpack_memberships_contains_paid_content":false,"activitypub_content_warning":"","activitypub_content_visibility":"","activitypub_max_image_attachments":3,"activitypub_interaction_policy_quote":"anyone","activitypub_status":"","footnotes":"","jetpack_publicize_message":"","jetpack_publicize_feature_enabled":true,"jetpack_social_post_already_shared":true,"jetpack_social_options":{"image_generator_settings":{"template":"fullscreen","default_image_id":0,"font":"","enabled":false},"version":2}},"categories":[2],"tags":[],"class_list":{"0":"post-6285","1":"post","2":"type-post","3":"status-publish","4":"format-standard","5":"has-post-thumbnail","7":"category-histoire-2","8":"entry"},"jetpack_publicize_connections":[],"featured_image_src":"https:\/\/i0.wp.com\/lyonelkaufmann.ch\/Blog\/wp-content\/uploads\/2015\/03\/arton2053-35d31.jpg?resize=136%2C200&ssl=1","featured_image_src_square":"https:\/\/i0.wp.com\/lyonelkaufmann.ch\/Blog\/wp-content\/uploads\/2015\/03\/arton2053-35d31.jpg?resize=136%2C200&ssl=1","author_info":{"display_name":"Lyonel Kaufmann","author_link":"https:\/\/lyonelkaufmann.ch\/Blog\/author\/lyonelk\/"},"jetpack_featured_media_url":"https:\/\/i0.wp.com\/lyonelkaufmann.ch\/Blog\/wp-content\/uploads\/2015\/03\/arton2053-35d31.jpg?fit=136%2C200&ssl=1","jetpack_sharing_enabled":true,"jetpack_shortlink":"https:\/\/wp.me\/p1qtF4-1Dn","jetpack-related-posts":[{"id":5908,"url":"https:\/\/lyonelkaufmann.ch\/Blog\/2012\/08\/12\/revue-de-presse-engouement-massif-pour-les-mooc-affaires-universitaires\/","url_meta":{"origin":6285,"position":0},"title":"Revue de presse : Engouement massif pour les MOOC | Affaires universitaires","author":"Lyonel Kaufmann","date":"12 ao\u00fbt 2012","format":false,"excerpt":"Qu\u2019est-ce qu\u2019un MOOC? Cet acronyme qui n\u2019a apparemment pas encore \u00e9t\u00e9 traduit signifie massive open online course, ou cours massif en ligne. Les MOOC font d\u00e9cid\u00e9ment fureur dans le milieu universitaire, en particulier aux \u00c9tats-Unis. Il ne se passe pratiquement pas une journ\u00e9e sans qu'un article ou une lettre d\u2019opinion\u2026","rel":"","context":"Dans &quot;histoire&quot;","block_context":{"text":"histoire","link":"https:\/\/lyonelkaufmann.ch\/Blog\/category\/histoire-2\/"},"img":{"alt_text":"","src":"https:\/\/i0.wp.com\/lyonelkaufmann.ch\/Blog\/wp-content\/uploads\/2015\/03\/blogcafe1.jpg?fit=1024%2C683&ssl=1&resize=350%2C200","width":350,"height":200,"srcset":"https:\/\/i0.wp.com\/lyonelkaufmann.ch\/Blog\/wp-content\/uploads\/2015\/03\/blogcafe1.jpg?fit=1024%2C683&ssl=1&resize=350%2C200 1x, https:\/\/i0.wp.com\/lyonelkaufmann.ch\/Blog\/wp-content\/uploads\/2015\/03\/blogcafe1.jpg?fit=1024%2C683&ssl=1&resize=525%2C300 1.5x, https:\/\/i0.wp.com\/lyonelkaufmann.ch\/Blog\/wp-content\/uploads\/2015\/03\/blogcafe1.jpg?fit=1024%2C683&ssl=1&resize=700%2C400 2x"},"classes":[]},{"id":5593,"url":"https:\/\/lyonelkaufmann.ch\/Blog\/2012\/07\/04\/histoire-serieuse-et-histoire-grand-public-la-concurrence-des-histoires-chronique-no-134\/","url_meta":{"origin":6285,"position":1},"title":"Histoire \u00abs\u00e9rieuse\u00bb et histoire grand public : la concurrence des histoires ? |\u00a0Chronique no 134","author":"Lyonel Kaufmann","date":"4 juillet 2012","format":false,"excerpt":"A intervalle r\u00e9gulier, l\u2019histoire universitaire renvoie aupr\u00e8s du grand public une image peu flatteuse d\u2019elle-m\u00eame. Dans son num\u00e9ro de mars 2012 et sur son site internet, l\u2019American Historical Association (AHA) d\u00e9battait du \u00abProfessionnal Boredom\u00bb\u00a0in History (L\u2019ennui professionnel en histoire) et son pr\u00e9sident William Cronon plaidait pour une \u00e9criture de l\u2019histoire\u2026","rel":"","context":"Dans &quot;histoire&quot;","block_context":{"text":"histoire","link":"https:\/\/lyonelkaufmann.ch\/Blog\/category\/histoire-2\/"},"img":{"alt_text":"","src":"https:\/\/i0.wp.com\/lyonelkaufmann.ch\/Blog\/wp-content\/uploads\/2015\/03\/blogcafe1.jpg?fit=1024%2C683&ssl=1&resize=350%2C200","width":350,"height":200,"srcset":"https:\/\/i0.wp.com\/lyonelkaufmann.ch\/Blog\/wp-content\/uploads\/2015\/03\/blogcafe1.jpg?fit=1024%2C683&ssl=1&resize=350%2C200 1x, https:\/\/i0.wp.com\/lyonelkaufmann.ch\/Blog\/wp-content\/uploads\/2015\/03\/blogcafe1.jpg?fit=1024%2C683&ssl=1&resize=525%2C300 1.5x, https:\/\/i0.wp.com\/lyonelkaufmann.ch\/Blog\/wp-content\/uploads\/2015\/03\/blogcafe1.jpg?fit=1024%2C683&ssl=1&resize=700%2C400 2x"},"classes":[]},{"id":12767,"url":"https:\/\/lyonelkaufmann.ch\/Blog\/2012\/08\/12\/revue-de-presse-engouement-massif-pour-les-mooc-affaires-universitaires-2\/","url_meta":{"origin":6285,"position":2},"title":"Revue de presse : Engouement massif pour les MOOC | Affaires universitaires","author":"Lyonel Kaufmann","date":"12 ao\u00fbt 2012","format":false,"excerpt":"Qu\u2019est-ce qu\u2019un MOOC? Cet acronyme qui n\u2019a apparemment pas encore \u00e9t\u00e9 traduit signifie massive open online course, ou cours massif en ligne. Les MOOC font d\u00e9cid\u00e9ment fureur dans le milieu universitaire, en particulier aux \u00c9tats-Unis. Il ne se passe pratiquement pas une journ\u00e9e sans qu'un article ou une lettre d\u2019opinion\u2026","rel":"","context":"Dans &quot;L'Expresso&quot;","block_context":{"text":"L'Expresso","link":"https:\/\/lyonelkaufmann.ch\/Blog\/category\/breves\/"},"img":{"alt_text":"","src":"https:\/\/i0.wp.com\/lyonelkaufmann.ch\/Blog\/wp-content\/uploads\/2015\/03\/blogcafe1.jpg?fit=1024%2C683&ssl=1&resize=350%2C200","width":350,"height":200,"srcset":"https:\/\/i0.wp.com\/lyonelkaufmann.ch\/Blog\/wp-content\/uploads\/2015\/03\/blogcafe1.jpg?fit=1024%2C683&ssl=1&resize=350%2C200 1x, https:\/\/i0.wp.com\/lyonelkaufmann.ch\/Blog\/wp-content\/uploads\/2015\/03\/blogcafe1.jpg?fit=1024%2C683&ssl=1&resize=525%2C300 1.5x, https:\/\/i0.wp.com\/lyonelkaufmann.ch\/Blog\/wp-content\/uploads\/2015\/03\/blogcafe1.jpg?fit=1024%2C683&ssl=1&resize=700%2C400 2x"},"classes":[]},{"id":3300,"url":"https:\/\/lyonelkaufmann.ch\/Blog\/2010\/11\/08\/du-savoir-historique-au-savoir-ludique-la-mediatisation-de-lhistoire-dans-les-jeux-de-roles-le-magasin-des-enfants\/","url_meta":{"origin":6285,"position":3},"title":"\u00ab Du savoir historique au savoir ludique : la m\u00e9diatisation de l\u2019histoire dans les jeux de r\u00f4les \u00bb | Le magasin des enfants","author":"Lyonel Kaufmann","date":"8 novembre 2010","format":false,"excerpt":"Voil\u00e0 une d\u00e9fense de th\u00e8se suscitant notre int\u00e9r\u00eat et pour laquelle il faut esp\u00e9rer une publication rapide sous une forme ou une autre. En effet, Antoine Dauphragne soutiendra le vendredi 3 d\u00e9cembre \u00e0 9h sa th\u00e8se de doctorat en sciences de l\u2019\u00e9ducation, \u00e0 l\u2019universit\u00e9 Paris 13, campus de Villetaneuse, salle\u2026","rel":"","context":"Dans &quot;histoire&quot;","block_context":{"text":"histoire","link":"https:\/\/lyonelkaufmann.ch\/Blog\/category\/histoire-2\/"},"img":{"alt_text":"","src":"https:\/\/i0.wp.com\/lyonelkaufmann.ch\/Blog\/wp-content\/uploads\/2015\/03\/blogcafe1.jpg?fit=1024%2C683&ssl=1&resize=350%2C200","width":350,"height":200,"srcset":"https:\/\/i0.wp.com\/lyonelkaufmann.ch\/Blog\/wp-content\/uploads\/2015\/03\/blogcafe1.jpg?fit=1024%2C683&ssl=1&resize=350%2C200 1x, https:\/\/i0.wp.com\/lyonelkaufmann.ch\/Blog\/wp-content\/uploads\/2015\/03\/blogcafe1.jpg?fit=1024%2C683&ssl=1&resize=525%2C300 1.5x, https:\/\/i0.wp.com\/lyonelkaufmann.ch\/Blog\/wp-content\/uploads\/2015\/03\/blogcafe1.jpg?fit=1024%2C683&ssl=1&resize=700%2C400 2x"},"classes":[]},{"id":8498,"url":"https:\/\/lyonelkaufmann.ch\/Blog\/2014\/11\/05\/regards-dun-historien-sur-les-sciences-humaines-numeriques\/","url_meta":{"origin":6285,"position":4},"title":"Regards d\u2019un historien sur les sciences humaines num\u00e9riques","author":"Lyonel Kaufmann","date":"5 novembre 2014","format":false,"excerpt":"En f\u00e9vrier dernier, l\u2019expression digital humanities atteignait la cote de 100\u00a0% sur Google Trends. Pour certains enthousiastes, ces sciences humaines num\u00e9riques repr\u00e9senteraient l\u2019avenir, voire une planche de salut pour les programmes en lettres, sciences humaines et sciences sociales, qui souffrent d\u2019une remise en question de leur valeur \u00e9manant de la\u2026","rel":"","context":"Dans &quot;histoire&quot;","block_context":{"text":"histoire","link":"https:\/\/lyonelkaufmann.ch\/Blog\/category\/histoire-2\/"},"img":{"alt_text":"","src":"","width":0,"height":0},"classes":[]},{"id":7713,"url":"https:\/\/lyonelkaufmann.ch\/Blog\/2006\/06\/25\/plus-question-de-critiquer-lhistoire-officielle-en-floride\/","url_meta":{"origin":6285,"position":5},"title":"Plus question de critiquer l&rsquo;histoire officielle en Floride","author":"Lyonel Kaufmann","date":"25 juin 2006","format":false,"excerpt":"Extrait du Los Angeles Times, traduit par le Courrier International : \" Les professeurs devront enseigner l'histoire authentique des Etats-Unis et ne devront pas suivre les th\u00e9ories r\u00e9visionnistes ou postmodernistes sur la relativit\u00e9 de la v\u00e9rit\u00e9 historique \", affirme la loi sur l'\u00e9ducation de l'Etat de Floride que vient de\u2026","rel":"","context":"Dans &quot;histoire&quot;","block_context":{"text":"histoire","link":"https:\/\/lyonelkaufmann.ch\/Blog\/category\/histoire-2\/"},"img":{"alt_text":"","src":"https:\/\/i0.wp.com\/lyonelkaufmann.ch\/Blog\/wp-content\/uploads\/2015\/03\/blogcafe1.jpg?fit=1024%2C683&ssl=1&resize=350%2C200","width":350,"height":200,"srcset":"https:\/\/i0.wp.com\/lyonelkaufmann.ch\/Blog\/wp-content\/uploads\/2015\/03\/blogcafe1.jpg?fit=1024%2C683&ssl=1&resize=350%2C200 1x, https:\/\/i0.wp.com\/lyonelkaufmann.ch\/Blog\/wp-content\/uploads\/2015\/03\/blogcafe1.jpg?fit=1024%2C683&ssl=1&resize=525%2C300 1.5x, https:\/\/i0.wp.com\/lyonelkaufmann.ch\/Blog\/wp-content\/uploads\/2015\/03\/blogcafe1.jpg?fit=1024%2C683&ssl=1&resize=700%2C400 2x"},"classes":[]}],"jetpack_likes_enabled":true,"_links":{"self":[{"href":"https:\/\/lyonelkaufmann.ch\/Blog\/wp-json\/wp\/v2\/posts\/6285","targetHints":{"allow":["GET"]}}],"collection":[{"href":"https:\/\/lyonelkaufmann.ch\/Blog\/wp-json\/wp\/v2\/posts"}],"about":[{"href":"https:\/\/lyonelkaufmann.ch\/Blog\/wp-json\/wp\/v2\/types\/post"}],"author":[{"embeddable":true,"href":"https:\/\/lyonelkaufmann.ch\/Blog\/wp-json\/wp\/v2\/users\/1"}],"replies":[{"embeddable":true,"href":"https:\/\/lyonelkaufmann.ch\/Blog\/wp-json\/wp\/v2\/comments?post=6285"}],"version-history":[{"count":0,"href":"https:\/\/lyonelkaufmann.ch\/Blog\/wp-json\/wp\/v2\/posts\/6285\/revisions"}],"wp:featuredmedia":[{"embeddable":true,"href":"https:\/\/lyonelkaufmann.ch\/Blog\/wp-json\/wp\/v2\/media\/14148"}],"wp:attachment":[{"href":"https:\/\/lyonelkaufmann.ch\/Blog\/wp-json\/wp\/v2\/media?parent=6285"}],"wp:term":[{"taxonomy":"category","embeddable":true,"href":"https:\/\/lyonelkaufmann.ch\/Blog\/wp-json\/wp\/v2\/categories?post=6285"},{"taxonomy":"post_tag","embeddable":true,"href":"https:\/\/lyonelkaufmann.ch\/Blog\/wp-json\/wp\/v2\/tags?post=6285"}],"curies":[{"name":"wp","href":"https:\/\/api.w.org\/{rel}","templated":true}]}}