{"id":6286,"date":"2012-06-20T01:27:11","date_gmt":"2012-06-20T00:27:11","guid":{"rendered":"https:\/\/lyonelkaufmann.ch\/Blog\/?p=6286"},"modified":"2024-01-02T01:26:21","modified_gmt":"2024-01-02T00:26:21","slug":"photo-du-jour-fleur-de-nenuphar","status":"publish","type":"post","link":"https:\/\/lyonelkaufmann.ch\/Blog\/2012\/06\/20\/photo-du-jour-fleur-de-nenuphar\/","title":{"rendered":"Photo du jour : Fleur de n\u00e9nuphar"},"content":{"rendered":"<p><img data-recalc-dims=\"1\" loading=\"lazy\" decoding=\"async\" style=\"display:block;margin-left:auto;margin-right:auto;\" title=\"Nenuphar_Lac_des_Joncs.jpg\" alt=\"Nenuphar Lac des Joncs\" src=\"https:\/\/i0.wp.com\/lyonelkaufmann.ch\/Blog\/wp-content\/uploads\/2012\/06\/Nenuphar_Lac_des_Joncs.jpg?resize=500%2C754&#038;ssl=1\" width=\"500\" height=\"754\" border=\"0\" \/><\/p>\n<p style=\"text-align:center;\">Fleur de N\u00e9nuphar &#8211; Lac des Joncs (18 juin 2012)<\/p>\n","protected":false},"excerpt":{"rendered":"<p>Fleur de N\u00e9nuphar &#8211; Lac des Joncs (18 juin 2012)<\/p>\n","protected":false},"author":1,"featured_media":13928,"comment_status":"open","ping_status":"open","sticky":false,"template":"","format":"image","meta":{"_import_markdown_pro_load_document_selector":0,"_import_markdown_pro_submit_text_textarea":"","_genesis_hide_title":false,"_genesis_hide_breadcrumbs":false,"_genesis_hide_singular_image":false,"_genesis_hide_footer_widgets":false,"_genesis_custom_body_class":"","_genesis_custom_post_class":"","_genesis_layout":"","jetpack_post_was_ever_published":false,"_jetpack_newsletter_access":"","_jetpack_dont_email_post_to_subs":false,"_jetpack_newsletter_tier_id":0,"_jetpack_memberships_contains_paywalled_content":false,"_jetpack_memberships_contains_paid_content":false,"activitypub_content_warning":"","activitypub_content_visibility":"","activitypub_max_image_attachments":3,"activitypub_interaction_policy_quote":"anyone","activitypub_status":"","footnotes":"","jetpack_publicize_message":"","jetpack_publicize_feature_enabled":true,"jetpack_social_post_already_shared":true,"jetpack_social_options":{"image_generator_settings":{"template":"fullscreen","default_image_id":0,"font":"","enabled":false},"version":2}},"categories":[3],"tags":[],"class_list":{"0":"post-6286","1":"post","2":"type-post","3":"status-publish","4":"format-image","5":"has-post-thumbnail","7":"category-blogcafe-2","8":"post_format-post-format-image","9":"entry"},"jetpack_publicize_connections":[],"featured_image_src":"https:\/\/i0.wp.com\/lyonelkaufmann.ch\/Blog\/wp-content\/uploads\/2015\/03\/Nenuphar_Lac_des_Joncs.jpg?resize=500%2C400&ssl=1","featured_image_src_square":"https:\/\/i0.wp.com\/lyonelkaufmann.ch\/Blog\/wp-content\/uploads\/2015\/03\/Nenuphar_Lac_des_Joncs.jpg?resize=500%2C600&ssl=1","author_info":{"display_name":"Lyonel Kaufmann","author_link":"https:\/\/lyonelkaufmann.ch\/Blog\/author\/lyonelk\/"},"jetpack_featured_media_url":"https:\/\/i0.wp.com\/lyonelkaufmann.ch\/Blog\/wp-content\/uploads\/2015\/03\/Nenuphar_Lac_des_Joncs.jpg?fit=500%2C754&ssl=1","jetpack_sharing_enabled":true,"jetpack_shortlink":"https:\/\/wp.me\/p1qtF4-1Do","jetpack-related-posts":[{"id":6278,"url":"https:\/\/lyonelkaufmann.ch\/Blog\/2012\/06\/18\/photo-du-jour-champex-lac\/","url_meta":{"origin":6286,"position":0},"title":"Photo du jour : Champex-Lac","author":"Lyonel Kaufmann","date":"18 juin 2012","format":"image","excerpt":"Ce dimanche, nous avons effectu\u00e9 une petite escapade \u00e0 Champex-Lac. C'est un lieu particulier depuis que nous y avons s\u00e9journ\u00e9 en famille tout l'\u00e9t\u00e9 en 1999. D\u00e9sormais cela ressemble \u00e0 une forme de p\u00e8lerinage, fort agr\u00e9able lorsqu'il s'agit de manger une coupe de glace juste \u00e0 c\u00f4t\u00e9 de la location\u2026","rel":"","context":"Dans &quot;Blogcaf\u00e9&quot;","block_context":{"text":"Blogcaf\u00e9","link":"https:\/\/lyonelkaufmann.ch\/Blog\/category\/blogcafe-2\/"},"img":{"alt_text":"","src":"https:\/\/i0.wp.com\/lyonelkaufmann.ch\/Blog\/wp-content\/uploads\/2015\/03\/DSCN3167.jpg?fit=600%2C450&ssl=1&resize=350%2C200","width":350,"height":200,"srcset":"https:\/\/i0.wp.com\/lyonelkaufmann.ch\/Blog\/wp-content\/uploads\/2015\/03\/DSCN3167.jpg?fit=600%2C450&ssl=1&resize=350%2C200 1x, https:\/\/i0.wp.com\/lyonelkaufmann.ch\/Blog\/wp-content\/uploads\/2015\/03\/DSCN3167.jpg?fit=600%2C450&ssl=1&resize=525%2C300 1.5x"},"classes":[]},{"id":11535,"url":"https:\/\/lyonelkaufmann.ch\/Blog\/2014\/05\/22\/lac-des-joncs\/","url_meta":{"origin":6286,"position":1},"title":"Lac des joncs","author":"Lyonel Kaufmann","date":"22 mai 2014","format":false,"excerpt":"En cette fin d'apr\u00e8s-midi, le climat printanier invitait \u00e0 une fl\u00e2nerie avant de rentrer. Ma fl\u00e2nerie prit la direction des Paccots et du Lac des joncs. La terrasse de l'auberge me permit de l\u00e9zarder alors que le lac offre les plaisirs de la nature et un terrain d'exp\u00e9rimentation photographique. Photo\u2026","rel":"","context":"Dans &quot;L'Expresso&quot;","block_context":{"text":"L'Expresso","link":"https:\/\/lyonelkaufmann.ch\/Blog\/category\/breves\/"},"img":{"alt_text":"","src":"https:\/\/i0.wp.com\/lyonelkaufmann.ch\/Blog\/wp-content\/uploads\/2015\/02\/20140523-003538-2138659.jpg?fit=720%2C480&ssl=1&resize=350%2C200","width":350,"height":200,"srcset":"https:\/\/i0.wp.com\/lyonelkaufmann.ch\/Blog\/wp-content\/uploads\/2015\/02\/20140523-003538-2138659.jpg?fit=720%2C480&ssl=1&resize=350%2C200 1x, https:\/\/i0.wp.com\/lyonelkaufmann.ch\/Blog\/wp-content\/uploads\/2015\/02\/20140523-003538-2138659.jpg?fit=720%2C480&ssl=1&resize=525%2C300 1.5x, https:\/\/i0.wp.com\/lyonelkaufmann.ch\/Blog\/wp-content\/uploads\/2015\/02\/20140523-003538-2138659.jpg?fit=720%2C480&ssl=1&resize=700%2C400 2x"},"classes":[]},{"id":15880,"url":"https:\/\/lyonelkaufmann.ch\/Blog\/2015\/12\/24\/une-fleur-pour-noel-photo-du-jour\/","url_meta":{"origin":6286,"position":2},"title":"Une fleur pour No\u00ebl | Photo du jour","author":"Lyonel Kaufmann","date":"24 d\u00e9cembre 2015","format":"image","excerpt":"Je vous offre une fleur pour ce jour de No\u00ebl. Merry Christmas ! Joyeux No\u00ebl !","rel":"","context":"Dans &quot;Photo du jour&quot;","block_context":{"text":"Photo du jour","link":"https:\/\/lyonelkaufmann.ch\/Blog\/category\/photo-du-jour\/"},"img":{"alt_text":"","src":"https:\/\/i0.wp.com\/lyonelkaufmann.ch\/Blog\/wp-content\/uploads\/2015\/12\/23317535964_c0cdaa4133_b.jpg?fit=1024%2C680&ssl=1&resize=350%2C200","width":350,"height":200,"srcset":"https:\/\/i0.wp.com\/lyonelkaufmann.ch\/Blog\/wp-content\/uploads\/2015\/12\/23317535964_c0cdaa4133_b.jpg?fit=1024%2C680&ssl=1&resize=350%2C200 1x, https:\/\/i0.wp.com\/lyonelkaufmann.ch\/Blog\/wp-content\/uploads\/2015\/12\/23317535964_c0cdaa4133_b.jpg?fit=1024%2C680&ssl=1&resize=525%2C300 1.5x, https:\/\/i0.wp.com\/lyonelkaufmann.ch\/Blog\/wp-content\/uploads\/2015\/12\/23317535964_c0cdaa4133_b.jpg?fit=1024%2C680&ssl=1&resize=700%2C400 2x"},"classes":[]},{"id":8850,"url":"https:\/\/lyonelkaufmann.ch\/Blog\/2012\/12\/18\/lac-et-cygne-photo-du-jour\/","url_meta":{"origin":6286,"position":3},"title":"Lac et cygne | Photo du jour","author":"Lyonel Kaufmann","date":"18 d\u00e9cembre 2012","format":"image","excerpt":"Photo prise cet apr\u00e8s-midi sur les quais de Vevey","rel":"","context":"Dans &quot;Photo du jour&quot;","block_context":{"text":"Photo du jour","link":"https:\/\/lyonelkaufmann.ch\/Blog\/category\/photo-du-jour\/"},"img":{"alt_text":"","src":"https:\/\/i0.wp.com\/lyonelkaufmann.ch\/Blog\/wp-content\/uploads\/2015\/03\/Lac-et-cygne-L.jpg?fit=398%2C600&ssl=1&resize=350%2C200","width":350,"height":200},"classes":[]},{"id":7490,"url":"https:\/\/lyonelkaufmann.ch\/Blog\/2012\/10\/18\/vevey-rivage-a-photo-du-jour\/","url_meta":{"origin":6286,"position":4},"title":"Vevey Rivage |\u00a0Photo du jour","author":"Lyonel Kaufmann","date":"18 octobre 2012","format":"image","excerpt":"","rel":"","context":"Dans &quot;Photo du jour&quot;","block_context":{"text":"Photo du jour","link":"https:\/\/lyonelkaufmann.ch\/Blog\/category\/photo-du-jour\/"},"img":{"alt_text":"","src":"https:\/\/i0.wp.com\/lyonelkaufmann.ch\/Blog\/wp-content\/uploads\/2015\/03\/empty-L.jpg?fit=800%2C530&ssl=1&resize=350%2C200","width":350,"height":200,"srcset":"https:\/\/i0.wp.com\/lyonelkaufmann.ch\/Blog\/wp-content\/uploads\/2015\/03\/empty-L.jpg?fit=800%2C530&ssl=1&resize=350%2C200 1x, https:\/\/i0.wp.com\/lyonelkaufmann.ch\/Blog\/wp-content\/uploads\/2015\/03\/empty-L.jpg?fit=800%2C530&ssl=1&resize=525%2C300 1.5x, https:\/\/i0.wp.com\/lyonelkaufmann.ch\/Blog\/wp-content\/uploads\/2015\/03\/empty-L.jpg?fit=800%2C530&ssl=1&resize=700%2C400 2x"},"classes":[]},{"id":22283,"url":"https:\/\/lyonelkaufmann.ch\/Blog\/2020\/12\/25\/il-etait-une-fois-2020-lac-de-morat-vendredi-19-juin\/","url_meta":{"origin":6286,"position":5},"title":"Il \u00e9tait une fois 2020\u2026 : Lac de Morat &#8211; vendredi 19 juin","author":"Lyonel Kaufmann","date":"25 d\u00e9cembre 2020","format":false,"excerpt":"Jusqu'au 31 d\u00e9cembre, je vous propose ma r\u00e9trospective avec une photo pour chaque mois de cette ann\u00e9e des plus particuli\u00e8res, probablement la plus \u00e9trange que j'ai connue en plus de cinquante ans. Les photos sont mises en perspective en lien avec cette pand\u00e9mie qui nous a tous frapp\u00e9s d'une mani\u00e8re\u2026","rel":"","context":"Dans &quot;Blogcaf\u00e9&quot;","block_context":{"text":"Blogcaf\u00e9","link":"https:\/\/lyonelkaufmann.ch\/Blog\/category\/blogcafe-2\/"},"img":{"alt_text":"","src":"https:\/\/i0.wp.com\/lyonelkaufmann.ch\/Blog\/wp-content\/uploads\/2020\/12\/DSC00764-scaled.jpg?fit=1200%2C800&ssl=1&resize=350%2C200","width":350,"height":200,"srcset":"https:\/\/i0.wp.com\/lyonelkaufmann.ch\/Blog\/wp-content\/uploads\/2020\/12\/DSC00764-scaled.jpg?fit=1200%2C800&ssl=1&resize=350%2C200 1x, https:\/\/i0.wp.com\/lyonelkaufmann.ch\/Blog\/wp-content\/uploads\/2020\/12\/DSC00764-scaled.jpg?fit=1200%2C800&ssl=1&resize=525%2C300 1.5x, https:\/\/i0.wp.com\/lyonelkaufmann.ch\/Blog\/wp-content\/uploads\/2020\/12\/DSC00764-scaled.jpg?fit=1200%2C800&ssl=1&resize=700%2C400 2x, https:\/\/i0.wp.com\/lyonelkaufmann.ch\/Blog\/wp-content\/uploads\/2020\/12\/DSC00764-scaled.jpg?fit=1200%2C800&ssl=1&resize=1050%2C600 3x"},"classes":[]}],"jetpack_likes_enabled":true,"_links":{"self":[{"href":"https:\/\/lyonelkaufmann.ch\/Blog\/wp-json\/wp\/v2\/posts\/6286","targetHints":{"allow":["GET"]}}],"collection":[{"href":"https:\/\/lyonelkaufmann.ch\/Blog\/wp-json\/wp\/v2\/posts"}],"about":[{"href":"https:\/\/lyonelkaufmann.ch\/Blog\/wp-json\/wp\/v2\/types\/post"}],"author":[{"embeddable":true,"href":"https:\/\/lyonelkaufmann.ch\/Blog\/wp-json\/wp\/v2\/users\/1"}],"replies":[{"embeddable":true,"href":"https:\/\/lyonelkaufmann.ch\/Blog\/wp-json\/wp\/v2\/comments?post=6286"}],"version-history":[{"count":1,"href":"https:\/\/lyonelkaufmann.ch\/Blog\/wp-json\/wp\/v2\/posts\/6286\/revisions"}],"predecessor-version":[{"id":24650,"href":"https:\/\/lyonelkaufmann.ch\/Blog\/wp-json\/wp\/v2\/posts\/6286\/revisions\/24650"}],"wp:featuredmedia":[{"embeddable":true,"href":"https:\/\/lyonelkaufmann.ch\/Blog\/wp-json\/wp\/v2\/media\/13928"}],"wp:attachment":[{"href":"https:\/\/lyonelkaufmann.ch\/Blog\/wp-json\/wp\/v2\/media?parent=6286"}],"wp:term":[{"taxonomy":"category","embeddable":true,"href":"https:\/\/lyonelkaufmann.ch\/Blog\/wp-json\/wp\/v2\/categories?post=6286"},{"taxonomy":"post_tag","embeddable":true,"href":"https:\/\/lyonelkaufmann.ch\/Blog\/wp-json\/wp\/v2\/tags?post=6286"}],"curies":[{"name":"wp","href":"https:\/\/api.w.org\/{rel}","templated":true}]}}