{"id":6297,"date":"2012-06-20T19:11:42","date_gmt":"2012-06-20T18:11:42","guid":{"rendered":"https:\/\/lyonelkaufmann.ch\/Blog\/?p=6297"},"modified":"2012-06-20T19:11:42","modified_gmt":"2012-06-20T18:11:42","slug":"la-tablette-numerique-entre-a-lecole-la-republique-des-pyrenees","status":"publish","type":"post","link":"https:\/\/lyonelkaufmann.ch\/Blog\/2012\/06\/20\/la-tablette-numerique-entre-a-lecole-la-republique-des-pyrenees\/","title":{"rendered":"La tablette num\u00e9rique entre \u00e0 l\u2019\u00e9cole | La R\u00e9publique des Pyr\u00e9n\u00e9es"},"content":{"rendered":"<p>Reportage du journal La R\u00e9publique des Pyr\u00e9nn\u00e9es sur le travail et l&rsquo;utilisation de tablettes num\u00e9riques avec ses \u00e9l\u00e8ves de Fran\u00e7ois Lamoureux, professeur des \u00e9coles \u00e0 Gaujacq (petit village au sud des Landes). D&rsquo;abord support l&rsquo;an dernier de son travail personnel, la curiosit\u00e9 des \u00e9l\u00e8ves a convaincu \u00ab\u00a0le ma\u00eetre\u00a0\u00bb d&rsquo;int\u00e9grer l\u2019outil \u00e0 ses enseignements. A la rentr\u00e9e 2011, la classe a donc \u00e9t\u00e9 \u00e9quip\u00e9e de cinq tablettes num\u00e9riques pour 24 enfants de CE1-CE2.<\/p>\n<p><a href=\"http:\/\/c.brightcove.com\/services\/viewer\/federated_f9?isVid=1&#038;isUI=1\">http:\/\/c.brightcove.com\/services\/viewer\/federated_f9?isVid=1&#038;isUI=1<\/a><\/p>\n<p>Pour aller plus loin, vous pouvez suivre les \u00e9l\u00e8ves de la classe de Gaujacq sur leur compte Twitter (@laclasseenligne) qu\u2019ils utilisent pour rendre compte de leurs activit\u00e9s et \u00e9changer avec d\u2019autres classes en ligne. Vous pouvez visiter le blog personnel de Fran\u00e7ois Lamoureux :\u00a0<a href=\"http:\/\/sicestpasmalheureux.com\/\" target=\"_blank\">sicestpasmalheureux<\/a>. L\u2019enseignant y tient un journal de bord de la classe et des exp\u00e9rimentations num\u00e9riques.<\/p>\n<p>L&rsquo;article en ligne :\u00a0<a href=\"http:\/\/www.larepubliquedespyrenees.fr\/2012\/06\/20\/la-tablette-numerique-entre-a-l-ecole,1088119.php\">La tablette num\u00e9rique entre \u00e0 l\u2019\u00e9cole &#8211; LaRepubliquedesPyrenees.fr<\/a>.<\/p>\n","protected":false},"excerpt":{"rendered":"<p>Reportage du journal La R\u00e9publique des Pyr\u00e9nn\u00e9es sur le travail et l&rsquo;utilisation de tablettes num\u00e9riques avec ses \u00e9l\u00e8ves de Fran\u00e7ois Lamoureux, professeur des \u00e9coles \u00e0 Gaujacq (petit village au sud des Landes). D&rsquo;abord support l&rsquo;an dernier de son travail personnel, la curiosit\u00e9 des \u00e9l\u00e8ves a convaincu \u00ab\u00a0le ma\u00eetre\u00a0\u00bb d&rsquo;int\u00e9grer l\u2019outil \u00e0 ses enseignements. A la [&hellip;]<\/p>\n","protected":false},"author":1,"featured_media":14680,"comment_status":"open","ping_status":"open","sticky":false,"template":"","format":"standard","meta":{"_import_markdown_pro_load_document_selector":0,"_import_markdown_pro_submit_text_textarea":"","_genesis_hide_title":false,"_genesis_hide_breadcrumbs":false,"_genesis_hide_singular_image":false,"_genesis_hide_footer_widgets":false,"_genesis_custom_body_class":"","_genesis_custom_post_class":"","_genesis_layout":"","jetpack_post_was_ever_published":false,"_jetpack_newsletter_access":"","_jetpack_dont_email_post_to_subs":false,"_jetpack_newsletter_tier_id":0,"_jetpack_memberships_contains_paywalled_content":false,"_jetpack_memberships_contains_paid_content":false,"activitypub_content_warning":"","activitypub_content_visibility":"","activitypub_max_image_attachments":3,"activitypub_interaction_policy_quote":"anyone","activitypub_status":"","footnotes":"","jetpack_publicize_message":"","jetpack_publicize_feature_enabled":true,"jetpack_social_post_already_shared":true,"jetpack_social_options":{"image_generator_settings":{"template":"fullscreen","default_image_id":0,"font":"","enabled":false},"version":2}},"categories":[3,2],"tags":[],"class_list":{"0":"post-6297","1":"post","2":"type-post","3":"status-publish","4":"format-standard","5":"has-post-thumbnail","7":"category-blogcafe-2","8":"category-histoire-2","9":"entry"},"jetpack_publicize_connections":[],"featured_image_src":"https:\/\/i0.wp.com\/lyonelkaufmann.ch\/Blog\/wp-content\/uploads\/2015\/03\/blogcafe1.jpg?resize=600%2C400&ssl=1","featured_image_src_square":"https:\/\/i0.wp.com\/lyonelkaufmann.ch\/Blog\/wp-content\/uploads\/2015\/03\/blogcafe1.jpg?resize=600%2C600&ssl=1","author_info":{"display_name":"Lyonel Kaufmann","author_link":"https:\/\/lyonelkaufmann.ch\/Blog\/author\/lyonelk\/"},"jetpack_featured_media_url":"https:\/\/i0.wp.com\/lyonelkaufmann.ch\/Blog\/wp-content\/uploads\/2015\/03\/blogcafe1.jpg?fit=1024%2C683&ssl=1","jetpack_sharing_enabled":true,"jetpack_shortlink":"https:\/\/wp.me\/p1qtF4-1Dz","jetpack-related-posts":[{"id":6118,"url":"https:\/\/lyonelkaufmann.ch\/Blog\/2012\/08\/31\/ludovia2012-tablettes-en-classe-un-outil-a-integrer\/","url_meta":{"origin":6297,"position":0},"title":"#Ludovia2012 : Tablettes en classe : un outil \u00e0 int\u00e9grer","author":"Lyonel Kaufmann","date":"31 ao\u00fbt 2012","format":false,"excerpt":"A Ludovia,\u00a0Carole Lopez, enseignante en maternelle, a pr\u00e9sent\u00e9 un exemple tr\u00e8s convaincant d'utilisation d'une tablette num\u00e9rique en classe. Carole Lopez n'utilise pas la tablette pour la tablette, mais pour sa plus-value dans certaines activit\u00e9s d'apprentissage. Elle l'emploie \u00e9galement en compl\u00e9ment \u00e0 d'autres techniques et activit\u00e9s. La vid\u00e9o nous pr\u00e9sente une\u2026","rel":"","context":"Dans &quot;histoire&quot;","block_context":{"text":"histoire","link":"https:\/\/lyonelkaufmann.ch\/Blog\/category\/histoire-2\/"},"img":{"alt_text":"","src":"https:\/\/i0.wp.com\/lyonelkaufmann.ch\/Blog\/wp-content\/uploads\/2015\/03\/0121.jpg?fit=480%2C360&ssl=1&resize=350%2C200","width":350,"height":200},"classes":[]},{"id":7201,"url":"https:\/\/lyonelkaufmann.ch\/Blog\/2012\/08\/31\/ludovia2012-tablettes-en-classe-un-outil-a-integrer-2\/","url_meta":{"origin":6297,"position":1},"title":"#Ludovia2012 : Tablettes en classe : un outil \u00e0 int\u00e9grer","author":"Lyonel Kaufmann","date":"31 ao\u00fbt 2012","format":false,"excerpt":"A Ludovia,\u00a0Carole Lopez, enseignante en maternelle, a pr\u00e9sent\u00e9 un exemple tr\u00e8s convaincant d'utilisation d'une tablette num\u00e9rique en classe. Carole Lopez n'utilise pas la tablette pour la tablette, mais pour sa plus-value dans certaines activit\u00e9s d'apprentissage. Elle l'emploie \u00e9galement en compl\u00e9ment \u00e0 d'autres techniques et activit\u00e9s. La vid\u00e9o nous pr\u00e9sente une\u2026","rel":"","context":"Dans &quot;Blogcaf\u00e9&quot;","block_context":{"text":"Blogcaf\u00e9","link":"https:\/\/lyonelkaufmann.ch\/Blog\/category\/blogcafe-2\/"},"img":{"alt_text":"","src":"https:\/\/i0.wp.com\/lyonelkaufmann.ch\/Blog\/wp-content\/uploads\/2015\/03\/0106.jpg?fit=480%2C360&ssl=1&resize=350%2C200","width":350,"height":200},"classes":[]},{"id":4759,"url":"https:\/\/lyonelkaufmann.ch\/Blog\/2012\/01\/01\/revue-de-presse-31-decembre-2011\/","url_meta":{"origin":6297,"position":2},"title":"Revue de presse:  Tablettes tactiles et enseignement (31 d\u00e9cembre 2011)","author":"Lyonel Kaufmann","date":"1 janvier 2012","format":false,"excerpt":"Tablettes tactiles et enseignement : prise en main avec des \u00e9l\u00e8ves | Tablette-tactile.net - Tout l'int\u00e9r\u00eat, l'avantage d'une tablette num\u00e9rique en classe par rapport \u00e0 un ordinateur : \u00able gros int\u00e9r\u00eat r\u00e9side dans le fait que mes \u00e9l\u00e8ves ne bougent plus du laboratoire.\u00a0 La tablette est simplement pos\u00e9e sur la\u2026","rel":"","context":"Dans &quot;histoire&quot;","block_context":{"text":"histoire","link":"https:\/\/lyonelkaufmann.ch\/Blog\/category\/histoire-2\/"},"img":{"alt_text":"","src":"https:\/\/i0.wp.com\/lyonelkaufmann.ch\/Blog\/wp-content\/uploads\/2015\/03\/blogcafe1.jpg?fit=1024%2C683&ssl=1&resize=350%2C200","width":350,"height":200,"srcset":"https:\/\/i0.wp.com\/lyonelkaufmann.ch\/Blog\/wp-content\/uploads\/2015\/03\/blogcafe1.jpg?fit=1024%2C683&ssl=1&resize=350%2C200 1x, https:\/\/i0.wp.com\/lyonelkaufmann.ch\/Blog\/wp-content\/uploads\/2015\/03\/blogcafe1.jpg?fit=1024%2C683&ssl=1&resize=525%2C300 1.5x, https:\/\/i0.wp.com\/lyonelkaufmann.ch\/Blog\/wp-content\/uploads\/2015\/03\/blogcafe1.jpg?fit=1024%2C683&ssl=1&resize=700%2C400 2x"},"classes":[]},{"id":3719,"url":"https:\/\/lyonelkaufmann.ch\/Blog\/2011\/05\/01\/utilisation-de-tablettes-tactiles-en-primaire-agence-nationale-des-usages-des-tice\/","url_meta":{"origin":6297,"position":3},"title":"Utilisation de tablettes tactiles en primaire | Agence nationale des Usages des TICE","author":"Lyonel Kaufmann","date":"1 mai 2011","format":false,"excerpt":"L'Agence nationale des Usages des TICE \u00a0pr\u00e9sente un t\u00e9moignage tr\u00e8s int\u00e9ressant d'un prof et de ses \u00e9l\u00e8ves du primaire concernant l'emploi en classe de tablettes tactiles (iPad). Alain Jourdan, professeur des \u00e9coles, participe \u00e0 une exp\u00e9rimentation de tablettes tactiles conduite par la mission TICE et le CRDP de l\u2019acad\u00e9mie de\u2026","rel":"","context":"Dans &quot;histoire&quot;","block_context":{"text":"histoire","link":"https:\/\/lyonelkaufmann.ch\/Blog\/category\/histoire-2\/"},"img":{"alt_text":"","src":"https:\/\/i0.wp.com\/lyonelkaufmann.ch\/Blog\/wp-content\/uploads\/2015\/03\/blogcafe1.jpg?fit=1024%2C683&ssl=1&resize=350%2C200","width":350,"height":200,"srcset":"https:\/\/i0.wp.com\/lyonelkaufmann.ch\/Blog\/wp-content\/uploads\/2015\/03\/blogcafe1.jpg?fit=1024%2C683&ssl=1&resize=350%2C200 1x, https:\/\/i0.wp.com\/lyonelkaufmann.ch\/Blog\/wp-content\/uploads\/2015\/03\/blogcafe1.jpg?fit=1024%2C683&ssl=1&resize=525%2C300 1.5x, https:\/\/i0.wp.com\/lyonelkaufmann.ch\/Blog\/wp-content\/uploads\/2015\/03\/blogcafe1.jpg?fit=1024%2C683&ssl=1&resize=700%2C400 2x"},"classes":[]},{"id":5407,"url":"https:\/\/lyonelkaufmann.ch\/Blog\/2012\/05\/19\/revue-de-presse-du-pc-au-netbook-puis-a-la-tablette-veritable-plus-value-pedagogique-ou-fuite-en-avant-technologique-academie-de-poitiers\/","url_meta":{"origin":6297,"position":4},"title":"Revue de presse : Du PC au netbook, puis \u00e0 la tablette\u00a0: v\u00e9ritable plus-value p\u00e9dagogique ou fuite en avant technologique\u00a0? |\u00a0Acad\u00e9mie de Poitiers","author":"Lyonel Kaufmann","date":"19 mai 2012","format":false,"excerpt":"Le nomadisme de l\u2019enseignant (entre les salles, entre plusieurs \u00e9tablissements, entre son domicile et son travail), et celui de l\u2019\u00e9l\u00e8ve (\u00ab migrant pendulaire \u00bb maison-\u00e9cole) n\u2019est pas l\u2019itin\u00e9rance du commercial dans les moyens de transport. Les besoins de terminaux mobiles ne sont pas n\u00e9cessairement les m\u00eames. En revanche la mobilit\u00e9\u2026","rel":"","context":"Dans &quot;histoire&quot;","block_context":{"text":"histoire","link":"https:\/\/lyonelkaufmann.ch\/Blog\/category\/histoire-2\/"},"img":{"alt_text":"","src":"https:\/\/i0.wp.com\/lyonelkaufmann.ch\/Blog\/wp-content\/uploads\/2015\/03\/blogcafe1.jpg?fit=1024%2C683&ssl=1&resize=350%2C200","width":350,"height":200,"srcset":"https:\/\/i0.wp.com\/lyonelkaufmann.ch\/Blog\/wp-content\/uploads\/2015\/03\/blogcafe1.jpg?fit=1024%2C683&ssl=1&resize=350%2C200 1x, https:\/\/i0.wp.com\/lyonelkaufmann.ch\/Blog\/wp-content\/uploads\/2015\/03\/blogcafe1.jpg?fit=1024%2C683&ssl=1&resize=525%2C300 1.5x, https:\/\/i0.wp.com\/lyonelkaufmann.ch\/Blog\/wp-content\/uploads\/2015\/03\/blogcafe1.jpg?fit=1024%2C683&ssl=1&resize=700%2C400 2x"},"classes":[]},{"id":6063,"url":"https:\/\/lyonelkaufmann.ch\/Blog\/2012\/05\/19\/revue-de-presse-du-pc-au-netbook-puis-a-la-tablette-veritable-plus-value-pedagogique-ou-fuite-en-avant-technologique-academie-de-poitiers-2\/","url_meta":{"origin":6297,"position":5},"title":"Revue de presse : Du PC au netbook, puis \u00e0 la tablette\u00a0: v\u00e9ritable plus-value p\u00e9dagogique ou fuite en avant technologique\u00a0? |\u00a0Acad\u00e9mie de Poitiers","author":"Lyonel Kaufmann","date":"19 mai 2012","format":false,"excerpt":"Le nomadisme de l\u2019enseignant (entre les salles, entre plusieurs \u00e9tablissements, entre son domicile et son travail), et celui de l\u2019\u00e9l\u00e8ve (\u00ab migrant pendulaire \u00bb maison-\u00e9cole) n\u2019est pas l\u2019itin\u00e9rance du commercial dans les moyens de transport. Les besoins de terminaux mobiles ne sont pas n\u00e9cessairement les m\u00eames. En revanche la mobilit\u00e9\u2026","rel":"","context":"Dans &quot;L'Expresso&quot;","block_context":{"text":"L'Expresso","link":"https:\/\/lyonelkaufmann.ch\/Blog\/category\/breves\/"},"img":{"alt_text":"","src":"https:\/\/i0.wp.com\/lyonelkaufmann.ch\/Blog\/wp-content\/uploads\/2015\/03\/blogcafe1.jpg?fit=1024%2C683&ssl=1&resize=350%2C200","width":350,"height":200,"srcset":"https:\/\/i0.wp.com\/lyonelkaufmann.ch\/Blog\/wp-content\/uploads\/2015\/03\/blogcafe1.jpg?fit=1024%2C683&ssl=1&resize=350%2C200 1x, https:\/\/i0.wp.com\/lyonelkaufmann.ch\/Blog\/wp-content\/uploads\/2015\/03\/blogcafe1.jpg?fit=1024%2C683&ssl=1&resize=525%2C300 1.5x, https:\/\/i0.wp.com\/lyonelkaufmann.ch\/Blog\/wp-content\/uploads\/2015\/03\/blogcafe1.jpg?fit=1024%2C683&ssl=1&resize=700%2C400 2x"},"classes":[]}],"jetpack_likes_enabled":true,"_links":{"self":[{"href":"https:\/\/lyonelkaufmann.ch\/Blog\/wp-json\/wp\/v2\/posts\/6297","targetHints":{"allow":["GET"]}}],"collection":[{"href":"https:\/\/lyonelkaufmann.ch\/Blog\/wp-json\/wp\/v2\/posts"}],"about":[{"href":"https:\/\/lyonelkaufmann.ch\/Blog\/wp-json\/wp\/v2\/types\/post"}],"author":[{"embeddable":true,"href":"https:\/\/lyonelkaufmann.ch\/Blog\/wp-json\/wp\/v2\/users\/1"}],"replies":[{"embeddable":true,"href":"https:\/\/lyonelkaufmann.ch\/Blog\/wp-json\/wp\/v2\/comments?post=6297"}],"version-history":[{"count":0,"href":"https:\/\/lyonelkaufmann.ch\/Blog\/wp-json\/wp\/v2\/posts\/6297\/revisions"}],"wp:featuredmedia":[{"embeddable":true,"href":"https:\/\/lyonelkaufmann.ch\/Blog\/wp-json\/wp\/v2\/media\/14680"}],"wp:attachment":[{"href":"https:\/\/lyonelkaufmann.ch\/Blog\/wp-json\/wp\/v2\/media?parent=6297"}],"wp:term":[{"taxonomy":"category","embeddable":true,"href":"https:\/\/lyonelkaufmann.ch\/Blog\/wp-json\/wp\/v2\/categories?post=6297"},{"taxonomy":"post_tag","embeddable":true,"href":"https:\/\/lyonelkaufmann.ch\/Blog\/wp-json\/wp\/v2\/tags?post=6297"}],"curies":[{"name":"wp","href":"https:\/\/api.w.org\/{rel}","templated":true}]}}