{"id":6299,"date":"2012-10-18T18:13:40","date_gmt":"2012-10-18T18:13:40","guid":{"rendered":"http:\/\/lyonelkaufmann.ch\/histoire\/?p=6299"},"modified":"2012-10-18T18:13:40","modified_gmt":"2012-10-18T18:13:40","slug":"no-more-industrial-revolutions-nytimes-com","status":"publish","type":"post","link":"https:\/\/lyonelkaufmann.ch\/Blog\/2012\/10\/18\/no-more-industrial-revolutions-nytimes-com\/","title":{"rendered":"No More Industrial Revolutions? | NYTimes.com"},"content":{"rendered":"<p>L\u2019\u00e9conomiste Robert J. Gordon a r\u00e9cemment publi\u00e9 <em>\u201cEst-ce que la croissance \u00e9conomique am\u00e9ricaine est termin\u00e9e ?\u201d<\/em> \u2013\u00a0<a href=\"http:\/\/faculty-web.at.northwestern.edu\/economics\/gordon\/Is%20US%20Economic%20Growth%20Over.pdf\">http:\/\/faculty-web.at.northwestern.edu\/economics\/gordon\/Is%20US%20Economic%20Growth%20Over.pdf<\/a>. Selon l\u2019auteur, les innovations sont derri\u00e8re nous. Pour lui, les 3 r\u00e9volutions industrielles (la vapeur, l\u2019\u00e9lectricit\u00e9 et l\u2019ordinateur) ont engendr\u00e9 des p\u00e9riodes de croissances \u00e9conomiques de plus en plus courtes. En fait, estime-t-il, les 250 derni\u00e8res ann\u00e9es pourraient bien avoir \u00e9t\u00e9 uniques dans l\u2019histoire de l\u2019humanit\u00e9. La mont\u00e9e des in\u00e9galit\u00e9s, la mondialisation, la perte des avantages concurrentiels des Etats-Unis (\u00e9ducation\u2026) pourraient bien avoir raison de l\u2019innovation.<\/p>\n<p>A lire (en anglai) :\u00a0<a href=\"http:\/\/campaignstops.blogs.nytimes.com\/2012\/10\/15\/no-more-industrial-revolutions\/\">No More Industrial Revolutions? &#8211; NYTimes.com<\/a>. (via <a href=\"http:\/\/www.internetactu.net\/2012\/10\/18\/a-lire-ailleurs-du-12-au-18-octobre-2012\/\" target=\"_blank\">InternetActu<\/a>)<\/p>\n","protected":false},"excerpt":{"rendered":"<p>L\u2019\u00e9conomiste Robert J. Gordon a r\u00e9cemment publi\u00e9 \u201cEst-ce que la croissance \u00e9conomique am\u00e9ricaine est termin\u00e9e ?\u201d \u2013\u00a0http:\/\/faculty-web.at.northwestern.edu\/economics\/gordon\/Is%20US%20Economic%20Growth%20Over.pdf. Selon l\u2019auteur, les innovations sont derri\u00e8re nous. Pour lui, les 3 r\u00e9volutions industrielles (la vapeur, l\u2019\u00e9lectricit\u00e9 et l\u2019ordinateur) ont engendr\u00e9 des p\u00e9riodes de croissances \u00e9conomiques de plus en plus courtes. En fait, estime-t-il, les 250 derni\u00e8res ann\u00e9es pourraient [&hellip;]<\/p>\n","protected":false},"author":1,"featured_media":14680,"comment_status":"open","ping_status":"open","sticky":false,"template":"","format":"standard","meta":{"_import_markdown_pro_load_document_selector":0,"_import_markdown_pro_submit_text_textarea":"","_genesis_hide_title":false,"_genesis_hide_breadcrumbs":false,"_genesis_hide_singular_image":false,"_genesis_hide_footer_widgets":false,"_genesis_custom_body_class":"","_genesis_custom_post_class":"","_genesis_layout":"","jetpack_post_was_ever_published":false,"_jetpack_newsletter_access":"","_jetpack_dont_email_post_to_subs":false,"_jetpack_newsletter_tier_id":0,"_jetpack_memberships_contains_paywalled_content":false,"_jetpack_memberships_contains_paid_content":false,"activitypub_content_warning":"","activitypub_content_visibility":"","activitypub_max_image_attachments":3,"activitypub_interaction_policy_quote":"anyone","activitypub_status":"","footnotes":"","jetpack_publicize_message":"","jetpack_publicize_feature_enabled":true,"jetpack_social_post_already_shared":true,"jetpack_social_options":{"image_generator_settings":{"template":"fullscreen","default_image_id":0,"font":"","enabled":false},"version":2}},"categories":[2],"tags":[],"class_list":{"0":"post-6299","1":"post","2":"type-post","3":"status-publish","4":"format-standard","5":"has-post-thumbnail","7":"category-histoire-2","8":"entry"},"jetpack_publicize_connections":[],"featured_image_src":"https:\/\/i0.wp.com\/lyonelkaufmann.ch\/Blog\/wp-content\/uploads\/2015\/03\/blogcafe1.jpg?resize=600%2C400&ssl=1","featured_image_src_square":"https:\/\/i0.wp.com\/lyonelkaufmann.ch\/Blog\/wp-content\/uploads\/2015\/03\/blogcafe1.jpg?resize=600%2C600&ssl=1","author_info":{"display_name":"Lyonel Kaufmann","author_link":"https:\/\/lyonelkaufmann.ch\/Blog\/author\/lyonelk\/"},"jetpack_featured_media_url":"https:\/\/i0.wp.com\/lyonelkaufmann.ch\/Blog\/wp-content\/uploads\/2015\/03\/blogcafe1.jpg?fit=1024%2C683&ssl=1","jetpack_sharing_enabled":true,"jetpack_shortlink":"https:\/\/wp.me\/p1qtF4-1DB","jetpack-related-posts":[{"id":7035,"url":"https:\/\/lyonelkaufmann.ch\/Blog\/2013\/04\/23\/revue-de-presse-revolution-et-redistribution-la-vie-des-idees\/","url_meta":{"origin":6299,"position":0},"title":"Revue de presse : R\u00e9volution et redistribution | La Vie des id\u00e9es","author":"Lyonel Kaufmann","date":"23 avril 2013","format":false,"excerpt":"Et si l\u2019\u00e9conomie \u00e9tait la grande oubli\u00e9e des r\u00e9volutions\u00a0? Depuis deux d\u00e9cennies, les questions politiques et culturelles ont rel\u00e9gu\u00e9 la justice sociale au rang de pr\u00e9occupations secondaires. Selon l\u2019historien Charles Walton, le probl\u00e8me de la redistribution, d\u00e9j\u00e0 pos\u00e9 lors des r\u00e9volutions de la fin du XVIIIe si\u00e8cle, se situe pourtant\u2026","rel":"","context":"Dans &quot;histoire&quot;","block_context":{"text":"histoire","link":"https:\/\/lyonelkaufmann.ch\/Blog\/category\/histoire-2\/"},"img":{"alt_text":"","src":"https:\/\/i0.wp.com\/lyonelkaufmann.ch\/Blog\/wp-content\/uploads\/2015\/03\/blogcafe1.jpg?fit=1024%2C683&ssl=1&resize=350%2C200","width":350,"height":200,"srcset":"https:\/\/i0.wp.com\/lyonelkaufmann.ch\/Blog\/wp-content\/uploads\/2015\/03\/blogcafe1.jpg?fit=1024%2C683&ssl=1&resize=350%2C200 1x, https:\/\/i0.wp.com\/lyonelkaufmann.ch\/Blog\/wp-content\/uploads\/2015\/03\/blogcafe1.jpg?fit=1024%2C683&ssl=1&resize=525%2C300 1.5x, https:\/\/i0.wp.com\/lyonelkaufmann.ch\/Blog\/wp-content\/uploads\/2015\/03\/blogcafe1.jpg?fit=1024%2C683&ssl=1&resize=700%2C400 2x"},"classes":[]},{"id":7464,"url":"https:\/\/lyonelkaufmann.ch\/Blog\/2013\/09\/07\/revue-de-presse-revolution-tranquille-lignorance-pleine-de-lhistoire-du-quebec-contemporain-chaire-de-recherche-du-canada-en-histoire-et-economie-politique-du-quebec-contemporai\/","url_meta":{"origin":6299,"position":1},"title":"Revue de presse : R\u00e9volution tranquille? L\u2019ignorance pleine de l\u2019histoire du Qu\u00e9bec contemporain","author":"Lyonel Kaufmann","date":"7 septembre 2013","format":false,"excerpt":"Depuis 2004, des chercheurs ont sond\u00e9 les jeunes Qu\u00e9b\u00e9cois au sujet de la R\u00e9volution tranquille. Leurs \u00e9tudes sont disponibles sous forme de m\u00e9moire de ma\u00eetrise ou d\u2019articles scientifiques. Coup sur coup, ces \u00e9tudes illustrent que les jeunes ont une ignorance pleine plut\u00f4t que vide de la R\u00e9volution tranquille. Ils poss\u00e8dent\u2026","rel":"","context":"Dans &quot;histoire&quot;","block_context":{"text":"histoire","link":"https:\/\/lyonelkaufmann.ch\/Blog\/category\/histoire-2\/"},"img":{"alt_text":"","src":"https:\/\/i0.wp.com\/lyonelkaufmann.ch\/Blog\/wp-content\/uploads\/2015\/03\/blogcafe1.jpg?fit=1024%2C683&ssl=1&resize=350%2C200","width":350,"height":200,"srcset":"https:\/\/i0.wp.com\/lyonelkaufmann.ch\/Blog\/wp-content\/uploads\/2015\/03\/blogcafe1.jpg?fit=1024%2C683&ssl=1&resize=350%2C200 1x, https:\/\/i0.wp.com\/lyonelkaufmann.ch\/Blog\/wp-content\/uploads\/2015\/03\/blogcafe1.jpg?fit=1024%2C683&ssl=1&resize=525%2C300 1.5x, https:\/\/i0.wp.com\/lyonelkaufmann.ch\/Blog\/wp-content\/uploads\/2015\/03\/blogcafe1.jpg?fit=1024%2C683&ssl=1&resize=700%2C400 2x"},"classes":[]},{"id":7836,"url":"https:\/\/lyonelkaufmann.ch\/Blog\/2007\/08\/23\/grande-dpression-et-new-deal-2-que-nous-dit-lhistoriographie-2\/","url_meta":{"origin":6299,"position":2},"title":"Grande d\u00e9pression et New Deal : 2. Que nous dit l&rsquo;historiographie? (2)","author":"Lyonel Kaufmann","date":"23 ao\u00fbt 2007","format":false,"excerpt":"\"At the bus station.\" par Jack Delano (Durham, North Carolina, May 1940). Source Apr\u00e8s m'\u00eatre attach\u00e9 aux interpr\u00e9tations et d\u00e9bats relatifs \u00e0 la crise, l'\u00e9tape suivante consiste a interrog\u00e9 les interpr\u00e9tations des historiens et des \u00e9conomistes \u00e0 l'\u00e9gard du New Deal, mis en place lors des deux premiers mandats de\u2026","rel":"","context":"Dans &quot;histoire&quot;","block_context":{"text":"histoire","link":"https:\/\/lyonelkaufmann.ch\/Blog\/category\/histoire-2\/"},"img":{"alt_text":"","src":"https:\/\/i0.wp.com\/lyonelkaufmann.ch\/Blog\/wp-content\/uploads\/2015\/03\/busstation.jpg?fit=600%2C408&ssl=1&resize=350%2C200","width":350,"height":200,"srcset":"https:\/\/i0.wp.com\/lyonelkaufmann.ch\/Blog\/wp-content\/uploads\/2015\/03\/busstation.jpg?fit=600%2C408&ssl=1&resize=350%2C200 1x, https:\/\/i0.wp.com\/lyonelkaufmann.ch\/Blog\/wp-content\/uploads\/2015\/03\/busstation.jpg?fit=600%2C408&ssl=1&resize=525%2C300 1.5x"},"classes":[]},{"id":4273,"url":"https:\/\/lyonelkaufmann.ch\/Blog\/2011\/11\/06\/the-new-deal-a-modern-history-michael-hiltzik\/","url_meta":{"origin":6299,"position":3},"title":"The New Deal : A Modern History | Michael Hiltzik","author":"Lyonel Kaufmann","date":"6 novembre 2011","format":false,"excerpt":"Tout d'abord laissez-moi affirmer ma ferme conviction que la seule chose que nous devons craindre est la crainte elle-m\u00eame\u2026 une terreur sans nom, irraisonn\u00e9e, injustifi\u00e9e qui paralyse les efforts n\u00e9cessaires pour la convertir et nous permettre d'avancer. Discours d'inauguration de Franklin D. Roosevelt 1 million de kilom\u00e8tres d\u2019autoroutes, 8.000 parcs,\u2026","rel":"","context":"Dans &quot;histoire&quot;","block_context":{"text":"histoire","link":"https:\/\/lyonelkaufmann.ch\/Blog\/category\/histoire-2\/"},"img":{"alt_text":"Cb4fe The New Deal A Modern American History by Michael Hiltzik","src":"https:\/\/i0.wp.com\/lyonelkaufmann.ch\/histoire\/wp-content\/uploads\/2011\/11\/cb4fe_The-New-Deal-A-Modern-American-History-by-Michael-Hiltzik1.png?resize=350%2C200","width":350,"height":200},"classes":[]},{"id":22587,"url":"https:\/\/lyonelkaufmann.ch\/Blog\/2021\/03\/07\/la-face-sombre-de-la-transition-ecologique\/","url_meta":{"origin":6299,"position":4},"title":"La face sombre de la transition \u00e9cologique","author":"Lyonel Kaufmann","date":"7 mars 2021","format":false,"excerpt":"Chaque semaine, Courrier\u00a0international\u00a0explique ses\u00a0choix\u00a0\u00e9ditoriaux et les\u00a0d\u00e9bats qu\u2019ils suscitent parfois au sein de la r\u00e9daction. Pour ce num\u00e9ro, apr\u00e8s avoir s\u00e9lectionn\u00e9 un article paru dans la presse britannique sur l\u2019envers de la r\u00e9volution verte, nous en avons traduit d\u2019autres, rep\u00e9r\u00e9s dans la presse \u00e9trang\u00e8re, pour mieux comprendre en quoi la course\u2026","rel":"","context":"Dans &quot;Blogcaf\u00e9&quot;","block_context":{"text":"Blogcaf\u00e9","link":"https:\/\/lyonelkaufmann.ch\/Blog\/category\/blogcafe-2\/"},"img":{"alt_text":"","src":"https:\/\/i0.wp.com\/lyonelkaufmann.ch\/Blog\/wp-content\/uploads\/2020\/01\/E12974C5-2F3A-435D-968D-D1CF6D00AC6B.2208474ad2bf4319a39b46cfeda8b8d9.jpeg?fit=1200%2C800&ssl=1&resize=350%2C200","width":350,"height":200,"srcset":"https:\/\/i0.wp.com\/lyonelkaufmann.ch\/Blog\/wp-content\/uploads\/2020\/01\/E12974C5-2F3A-435D-968D-D1CF6D00AC6B.2208474ad2bf4319a39b46cfeda8b8d9.jpeg?fit=1200%2C800&ssl=1&resize=350%2C200 1x, https:\/\/i0.wp.com\/lyonelkaufmann.ch\/Blog\/wp-content\/uploads\/2020\/01\/E12974C5-2F3A-435D-968D-D1CF6D00AC6B.2208474ad2bf4319a39b46cfeda8b8d9.jpeg?fit=1200%2C800&ssl=1&resize=525%2C300 1.5x, https:\/\/i0.wp.com\/lyonelkaufmann.ch\/Blog\/wp-content\/uploads\/2020\/01\/E12974C5-2F3A-435D-968D-D1CF6D00AC6B.2208474ad2bf4319a39b46cfeda8b8d9.jpeg?fit=1200%2C800&ssl=1&resize=700%2C400 2x, https:\/\/i0.wp.com\/lyonelkaufmann.ch\/Blog\/wp-content\/uploads\/2020\/01\/E12974C5-2F3A-435D-968D-D1CF6D00AC6B.2208474ad2bf4319a39b46cfeda8b8d9.jpeg?fit=1200%2C800&ssl=1&resize=1050%2C600 3x"},"classes":[]},{"id":6814,"url":"https:\/\/lyonelkaufmann.ch\/Blog\/2013\/02\/20\/mooc-la-standardisation-ou-linnovation-internetactu-net\/","url_meta":{"origin":6299,"position":5},"title":"Mooc : la standardisation ou l\u2019innovation ? \u00ab InternetActu.net","author":"Lyonel Kaufmann","date":"20 f\u00e9vrier 2013","format":false,"excerpt":"Le d\u00e9veloppement des cours en ligne massifs et ouverts (Mooc pour massive online open courses) attise autant l\u2019enthousiasme que le rejet. Pourtant, ils n\u2019ont rien de magique et paraissent bien souvent plus une r\u00e9ponse \u00e9conomique qu\u2019\u00e9ducative. En accentuant la concurrence entre universit\u00e9s et entre les \u00e9tudiants eux-m\u00eames\u2026 les Mooc semblent\u2026","rel":"","context":"Dans &quot;histoire&quot;","block_context":{"text":"histoire","link":"https:\/\/lyonelkaufmann.ch\/Blog\/category\/histoire-2\/"},"img":{"alt_text":"","src":"https:\/\/i0.wp.com\/lyonelkaufmann.ch\/Blog\/wp-content\/uploads\/2015\/03\/DAY-OF-THE-MOOC.gif?fit=896%2C566&ssl=1&resize=350%2C200","width":350,"height":200,"srcset":"https:\/\/i0.wp.com\/lyonelkaufmann.ch\/Blog\/wp-content\/uploads\/2015\/03\/DAY-OF-THE-MOOC.gif?fit=896%2C566&ssl=1&resize=350%2C200 1x, https:\/\/i0.wp.com\/lyonelkaufmann.ch\/Blog\/wp-content\/uploads\/2015\/03\/DAY-OF-THE-MOOC.gif?fit=896%2C566&ssl=1&resize=525%2C300 1.5x, https:\/\/i0.wp.com\/lyonelkaufmann.ch\/Blog\/wp-content\/uploads\/2015\/03\/DAY-OF-THE-MOOC.gif?fit=896%2C566&ssl=1&resize=700%2C400 2x"},"classes":[]}],"jetpack_likes_enabled":true,"_links":{"self":[{"href":"https:\/\/lyonelkaufmann.ch\/Blog\/wp-json\/wp\/v2\/posts\/6299","targetHints":{"allow":["GET"]}}],"collection":[{"href":"https:\/\/lyonelkaufmann.ch\/Blog\/wp-json\/wp\/v2\/posts"}],"about":[{"href":"https:\/\/lyonelkaufmann.ch\/Blog\/wp-json\/wp\/v2\/types\/post"}],"author":[{"embeddable":true,"href":"https:\/\/lyonelkaufmann.ch\/Blog\/wp-json\/wp\/v2\/users\/1"}],"replies":[{"embeddable":true,"href":"https:\/\/lyonelkaufmann.ch\/Blog\/wp-json\/wp\/v2\/comments?post=6299"}],"version-history":[{"count":0,"href":"https:\/\/lyonelkaufmann.ch\/Blog\/wp-json\/wp\/v2\/posts\/6299\/revisions"}],"wp:featuredmedia":[{"embeddable":true,"href":"https:\/\/lyonelkaufmann.ch\/Blog\/wp-json\/wp\/v2\/media\/14680"}],"wp:attachment":[{"href":"https:\/\/lyonelkaufmann.ch\/Blog\/wp-json\/wp\/v2\/media?parent=6299"}],"wp:term":[{"taxonomy":"category","embeddable":true,"href":"https:\/\/lyonelkaufmann.ch\/Blog\/wp-json\/wp\/v2\/categories?post=6299"},{"taxonomy":"post_tag","embeddable":true,"href":"https:\/\/lyonelkaufmann.ch\/Blog\/wp-json\/wp\/v2\/tags?post=6299"}],"curies":[{"name":"wp","href":"https:\/\/api.w.org\/{rel}","templated":true}]}}