{"id":6311,"date":"2012-10-23T11:37:20","date_gmt":"2012-10-23T11:37:20","guid":{"rendered":"http:\/\/lyonelkaufmann.ch\/histoire\/?p=6311"},"modified":"2012-10-23T11:37:20","modified_gmt":"2012-10-23T11:37:20","slug":"mettre-en-lumiere-le-moyen-age-tout-un-probleme-fovea","status":"publish","type":"post","link":"https:\/\/lyonelkaufmann.ch\/Blog\/2012\/10\/23\/mettre-en-lumiere-le-moyen-age-tout-un-probleme-fovea\/","title":{"rendered":"Mettre en lumi\u00e8re le Moyen Age, tout un probl\u00e8me | Fov\u00e9a"},"content":{"rendered":"<figure style=\"width: 626px\" class=\"wp-caption aligncenter\"><a href=\"http:\/\/culturevisuelle.org\/fovea\/archives\/326\"><img data-recalc-dims=\"1\" loading=\"lazy\" decoding=\"async\" src=\"https:\/\/i0.wp.com\/lyonelkaufmann.ch\/histoire\/wp-content\/uploads\/2012\/10\/fig_33-695x483.jpg?resize=626%2C435\" alt=\"\" width=\"626\" height=\"435\" \/><\/a><figcaption class=\"wp-caption-text\">Les aventures de Robin des bois, M. Curtis, 1938<\/figcaption><\/figure>\n<p style=\"text-align:justify;\"><strong>Dans le cadre de la premi\u00e8re \u00e9dition du<a href=\"http:\/\/culturevisuelle.org\/fovea\/archives\/315\">\u00a0festival du film m\u00e9di\u00e9val<\/a>\u00a0qui d\u00e9butera mercredi 24 octobre,\u00a0L\u00e9a Hermenault, doctorante en arch\u00e9ologie m\u00e9di\u00e9vale et membre de l\u2019\u00e9quipe du festival, propose un article sur l\u2019utilisation de la lumi\u00e8re dans les films traitant de la p\u00e9riode m\u00e9di\u00e9vale. Cet article int\u00e9ressera tous les enseignants utilisant des films de fiction en classe pour traiter du Moyen-\u00c2ge.<\/strong><\/p>\n<p>L\u2019utilisation de la lumi\u00e8re dans les films dont l\u2019action se d\u00e9roule au Moyen \u00c2ge a connu de nombreuses variations. Dans son article, Lea Hermenault divise le XX\u00e8me si\u00e8cle en quatre grandes p\u00e9riodes\u00a0: les d\u00e9buts du cin\u00e9ma, jusqu\u2019aux ann\u00e9es 1930 avec une lumi\u00e8re tr\u00e8s expressive qui th\u00e9\u00e2tralise l\u2019intrigue et les personnages\u00a0; une p\u00e9riode entre les ann\u00e9es 1930 et 1950 durant laquelle l\u2019utilisation du technicolor oblige \u00e0 sur-\u00e9clairer les s\u00e9quences et durant laquelle la lumi\u00e8re n\u2019est pas ou tr\u00e8s peu signifiante\u00a0; une p\u00e9riode entre les ann\u00e9es 1950 et les ann\u00e9es 1980 durant laquelle la lumi\u00e8re est peu travaill\u00e9e\u00a0; et enfin des ann\u00e9es 1980 \u00e0 nos jours, o\u00f9 l\u2019on per\u00e7oit un regain d\u2019int\u00e9r\u00eat pour le travail de la lumi\u00e8re et l\u2019installation d\u2019ambiances particuli\u00e8res qui participent, \u00e0 son sens, de l\u2019\u00e9volution de l\u2019image qui est donn\u00e9e du Moyen \u00c2ge.<\/p>\n<p>L&rsquo;article avec de nombreuses images en exemple :\u00a0<a href=\"http:\/\/culturevisuelle.org\/fovea\/archives\/326\">Mettre en lumi\u00e8re le Moyen Age, tout un probl\u00e8me | Fov\u00e9a<\/a>.<\/p>\n","protected":false},"excerpt":{"rendered":"<p>Dans le cadre de la premi\u00e8re \u00e9dition du\u00a0festival du film m\u00e9di\u00e9val\u00a0qui d\u00e9butera mercredi 24 octobre,\u00a0L\u00e9a Hermenault, doctorante en arch\u00e9ologie m\u00e9di\u00e9vale et membre de l\u2019\u00e9quipe du festival, propose un article sur l\u2019utilisation de la lumi\u00e8re dans les films traitant de la p\u00e9riode m\u00e9di\u00e9vale. Cet article int\u00e9ressera tous les enseignants utilisant des films de fiction en classe [&hellip;]<\/p>\n","protected":false},"author":1,"featured_media":14149,"comment_status":"open","ping_status":"open","sticky":false,"template":"","format":"standard","meta":{"_import_markdown_pro_load_document_selector":0,"_import_markdown_pro_submit_text_textarea":"","_genesis_hide_title":false,"_genesis_hide_breadcrumbs":false,"_genesis_hide_singular_image":false,"_genesis_hide_footer_widgets":false,"_genesis_custom_body_class":"","_genesis_custom_post_class":"","_genesis_layout":"","jetpack_post_was_ever_published":false,"_jetpack_newsletter_access":"","_jetpack_dont_email_post_to_subs":false,"_jetpack_newsletter_tier_id":0,"_jetpack_memberships_contains_paywalled_content":false,"_jetpack_memberships_contains_paid_content":false,"activitypub_content_warning":"","activitypub_content_visibility":"","activitypub_max_image_attachments":3,"activitypub_interaction_policy_quote":"anyone","activitypub_status":"","footnotes":"","jetpack_publicize_message":"","jetpack_publicize_feature_enabled":true,"jetpack_social_post_already_shared":true,"jetpack_social_options":{"image_generator_settings":{"template":"fullscreen","default_image_id":0,"font":"","enabled":false},"version":2}},"categories":[2],"tags":[],"class_list":{"0":"post-6311","1":"post","2":"type-post","3":"status-publish","4":"format-standard","5":"has-post-thumbnail","7":"category-histoire-2","8":"entry"},"jetpack_publicize_connections":[],"featured_image_src":"https:\/\/i0.wp.com\/lyonelkaufmann.ch\/Blog\/wp-content\/uploads\/2015\/03\/fig_33-695x483.jpg?resize=600%2C400&ssl=1","featured_image_src_square":"https:\/\/i0.wp.com\/lyonelkaufmann.ch\/Blog\/wp-content\/uploads\/2015\/03\/fig_33-695x483.jpg?resize=600%2C483&ssl=1","author_info":{"display_name":"Lyonel Kaufmann","author_link":"https:\/\/lyonelkaufmann.ch\/Blog\/author\/lyonelk\/"},"jetpack_featured_media_url":"https:\/\/i0.wp.com\/lyonelkaufmann.ch\/Blog\/wp-content\/uploads\/2015\/03\/fig_33-695x483.jpg?fit=695%2C483&ssl=1","jetpack_sharing_enabled":true,"jetpack_shortlink":"https:\/\/wp.me\/p1qtF4-1DN","jetpack-related-posts":[{"id":2602,"url":"https:\/\/lyonelkaufmann.ch\/Blog\/2010\/02\/25\/tolkien-medieval-la-vie-des-idees\/","url_meta":{"origin":6311,"position":0},"title":"Tolkien m\u00e9di\u00e9val | La vie des id\u00e9es","author":"Lyonel Kaufmann","date":"25 f\u00e9vrier 2010","format":false,"excerpt":"Ce compte-rendu de la Vie des id\u00e9es porte sur l'ouvrage Tolkien et le Moyen \u00c2ge, recueil d\u2019articles r\u00e9dig\u00e9s par des \u00e9tudiants en master et doctorat sous la direction de Leo Carruthers, professeur d\u2019anglais \u00e0 Paris IV Sorbonne et directeur du Centre d\u2019Etudes M\u00e9di\u00e9vales Anglaises (CEMA). Les diff\u00e9rents articles de ce\u2026","rel":"","context":"Dans &quot;histoire&quot;","block_context":{"text":"histoire","link":"https:\/\/lyonelkaufmann.ch\/Blog\/category\/histoire-2\/"},"img":{"alt_text":"","src":"https:\/\/i0.wp.com\/lyonelkaufmann.ch\/histoire\/wp-content\/uploads\/2010\/02\/arton229-af154.jpg?resize=350%2C200","width":350,"height":200},"classes":[]},{"id":8466,"url":"https:\/\/lyonelkaufmann.ch\/Blog\/2014\/10\/13\/restauration-flamboyante-de-notre-dame-de-chartres\/","url_meta":{"origin":6311,"position":1},"title":"Restauration flamboyante de Notre-Dame de Chartres","author":"Lyonel Kaufmann","date":"13 octobre 2014","format":false,"excerpt":"Inclinez-vous \u00e0 voir le Moyen-\u00c2ge comme une p\u00e9riode obscure o\u00f9 r\u00e8gnent les t\u00e9n\u00e8bres ou plut\u00f4t enclin \u00e0 le voir comme une p\u00e9riode flamboyante? Actuellement la cath\u00e9drale de Chartres en cours de restauration comblera les tenants de ces deux Moyen-\u00c2ge, car le visiteur peut encore observer l'avant restauration de l'apr\u00e8s. L'avant,\u2026","rel":"","context":"Dans &quot;histoire&quot;","block_context":{"text":"histoire","link":"https:\/\/lyonelkaufmann.ch\/Blog\/category\/histoire-2\/"},"img":{"alt_text":"","src":"https:\/\/i0.wp.com\/lyonelkaufmann.ch\/Blog\/wp-content\/uploads\/2015\/02\/dscf5518.jpg?fit=900%2C1200&ssl=1&resize=350%2C200","width":350,"height":200,"srcset":"https:\/\/i0.wp.com\/lyonelkaufmann.ch\/Blog\/wp-content\/uploads\/2015\/02\/dscf5518.jpg?fit=900%2C1200&ssl=1&resize=350%2C200 1x, https:\/\/i0.wp.com\/lyonelkaufmann.ch\/Blog\/wp-content\/uploads\/2015\/02\/dscf5518.jpg?fit=900%2C1200&ssl=1&resize=525%2C300 1.5x, https:\/\/i0.wp.com\/lyonelkaufmann.ch\/Blog\/wp-content\/uploads\/2015\/02\/dscf5518.jpg?fit=900%2C1200&ssl=1&resize=700%2C400 2x"},"classes":[]},{"id":19840,"url":"https:\/\/lyonelkaufmann.ch\/Blog\/2018\/12\/30\/double-jeu-lausanne-lumieres-2018\/","url_meta":{"origin":6311,"position":2},"title":"Double Jeu &#8211; Lausanne Lumi\u00e8res 2018","author":"Lyonel Kaufmann","date":"30 d\u00e9cembre 2018","format":false,"excerpt":"Notre promenade urbaine 2018 r\u00e9alis\u00e9e dans le cadre de Lausanne Lumi\u00e8res. Le projet met en valeur les arcades sud de l\u2019\u00e9glise Saint-Fran\u00e7ois. Cette derni\u00e8re \u00e9tant, avec la Cath\u00e9drale, la seule \u00e9glise m\u00e9di\u00e9vale conserv\u00e9e \u00e0 Lausanne, l\u2019installation joue avec cet h\u00e9ritage en utilisant une typologie d\u2019\u00e9clairage d\u2019une autre \u00e9poque: le shed.\u2026","rel":"","context":"Dans &quot;Photo du jour&quot;","block_context":{"text":"Photo du jour","link":"https:\/\/lyonelkaufmann.ch\/Blog\/category\/photo-du-jour\/"},"img":{"alt_text":"","src":"","width":0,"height":0},"classes":[]},{"id":7940,"url":"https:\/\/lyonelkaufmann.ch\/Blog\/2014\/04\/01\/jacques-le-goff-1924-2014-leclaireur-du-moyen-age\/","url_meta":{"origin":6311,"position":3},"title":"Jacques Le Goff (1924-2014) : L&rsquo;\u00e9claireur du Moyen-\u00c2ge","author":"Lyonel Kaufmann","date":"1 avril 2014","format":false,"excerpt":"Jacques Le Goff (1924-2014) AFP\/JACQUES SASSIER Certes, vu l\u2019\u00e2ge du bonhomme (90 ans), plus le temps avan\u00e7ait et plus l\u2019in\u00e9luctable devait arriver, mais bon c\u2019est pas un tr\u00e8s chouette poisson d\u2019avril que de lire dans son fil d\u2019actualit\u00e9 que l\u2019historien Jacques Le Goff est d\u00e9c\u00e9d\u00e9 ce mardi 1er avril 2014.\u2026","rel":"","context":"Dans &quot;histoire&quot;","block_context":{"text":"histoire","link":"https:\/\/lyonelkaufmann.ch\/Blog\/category\/histoire-2\/"},"img":{"alt_text":"","src":"https:\/\/i0.wp.com\/lyonelkaufmann.ch\/Blog\/wp-content\/uploads\/2015\/03\/0135.jpg?fit=480%2C360&ssl=1&resize=350%2C200","width":350,"height":200},"classes":[]},{"id":5607,"url":"https:\/\/lyonelkaufmann.ch\/Blog\/2012\/07\/08\/inquisitio-reflexions-sur-une-fiction-historico-moyenageuse-sources-medievales\/","url_meta":{"origin":6311,"position":4},"title":"Inquisitio : r\u00e9flexions sur une fiction historico-moyen\u00e2geuse |\u00a0Sources M\u00e9di\u00e9vales","author":"Lyonel Kaufmann","date":"8 juillet 2012","format":false,"excerpt":"See on Scoop.it - histoireLe Moyen \u00c2ge se vend bien \u2013 tr\u00e8s bien m\u00eame \u2013 merci pour lui. En t\u00e9moigne la \u00ab saga de l\u2019\u00e9t\u00e9 \u00bb Inquisitio de France T\u00e9l\u00e9visions, diffus\u00e9e \u00e0 partir du 4 juillet 2012, qui compte huit chapitres \u00e0 raison de deux \u00e9pisodes chaque mercredi soir pendant\u2026","rel":"","context":"Dans &quot;histoire&quot;","block_context":{"text":"histoire","link":"https:\/\/lyonelkaufmann.ch\/Blog\/category\/histoire-2\/"},"img":{"alt_text":"","src":"","width":0,"height":0},"classes":[]},{"id":5054,"url":"https:\/\/lyonelkaufmann.ch\/Blog\/2011\/11\/04\/le-web-2-0-dans-la-lignee-des-eveques-du-moyen-age-gouvernance-web\/","url_meta":{"origin":6311,"position":5},"title":"Le web 2.0 dans la lign\u00e9e des \u00e9v\u00eaques du Moyen-\u00c2ge? | Gouvernance Web","author":"Lyonel Kaufmann","date":"4 novembre 2011","format":"aside","excerpt":"Ceci est ma revue de presse du 3 novembre 2011 : R\u00e9seaux sociaux, influence et pouvoir : le web 2.0 dans la lign\u00e9e des \u00e9v\u00eaques du Moyen-\u00c2ge ? | Gouvernance Web\u00a0- Y a-t-il un point commun entre les\u00a0\u00e9v\u00eaques\u00a0m\u00e9di\u00e9vaux et le web 2.0 ? Contre toute attente, oui. Et m\u00eame plus\u2026","rel":"","context":"Dans &quot;Blogcaf\u00e9&quot;","block_context":{"text":"Blogcaf\u00e9","link":"https:\/\/lyonelkaufmann.ch\/Blog\/category\/blogcafe-2\/"},"img":{"alt_text":"","src":"https:\/\/i0.wp.com\/lyonelkaufmann.ch\/Blog\/wp-content\/uploads\/2015\/03\/blogcafe1.jpg?fit=1024%2C683&ssl=1&resize=350%2C200","width":350,"height":200,"srcset":"https:\/\/i0.wp.com\/lyonelkaufmann.ch\/Blog\/wp-content\/uploads\/2015\/03\/blogcafe1.jpg?fit=1024%2C683&ssl=1&resize=350%2C200 1x, https:\/\/i0.wp.com\/lyonelkaufmann.ch\/Blog\/wp-content\/uploads\/2015\/03\/blogcafe1.jpg?fit=1024%2C683&ssl=1&resize=525%2C300 1.5x, https:\/\/i0.wp.com\/lyonelkaufmann.ch\/Blog\/wp-content\/uploads\/2015\/03\/blogcafe1.jpg?fit=1024%2C683&ssl=1&resize=700%2C400 2x"},"classes":[]}],"jetpack_likes_enabled":true,"_links":{"self":[{"href":"https:\/\/lyonelkaufmann.ch\/Blog\/wp-json\/wp\/v2\/posts\/6311","targetHints":{"allow":["GET"]}}],"collection":[{"href":"https:\/\/lyonelkaufmann.ch\/Blog\/wp-json\/wp\/v2\/posts"}],"about":[{"href":"https:\/\/lyonelkaufmann.ch\/Blog\/wp-json\/wp\/v2\/types\/post"}],"author":[{"embeddable":true,"href":"https:\/\/lyonelkaufmann.ch\/Blog\/wp-json\/wp\/v2\/users\/1"}],"replies":[{"embeddable":true,"href":"https:\/\/lyonelkaufmann.ch\/Blog\/wp-json\/wp\/v2\/comments?post=6311"}],"version-history":[{"count":0,"href":"https:\/\/lyonelkaufmann.ch\/Blog\/wp-json\/wp\/v2\/posts\/6311\/revisions"}],"wp:featuredmedia":[{"embeddable":true,"href":"https:\/\/lyonelkaufmann.ch\/Blog\/wp-json\/wp\/v2\/media\/14149"}],"wp:attachment":[{"href":"https:\/\/lyonelkaufmann.ch\/Blog\/wp-json\/wp\/v2\/media?parent=6311"}],"wp:term":[{"taxonomy":"category","embeddable":true,"href":"https:\/\/lyonelkaufmann.ch\/Blog\/wp-json\/wp\/v2\/categories?post=6311"},{"taxonomy":"post_tag","embeddable":true,"href":"https:\/\/lyonelkaufmann.ch\/Blog\/wp-json\/wp\/v2\/tags?post=6311"}],"curies":[{"name":"wp","href":"https:\/\/api.w.org\/{rel}","templated":true}]}}