{"id":6324,"date":"2012-10-24T13:40:49","date_gmt":"2012-10-24T13:40:49","guid":{"rendered":"http:\/\/lyonelkaufmann.ch\/histoire\/?p=6324"},"modified":"2012-10-24T13:40:49","modified_gmt":"2012-10-24T13:40:49","slug":"lutilisation-dinternet-par-les-jeunes-devient-de-plus-en-plus-mobile-rtsinfo-ch","status":"publish","type":"post","link":"https:\/\/lyonelkaufmann.ch\/Blog\/2012\/10\/24\/lutilisation-dinternet-par-les-jeunes-devient-de-plus-en-plus-mobile-rtsinfo-ch\/","title":{"rendered":"L&rsquo;utilisation d&rsquo;Internet par les jeunes devient de plus en plus mobile | rtsinfo.ch"},"content":{"rendered":"<p><strong>Les jeunes Suisses sont de plus en plus nombreux \u00e0 surfer sur Internet avec leur smartphone tout en regardant un autre \u00e9cran. C&rsquo;est l&rsquo;une des conclusions de la deuxi\u00e8me \u00e9tude JAMES sur les habitudes d&rsquo;utilisation des m\u00e9dias par les 12-19 ans.<br \/>\n<\/strong><br \/>\nL\u2019\u00e9tude montre en outre que le th\u00e8me de la protection des donn\u00e9es personnelles sur les r\u00e9seaux sociaux ne cesse de gagner en importance. Ainsi, 84% des utilisateurs (57% en 2012) de ces r\u00e9seaux pr\u00e9cisent qu&rsquo;ils prot\u00e8gent activement leur profil en en limitant l\u2019acc\u00e8s.<\/p>\n<p>A lire : <a href=\"http:\/\/www.rts.ch\/info\/sciences-tech\/4376547-l-utilisation-d-internet-par-les-jeunes-devient-de-plus-en-plus-mobile.html?wysistatpr=ads_rss_texte\">L&rsquo;utilisation d&rsquo;Internet par les jeunes devient de plus en plus mobile &#8211; rts.ch &#8211; info &#8211; sciences-tech.<\/a>.<\/p>\n","protected":false},"excerpt":{"rendered":"<p>Les jeunes Suisses sont de plus en plus nombreux \u00e0 surfer sur Internet avec leur smartphone tout en regardant un autre \u00e9cran. C&rsquo;est l&rsquo;une des conclusions de la deuxi\u00e8me \u00e9tude JAMES sur les habitudes d&rsquo;utilisation des m\u00e9dias par les 12-19 ans. L\u2019\u00e9tude montre en outre que le th\u00e8me de la protection des donn\u00e9es personnelles sur [&hellip;]<\/p>\n","protected":false},"author":1,"featured_media":14680,"comment_status":"open","ping_status":"open","sticky":false,"template":"","format":"standard","meta":{"_import_markdown_pro_load_document_selector":0,"_import_markdown_pro_submit_text_textarea":"","_genesis_hide_title":false,"_genesis_hide_breadcrumbs":false,"_genesis_hide_singular_image":false,"_genesis_hide_footer_widgets":false,"_genesis_custom_body_class":"","_genesis_custom_post_class":"","_genesis_layout":"","jetpack_post_was_ever_published":false,"_jetpack_newsletter_access":"","_jetpack_dont_email_post_to_subs":false,"_jetpack_newsletter_tier_id":0,"_jetpack_memberships_contains_paywalled_content":false,"_jetpack_memberships_contains_paid_content":false,"activitypub_content_warning":"","activitypub_content_visibility":"","activitypub_max_image_attachments":3,"activitypub_interaction_policy_quote":"anyone","activitypub_status":"","footnotes":"","jetpack_publicize_message":"","jetpack_publicize_feature_enabled":true,"jetpack_social_post_already_shared":true,"jetpack_social_options":{"image_generator_settings":{"template":"fullscreen","default_image_id":0,"font":"","enabled":false},"version":2}},"categories":[2],"tags":[],"class_list":{"0":"post-6324","1":"post","2":"type-post","3":"status-publish","4":"format-standard","5":"has-post-thumbnail","7":"category-histoire-2","8":"entry"},"jetpack_publicize_connections":[],"featured_image_src":"https:\/\/i0.wp.com\/lyonelkaufmann.ch\/Blog\/wp-content\/uploads\/2015\/03\/blogcafe1.jpg?resize=600%2C400&ssl=1","featured_image_src_square":"https:\/\/i0.wp.com\/lyonelkaufmann.ch\/Blog\/wp-content\/uploads\/2015\/03\/blogcafe1.jpg?resize=600%2C600&ssl=1","author_info":{"display_name":"Lyonel Kaufmann","author_link":"https:\/\/lyonelkaufmann.ch\/Blog\/author\/lyonelk\/"},"jetpack_featured_media_url":"https:\/\/i0.wp.com\/lyonelkaufmann.ch\/Blog\/wp-content\/uploads\/2015\/03\/blogcafe1.jpg?fit=1024%2C683&ssl=1","jetpack_sharing_enabled":true,"jetpack_shortlink":"https:\/\/wp.me\/p1qtF4-1E0","jetpack-related-posts":[{"id":11995,"url":"https:\/\/lyonelkaufmann.ch\/Blog\/2014\/09\/10\/reseaux-sociaux-le-retour-de-la-vie-privee\/","url_meta":{"origin":6324,"position":0},"title":"R\u00e9seaux sociaux : le retour de la vie priv\u00e9e ?","author":"Lyonel Kaufmann","date":"10 septembre 2014","format":false,"excerpt":"Ce billet peut para\u00eetre paradoxal au moment o\u00f9 sont diffus\u00e9es des photos pirat\u00e9es de people nord-am\u00e9ricaines ou qu\u2019un politicien suisse, Geri M\u00fcller, se voit jeter en p\u00e2ture, nu dans son bureau, par son ex (Le conseiller national Geri M\u00fcller aurait envoy\u00e9 des selfies nus\u00a0| Le Matin). Et pourtant, en lisant\u2026","rel":"","context":"Dans &quot;Blogcaf\u00e9&quot;","block_context":{"text":"Blogcaf\u00e9","link":"https:\/\/lyonelkaufmann.ch\/Blog\/category\/blogcafe-2\/"},"img":{"alt_text":"","src":"https:\/\/i0.wp.com\/lyonelkaufmann.ch\/Blog\/wp-content\/uploads\/2015\/03\/blogcafe1.jpg?fit=1024%2C683&ssl=1&resize=350%2C200","width":350,"height":200,"srcset":"https:\/\/i0.wp.com\/lyonelkaufmann.ch\/Blog\/wp-content\/uploads\/2015\/03\/blogcafe1.jpg?fit=1024%2C683&ssl=1&resize=350%2C200 1x, https:\/\/i0.wp.com\/lyonelkaufmann.ch\/Blog\/wp-content\/uploads\/2015\/03\/blogcafe1.jpg?fit=1024%2C683&ssl=1&resize=525%2C300 1.5x, https:\/\/i0.wp.com\/lyonelkaufmann.ch\/Blog\/wp-content\/uploads\/2015\/03\/blogcafe1.jpg?fit=1024%2C683&ssl=1&resize=700%2C400 2x"},"classes":[]},{"id":6834,"url":"https:\/\/lyonelkaufmann.ch\/Blog\/2013\/03\/05\/how-teachers-use-wikipedia\/","url_meta":{"origin":6324,"position":1},"title":"Quelle est l&rsquo;utillisation de Wikipedia par les enseignants ?","author":"Lyonel Kaufmann","date":"5 mars 2013","format":false,"excerpt":"Une enqu\u00eate r\u00e9alis\u00e9 aupr\u00e8s d'enseignants am\u00e9ricains des \u00e9coles secondaires d\u00e9bouche sur le constat que les technologies num\u00e9riques sont devenues essentielles \u00e0 leur enseignement et \u00e0 leurs actes professionnels. Bien que les enseignants interdisent ou restreignent l'utilisation de Wikipedia par leurs \u00e9l\u00e8ves, ils les utilisent largement dans la pr\u00e9paration de leurs\u2026","rel":"","context":"Dans &quot;histoire&quot;","block_context":{"text":"histoire","link":"https:\/\/lyonelkaufmann.ch\/Blog\/category\/histoire-2\/"},"img":{"alt_text":"","src":"https:\/\/i0.wp.com\/lyonelkaufmann.ch\/Blog\/wp-content\/uploads\/2015\/03\/24e41add953a497db4831b73361ef7cb.jpg?fit=510%2C414&ssl=1&resize=350%2C200","width":350,"height":200},"classes":[]},{"id":12505,"url":"https:\/\/lyonelkaufmann.ch\/Blog\/2006\/05\/08\/internet-694-millions-de-personnes-dans-le-monde\/","url_meta":{"origin":6324,"position":2},"title":"Internet = 694 millions de personnes dans le monde","author":"Lyonel Kaufmann","date":"8 mai 2006","format":false,"excerpt":"Le Monde.fr : 694 millions de personnes sont connect\u00e9es sur Internet dans le monde: Quelque 694 millions de personnes dans le monde \u00e2g\u00e9es de plus de 15 ans, dont 152 millions aux Etats-Unis et 23,9 millions en France, utilisent Internet, soit 14 % de la population mondiale de cette tranche\u2026","rel":"","context":"Dans &quot;Blogcaf\u00e9&quot;","block_context":{"text":"Blogcaf\u00e9","link":"https:\/\/lyonelkaufmann.ch\/Blog\/category\/blogcafe-2\/"},"img":{"alt_text":"","src":"https:\/\/i0.wp.com\/lyonelkaufmann.ch\/Blog\/wp-content\/uploads\/2015\/03\/blogcafe1.jpg?fit=1024%2C683&ssl=1&resize=350%2C200","width":350,"height":200,"srcset":"https:\/\/i0.wp.com\/lyonelkaufmann.ch\/Blog\/wp-content\/uploads\/2015\/03\/blogcafe1.jpg?fit=1024%2C683&ssl=1&resize=350%2C200 1x, https:\/\/i0.wp.com\/lyonelkaufmann.ch\/Blog\/wp-content\/uploads\/2015\/03\/blogcafe1.jpg?fit=1024%2C683&ssl=1&resize=525%2C300 1.5x, https:\/\/i0.wp.com\/lyonelkaufmann.ch\/Blog\/wp-content\/uploads\/2015\/03\/blogcafe1.jpg?fit=1024%2C683&ssl=1&resize=700%2C400 2x"},"classes":[]},{"id":6162,"url":"https:\/\/lyonelkaufmann.ch\/Blog\/2012\/09\/21\/internet-des-enfants-suisses-studieux-et-matures\/","url_meta":{"origin":6324,"position":3},"title":"Internet : des enfants suisses studieux et matures","author":"Lyonel Kaufmann","date":"21 septembre 2012","format":false,"excerpt":"Une \u00e9tude de l\u2019Universit\u00e9 de Zurich a analys\u00e9 le comportement en ligne des mineurs \u00e2g\u00e9s entre 9 et 16 ans. Elle met en \u00e9vidence des jeunes Suisses conscients des risques li\u00e9s \u00e0 l'Internet et l'utilisant \u00e0 la maison pour leur travaux scolaires. Bon point pour ces jeunes Suisses, seulement 4%\u2026","rel":"","context":"Dans &quot;histoire&quot;","block_context":{"text":"histoire","link":"https:\/\/lyonelkaufmann.ch\/Blog\/category\/histoire-2\/"},"img":{"alt_text":"","src":"https:\/\/i0.wp.com\/lyonelkaufmann.ch\/Blog\/wp-content\/uploads\/2015\/03\/blogcafe1.jpg?fit=1024%2C683&ssl=1&resize=350%2C200","width":350,"height":200,"srcset":"https:\/\/i0.wp.com\/lyonelkaufmann.ch\/Blog\/wp-content\/uploads\/2015\/03\/blogcafe1.jpg?fit=1024%2C683&ssl=1&resize=350%2C200 1x, https:\/\/i0.wp.com\/lyonelkaufmann.ch\/Blog\/wp-content\/uploads\/2015\/03\/blogcafe1.jpg?fit=1024%2C683&ssl=1&resize=525%2C300 1.5x, https:\/\/i0.wp.com\/lyonelkaufmann.ch\/Blog\/wp-content\/uploads\/2015\/03\/blogcafe1.jpg?fit=1024%2C683&ssl=1&resize=700%2C400 2x"},"classes":[]},{"id":17963,"url":"https:\/\/lyonelkaufmann.ch\/Blog\/2017\/01\/25\/comment-linternet-mobile-est-en-train-de-tuer-lordinateur-de-bureau\/","url_meta":{"origin":6324,"position":4},"title":"Comment l\u2019internet mobile est en train de tuer l\u2019ordinateur de bureau","author":"Lyonel Kaufmann","date":"25 janvier 2017","format":false,"excerpt":"Pour la premi\u00e8re fois dans l\u2019histoire, il y a plus de personnes se connectant \u00e0 internet \u00e0 partir de mobiles que depuis un ordinateur. Si le mobile absorbe nos usages digitaux, les ordinateurs auront-ils encore leur place sur les bureaux de l\u2019entreprise du futur ? La plupart des services num\u00e9riques\u2026","rel":"","context":"Dans &quot;Blogcaf\u00e9&quot;","block_context":{"text":"Blogcaf\u00e9","link":"https:\/\/lyonelkaufmann.ch\/Blog\/category\/blogcafe-2\/"},"img":{"alt_text":"","src":"https:\/\/i0.wp.com\/lyonelkaufmann.ch\/Blog\/wp-content\/uploads\/2017\/01\/Image-25.01.17-10-03.55bf09bcabe041deac358e320a1714c2.png?fit=587%2C310&ssl=1&resize=350%2C200","width":350,"height":200,"srcset":"https:\/\/i0.wp.com\/lyonelkaufmann.ch\/Blog\/wp-content\/uploads\/2017\/01\/Image-25.01.17-10-03.55bf09bcabe041deac358e320a1714c2.png?fit=587%2C310&ssl=1&resize=350%2C200 1x, https:\/\/i0.wp.com\/lyonelkaufmann.ch\/Blog\/wp-content\/uploads\/2017\/01\/Image-25.01.17-10-03.55bf09bcabe041deac358e320a1714c2.png?fit=587%2C310&ssl=1&resize=525%2C300 1.5x"},"classes":[]},{"id":1364,"url":"https:\/\/lyonelkaufmann.ch\/Blog\/2009\/06\/23\/eleves-2-0-recherchent-de-toute-urgence-professeurs-2-0\/","url_meta":{"origin":6324,"position":5},"title":"El\u00e8ves 2.0 recherchent de toute urgence Professeurs 2.0","author":"Lyonel Kaufmann","date":"23 juin 2009","format":false,"excerpt":"D'un c\u00f4t\u00e9, les enseignants d'histoire\u00a0recourant aux technologies restent partag\u00e9s ou dubitatifs relativement \u00e0 l'utilisation dans leur enseignement des outils du web 2.0 (blogs, r\u00e9seaux sociaux, twitter, facebook, wikis) ainsi que l'illustre le d\u00e9bat actuel sur la liste H-Fran\u00e7ais relativement \u00e0 la plate-forme Ning. J'en rends compte dans ma chronique mensuelle\u2026","rel":"","context":"Dans &quot;histoire&quot;","block_context":{"text":"histoire","link":"https:\/\/lyonelkaufmann.ch\/Blog\/category\/histoire-2\/"},"img":{"alt_text":"","src":"https:\/\/i0.wp.com\/lyonelkaufmann.ch\/Blog\/wp-content\/uploads\/2015\/03\/063.jpg?fit=480%2C360&ssl=1&resize=350%2C200","width":350,"height":200},"classes":[]}],"jetpack_likes_enabled":true,"_links":{"self":[{"href":"https:\/\/lyonelkaufmann.ch\/Blog\/wp-json\/wp\/v2\/posts\/6324","targetHints":{"allow":["GET"]}}],"collection":[{"href":"https:\/\/lyonelkaufmann.ch\/Blog\/wp-json\/wp\/v2\/posts"}],"about":[{"href":"https:\/\/lyonelkaufmann.ch\/Blog\/wp-json\/wp\/v2\/types\/post"}],"author":[{"embeddable":true,"href":"https:\/\/lyonelkaufmann.ch\/Blog\/wp-json\/wp\/v2\/users\/1"}],"replies":[{"embeddable":true,"href":"https:\/\/lyonelkaufmann.ch\/Blog\/wp-json\/wp\/v2\/comments?post=6324"}],"version-history":[{"count":0,"href":"https:\/\/lyonelkaufmann.ch\/Blog\/wp-json\/wp\/v2\/posts\/6324\/revisions"}],"wp:featuredmedia":[{"embeddable":true,"href":"https:\/\/lyonelkaufmann.ch\/Blog\/wp-json\/wp\/v2\/media\/14680"}],"wp:attachment":[{"href":"https:\/\/lyonelkaufmann.ch\/Blog\/wp-json\/wp\/v2\/media?parent=6324"}],"wp:term":[{"taxonomy":"category","embeddable":true,"href":"https:\/\/lyonelkaufmann.ch\/Blog\/wp-json\/wp\/v2\/categories?post=6324"},{"taxonomy":"post_tag","embeddable":true,"href":"https:\/\/lyonelkaufmann.ch\/Blog\/wp-json\/wp\/v2\/tags?post=6324"}],"curies":[{"name":"wp","href":"https:\/\/api.w.org\/{rel}","templated":true}]}}