{"id":6332,"date":"2012-10-27T21:21:33","date_gmt":"2012-10-27T21:21:33","guid":{"rendered":"http:\/\/lyonelkaufmann.ch\/histoire\/?p=6332"},"modified":"2012-10-27T21:21:33","modified_gmt":"2012-10-27T21:21:33","slug":"la-mise-en-monde-de-lhumanite-plaidoyer-pour-lenseignement-dune-histoire-globale-aggiornamento-hist-geo","status":"publish","type":"post","link":"https:\/\/lyonelkaufmann.ch\/Blog\/2012\/10\/27\/la-mise-en-monde-de-lhumanite-plaidoyer-pour-lenseignement-dune-histoire-globale-aggiornamento-hist-geo\/","title":{"rendered":"La mise en Monde de l\u2019humanit\u00e9 : plaidoyer pour l\u2019enseignement d\u2019une histoire globale | aggiornamento hist-geo"},"content":{"rendered":"<p>See on <a style='font-weight:bold;font-size:18px;' href='http:\/\/www.scoop.it\/t\/histoire\/p\/3114083616\/la-mise-en-monde-de-l-humanite-plaidoyer-pour-l-enseignement-d-une-histoire-globale-aggiornamento-hist-geo'>Scoop.it<\/a> &#8211; <a href='http:\/\/www.scoop.it\/t\/histoire'>histoire<\/a><br \/><a href='http:\/\/www.scoop.it\/t\/histoire\/p\/3114083616\/la-mise-en-monde-de-l-humanite-plaidoyer-pour-l-enseignement-d-une-histoire-globale-aggiornamento-hist-geo'><img src='http:\/\/img.scoop.it\/zz2E_pY9ClkH1SVqdpKdVzl72eJkfbmt4t8yenImKBXEejxNn4ZJNZ2ss5Ku7Cxt' \/><\/a><\/p>\n<p>A l&rsquo;occasion de la parution d&rsquo;un ouvrage qui recoupe quelques unes de nos pr&eacute;occupations, Vincent Capdepuy, co-auteur, et les &eacute;ditions Sciences humaines ont autoris&eacute; la reproduction sur aggiornamento d&rsquo;une partie de l&rsquo;article intitul&eacute; &ldquo;L&rsquo;histoire globale par les sources : plaidoyer pour l&rsquo;enseignement d&rsquo;une histoire globale&rdquo;. Nous signalons &eacute;galement un article de Christian Grataloup sur &ldquo;l&rsquo;&eacute;cole en manque d&rsquo;histoire du Monde&rdquo;, et beaucoup d&rsquo;autres&hellip;<\/p>\n<p>See on <a href='http:\/\/aggiornamento.hypotheses.org\/1098'>aggiornamento.hypotheses.org<\/a><\/p>\n","protected":false},"excerpt":{"rendered":"<p>See on Scoop.it &#8211; histoire A l&rsquo;occasion de la parution d&rsquo;un ouvrage qui recoupe quelques unes de nos pr&eacute;occupations, Vincent Capdepuy, co-auteur, et les &eacute;ditions Sciences humaines ont autoris&eacute; la reproduction sur aggiornamento d&rsquo;une partie de l&rsquo;article intitul&eacute; &ldquo;L&rsquo;histoire globale par les sources : plaidoyer pour l&rsquo;enseignement d&rsquo;une histoire globale&rdquo;. Nous signalons &eacute;galement un article [&hellip;]<\/p>\n","protected":false},"author":1,"featured_media":14150,"comment_status":"open","ping_status":"open","sticky":false,"template":"","format":"standard","meta":{"_import_markdown_pro_load_document_selector":0,"_import_markdown_pro_submit_text_textarea":"","_genesis_hide_title":false,"_genesis_hide_breadcrumbs":false,"_genesis_hide_singular_image":false,"_genesis_hide_footer_widgets":false,"_genesis_custom_body_class":"","_genesis_custom_post_class":"","_genesis_layout":"","jetpack_post_was_ever_published":false,"_jetpack_newsletter_access":"","_jetpack_dont_email_post_to_subs":false,"_jetpack_newsletter_tier_id":0,"_jetpack_memberships_contains_paywalled_content":false,"_jetpack_memberships_contains_paid_content":false,"activitypub_content_warning":"","activitypub_content_visibility":"","activitypub_max_image_attachments":3,"activitypub_interaction_policy_quote":"anyone","activitypub_status":"","footnotes":"","jetpack_publicize_message":"","jetpack_publicize_feature_enabled":true,"jetpack_social_post_already_shared":true,"jetpack_social_options":{"image_generator_settings":{"template":"fullscreen","default_image_id":0,"font":"","enabled":false},"version":2}},"categories":[2],"tags":[],"class_list":{"0":"post-6332","1":"post","2":"type-post","3":"status-publish","4":"format-standard","5":"has-post-thumbnail","7":"category-histoire-2","8":"entry"},"jetpack_publicize_connections":[],"featured_image_src":"https:\/\/i0.wp.com\/lyonelkaufmann.ch\/Blog\/wp-content\/uploads\/2015\/03\/zz2E_pY9ClkH1SVqdpKdVzl72eJkfbmt4t8yenImKBXEejxNn4ZJNZ2ss5Ku7Cxt.jpg?resize=191%2C191&ssl=1","featured_image_src_square":"https:\/\/i0.wp.com\/lyonelkaufmann.ch\/Blog\/wp-content\/uploads\/2015\/03\/zz2E_pY9ClkH1SVqdpKdVzl72eJkfbmt4t8yenImKBXEejxNn4ZJNZ2ss5Ku7Cxt.jpg?resize=191%2C191&ssl=1","author_info":{"display_name":"Lyonel Kaufmann","author_link":"https:\/\/lyonelkaufmann.ch\/Blog\/author\/lyonelk\/"},"jetpack_featured_media_url":"https:\/\/i0.wp.com\/lyonelkaufmann.ch\/Blog\/wp-content\/uploads\/2015\/03\/zz2E_pY9ClkH1SVqdpKdVzl72eJkfbmt4t8yenImKBXEejxNn4ZJNZ2ss5Ku7Cxt.jpg?fit=191%2C191&ssl=1","jetpack_sharing_enabled":true,"jetpack_shortlink":"https:\/\/wp.me\/p1qtF4-1E8","jetpack-related-posts":[{"id":7195,"url":"https:\/\/lyonelkaufmann.ch\/Blog\/2013\/06\/30\/lhistoire-globale-est-elle-une-menace-pour-lenseignement-de-lhistoire-en-france\/","url_meta":{"origin":6332,"position":0},"title":"L\u2019histoire globale est-elle une menace pour l\u2019enseignement de l\u2019histoire en France ?","author":"Lyonel Kaufmann","date":"30 juin 2013","format":false,"excerpt":"Dans un article consacr\u00e9 \u00e0\u00a0L\u2019histoire globale en d\u00e9bats, le blog Histoire Globale conteste l'affirmation de Pierre Nora, dans le dernier num\u00e9ro de la revue Le D\u00e9bat, selon laquelle l\u2019histoire globale serait une menace pour l\u2019enseignement de l\u2019histoire en France. Dans l'\u00e9ditorial du dernier num\u00e9ro de la revue Le D\u00e9bat, Pierre\u2026","rel":"","context":"Dans &quot;histoire&quot;","block_context":{"text":"histoire","link":"https:\/\/lyonelkaufmann.ch\/Blog\/category\/histoire-2\/"},"img":{"alt_text":"","src":"https:\/\/i0.wp.com\/lyonelkaufmann.ch\/Blog\/wp-content\/uploads\/2015\/03\/blogcafe1.jpg?fit=1024%2C683&ssl=1&resize=350%2C200","width":350,"height":200,"srcset":"https:\/\/i0.wp.com\/lyonelkaufmann.ch\/Blog\/wp-content\/uploads\/2015\/03\/blogcafe1.jpg?fit=1024%2C683&ssl=1&resize=350%2C200 1x, https:\/\/i0.wp.com\/lyonelkaufmann.ch\/Blog\/wp-content\/uploads\/2015\/03\/blogcafe1.jpg?fit=1024%2C683&ssl=1&resize=525%2C300 1.5x, https:\/\/i0.wp.com\/lyonelkaufmann.ch\/Blog\/wp-content\/uploads\/2015\/03\/blogcafe1.jpg?fit=1024%2C683&ssl=1&resize=700%2C400 2x"},"classes":[]},{"id":4068,"url":"https:\/\/lyonelkaufmann.ch\/Blog\/2011\/09\/07\/pas-daggiornamento-sans-les-tice-aggiornamento-hist-geo\/","url_meta":{"origin":6332,"position":1},"title":"Pas d\u2019aggiornamento sans les TICE | aggiornamento hist-geo","author":"Lyonel Kaufmann","date":"7 septembre 2011","format":false,"excerpt":"Le blog \u00a0aggiornamento hist-geo a pour objet de proposer une r\u00e9flexion et des propositions dans l'optique d'un renouvellement en France de l'enseignement de l'histoire et de la g\u00e9ographie scolaires et universitaires. L'un de ces objectif principaux est de permettre l'organisation d'assises pour un aggiornamento de l'enseignement de l'histoire-g\u00e9ographie, pr\u00e9vues en\u2026","rel":"","context":"Dans &quot;histoire&quot;","block_context":{"text":"histoire","link":"https:\/\/lyonelkaufmann.ch\/Blog\/category\/histoire-2\/"},"img":{"alt_text":"","src":"https:\/\/i0.wp.com\/lyonelkaufmann.ch\/Blog\/wp-content\/uploads\/2015\/03\/blogcafe1.jpg?fit=1024%2C683&ssl=1&resize=350%2C200","width":350,"height":200,"srcset":"https:\/\/i0.wp.com\/lyonelkaufmann.ch\/Blog\/wp-content\/uploads\/2015\/03\/blogcafe1.jpg?fit=1024%2C683&ssl=1&resize=350%2C200 1x, https:\/\/i0.wp.com\/lyonelkaufmann.ch\/Blog\/wp-content\/uploads\/2015\/03\/blogcafe1.jpg?fit=1024%2C683&ssl=1&resize=525%2C300 1.5x, https:\/\/i0.wp.com\/lyonelkaufmann.ch\/Blog\/wp-content\/uploads\/2015\/03\/blogcafe1.jpg?fit=1024%2C683&ssl=1&resize=700%2C400 2x"},"classes":[]},{"id":7162,"url":"https:\/\/lyonelkaufmann.ch\/Blog\/2013\/06\/19\/revue-de-presse-le-deni-du-monde-aggiornamento-hist-geo\/","url_meta":{"origin":6332,"position":2},"title":"Revue de presse : Le d\u00e9ni du Monde | aggiornamento hist-geo","author":"Lyonel Kaufmann","date":"19 juin 2013","format":false,"excerpt":"Le dernier num\u00e9ro du D\u00e9bat est consacr\u00e9 \u00e0 l\u2019enseignement de l\u2019histoire, au \u00ab difficile enseignement de l\u2019histoire \u00bb. Car telle est la question\/affirmation pos\u00e9e par Pierre Nora \u00e0 l\u2019or\u00e9e de son \u00e9ditorial : \u00ab Pourquoi est-il devenu si difficile d\u2019enseigner l\u2019histoire dans les classes du primaire et du secondaire ?\u2026","rel":"","context":"Dans &quot;histoire&quot;","block_context":{"text":"histoire","link":"https:\/\/lyonelkaufmann.ch\/Blog\/category\/histoire-2\/"},"img":{"alt_text":"","src":"https:\/\/i0.wp.com\/lyonelkaufmann.ch\/Blog\/wp-content\/uploads\/2015\/03\/blogcafe1.jpg?fit=1024%2C683&ssl=1&resize=350%2C200","width":350,"height":200,"srcset":"https:\/\/i0.wp.com\/lyonelkaufmann.ch\/Blog\/wp-content\/uploads\/2015\/03\/blogcafe1.jpg?fit=1024%2C683&ssl=1&resize=350%2C200 1x, https:\/\/i0.wp.com\/lyonelkaufmann.ch\/Blog\/wp-content\/uploads\/2015\/03\/blogcafe1.jpg?fit=1024%2C683&ssl=1&resize=525%2C300 1.5x, https:\/\/i0.wp.com\/lyonelkaufmann.ch\/Blog\/wp-content\/uploads\/2015\/03\/blogcafe1.jpg?fit=1024%2C683&ssl=1&resize=700%2C400 2x"},"classes":[]},{"id":4792,"url":"https:\/\/lyonelkaufmann.ch\/Blog\/2012\/01\/02\/lhistoire-par-le-bas-contre-le-recit-national-dune-configuration-des-annees-68-et-de-sa-deliaison-aggiornamento-hist-geo\/","url_meta":{"origin":6332,"position":3},"title":"L\u2019histoire par le bas contre le r\u00e9cit national ? d\u2019une configuration des ann\u00e9es 68 et de sa d\u00e9liaison | aggiornamento hist-geo","author":"Lyonel Kaufmann","date":"2 janvier 2012","format":false,"excerpt":"Cet article pose les termes du d\u00e9bat sur l'enseignement de l'histoire en France sous l'\u00e9clairage des d\u00e9bats post-1968 et ceux issus de la fameuse pol\u00e9mique initi\u00e9e par Alain Decaux dans le Figaro :\u00a0Fran\u00e7ais, on n\u2019apprend plus l\u2019histoire \u00e0 vos enfants\u00a0! D'un c\u00f4t\u00e9, de 1984 \u00e0 1992, la parution \u00e9chelonn\u00e9e des\u2026","rel":"","context":"Dans &quot;histoire&quot;","block_context":{"text":"histoire","link":"https:\/\/lyonelkaufmann.ch\/Blog\/category\/histoire-2\/"},"img":{"alt_text":"","src":"https:\/\/i0.wp.com\/lyonelkaufmann.ch\/Blog\/wp-content\/uploads\/2015\/03\/blogcafe1.jpg?fit=1024%2C683&ssl=1&resize=350%2C200","width":350,"height":200,"srcset":"https:\/\/i0.wp.com\/lyonelkaufmann.ch\/Blog\/wp-content\/uploads\/2015\/03\/blogcafe1.jpg?fit=1024%2C683&ssl=1&resize=350%2C200 1x, https:\/\/i0.wp.com\/lyonelkaufmann.ch\/Blog\/wp-content\/uploads\/2015\/03\/blogcafe1.jpg?fit=1024%2C683&ssl=1&resize=525%2C300 1.5x, https:\/\/i0.wp.com\/lyonelkaufmann.ch\/Blog\/wp-content\/uploads\/2015\/03\/blogcafe1.jpg?fit=1024%2C683&ssl=1&resize=700%2C400 2x"},"classes":[]},{"id":6886,"url":"https:\/\/lyonelkaufmann.ch\/Blog\/2013\/03\/30\/revue-de-presse-que-retenir-du-xixeme-siecle-au-dela-des-cliches-les-possibles-aggiornamento-hist-geo\/","url_meta":{"origin":6332,"position":4},"title":"Revue de presse : Que retenir du XIX\u00e8me si\u00e8cle ? Au-del\u00e0 des clich\u00e9s, les possibles. | aggiornamento hist-geo","author":"Lyonel Kaufmann","date":"30 mars 2013","format":false,"excerpt":"\u00abLe r\u00e9cit du XIXe si\u00e8cle n\u2019est pas celui d\u2019une \u00ab l\u00e9gende dor\u00e9e \u00bb qui se caract\u00e9risait par des marches inexorables vers la R\u00e9publique ou le progr\u00e8s \u00e9conomique et social, ni celui d\u2019une \u00ab l\u00e9gende noire \u00bb, r\u00e9duite \u00e0 l\u2019oppression des ouvriers et des indig\u00e8nes. Au lieu d\u2019\u00e9difier les \u00e9l\u00e8ves, notre\u2026","rel":"","context":"Dans &quot;histoire&quot;","block_context":{"text":"histoire","link":"https:\/\/lyonelkaufmann.ch\/Blog\/category\/histoire-2\/"},"img":{"alt_text":"","src":"https:\/\/i0.wp.com\/lyonelkaufmann.ch\/Blog\/wp-content\/uploads\/2015\/03\/blogcafe1.jpg?fit=1024%2C683&ssl=1&resize=350%2C200","width":350,"height":200,"srcset":"https:\/\/i0.wp.com\/lyonelkaufmann.ch\/Blog\/wp-content\/uploads\/2015\/03\/blogcafe1.jpg?fit=1024%2C683&ssl=1&resize=350%2C200 1x, https:\/\/i0.wp.com\/lyonelkaufmann.ch\/Blog\/wp-content\/uploads\/2015\/03\/blogcafe1.jpg?fit=1024%2C683&ssl=1&resize=525%2C300 1.5x, https:\/\/i0.wp.com\/lyonelkaufmann.ch\/Blog\/wp-content\/uploads\/2015\/03\/blogcafe1.jpg?fit=1024%2C683&ssl=1&resize=700%2C400 2x"},"classes":[]},{"id":8054,"url":"https:\/\/lyonelkaufmann.ch\/Blog\/2014\/06\/22\/lhistoire-globale-au-college-de-france-histoire-globale\/","url_meta":{"origin":6332,"position":5},"title":"L\u2019histoire globale au Coll\u00e8ge de France ? | Histoire Globale","author":"Lyonel Kaufmann","date":"22 juin 2014","format":false,"excerpt":"Le 28 novembre dernier, Sanjay Subrahmanyam inaugurait une nouvelle chaire au Coll\u00e8ge de France (en ligne). Son intitul\u00e9, \u00ab\u00a0Histoire globale de la premi\u00e8re modernit\u00e9\u00a0\u00bb, ne pouvait que plaire, a priori, aux auteurs de ce blog et \u00e0 tous ceux, en France, qui appellent de leurs v\u0153ux le d\u00e9veloppement de l\u2019histoire\u2026","rel":"","context":"Dans &quot;histoire&quot;","block_context":{"text":"histoire","link":"https:\/\/lyonelkaufmann.ch\/Blog\/category\/histoire-2\/"},"img":{"alt_text":"","src":"https:\/\/i0.wp.com\/lyonelkaufmann.ch\/Blog\/wp-content\/uploads\/2015\/03\/0138.jpg?fit=480%2C360&ssl=1&resize=350%2C200","width":350,"height":200},"classes":[]}],"jetpack_likes_enabled":true,"_links":{"self":[{"href":"https:\/\/lyonelkaufmann.ch\/Blog\/wp-json\/wp\/v2\/posts\/6332","targetHints":{"allow":["GET"]}}],"collection":[{"href":"https:\/\/lyonelkaufmann.ch\/Blog\/wp-json\/wp\/v2\/posts"}],"about":[{"href":"https:\/\/lyonelkaufmann.ch\/Blog\/wp-json\/wp\/v2\/types\/post"}],"author":[{"embeddable":true,"href":"https:\/\/lyonelkaufmann.ch\/Blog\/wp-json\/wp\/v2\/users\/1"}],"replies":[{"embeddable":true,"href":"https:\/\/lyonelkaufmann.ch\/Blog\/wp-json\/wp\/v2\/comments?post=6332"}],"version-history":[{"count":0,"href":"https:\/\/lyonelkaufmann.ch\/Blog\/wp-json\/wp\/v2\/posts\/6332\/revisions"}],"wp:featuredmedia":[{"embeddable":true,"href":"https:\/\/lyonelkaufmann.ch\/Blog\/wp-json\/wp\/v2\/media\/14150"}],"wp:attachment":[{"href":"https:\/\/lyonelkaufmann.ch\/Blog\/wp-json\/wp\/v2\/media?parent=6332"}],"wp:term":[{"taxonomy":"category","embeddable":true,"href":"https:\/\/lyonelkaufmann.ch\/Blog\/wp-json\/wp\/v2\/categories?post=6332"},{"taxonomy":"post_tag","embeddable":true,"href":"https:\/\/lyonelkaufmann.ch\/Blog\/wp-json\/wp\/v2\/tags?post=6332"}],"curies":[{"name":"wp","href":"https:\/\/api.w.org\/{rel}","templated":true}]}}