{"id":6359,"date":"2012-07-12T09:00:00","date_gmt":"2012-07-12T08:00:00","guid":{"rendered":"https:\/\/lyonelkaufmann.ch\/Blog\/?p=6359"},"modified":"2024-01-02T01:29:08","modified_gmt":"2024-01-02T00:29:08","slug":"de-vevey-a-saint-jacques-de-compostelle-a-velo","status":"publish","type":"post","link":"https:\/\/lyonelkaufmann.ch\/Blog\/2012\/07\/12\/de-vevey-a-saint-jacques-de-compostelle-a-velo\/","title":{"rendered":"De Vevey \u00e0 Saint-Jacques-de-Compostelle \u00e0 v\u00e9lo"},"content":{"rendered":"<p><strong>En ce mercredi matin 11 juillet, je quittais le Cep d&rsquo;Or apr\u00e8s avoir bu mon caf\u00e9 lorsque je rencontrai une \u00e9quipe de cyclistes pr\u00e8s au d\u00e9part sur la Place du March\u00e9.<\/strong><\/p>\n<figure style=\"width: 397px\" class=\"wp-caption aligncenter\"><img data-recalc-dims=\"1\" loading=\"lazy\" decoding=\"async\" style=\"display:block;border:1px solid black;\" title=\"Vevey-St-Jacques-Compostelle-Velo1.jpg\" src=\"https:\/\/i0.wp.com\/lyonelkaufmann.ch\/Blog\/wp-content\/uploads\/2012\/07\/Vevey-St-Jacques-Compostelle-Velo1.jpg?resize=397%2C600&#038;ssl=1\" alt=\"Vevey St Jacques Compostelle Velo1\" width=\"397\" height=\"600\" border=\"0\" \/><figcaption class=\"wp-caption-text\">Les uns seuls sur leur v\u00e9lo, d&rsquo;autres en tandem.<\/figcaption><\/figure>\n<p>Les uns seuls sur leur v\u00e9lo, d&rsquo;autres en tandem.<\/p>\n<figure style=\"width: 397px\" class=\"wp-caption aligncenter\"><img data-recalc-dims=\"1\" loading=\"lazy\" decoding=\"async\" style=\"display:block;border:0;\" title=\"Vevey-St-Jacques-Compostelle-Velo3.jpg\" src=\"https:\/\/i0.wp.com\/lyonelkaufmann.ch\/Blog\/wp-content\/uploads\/2012\/07\/Vevey-St-Jacques-Compostelle-Velo3.jpg?resize=397%2C600&#038;ssl=1\" alt=\"Vevey St Jacques Compostelle Velo3\" width=\"397\" height=\"600\" border=\"0\" \/><figcaption class=\"wp-caption-text\">Tous fortement \u00e9quip\u00e9s pour une longue chevauch\u00e9e.<\/figcaption><\/figure>\n<p>Tous fortement \u00e9quip\u00e9s pour une longue chevauch\u00e9e.<\/p>\n<p>Saisissant les bribes d&rsquo;une conversation d&rsquo;autres passants qui, comme moi, observaient ces cyclistes pr\u00eats au d\u00e9part, j&rsquo;appris que leur objectif \u00e9tait de r\u00e9aliser le p\u00e8lerinage en direction de <a href=\"http:\/\/fr.wikipedia.org\/wiki\/P\u00e8lerinage_de_Saint-Jacques-de-Compostelle\">Saint-Jacques-de-Compostelle<\/a> \u00e0 v\u00e9lo.<\/p>\n<figure style=\"width: 397px\" class=\"wp-caption aligncenter\"><img data-recalc-dims=\"1\" loading=\"lazy\" decoding=\"async\" class=\" \" style=\"display:block;border:1px solid black;\" title=\"Vevey-St-Jacques-Compostelle-Velo2.jpg\" src=\"https:\/\/i0.wp.com\/lyonelkaufmann.ch\/Blog\/wp-content\/uploads\/2012\/07\/Vevey-St-Jacques-Compostelle-Velo2.jpg?resize=397%2C600&#038;ssl=1\" alt=\"Vevey St Jacques Compostelle Velo2\" width=\"397\" height=\"600\" border=\"0\" \/><figcaption class=\"wp-caption-text\">Le regard tourn\u00e9 vers\u00a0<a href=\"http:\/\/fr.wikipedia.org\/wiki\/P\u00e8lerinage_de_Saint-Jacques-de-Compostelle\">Saint-Jacques-de-Compostelle<\/a><\/figcaption><\/figure>\n<p>Bonne route \u00e0 eux.<\/p>\n","protected":false},"excerpt":{"rendered":"<p>En ce mercredi matin 11 juillet, je quittais le Cep d&rsquo;Or apr\u00e8s avoir bu mon caf\u00e9 lorsque je rencontrai une \u00e9quipe de cyclistes pr\u00e8s au d\u00e9part sur la Place du March\u00e9. Les uns seuls sur leur v\u00e9lo, d&rsquo;autres en tandem. Tous fortement \u00e9quip\u00e9s pour une longue chevauch\u00e9e. Saisissant les bribes d&rsquo;une conversation d&rsquo;autres passants qui, [&hellip;]<\/p>\n","protected":false},"author":1,"featured_media":13947,"comment_status":"open","ping_status":"open","sticky":false,"template":"","format":"standard","meta":{"_import_markdown_pro_load_document_selector":0,"_import_markdown_pro_submit_text_textarea":"","_genesis_hide_title":false,"_genesis_hide_breadcrumbs":false,"_genesis_hide_singular_image":false,"_genesis_hide_footer_widgets":false,"_genesis_custom_body_class":"","_genesis_custom_post_class":"","_genesis_layout":"","jetpack_post_was_ever_published":false,"_jetpack_newsletter_access":"","_jetpack_dont_email_post_to_subs":false,"_jetpack_newsletter_tier_id":0,"_jetpack_memberships_contains_paywalled_content":false,"_jetpack_memberships_contains_paid_content":false,"activitypub_content_warning":"","activitypub_content_visibility":"","activitypub_max_image_attachments":3,"activitypub_interaction_policy_quote":"anyone","activitypub_status":"","footnotes":"","jetpack_publicize_message":"","jetpack_publicize_feature_enabled":true,"jetpack_social_post_already_shared":true,"jetpack_social_options":{"image_generator_settings":{"template":"fullscreen","default_image_id":0,"font":"","enabled":false},"version":2}},"categories":[3],"tags":[],"class_list":{"0":"post-6359","1":"post","2":"type-post","3":"status-publish","4":"format-standard","5":"has-post-thumbnail","7":"category-blogcafe-2","8":"entry"},"jetpack_publicize_connections":[],"featured_image_src":"https:\/\/i0.wp.com\/lyonelkaufmann.ch\/Blog\/wp-content\/uploads\/2015\/03\/Vevey-St-Jacques-Compostelle-Velo1.jpg?resize=397%2C400&ssl=1","featured_image_src_square":"https:\/\/i0.wp.com\/lyonelkaufmann.ch\/Blog\/wp-content\/uploads\/2015\/03\/Vevey-St-Jacques-Compostelle-Velo1.jpg?resize=397%2C600&ssl=1","author_info":{"display_name":"Lyonel Kaufmann","author_link":"https:\/\/lyonelkaufmann.ch\/Blog\/author\/lyonelk\/"},"jetpack_featured_media_url":"https:\/\/i0.wp.com\/lyonelkaufmann.ch\/Blog\/wp-content\/uploads\/2015\/03\/Vevey-St-Jacques-Compostelle-Velo1.jpg?fit=397%2C600&ssl=1","jetpack_sharing_enabled":true,"jetpack_shortlink":"https:\/\/wp.me\/p1qtF4-1Ez","jetpack-related-posts":[{"id":633,"url":"https:\/\/lyonelkaufmann.ch\/Blog\/2007\/06\/07\/lausanne-sur-toscane\/","url_meta":{"origin":6359,"position":0},"title":"Lausanne sur Toscane","author":"Lyonel Kaufmann","date":"7 juin 2007","format":"aside","excerpt":".flickr-photo { border: solid 2px #000000; } .flickr-yourcomment { } .flickr-frame { text-align: left; padding: 3px; } .flickr-caption { font-size: 0.8em; margin-top: 0px; } \u00a0 Lausanne7.jpg, Photo h\u00e9berg\u00e9e par lyonelkaufmann. Variation photographique et architecturale avec Lausanne comme sujet. En choisissant ce cadrage, j'y trouve un petit air de Toscane dans\u2026","rel":"","context":"Dans &quot;Blogcaf\u00e9&quot;","block_context":{"text":"Blogcaf\u00e9","link":"https:\/\/lyonelkaufmann.ch\/Blog\/category\/blogcafe-2\/"},"img":{"alt_text":"","src":"https:\/\/i0.wp.com\/lyonelkaufmann.ch\/Blog\/wp-content\/uploads\/2015\/03\/533837765_74137f546d.jpg?fit=318%2C500&ssl=1&resize=350%2C200","width":350,"height":200},"classes":[]},{"id":14791,"url":"https:\/\/lyonelkaufmann.ch\/Blog\/2015\/04\/06\/a-papillons2015-quebec\/","url_meta":{"origin":6359,"position":1},"title":"A #Papillons2015 |\u00a0Qu\u00e9bec 2015","author":"Lyonel Kaufmann","date":"6 avril 2015","format":false,"excerpt":"Superbe visite ce dimanche \u00e0 Montr\u00e9al au Jardin botanique avec l'exposition Papillons en libert\u00e9 | Couleurs papillons. Cette exposition a lieu du 19 f\u00e9vrier au 26 avril 2015. D\u00e8s le premier pas dans la grande serre, on assiste \u00e0 un v\u00e9ritable ballet de couleurs chatoyantes et lumineuses. On y circule\u2026","rel":"","context":"Dans &quot;Blogcaf\u00e9&quot;","block_context":{"text":"Blogcaf\u00e9","link":"https:\/\/lyonelkaufmann.ch\/Blog\/category\/blogcafe-2\/"},"img":{"alt_text":"","src":"https:\/\/i0.wp.com\/lyonelkaufmann.ch\/Blog\/wp-content\/uploads\/2015\/04\/Papillons2015-X2.jpg?fit=1200%2C798&ssl=1&resize=350%2C200","width":350,"height":200,"srcset":"https:\/\/i0.wp.com\/lyonelkaufmann.ch\/Blog\/wp-content\/uploads\/2015\/04\/Papillons2015-X2.jpg?fit=1200%2C798&ssl=1&resize=350%2C200 1x, https:\/\/i0.wp.com\/lyonelkaufmann.ch\/Blog\/wp-content\/uploads\/2015\/04\/Papillons2015-X2.jpg?fit=1200%2C798&ssl=1&resize=525%2C300 1.5x, https:\/\/i0.wp.com\/lyonelkaufmann.ch\/Blog\/wp-content\/uploads\/2015\/04\/Papillons2015-X2.jpg?fit=1200%2C798&ssl=1&resize=700%2C400 2x, https:\/\/i0.wp.com\/lyonelkaufmann.ch\/Blog\/wp-content\/uploads\/2015\/04\/Papillons2015-X2.jpg?fit=1200%2C798&ssl=1&resize=1050%2C600 3x"},"classes":[]},{"id":1495,"url":"https:\/\/lyonelkaufmann.ch\/Blog\/2009\/08\/20\/50000-photos-de-classes-zurichoises-en-ligne\/","url_meta":{"origin":6359,"position":2},"title":"50&rsquo;000 photos de classes zurichoises en ligne","author":"Lyonel Kaufmann","date":"20 ao\u00fbt 2009","format":false,"excerpt":"Les archives du canton de Zurich ont num\u00e9ris\u00e9 professionnellement pr\u00e8s de 50'000 photos de classe du canton de Zurich couvrant les ann\u00e9es 1927 \u00e0 1995. Elles ont \u00e9t\u00e9 mises en ligne \u00e0 l'adresse suivante Klassenphotoarchiv. Il est ensuite possible de faire une recherche par code postal, lieu, nom d'\u00e9cole, ann\u00e9e\u2026","rel":"","context":"Dans &quot;histoire&quot;","block_context":{"text":"histoire","link":"https:\/\/lyonelkaufmann.ch\/Blog\/category\/histoire-2\/"},"img":{"alt_text":"Ecole: Sekundar B\u00fchl A. Ann\u00e9e: 1940 (14 mars). Enseignante: Mme Elsa Muschg","src":"https:\/\/i0.wp.com\/www.klassenfotoarchiv.ch\/previews\/LMP_Cumu_01\/10_lehrmittel_photos_db\/10_bilder\/012401-012500\/012481.jpg\/40_no_no_yes_750_96.JPEG?resize=350%2C200","width":350,"height":200},"classes":[]},{"id":4986,"url":"https:\/\/lyonelkaufmann.ch\/Blog\/2012\/01\/28\/le-role-des-media-generalistes-dans-le-devenir-reference-de-shoah-1985-1987\/","url_meta":{"origin":6359,"position":3},"title":"Le r\u00f4le des m\u00e9dia g\u00e9n\u00e9ralistes dans le devenir-r\u00e9f\u00e9rence de Shoah (1985-1987)","author":"Lyonel Kaufmann","date":"28 janvier 2012","format":false,"excerpt":"Merci \u00e0 R\u00e9my Besson pour sa mise \u00e0 disposition de sa contribution\u00a0\u00a0Le r\u00f4le des m\u00e9dia g\u00e9n\u00e9ralistes dans le devenir-r\u00e9f\u00e9rence de Shoah (1985-1987) propos\u00e9e lors du colloque Si la photographie est bonne, organis\u00e9 par Andr\u00e9 Gunthert (Lhivic\/ EHESS), \u00e0 l\u2019INHA le 20 octobre 2011. [issuu width=600 height=158 backgroundColor=%23222222 documentId=120125171628-382929ba69004299824d2f589344970b name=devenir-reference username=remybesson\u2026","rel":"","context":"Dans &quot;histoire&quot;","block_context":{"text":"histoire","link":"https:\/\/lyonelkaufmann.ch\/Blog\/category\/histoire-2\/"},"img":{"alt_text":"","src":"https:\/\/i0.wp.com\/lyonelkaufmann.ch\/Blog\/wp-content\/uploads\/2015\/03\/blogcafe1.jpg?fit=1024%2C683&ssl=1&resize=350%2C200","width":350,"height":200,"srcset":"https:\/\/i0.wp.com\/lyonelkaufmann.ch\/Blog\/wp-content\/uploads\/2015\/03\/blogcafe1.jpg?fit=1024%2C683&ssl=1&resize=350%2C200 1x, https:\/\/i0.wp.com\/lyonelkaufmann.ch\/Blog\/wp-content\/uploads\/2015\/03\/blogcafe1.jpg?fit=1024%2C683&ssl=1&resize=525%2C300 1.5x, https:\/\/i0.wp.com\/lyonelkaufmann.ch\/Blog\/wp-content\/uploads\/2015\/03\/blogcafe1.jpg?fit=1024%2C683&ssl=1&resize=700%2C400 2x"},"classes":[]},{"id":10022,"url":"https:\/\/lyonelkaufmann.ch\/Blog\/2013\/07\/13\/velo-montreal-quebec-2013\/","url_meta":{"origin":6359,"position":4},"title":"V\u00e9lo @ Montr\u00e9al | Qu\u00e9bec 2013","author":"Lyonel Kaufmann","date":"13 juillet 2013","format":"gallery","excerpt":"Montr\u00e9al ville du v\u00e9lo, cela peut surprendre, mais c'est vrai. C'est m\u00eame un moyen de transport tr\u00e8s int\u00e9ressant pour la visiter. Pour notre deuxi\u00e8me jour \u00e0 Montr\u00e9al, nous avons lou\u00e9 des v\u00e9los @http:\/\/www.caroulemontreal.com\/fr\/ qui est sur le Vieux Port. Mieux que l'\u00e9quivalent montr\u00e9alais des V\u00e9loPass, ils seront vous conseiller pour\u2026","rel":"","context":"Dans &quot;Roadbook&quot;","block_context":{"text":"Roadbook","link":"https:\/\/lyonelkaufmann.ch\/Blog\/category\/roadbook\/"},"img":{"alt_text":"","src":"https:\/\/i0.wp.com\/lyonelkaufmann.ch\/Blog\/wp-content\/uploads\/2015\/03\/20130713-100626.jpg?fit=640%2C480&ssl=1&resize=350%2C200","width":350,"height":200,"srcset":"https:\/\/i0.wp.com\/lyonelkaufmann.ch\/Blog\/wp-content\/uploads\/2015\/03\/20130713-100626.jpg?fit=640%2C480&ssl=1&resize=350%2C200 1x, https:\/\/i0.wp.com\/lyonelkaufmann.ch\/Blog\/wp-content\/uploads\/2015\/03\/20130713-100626.jpg?fit=640%2C480&ssl=1&resize=525%2C300 1.5x"},"classes":[]},{"id":16120,"url":"https:\/\/lyonelkaufmann.ch\/Blog\/2016\/02\/22\/lecture-cherie-je-vais-a-charlie\/","url_meta":{"origin":6359,"position":5},"title":"Lecture : \u00ab\u00a0Ch\u00e9rie je vais \u00e0 Charlie\u00a0\u00bb","author":"Lyonel Kaufmann","date":"22 f\u00e9vrier 2016","format":false,"excerpt":"Pendant que je me dirige vers l'a\u00e9roport pour prendre mon avion\u00a0pour Bruxelles, je profite du voyage pour regarder par la fen\u00eatre du train. C'est un jour de printemps ! Dans la campagne verdoyante, des promeneurs du dimanche profitent des doux rayons du soleil pour s'\u00e9gayer dans la nature. Sur un\u2026","rel":"","context":"Dans &quot;Blogcaf\u00e9&quot;","block_context":{"text":"Blogcaf\u00e9","link":"https:\/\/lyonelkaufmann.ch\/Blog\/category\/blogcafe-2\/"},"img":{"alt_text":"","src":"https:\/\/i0.wp.com\/lyonelkaufmann.ch\/Blog\/wp-content\/uploads\/2016\/02\/img_0080-1.jpg?fit=675%2C725&ssl=1&resize=350%2C200","width":350,"height":200,"srcset":"https:\/\/i0.wp.com\/lyonelkaufmann.ch\/Blog\/wp-content\/uploads\/2016\/02\/img_0080-1.jpg?fit=675%2C725&ssl=1&resize=350%2C200 1x, https:\/\/i0.wp.com\/lyonelkaufmann.ch\/Blog\/wp-content\/uploads\/2016\/02\/img_0080-1.jpg?fit=675%2C725&ssl=1&resize=525%2C300 1.5x"},"classes":[]}],"jetpack_likes_enabled":true,"_links":{"self":[{"href":"https:\/\/lyonelkaufmann.ch\/Blog\/wp-json\/wp\/v2\/posts\/6359","targetHints":{"allow":["GET"]}}],"collection":[{"href":"https:\/\/lyonelkaufmann.ch\/Blog\/wp-json\/wp\/v2\/posts"}],"about":[{"href":"https:\/\/lyonelkaufmann.ch\/Blog\/wp-json\/wp\/v2\/types\/post"}],"author":[{"embeddable":true,"href":"https:\/\/lyonelkaufmann.ch\/Blog\/wp-json\/wp\/v2\/users\/1"}],"replies":[{"embeddable":true,"href":"https:\/\/lyonelkaufmann.ch\/Blog\/wp-json\/wp\/v2\/comments?post=6359"}],"version-history":[{"count":1,"href":"https:\/\/lyonelkaufmann.ch\/Blog\/wp-json\/wp\/v2\/posts\/6359\/revisions"}],"predecessor-version":[{"id":24657,"href":"https:\/\/lyonelkaufmann.ch\/Blog\/wp-json\/wp\/v2\/posts\/6359\/revisions\/24657"}],"wp:featuredmedia":[{"embeddable":true,"href":"https:\/\/lyonelkaufmann.ch\/Blog\/wp-json\/wp\/v2\/media\/13947"}],"wp:attachment":[{"href":"https:\/\/lyonelkaufmann.ch\/Blog\/wp-json\/wp\/v2\/media?parent=6359"}],"wp:term":[{"taxonomy":"category","embeddable":true,"href":"https:\/\/lyonelkaufmann.ch\/Blog\/wp-json\/wp\/v2\/categories?post=6359"},{"taxonomy":"post_tag","embeddable":true,"href":"https:\/\/lyonelkaufmann.ch\/Blog\/wp-json\/wp\/v2\/tags?post=6359"}],"curies":[{"name":"wp","href":"https:\/\/api.w.org\/{rel}","templated":true}]}}