{"id":6360,"date":"2012-11-03T09:00:00","date_gmt":"2012-11-03T09:00:00","guid":{"rendered":"http:\/\/lyonelkaufmann.ch\/histoire\/?p=6360"},"modified":"2012-11-03T09:00:00","modified_gmt":"2012-11-03T09:00:00","slug":"enseigner-lecriture-collaborative-dans-le-secondaire-webtv-utc","status":"publish","type":"post","link":"https:\/\/lyonelkaufmann.ch\/Blog\/2012\/11\/03\/enseigner-lecriture-collaborative-dans-le-secondaire-webtv-utc\/","title":{"rendered":"Enseigner l\u2019\u00e9criture collaborative dans le secondaire | WebTV UTC"},"content":{"rendered":"<p>Le projet PRECIP est un projet sur l\u2019enseignement de l\u2019\u00e9criture num\u00e9rique, port\u00e9 par l\u2019UTC et financ\u00e9 par la R\u00e9gion Picardie. Le projet s\u2019int\u00e9resse moins aux pratiques num\u00e9riques pour l\u2019enseignement qu\u2019\u00e0 l\u2019\u00e9criture num\u00e9rique comme objet d\u2019enseignement. L\u2019\u00e9criture num\u00e9rique est l\u2019\u00e9criture sur un support et avec des outils num\u00e9riques. Cette \u00e9criture peut \u00eatre multim\u00e9dia, interactive ou encore collaborative. Ce projet propose un mod\u00e8le pour appr\u00e9hender l\u2019\u00e9criture num\u00e9rique. Ce mod\u00e8le a fait l\u2019objet de transpositions didactiques, en collaboration avec des enseignants du secondaire, dans des modules p\u00e9dagogiques sur l\u2019\u00e9criture num\u00e9rique. Ce reportage rend compte d\u2019une exp\u00e9rience d\u2019enseignement de l\u2019\u00e9criture collaborative dans un coll\u00e8ge picard.<\/p>\n<p>A voir !<\/p>\n<p>La vid\u00e9o :\u00a0<a href=\"http:\/\/webtv.utc.fr\/watch_video.php?v=G4858YD99M9H\">WebTV UTC &#8211; Enseigner l\u2019\u00e9criture collaborative dans le secondaire<\/a>.<\/p>\n","protected":false},"excerpt":{"rendered":"<p>Le projet PRECIP est un projet sur l\u2019enseignement de l\u2019\u00e9criture num\u00e9rique, port\u00e9 par l\u2019UTC et financ\u00e9 par la R\u00e9gion Picardie. Le projet s\u2019int\u00e9resse moins aux pratiques num\u00e9riques pour l\u2019enseignement qu\u2019\u00e0 l\u2019\u00e9criture num\u00e9rique comme objet d\u2019enseignement. L\u2019\u00e9criture num\u00e9rique est l\u2019\u00e9criture sur un support et avec des outils num\u00e9riques. Cette \u00e9criture peut \u00eatre multim\u00e9dia, interactive ou encore [&hellip;]<\/p>\n","protected":false},"author":1,"featured_media":14680,"comment_status":"open","ping_status":"open","sticky":false,"template":"","format":"standard","meta":{"_import_markdown_pro_load_document_selector":0,"_import_markdown_pro_submit_text_textarea":"","_genesis_hide_title":false,"_genesis_hide_breadcrumbs":false,"_genesis_hide_singular_image":false,"_genesis_hide_footer_widgets":false,"_genesis_custom_body_class":"","_genesis_custom_post_class":"","_genesis_layout":"","jetpack_post_was_ever_published":false,"_jetpack_newsletter_access":"","_jetpack_dont_email_post_to_subs":false,"_jetpack_newsletter_tier_id":0,"_jetpack_memberships_contains_paywalled_content":false,"_jetpack_memberships_contains_paid_content":false,"activitypub_content_warning":"","activitypub_content_visibility":"","activitypub_max_image_attachments":3,"activitypub_interaction_policy_quote":"anyone","activitypub_status":"","footnotes":"","jetpack_publicize_message":"","jetpack_publicize_feature_enabled":true,"jetpack_social_post_already_shared":true,"jetpack_social_options":{"image_generator_settings":{"template":"fullscreen","default_image_id":0,"font":"","enabled":false},"version":2}},"categories":[2],"tags":[],"class_list":{"0":"post-6360","1":"post","2":"type-post","3":"status-publish","4":"format-standard","5":"has-post-thumbnail","7":"category-histoire-2","8":"entry"},"jetpack_publicize_connections":[],"featured_image_src":"https:\/\/i0.wp.com\/lyonelkaufmann.ch\/Blog\/wp-content\/uploads\/2015\/03\/blogcafe1.jpg?resize=600%2C400&ssl=1","featured_image_src_square":"https:\/\/i0.wp.com\/lyonelkaufmann.ch\/Blog\/wp-content\/uploads\/2015\/03\/blogcafe1.jpg?resize=600%2C600&ssl=1","author_info":{"display_name":"Lyonel Kaufmann","author_link":"https:\/\/lyonelkaufmann.ch\/Blog\/author\/lyonelk\/"},"jetpack_featured_media_url":"https:\/\/i0.wp.com\/lyonelkaufmann.ch\/Blog\/wp-content\/uploads\/2015\/03\/blogcafe1.jpg?fit=1024%2C683&ssl=1","jetpack_sharing_enabled":true,"jetpack_shortlink":"https:\/\/wp.me\/p1qtF4-1EA","jetpack-related-posts":[{"id":7620,"url":"https:\/\/lyonelkaufmann.ch\/Blog\/2012\/11\/02\/enseigner-lecriture-collaborative-dans-le-secondaire-webtv-utc-2\/","url_meta":{"origin":6360,"position":0},"title":"Enseigner l\u2019\u00e9criture collaborative dans le secondaire | WebTV UTC","author":"Lyonel Kaufmann","date":"2 novembre 2012","format":false,"excerpt":"Le projet PRECIP est un projet sur l\u2019enseignement de l\u2019\u00e9criture num\u00e9rique, port\u00e9 par l\u2019UTC et financ\u00e9 par la R\u00e9gion Picardie. Le projet s\u2019int\u00e9resse moins aux pratiques num\u00e9riques pour l\u2019enseignement qu\u2019\u00e0 l\u2019\u00e9criture num\u00e9rique comme objet d\u2019enseignement. L\u2019\u00e9criture num\u00e9rique est l\u2019\u00e9criture sur un support et avec des outils num\u00e9riques. Cette \u00e9criture peut\u2026","rel":"","context":"Dans &quot;Blogcaf\u00e9&quot;","block_context":{"text":"Blogcaf\u00e9","link":"https:\/\/lyonelkaufmann.ch\/Blog\/category\/blogcafe-2\/"},"img":{"alt_text":"","src":"https:\/\/i0.wp.com\/lyonelkaufmann.ch\/Blog\/wp-content\/uploads\/2015\/03\/blogcafe1.jpg?fit=1024%2C683&ssl=1&resize=350%2C200","width":350,"height":200,"srcset":"https:\/\/i0.wp.com\/lyonelkaufmann.ch\/Blog\/wp-content\/uploads\/2015\/03\/blogcafe1.jpg?fit=1024%2C683&ssl=1&resize=350%2C200 1x, https:\/\/i0.wp.com\/lyonelkaufmann.ch\/Blog\/wp-content\/uploads\/2015\/03\/blogcafe1.jpg?fit=1024%2C683&ssl=1&resize=525%2C300 1.5x, https:\/\/i0.wp.com\/lyonelkaufmann.ch\/Blog\/wp-content\/uploads\/2015\/03\/blogcafe1.jpg?fit=1024%2C683&ssl=1&resize=700%2C400 2x"},"classes":[]},{"id":6388,"url":"https:\/\/lyonelkaufmann.ch\/Blog\/2012\/11\/06\/revue-de-presse-ecriture-collaborative-avec-google-docs-quels-criteres-de-reussite-netpublic\/","url_meta":{"origin":6360,"position":1},"title":"Revue de presse : Ecriture collaborative avec Google Docs : quels crit\u00e8res de r\u00e9ussite | NetPublic","author":"Lyonel Kaufmann","date":"6 novembre 2012","format":false,"excerpt":"Le portail Profweb, carrefour qu\u00e9b\u00e9cois pour l\u2019int\u00e9gration des TIC en enseignement coll\u00e9gial, propose des astuces et conseils pour int\u00e9grer un processus d\u2019\u00e9criture collaborative avec Google Docs dans un contexte p\u00e9dagogique. C\u2019est l\u2019exp\u00e9rience de Jules Mass\u00e9, enseignant et r\u00e9pondant technop\u00e9dagogique qui exprime dans l\u2019article Quelques sc\u00e9narios d\u2019\u00e9criture r\u00e9ussis avec Google Docs\u2026","rel":"","context":"Dans &quot;histoire&quot;","block_context":{"text":"histoire","link":"https:\/\/lyonelkaufmann.ch\/Blog\/category\/histoire-2\/"},"img":{"alt_text":"","src":"https:\/\/i0.wp.com\/lyonelkaufmann.ch\/Blog\/wp-content\/uploads\/2015\/03\/blogcafe1.jpg?fit=1024%2C683&ssl=1&resize=350%2C200","width":350,"height":200,"srcset":"https:\/\/i0.wp.com\/lyonelkaufmann.ch\/Blog\/wp-content\/uploads\/2015\/03\/blogcafe1.jpg?fit=1024%2C683&ssl=1&resize=350%2C200 1x, https:\/\/i0.wp.com\/lyonelkaufmann.ch\/Blog\/wp-content\/uploads\/2015\/03\/blogcafe1.jpg?fit=1024%2C683&ssl=1&resize=525%2C300 1.5x, https:\/\/i0.wp.com\/lyonelkaufmann.ch\/Blog\/wp-content\/uploads\/2015\/03\/blogcafe1.jpg?fit=1024%2C683&ssl=1&resize=700%2C400 2x"},"classes":[]},{"id":8609,"url":"https:\/\/lyonelkaufmann.ch\/Blog\/2014\/12\/12\/ecriture-2-0-connectee-retour-dexperience-sur-la-redaction-dun-memoire\/","url_meta":{"origin":6360,"position":2},"title":"Ecriture 2.0 \/ connect\u00e9e : retour d&rsquo;exp\u00e9rience sur la r\u00e9daction d&rsquo;un m\u00e9moire","author":"Lyonel Kaufmann","date":"12 d\u00e9cembre 2014","format":false,"excerpt":"A l'\u00e9t\u00e9, Johanna Daniel alias Peccadille\u00a0r\u00e9digeait son m\u00e9moire de fin d\u2019\u00e9tudes intitul\u00e9 \u00ab les outils d\u2019annotation et l\u2019\u00e9dition de corpus textuels pour la recherche en SHS \u00bb . Son sujet s\u2019y pr\u00eatant particuli\u00e8rement, elle s'est essay\u00e9e \u00e0 des pratiques d\u2019\u00e9criture connect\u00e9e qui a suscit\u00e9 plusieurs \u00e9changes int\u00e9ressants sur les r\u00e9seaux\u2026","rel":"","context":"Dans &quot;histoire&quot;","block_context":{"text":"histoire","link":"https:\/\/lyonelkaufmann.ch\/Blog\/category\/histoire-2\/"},"img":{"alt_text":"","src":"https:\/\/i0.wp.com\/lyonelkaufmann.ch\/Blog\/wp-content\/uploads\/2015\/03\/blogcafe1.jpg?fit=1024%2C683&ssl=1&resize=350%2C200","width":350,"height":200,"srcset":"https:\/\/i0.wp.com\/lyonelkaufmann.ch\/Blog\/wp-content\/uploads\/2015\/03\/blogcafe1.jpg?fit=1024%2C683&ssl=1&resize=350%2C200 1x, https:\/\/i0.wp.com\/lyonelkaufmann.ch\/Blog\/wp-content\/uploads\/2015\/03\/blogcafe1.jpg?fit=1024%2C683&ssl=1&resize=525%2C300 1.5x, https:\/\/i0.wp.com\/lyonelkaufmann.ch\/Blog\/wp-content\/uploads\/2015\/03\/blogcafe1.jpg?fit=1024%2C683&ssl=1&resize=700%2C400 2x"},"classes":[]},{"id":5402,"url":"https:\/\/lyonelkaufmann.ch\/Blog\/2012\/05\/19\/etre-enseignant-a-lere-du-numerique-defis-et-opportunites\/","url_meta":{"origin":6360,"position":3},"title":"\u00catre enseignant \u00e0 l\u2019\u00e8re du num\u00e9rique, d\u00e9fis et opportunit\u00e9s","author":"Lyonel Kaufmann","date":"19 mai 2012","format":false,"excerpt":"G\u00e9n\u00e9ralement, je d\u00e9croche tr\u00e8s rapidement lorsque je visionne une conf\u00e9rence mise en ligne. Tel n'est pas le cas avec cette intervention d'Eric Sanchez sur l'enseignant et l'enseignement \u00e0 l'\u00e8re du num\u00e9rique. S'il part de son exp\u00e9rience dans l'enseignement sup\u00e9rieur, sa conf\u00e9rence interpelle tout enseignant et futur enseignant sur l'\u00e9volution de\u2026","rel":"","context":"Dans &quot;histoire&quot;","block_context":{"text":"histoire","link":"https:\/\/lyonelkaufmann.ch\/Blog\/category\/histoire-2\/"},"img":{"alt_text":"","src":"https:\/\/i0.wp.com\/lyonelkaufmann.ch\/Blog\/wp-content\/uploads\/2015\/03\/fO_jFnvraaywHxA4FwhgNjl72eJkfbmt4t8yenImKBXEejxNn4ZJNZ2ss5Ku7Cxt.jpg?fit=500%2C275&ssl=1&resize=350%2C200","width":350,"height":200},"classes":[]},{"id":6825,"url":"https:\/\/lyonelkaufmann.ch\/Blog\/2013\/02\/22\/enseigner-la-litteratie-historique\/","url_meta":{"origin":6360,"position":4},"title":"Enseigner la litt\u00e9ratie historique ?","author":"Lyonel Kaufmann","date":"22 f\u00e9vrier 2013","format":false,"excerpt":"St\u00e9phane L\u00e9vesque s'interroge et nous interroge concernant l'imp\u00e9ratif pour les \u00e9l\u00e8ves de savoir lire et comprendre l'information transmise par les m\u00e9dias sociaux sous forme de contenus num\u00e9riques textuelles et multim\u00e9dias. On peut associer ce travail \u00e0 d'autres \u00e9l\u00e9ments de l'histoire et de son enseignement \u00e0 l'\u00e8re digitale. Commun\u00e9ment appel\u00e9e \u00ablitt\u00e9racie\u00bb,\u2026","rel":"","context":"Dans &quot;histoire&quot;","block_context":{"text":"histoire","link":"https:\/\/lyonelkaufmann.ch\/Blog\/category\/histoire-2\/"},"img":{"alt_text":"","src":"https:\/\/i0.wp.com\/lyonelkaufmann.ch\/Blog\/wp-content\/uploads\/2015\/03\/blogcafe1.jpg?fit=1024%2C683&ssl=1&resize=350%2C200","width":350,"height":200,"srcset":"https:\/\/i0.wp.com\/lyonelkaufmann.ch\/Blog\/wp-content\/uploads\/2015\/03\/blogcafe1.jpg?fit=1024%2C683&ssl=1&resize=350%2C200 1x, https:\/\/i0.wp.com\/lyonelkaufmann.ch\/Blog\/wp-content\/uploads\/2015\/03\/blogcafe1.jpg?fit=1024%2C683&ssl=1&resize=525%2C300 1.5x, https:\/\/i0.wp.com\/lyonelkaufmann.ch\/Blog\/wp-content\/uploads\/2015\/03\/blogcafe1.jpg?fit=1024%2C683&ssl=1&resize=700%2C400 2x"},"classes":[]},{"id":6497,"url":"https:\/\/lyonelkaufmann.ch\/Blog\/2012\/11\/29\/table-ronde-le-numerique-de-nouvelles-facons-decrire-lhistoire\/","url_meta":{"origin":6360,"position":5},"title":"Table ronde \u201cLe num\u00e9rique : de nouvelles fa\u00e7ons d\u2019\u00e9crire l\u2019histoire?\u201d","author":"Lyonel Kaufmann","date":"29 novembre 2012","format":false,"excerpt":"L\u2019Assembl\u00e9e g\u00e9n\u00e9rale de l\u2019Association fran\u00e7aise d\u2019histoire \u00e9conomique aura lieu le mercredi 12 d\u00e9cembre dans l\u2019apr\u00e8s-midi. Dans ce cadre-l\u00e0, elle organise une table ronde intitul\u00e9e \u201cLe num\u00e9rique : de nouvelles fa\u00e7ons d\u2019\u00e9crire l\u2019histoire?\u201d Cette table ronde, organis\u00e9e par Fr\u00e9d\u00e9ric Clavert (Centre virtuel de la connaissance sur l\u2019Europe, Luxembourg) et Claire Lemercier\u2026","rel":"","context":"Dans &quot;histoire&quot;","block_context":{"text":"histoire","link":"https:\/\/lyonelkaufmann.ch\/Blog\/category\/histoire-2\/"},"img":{"alt_text":"","src":"https:\/\/i0.wp.com\/lyonelkaufmann.ch\/Blog\/wp-content\/uploads\/2015\/03\/blogcafe1.jpg?fit=1024%2C683&ssl=1&resize=350%2C200","width":350,"height":200,"srcset":"https:\/\/i0.wp.com\/lyonelkaufmann.ch\/Blog\/wp-content\/uploads\/2015\/03\/blogcafe1.jpg?fit=1024%2C683&ssl=1&resize=350%2C200 1x, https:\/\/i0.wp.com\/lyonelkaufmann.ch\/Blog\/wp-content\/uploads\/2015\/03\/blogcafe1.jpg?fit=1024%2C683&ssl=1&resize=525%2C300 1.5x, https:\/\/i0.wp.com\/lyonelkaufmann.ch\/Blog\/wp-content\/uploads\/2015\/03\/blogcafe1.jpg?fit=1024%2C683&ssl=1&resize=700%2C400 2x"},"classes":[]}],"jetpack_likes_enabled":true,"_links":{"self":[{"href":"https:\/\/lyonelkaufmann.ch\/Blog\/wp-json\/wp\/v2\/posts\/6360","targetHints":{"allow":["GET"]}}],"collection":[{"href":"https:\/\/lyonelkaufmann.ch\/Blog\/wp-json\/wp\/v2\/posts"}],"about":[{"href":"https:\/\/lyonelkaufmann.ch\/Blog\/wp-json\/wp\/v2\/types\/post"}],"author":[{"embeddable":true,"href":"https:\/\/lyonelkaufmann.ch\/Blog\/wp-json\/wp\/v2\/users\/1"}],"replies":[{"embeddable":true,"href":"https:\/\/lyonelkaufmann.ch\/Blog\/wp-json\/wp\/v2\/comments?post=6360"}],"version-history":[{"count":0,"href":"https:\/\/lyonelkaufmann.ch\/Blog\/wp-json\/wp\/v2\/posts\/6360\/revisions"}],"wp:featuredmedia":[{"embeddable":true,"href":"https:\/\/lyonelkaufmann.ch\/Blog\/wp-json\/wp\/v2\/media\/14680"}],"wp:attachment":[{"href":"https:\/\/lyonelkaufmann.ch\/Blog\/wp-json\/wp\/v2\/media?parent=6360"}],"wp:term":[{"taxonomy":"category","embeddable":true,"href":"https:\/\/lyonelkaufmann.ch\/Blog\/wp-json\/wp\/v2\/categories?post=6360"},{"taxonomy":"post_tag","embeddable":true,"href":"https:\/\/lyonelkaufmann.ch\/Blog\/wp-json\/wp\/v2\/tags?post=6360"}],"curies":[{"name":"wp","href":"https:\/\/api.w.org\/{rel}","templated":true}]}}