{"id":6365,"date":"2012-10-22T15:00:00","date_gmt":"2012-10-22T15:00:00","guid":{"rendered":"http:\/\/lyonelkaufmann.ch\/histoire\/?p=6365"},"modified":"2012-10-22T15:00:00","modified_gmt":"2012-10-22T15:00:00","slug":"humanites-digitales-a-lecole-etre-googliser-ou-etre-acteur","status":"publish","type":"post","link":"https:\/\/lyonelkaufmann.ch\/Blog\/2012\/10\/22\/humanites-digitales-a-lecole-etre-googliser-ou-etre-acteur\/","title":{"rendered":"Humanit\u00e9s digitales \u00e0 l&rsquo;\u00e9cole : \u00eatre googliser ou \u00eatre acteur?  | Chronique no 136"},"content":{"rendered":"<p><strong>Lorsque le cin\u00e9matographe, puis la t\u00e9l\u00e9vision ont fait irruption dans nos vies, ces technologies n&rsquo;ont pas manqu\u00e9 de susciter le ravissement et l&rsquo;effroi au sein de l&rsquo;institution scolaire. Ravissement de certains s&rsquo;imaginant qu&rsquo;en diffusant un film ou une \u00e9mission de t\u00e9l\u00e9vision, le savoir allait passer directement dans le cerveau des \u00e9l\u00e8ves. Effroi d&rsquo;autres devant la d\u00e9bauche de moyens face auxquels l&rsquo;enseignant seul dans sa classe ne saurait durablement r\u00e9gater.<\/strong><\/p>\n<p>J&rsquo;y ai repens\u00e9 tout derni\u00e8rement en acc\u00e9dant \u00e0 la page d&rsquo;accueil du <em>Google Cultural Institute<\/em> ((<a href=\"http:\/\/www.google.com\/culturalinstitute\/\">http:\/\/www.google.com\/culturalinstitute\/<\/a>)) qui met en ligne des archives num\u00e9riques sur les grands faits de l&rsquo;Histoire du XXe si\u00e8cle. Une plate-forme qui permet aux internautes de consulter librement quelque 6 millions de photos, documents textes, films, provenant de dix-sept mus\u00e9es et instituts culturels de diff\u00e9rents pays. Comment r\u00e9agir et se positionner face \u00e0 cette puissance de feu ? Assiste-t-on \u00e0 la googlisation de la culture?<\/p>\n<p>Plus pr\u00e8s de nous et plus modestement, le site suisse d&rsquo;information <em>Swissinfo.ch<\/em> a publi\u00e9 fin ao\u00fbt sur Internet plus de 16.000 manuscrits de programmes diffus\u00e9s par le Service des ondes courtes (SOC) entre 1939 et 1945. ((<a href=\"http:\/\/archives.swissinfo.ch\/article.php\">http:\/\/archives.swissinfo.ch\/article.php<\/a>)) Ces archives du SOC ont \u00e9galement fait l\u2019objet d\u2019un premier travail d\u2019analyse au sein d\u2019un s\u00e9minaire de 2e ann\u00e9e organis\u00e9 par la section d\u2019histoire de l\u2019Universit\u00e9 de Lausanne (UNIL), dont l\u2019un des p\u00f4les de recherche est l\u2019Histoire audiovisuelle du contemporain. R\u00e9alis\u00e9s sous la conduite de Fran\u00e7ois Vallotton, professeur, et de Rapha\u00eblle Coutaz, assistante, ces travaux de s\u00e9minaires permettent notamment de mieux appr\u00e9hender la politique d\u2019information et la mani\u00e8re dont la Suisse a voulu pr\u00e9senter son image \u00e0 l\u2019\u00e9tranger pendant la Seconde Guerre mondiale. Disponible sur le site de Swissinfo.ch, un article pr\u00e9sente le travail r\u00e9alis\u00e9 par les \u00e9tudiants de l\u2019UNIL. ((<a href=\"http:\/\/www.swissinfo.ch\/fre\/culture\/Informer,_une_mission_delicate_en_temps_de_guerre.html?cid=33122990\">http:\/\/www.swissinfo.ch\/fre\/culture\/Informer,_une_mission_delicate_en_temps_de_guerre.html?cid=33122990<\/a>))<\/p>\n<p>Bien s\u00fbr, les exp\u00e9riences technologiques pass\u00e9es en milieu scolaire ont montr\u00e9 qu&rsquo;il y a loin de la coupe aux l\u00e8vres tant dans le ravissement que dans l&rsquo;effroi. N\u00e9anmoins, nous n&rsquo;avons probablement jamais \u00e9t\u00e9 si proche d&rsquo;un basculement du monde en la mati\u00e8re. Le monde de la recherche universitaire l&rsquo;a d\u00e9j\u00e0 compris lorsque l&rsquo;on recense les avanc\u00e9es relatives aux humanit\u00e9s digitales formalisant la rencontre entre les Sciences humaines et l&rsquo;\u00e8re technologique. Elles pr\u00e9figurent la fa\u00e7on dont demain le savoir sera transmis.<\/p>\n<p>C&rsquo;est ainsi que l&rsquo;Universit\u00e9 de Lausanne et l&rsquo;Ecole Polytechnique F\u00e9d\u00e9rale de Lausanne (EPFL) multiplient depuis une ann\u00e9e les annonces et les initiatives dans le domaines des humanit\u00e9s digitales.\u00a0En juillet, L&rsquo;Ecole polytechnique f\u00e9d\u00e9rale de Lausanne (EPFL) confirmait la cr\u00e9ation d&rsquo;un laboratoire d&rsquo;Humanit\u00e9s digitales et annon\u00e7ait la nomination, \u00e0 sa t\u00eate, du professeur Fr\u00e9d\u00e9ric Kaplan, sp\u00e9cialiste de l\u2019intelligence artificielle.<\/p>\n<p>A la rentr\u00e9e universitaire, <em>infoclio.ch<\/em> ((<a href=\"http:\/\/www.infoclio.ch\">http:\/\/www.infoclio.ch<\/a>)), le portail professionnel des sciences historiques en Suisse, lan\u00e7ait en ligne \u00e0 l&rsquo;intention des \u00e9tudiants son Guide de l&rsquo;information num\u00e9rique en histoire. ((<a href=\"http:\/\/compas.infoclio.ch\">http:\/\/compas.infoclio.ch<\/a>)) Ce Guide en ligne est divis\u00e9 en trois chapitres :\u00a0<em>\u00ab Cr\u00e9er sa propre infrastructure num\u00e9rique \u00bb<\/em>, pour pr\u00e9senter les programmes qui contribuent \u00e0 faciliter la planification de son travail pendant ses \u00e9tudes ;\u00a0<em>\u00ab Recherche sp\u00e9cialis\u00e9e \u00bb<\/em>, pour savoir o\u00f9 trouver des informations et comment s\u2019en servir ;\u00a0<em>\u00ab Soigner ses contacts et \u00eatre actif ou active sur Internet \u00bb<\/em>, pour s\u2019informer sur les r\u00e9seaux sociaux et les autres moyens d\u2019entretenir des contacts et d\u2019\u00eatre actif ou active sur Internet. Chaque chapitre est introduit par un petit film.<\/p>\n<p>Au niveau scolaire, un projet conduit par des enseignants et formateur de la HEP Vaud pr\u00e9voit de concevoir et de d\u00e9velopper de nouveaux outils num\u00e9riques (enqu\u00eate sur le terrain, par exemple \u00e0 travers la r\u00e9alit\u00e9 augment\u00e9e) adapt\u00e9s aux besoins p\u00e9dagogiques et aux contraintes de nos enseignements en histoire, g\u00e9ographie et \u00e9ducation \u00e0 la citoyennet\u00e9 faiblement dot\u00e9s \u00e0 la grille-horaire.<\/p>\n<p>Traversons l&rsquo;Atlantique avec le num\u00e9ro d&rsquo;Octobre de <em>Perspectives<\/em>, le bulletin de l&rsquo;American Historical Association. Ce dernier num\u00e9ro comporte un dossier sp\u00e9cial sous la forme d&rsquo;articles et d&rsquo;un forum en ligne consacr\u00e9 \u00e0 l&rsquo;histoire \u00e0 l&rsquo;\u00e8re des images digitales. Le dossier comprend une s\u00e9rie d&rsquo;articles sur l&rsquo;utilisation de la technologie pour la gestion de la recherche en histoire. C&rsquo;est ainsi que Carl Abbott pr\u00e9sente la mani\u00e8re qui a permis aux scanners de d\u00e9mocratiser l&rsquo;histoire. \u00c0 l&rsquo;\u00e8re de la surcharge d&rsquo;information et les progr\u00e8s technologiques, nos m\u00e9thodes de recherche sont en constante \u00e9volution et, dans un autre article, Rachel Leow nous pr\u00e9sente sa gestion avec le logiciel DevonThink de ces diff\u00e9rents fichiers num\u00e9riques ((<a href=\"http:\/\/www.historians.org\/perspectives\/issues\/2012\/1210\/index.cfm\">http:\/\/www.historians.org\/perspectives\/issues\/2012\/1210\/index.cfm<\/a>))<\/p>\n<p>Face au d\u00e9ferlement du num\u00e9rique jusque dans le cartable de nos \u00e9l\u00e8ves via leurs smartphones et tablettes, il nous reste maintenant \u00e0 choisir notre posture : voulons nous \u00eatre googliser ou voulons nous \u00eatre acteurs \u00e0 l&rsquo;\u00e8re des Humanit\u00e9s digitales?<\/p>\n<p><strong>Cet article est l&rsquo;adaptation de ma chronique mensuelle du\u00a0<a href=\"http:\/\/www.cafepedagogique.net\/lemensuel\/lenseignant\/schumaines\/histoire\/Pages\/2012\/136_lachronique.aspx\" target=\"_blank\">Caf\u00e9 p\u00e9dagogique<\/a>. (No 136, Octobre)<\/strong><\/p>\n","protected":false},"excerpt":{"rendered":"<p>Lorsque le cin\u00e9matographe, puis la t\u00e9l\u00e9vision ont fait irruption dans nos vies, ces technologies n&rsquo;ont pas manqu\u00e9 de susciter le ravissement et l&rsquo;effroi au sein de l&rsquo;institution scolaire. Ravissement de certains s&rsquo;imaginant qu&rsquo;en diffusant un film ou une \u00e9mission de t\u00e9l\u00e9vision, le savoir allait passer directement dans le cerveau des \u00e9l\u00e8ves. Effroi d&rsquo;autres devant la [&hellip;]<\/p>\n","protected":false},"author":1,"featured_media":14680,"comment_status":"open","ping_status":"open","sticky":false,"template":"","format":"standard","meta":{"_import_markdown_pro_load_document_selector":0,"_import_markdown_pro_submit_text_textarea":"","_genesis_hide_title":false,"_genesis_hide_breadcrumbs":false,"_genesis_hide_singular_image":false,"_genesis_hide_footer_widgets":false,"_genesis_custom_body_class":"","_genesis_custom_post_class":"","_genesis_layout":"","jetpack_post_was_ever_published":false,"_jetpack_newsletter_access":"","_jetpack_dont_email_post_to_subs":false,"_jetpack_newsletter_tier_id":0,"_jetpack_memberships_contains_paywalled_content":false,"_jetpack_memberships_contains_paid_content":false,"activitypub_content_warning":"","activitypub_content_visibility":"","activitypub_max_image_attachments":3,"activitypub_interaction_policy_quote":"anyone","activitypub_status":"","footnotes":"","jetpack_publicize_message":"","jetpack_publicize_feature_enabled":true,"jetpack_social_post_already_shared":true,"jetpack_social_options":{"image_generator_settings":{"template":"fullscreen","default_image_id":0,"font":"","enabled":false},"version":2}},"categories":[2],"tags":[],"class_list":{"0":"post-6365","1":"post","2":"type-post","3":"status-publish","4":"format-standard","5":"has-post-thumbnail","7":"category-histoire-2","8":"entry"},"jetpack_publicize_connections":[],"featured_image_src":"https:\/\/i0.wp.com\/lyonelkaufmann.ch\/Blog\/wp-content\/uploads\/2015\/03\/blogcafe1.jpg?resize=600%2C400&ssl=1","featured_image_src_square":"https:\/\/i0.wp.com\/lyonelkaufmann.ch\/Blog\/wp-content\/uploads\/2015\/03\/blogcafe1.jpg?resize=600%2C600&ssl=1","author_info":{"display_name":"Lyonel Kaufmann","author_link":"https:\/\/lyonelkaufmann.ch\/Blog\/author\/lyonelk\/"},"jetpack_featured_media_url":"https:\/\/i0.wp.com\/lyonelkaufmann.ch\/Blog\/wp-content\/uploads\/2015\/03\/blogcafe1.jpg?fit=1024%2C683&ssl=1","jetpack_sharing_enabled":true,"jetpack_shortlink":"https:\/\/wp.me\/p1qtF4-1EF","jetpack-related-posts":[{"id":3364,"url":"https:\/\/lyonelkaufmann.ch\/Blog\/2010\/12\/22\/images-du-siecle-des-lumieres-a-la-television-bernard-papin\/","url_meta":{"origin":6365,"position":0},"title":"Images du Si\u00e8cle des Lumi\u00e8res \u00e0 la t\u00e9l\u00e9vision | Bernard Papin","author":"Lyonel Kaufmann","date":"22 d\u00e9cembre 2010","format":false,"excerpt":"Bernard Papin est Ma\u00eetre de conf\u00e9rences en sciences de l'information et de la communication, universit\u00e9 Paris Sud 11. Dans son activit\u00e9 scientifique, il s'int\u00e9resse \u00e0 la s\u00e9miologie et \u00e0 l'histoire de l'audiovisuel, plus particuli\u00e8rement \u00e0 la fiction t\u00e9l\u00e9visuelle (les genres du fictif , l'adaptation des \u0153uvres litt\u00e9raires \u00e0 la t\u00e9l\u00e9vision\u2026","rel":"","context":"Dans &quot;histoire&quot;","block_context":{"text":"histoire","link":"https:\/\/lyonelkaufmann.ch\/Blog\/category\/histoire-2\/"},"img":{"alt_text":"","src":"https:\/\/i0.wp.com\/lyonelkaufmann.ch\/histoire\/wp-content\/uploads\/2010\/12\/Papin_Bernard_ImagesLumieresTV.png?resize=350%2C200","width":350,"height":200},"classes":[]},{"id":5266,"url":"https:\/\/lyonelkaufmann.ch\/Blog\/2012\/04\/10\/la-radio-et-la-television-en-suisse-histoire-de-la-societe-suisse-de-radiodiffusion-et-television-ssr-de-1983-a-2011-infoclio-ch\/","url_meta":{"origin":6365,"position":1},"title":"La radio et la t\u00e9l\u00e9vision en Suisse. Histoire de la Soci\u00e9t\u00e9 suisse de radiodiffusion et t\u00e9l\u00e9vision SSR de 1983 \u00e0 2011 | infoclio.ch","author":"Lyonel Kaufmann","date":"10 avril 2012","format":false,"excerpt":"Via Scoop.it - histoireLes \u00e9ditions hier + jetzt annoncent la publication du troisi\u00e8me volume de l'Histoire de la Soci\u00e9t\u00e9 suisse de radiodiffusion, consacr\u00e9 \u00e0 la p\u00e9riode 1983 \u00e0 2011. Le troisi\u00e8me volume existe \u00e9galement sous forme d'une application Apple consultable sur iPhone et iPad, qui propose un acc\u00e8s interactif aux\u2026","rel":"","context":"Dans &quot;histoire&quot;","block_context":{"text":"histoire","link":"https:\/\/lyonelkaufmann.ch\/Blog\/category\/histoire-2\/"},"img":{"alt_text":"","src":"https:\/\/i0.wp.com\/lyonelkaufmann.ch\/Blog\/wp-content\/uploads\/2015\/03\/Ru6X4pDI4Pce3MCtWqiVjzl72eJkfbmt4t8yenImKBXEejxNn4ZJNZ2ss5Ku7Cxt.jpg?fit=203%2C308&ssl=1&resize=350%2C200","width":350,"height":200},"classes":[]},{"id":965,"url":"https:\/\/lyonelkaufmann.ch\/Blog\/2009\/01\/22\/vikings-le-vrai-visage-du-barbare\/","url_meta":{"origin":6365,"position":2},"title":"Vikings : le vrai visage du barbare","author":"Lyonel Kaufmann","date":"22 janvier 2009","format":false,"excerpt":"Vikings : le vrai visage du barbare: Pour reprendre et corriger notre description initiale du Viking...","rel":"","context":"Dans &quot;histoire&quot;","block_context":{"text":"histoire","link":"https:\/\/lyonelkaufmann.ch\/Blog\/category\/histoire-2\/"},"img":{"alt_text":"","src":"https:\/\/i0.wp.com\/lyonelkaufmann.ch\/Blog\/wp-content\/uploads\/2015\/03\/blogcafe1.jpg?fit=1024%2C683&ssl=1&resize=350%2C200","width":350,"height":200,"srcset":"https:\/\/i0.wp.com\/lyonelkaufmann.ch\/Blog\/wp-content\/uploads\/2015\/03\/blogcafe1.jpg?fit=1024%2C683&ssl=1&resize=350%2C200 1x, https:\/\/i0.wp.com\/lyonelkaufmann.ch\/Blog\/wp-content\/uploads\/2015\/03\/blogcafe1.jpg?fit=1024%2C683&ssl=1&resize=525%2C300 1.5x, https:\/\/i0.wp.com\/lyonelkaufmann.ch\/Blog\/wp-content\/uploads\/2015\/03\/blogcafe1.jpg?fit=1024%2C683&ssl=1&resize=700%2C400 2x"},"classes":[]},{"id":5607,"url":"https:\/\/lyonelkaufmann.ch\/Blog\/2012\/07\/08\/inquisitio-reflexions-sur-une-fiction-historico-moyenageuse-sources-medievales\/","url_meta":{"origin":6365,"position":3},"title":"Inquisitio : r\u00e9flexions sur une fiction historico-moyen\u00e2geuse |\u00a0Sources M\u00e9di\u00e9vales","author":"Lyonel Kaufmann","date":"8 juillet 2012","format":false,"excerpt":"See on Scoop.it - histoireLe Moyen \u00c2ge se vend bien \u2013 tr\u00e8s bien m\u00eame \u2013 merci pour lui. En t\u00e9moigne la \u00ab saga de l\u2019\u00e9t\u00e9 \u00bb Inquisitio de France T\u00e9l\u00e9visions, diffus\u00e9e \u00e0 partir du 4 juillet 2012, qui compte huit chapitres \u00e0 raison de deux \u00e9pisodes chaque mercredi soir pendant\u2026","rel":"","context":"Dans &quot;histoire&quot;","block_context":{"text":"histoire","link":"https:\/\/lyonelkaufmann.ch\/Blog\/category\/histoire-2\/"},"img":{"alt_text":"","src":"","width":0,"height":0},"classes":[]},{"id":7909,"url":"https:\/\/lyonelkaufmann.ch\/Blog\/2014\/01\/29\/la-culture-du-passe-le-debat-et-lhistoire-en-classe-chronique-no-148\/","url_meta":{"origin":6365,"position":4},"title":"\u00abLa culture du pass\u00e9\u00bb (Le D\u00e9bat) et l\u2019histoire en classe |\u00a0Chronique no 148","author":"Lyonel Kaufmann","date":"29 janvier 2014","format":false,"excerpt":"Dans sa derni\u00e8re livraison, la revue \u00abLe D\u00e9bat\u00bb [1] s\u2019int\u00e9resse \u00e0 \u00abLa culture du pass\u00e9\u00bb et notamment aux usages m\u00e9diatiques de l\u2019histoire. Il ne manquera pas d\u2019int\u00e9resser les enseignants concernant le savoir historique m\u00e9diatis\u00e9 auquel leurs \u00e9l\u00e8ves ont acc\u00e8s et plus largement l\u2019enseignement de l\u2019histoire qu\u2019il convient de dispenser \u00e0\u2026","rel":"","context":"Dans &quot;histoire&quot;","block_context":{"text":"histoire","link":"https:\/\/lyonelkaufmann.ch\/Blog\/category\/histoire-2\/"},"img":{"alt_text":"","src":"https:\/\/i0.wp.com\/lyonelkaufmann.ch\/Blog\/wp-content\/uploads\/2015\/03\/blogcafe1.jpg?fit=1024%2C683&ssl=1&resize=350%2C200","width":350,"height":200,"srcset":"https:\/\/i0.wp.com\/lyonelkaufmann.ch\/Blog\/wp-content\/uploads\/2015\/03\/blogcafe1.jpg?fit=1024%2C683&ssl=1&resize=350%2C200 1x, https:\/\/i0.wp.com\/lyonelkaufmann.ch\/Blog\/wp-content\/uploads\/2015\/03\/blogcafe1.jpg?fit=1024%2C683&ssl=1&resize=525%2C300 1.5x, https:\/\/i0.wp.com\/lyonelkaufmann.ch\/Blog\/wp-content\/uploads\/2015\/03\/blogcafe1.jpg?fit=1024%2C683&ssl=1&resize=700%2C400 2x"},"classes":[]},{"id":7574,"url":"https:\/\/lyonelkaufmann.ch\/Blog\/2013\/10\/11\/revue-de-presse-vingt-minutes-avant-la-mort-recit-de-la-derniere-execution-francaise\/","url_meta":{"origin":6365,"position":5},"title":"Revue de presse : Vingt minutes avant la mort : r\u00e9cit de la derni\u00e8re ex\u00e9cution fran\u00e7aise","author":"Lyonel Kaufmann","date":"11 octobre 2013","format":false,"excerpt":"C'est un document d'histoire, une part oubli\u00e9e de notre m\u00e9moire, un t\u00e9moignage sobre et saisissant que l'ancien garde des sceaux Robert Badinter a confi\u00e9 au Monde. Il s'agit du \"proc\u00e8s-verbal\" intime de la derni\u00e8re ex\u00e9cution capitale en France. Le 9 septembre 1977, Hamida Djandoubi, manutentionnaire tunisien coupable du meurtre de\u2026","rel":"","context":"Dans &quot;histoire&quot;","block_context":{"text":"histoire","link":"https:\/\/lyonelkaufmann.ch\/Blog\/category\/histoire-2\/"},"img":{"alt_text":"","src":"https:\/\/i0.wp.com\/lyonelkaufmann.ch\/Blog\/wp-content\/uploads\/2015\/03\/blogcafe1.jpg?fit=1024%2C683&ssl=1&resize=350%2C200","width":350,"height":200,"srcset":"https:\/\/i0.wp.com\/lyonelkaufmann.ch\/Blog\/wp-content\/uploads\/2015\/03\/blogcafe1.jpg?fit=1024%2C683&ssl=1&resize=350%2C200 1x, https:\/\/i0.wp.com\/lyonelkaufmann.ch\/Blog\/wp-content\/uploads\/2015\/03\/blogcafe1.jpg?fit=1024%2C683&ssl=1&resize=525%2C300 1.5x, https:\/\/i0.wp.com\/lyonelkaufmann.ch\/Blog\/wp-content\/uploads\/2015\/03\/blogcafe1.jpg?fit=1024%2C683&ssl=1&resize=700%2C400 2x"},"classes":[]}],"jetpack_likes_enabled":true,"_links":{"self":[{"href":"https:\/\/lyonelkaufmann.ch\/Blog\/wp-json\/wp\/v2\/posts\/6365","targetHints":{"allow":["GET"]}}],"collection":[{"href":"https:\/\/lyonelkaufmann.ch\/Blog\/wp-json\/wp\/v2\/posts"}],"about":[{"href":"https:\/\/lyonelkaufmann.ch\/Blog\/wp-json\/wp\/v2\/types\/post"}],"author":[{"embeddable":true,"href":"https:\/\/lyonelkaufmann.ch\/Blog\/wp-json\/wp\/v2\/users\/1"}],"replies":[{"embeddable":true,"href":"https:\/\/lyonelkaufmann.ch\/Blog\/wp-json\/wp\/v2\/comments?post=6365"}],"version-history":[{"count":0,"href":"https:\/\/lyonelkaufmann.ch\/Blog\/wp-json\/wp\/v2\/posts\/6365\/revisions"}],"wp:featuredmedia":[{"embeddable":true,"href":"https:\/\/lyonelkaufmann.ch\/Blog\/wp-json\/wp\/v2\/media\/14680"}],"wp:attachment":[{"href":"https:\/\/lyonelkaufmann.ch\/Blog\/wp-json\/wp\/v2\/media?parent=6365"}],"wp:term":[{"taxonomy":"category","embeddable":true,"href":"https:\/\/lyonelkaufmann.ch\/Blog\/wp-json\/wp\/v2\/categories?post=6365"},{"taxonomy":"post_tag","embeddable":true,"href":"https:\/\/lyonelkaufmann.ch\/Blog\/wp-json\/wp\/v2\/tags?post=6365"}],"curies":[{"name":"wp","href":"https:\/\/api.w.org\/{rel}","templated":true}]}}