{"id":6382,"date":"2012-11-06T08:58:04","date_gmt":"2012-11-06T08:58:04","guid":{"rendered":"http:\/\/lyonelkaufmann.ch\/histoire\/?p=6382"},"modified":"2012-11-06T08:58:04","modified_gmt":"2012-11-06T08:58:04","slug":"on-a-tous-en-nous-quelque-chose-de-neandertal-slate","status":"publish","type":"post","link":"https:\/\/lyonelkaufmann.ch\/Blog\/2012\/11\/06\/on-a-tous-en-nous-quelque-chose-de-neandertal-slate\/","title":{"rendered":"On a tous en nous quelque chose de N\u00e9andertal | Slate"},"content":{"rendered":"<p><img data-recalc-dims=\"1\" loading=\"lazy\" decoding=\"async\" style=\"display:block;margin-left:auto;margin-right:auto;\" title=\"neandertal_adam_ve_kadin_modeli_almanya_copy.jpg\" src=\"http:\/\/lyonelkaufmann.files.wordpress.com\/2012\/11\/neandertal_adam_ve_kadin_modeli_almanya_copy.jpg?resize=540%2C297\" alt=\"Neandertal adam ve kadin modeli almanya copy\" width=\"540\" height=\"297\" border=\"0\" \/><\/p>\n<div>\n<div align=\"center\">Un homme et une femme de N\u00e9andertal, mus\u00e9e de N\u00e9andertal de D\u00fcsseldorf, via Wikimedia Commons.\u00a0<a href=\"http:\/\/commons.wikimedia.org\/wiki\/File:Neandertal_adam_ve_kad%C4%B1n_modeli,_Almanya.png?uselang=fr\">Wikimedia Commons<\/a><\/div>\n<p><strong>Dans Slate, Ann Gibbons fait le point sur les diff\u00e9rentes th\u00e9ories sur l&rsquo;homme moderne et nos relations avec les hommes de N\u00e9andertal ainsi que les Denisoviens. Elle explique comment la g\u00e9n\u00e9tique prouve que nos anc\u00eatres ont fricot\u00e9 avec des esp\u00e8ces aujourd\u2019hui disparues.<\/strong><\/p>\n<p>En premier lieu, vers la fin des ann\u00e9es 1990, la plupart des pal\u00e9oanthropologues \u00e9taient partisans de l\u2019hypoth\u00e8se dite \u00abOut of Africa\u00bb pour expliquer l\u2019origine de l\u2019homme moderne. Selon celle-ci, \u00e0 un moment au cours de ces 100.000\u00a0derni\u00e8res ann\u00e9es, les Homo sapiens seraient partis d\u2019Afrique pour conqu\u00e9rir le monde et auraient remplac\u00e9 les hommes de N\u00e9andertal (ainsi que toute autre esp\u00e8ce humaine archa\u00efque crois\u00e9e en Asie et en Europe).<\/p>\n<p>Cependant, quelques chercheurs privil\u00e9giaient toutefois une autre hypoth\u00e8se, dite de \u00abcontinuit\u00e9 multir\u00e9gionale\u00bb, selon laquelle les premiers hommes modernes, les hommes de N\u00e9andertal et d\u2019autres peuples anciens appartenaient tous \u00e0 une seule et m\u00eame esp\u00e8ce humaine, qui \u00e9volua lentement au fil des croisements entre ces diff\u00e9rentes populations pour donner peu \u00e0 peu naissance \u00e0 Homo sapiens.<\/p>\n<p>Tout cela a chang\u00e9 en mai 2010, lorsque des chercheurs sont parvenus \u00e0 extraire de trois femmes de N\u00e9andertal \u2013qui avaient v\u00e9cu dans une grotte en Croatie il y a entre 38.000 et 44.000\u00a0ans\u2013 suffisamment d\u2019ADN nucl\u00e9aire pour reconstituer le g\u00e9nome de N\u00e9andertal pour la premi\u00e8re fois.\u00a0Le pal\u00e9ontologue Svante P\u00e4\u00e4bo d\u00e9couvre alors avec ses coll\u00e8gues que les Europ\u00e9ens et les Asiatiques modernes (mais pas les Africains) doivent 1% \u00e0 4% de leurs g\u00e8nes aux hommes de Neandertal.<\/p>\n<blockquote>\n<p>\u00abA peine sept mois plus tard, l\u2019histoire s\u2019est encore un peu plus compliqu\u00e9e avec l\u2019arriv\u00e9e d\u2019un nouveau personnage, tout droit venu de Sib\u00e9rie. Le groupe de P\u00e4\u00e4bo a, en effet, publi\u00e9 le g\u00e9nome nucl\u00e9aire d\u2019une nouvelle esp\u00e8ce humaine archa\u00efque originaire de la grotte de Denisova, dans les monts Alta\u00ef, en Russie.\u00bb<\/p>\n<\/blockquote>\n<p>Cette nouvelle sous-esp\u00e8ce est alors d\u00e9nomm\u00e9e : les Denisoviens. Lors des \u00e9tudes qui ont suivi, les chercheurs ont identifi\u00e9 des personnes ayant h\u00e9rit\u00e9 de 3% environ d\u2019ADN denisovien et de 4% \u00e0 6% d\u2019ADN n\u00e9andertalien.\u00a0<\/p>\n<p>La prochaine \u00e9tape sera de trouver exactement quelles parties de nos g\u00e9nomes nous viennent des N\u00e9andertaliens et des Denisoviens.<\/p>\n<p>Si vous le d\u00e9sirez, vous apprendrez dans cet article comment proc\u00e9der pour faire un test ADN vous permettant de conna\u00eetre quel part de N\u00e9andertal vous avez en vous. Et comme le conclut, Ann Gibbons :<\/p>\n<blockquote>\n<p>En attendant, mieux vaut faire attention \u00e0 ne pas traiter n\u2019importe qui de N\u00e9andertalien.\u00a0<\/p>\n<\/blockquote>\n<p>L&rsquo;article complet: <a href=\"http:\/\/www.slate.fr\/story\/64253\/adn-neandertal\">On a tous en nous quelque chose de N\u00e9andertal | Slate<\/a>.<\/p>\n<\/div>\n","protected":false},"excerpt":{"rendered":"<p>Un homme et une femme de N\u00e9andertal, mus\u00e9e de N\u00e9andertal de D\u00fcsseldorf, via Wikimedia Commons.\u00a0Wikimedia Commons Dans Slate, Ann Gibbons fait le point sur les diff\u00e9rentes th\u00e9ories sur l&rsquo;homme moderne et nos relations avec les hommes de N\u00e9andertal ainsi que les Denisoviens. Elle explique comment la g\u00e9n\u00e9tique prouve que nos anc\u00eatres ont fricot\u00e9 avec des [&hellip;]<\/p>\n","protected":false},"author":1,"featured_media":14186,"comment_status":"open","ping_status":"closed","sticky":false,"template":"","format":"standard","meta":{"_import_markdown_pro_load_document_selector":0,"_import_markdown_pro_submit_text_textarea":"","_genesis_hide_title":false,"_genesis_hide_breadcrumbs":false,"_genesis_hide_singular_image":false,"_genesis_hide_footer_widgets":false,"_genesis_custom_body_class":"","_genesis_custom_post_class":"","_genesis_layout":"","jetpack_post_was_ever_published":false,"_jetpack_newsletter_access":"","_jetpack_dont_email_post_to_subs":false,"_jetpack_newsletter_tier_id":0,"_jetpack_memberships_contains_paywalled_content":false,"_jetpack_memberships_contains_paid_content":false,"activitypub_content_warning":"","activitypub_content_visibility":"","activitypub_max_image_attachments":3,"activitypub_interaction_policy_quote":"anyone","activitypub_status":"","footnotes":"","jetpack_publicize_message":"","jetpack_publicize_feature_enabled":true,"jetpack_social_post_already_shared":true,"jetpack_social_options":{"image_generator_settings":{"template":"fullscreen","default_image_id":0,"font":"","enabled":false},"version":2}},"categories":[2],"tags":[],"class_list":{"0":"post-6382","1":"post","2":"type-post","3":"status-publish","4":"format-standard","5":"has-post-thumbnail","7":"category-histoire-2","8":"entry"},"jetpack_publicize_connections":[],"featured_image_src":"https:\/\/i0.wp.com\/lyonelkaufmann.ch\/Blog\/wp-content\/uploads\/2015\/03\/neandertal_adam_ve_kadin_modeli_almanya_copy.jpg?resize=540%2C297&ssl=1","featured_image_src_square":"https:\/\/i0.wp.com\/lyonelkaufmann.ch\/Blog\/wp-content\/uploads\/2015\/03\/neandertal_adam_ve_kadin_modeli_almanya_copy.jpg?resize=540%2C297&ssl=1","author_info":{"display_name":"Lyonel Kaufmann","author_link":"https:\/\/lyonelkaufmann.ch\/Blog\/author\/lyonelk\/"},"jetpack_featured_media_url":"https:\/\/i0.wp.com\/lyonelkaufmann.ch\/Blog\/wp-content\/uploads\/2015\/03\/neandertal_adam_ve_kadin_modeli_almanya_copy.jpg?fit=540%2C297&ssl=1","jetpack_sharing_enabled":true,"jetpack_shortlink":"https:\/\/wp.me\/p1qtF4-1EW","jetpack-related-posts":[{"id":6377,"url":"https:\/\/lyonelkaufmann.ch\/Blog\/2012\/11\/05\/neandertal-le-raffinement-de-lhomme-moderne-liberation\/","url_meta":{"origin":6382,"position":0},"title":"N\u00e9andertal, le raffinement de l\u2019homme moderne | Lib\u00e9ration","author":"Lyonel Kaufmann","date":"5 novembre 2012","format":false,"excerpt":"Les datations d\u2019os de n\u00e9andertaliens d\u2019Arcy-sur-Cure renforcent la\u00a0th\u00e9orie selon laquelle ils ont subi l\u2019influence culturelle de Cro-Magnon. Cependant, nulle volont\u00e9 de transfert de technologies sur mode de coop\u00e9ration Nord-Sud l\u00e0-dedans pour le pr\u00e9historien Jean-Jacques Hublin, \u00abc\u2019est bien l\u2019homme moderne qui est responsable de l\u2019extinction de N\u00e9andertal\u00bb. Lire l'article : N\u00e9andertal,\u2026","rel":"","context":"Dans &quot;histoire&quot;","block_context":{"text":"histoire","link":"https:\/\/lyonelkaufmann.ch\/Blog\/category\/histoire-2\/"},"img":{"alt_text":"","src":"https:\/\/i0.wp.com\/lyonelkaufmann.ch\/Blog\/wp-content\/uploads\/2015\/03\/blogcafe1.jpg?fit=1024%2C683&ssl=1&resize=350%2C200","width":350,"height":200,"srcset":"https:\/\/i0.wp.com\/lyonelkaufmann.ch\/Blog\/wp-content\/uploads\/2015\/03\/blogcafe1.jpg?fit=1024%2C683&ssl=1&resize=350%2C200 1x, https:\/\/i0.wp.com\/lyonelkaufmann.ch\/Blog\/wp-content\/uploads\/2015\/03\/blogcafe1.jpg?fit=1024%2C683&ssl=1&resize=525%2C300 1.5x, https:\/\/i0.wp.com\/lyonelkaufmann.ch\/Blog\/wp-content\/uploads\/2015\/03\/blogcafe1.jpg?fit=1024%2C683&ssl=1&resize=700%2C400 2x"},"classes":[]},{"id":16244,"url":"https:\/\/lyonelkaufmann.ch\/Blog\/2016\/03\/30\/les-genes-de-neandertal-ont-ameliore-limmunite-de-lhomme-moderne\/","url_meta":{"origin":6382,"position":1},"title":"Les g\u00e8nes de N\u00e9andertal ont am\u00e9lior\u00e9 l&rsquo;immunit\u00e9 de l&rsquo;Homme Moderne","author":"Lyonel Kaufmann","date":"30 mars 2016","format":false,"excerpt":"Le croisement des hommes modernes et des n\u00e9andertaliens en Europe il y a des milliers d'ann\u00e9es, a donn\u00e9 aux hommes des variations g\u00e9n\u00e9tiques qui ont augment\u00e9 la capacit\u00e9 de ceux qui les portent \u00e0 lutter contre les infections. Cet h\u00e9ritage de l'Homme de N\u00e9andertal aurait aussi laiss\u00e9 certaines personnes plus\u2026","rel":"","context":"Dans &quot;Blogcaf\u00e9&quot;","block_context":{"text":"Blogcaf\u00e9","link":"https:\/\/lyonelkaufmann.ch\/Blog\/category\/blogcafe-2\/"},"img":{"alt_text":"","src":"https:\/\/i0.wp.com\/lyonelkaufmann.ch\/Blog\/wp-content\/uploads\/2016\/03\/1qjNGwa.jpg?fit=500%2C522&ssl=1&resize=350%2C200","width":350,"height":200},"classes":[]},{"id":2809,"url":"https:\/\/lyonelkaufmann.ch\/Blog\/2010\/05\/10\/madame-sapiens-a-fait-crac-crac-avec-monsieur-neandertal\/","url_meta":{"origin":6382,"position":2},"title":"Madame Sapiens a fait crac-crac avec monsieur N\u00e9andertal","author":"Lyonel Kaufmann","date":"10 mai 2010","format":false,"excerpt":"Traiter certains individus d'homme de N\u00e9andertal n'est peut-\u00eatre pas qu'une injure, mais un fait d\u00e9sormais \u00e9tabli gr\u00e2ce aux travaux sur l'ADN d'une \u00e9quipe internationale de chercheurs, dirig\u00e9e par Svante P\u00e4\u00e4bo, un biologiste su\u00e9dois. Eloign\u00e9e de la version romanesque, pourtant appuy\u00e9e par des conseillers scientifiques, de la s\u00e9rie l'Odyss\u00e9e de l'Esp\u00e8ce\u2026","rel":"","context":"Dans &quot;histoire&quot;","block_context":{"text":"histoire","link":"https:\/\/lyonelkaufmann.ch\/Blog\/category\/histoire-2\/"},"img":{"alt_text":"Os de neandertaliens","src":"http:\/\/sciences.blogs.liberation.fr\/.a\/6a00e5500b4a648833013480848e03970c-300wi","width":350,"height":200},"classes":[]},{"id":8089,"url":"https:\/\/lyonelkaufmann.ch\/Blog\/2014\/07\/06\/neandertal-il-nest-pas-lhomme-que-vous-croyez-mediapart\/","url_meta":{"origin":6382,"position":3},"title":"N\u00e9andertal: il n&rsquo;est pas l&rsquo;homme que vous croyez | Mediapart","author":"Lyonel Kaufmann","date":"6 juillet 2014","format":false,"excerpt":"Il y a 430 000 ans, un groupe d\u2019humains primitifs a v\u00e9cu au nord de l\u2019Espagne, dans la sierra de Atapuerca, une formation de roches calcaires et argileuses, creus\u00e9e de galeries et de grottes souterraines. Vingt-huit individus ont \u00e9t\u00e9 ensevelis dans une cavit\u00e9 au fond d\u2019un puits de 14 m\u00e8tres\u2026","rel":"","context":"Dans &quot;histoire&quot;","block_context":{"text":"histoire","link":"https:\/\/lyonelkaufmann.ch\/Blog\/category\/histoire-2\/"},"img":{"alt_text":"","src":"https:\/\/i0.wp.com\/lyonelkaufmann.ch\/Blog\/wp-content\/uploads\/2015\/02\/wpid-pitofbones3-jpg-2014-07-6-15-56.png?fit=620%2C413&ssl=1&resize=350%2C200","width":350,"height":200,"srcset":"https:\/\/i0.wp.com\/lyonelkaufmann.ch\/Blog\/wp-content\/uploads\/2015\/02\/wpid-pitofbones3-jpg-2014-07-6-15-56.png?fit=620%2C413&ssl=1&resize=350%2C200 1x, https:\/\/i0.wp.com\/lyonelkaufmann.ch\/Blog\/wp-content\/uploads\/2015\/02\/wpid-pitofbones3-jpg-2014-07-6-15-56.png?fit=620%2C413&ssl=1&resize=525%2C300 1.5x"},"classes":[]},{"id":7523,"url":"https:\/\/lyonelkaufmann.ch\/Blog\/2013\/09\/22\/revue-de-presse-plusieurs-cultures-lithiques-pour-neandertal-hominides\/","url_meta":{"origin":6382,"position":4},"title":"Revue de presse : Plusieurs cultures lithiques pour N\u00e9andertal &#8211; Hominid\u00e9s","author":"Lyonel Kaufmann","date":"22 septembre 2013","format":false,"excerpt":"Au fur et \u00e0 mesure que les \u00e9tudes sur N\u00e9andertal se multiplient, on assiste v\u00e9ritablement \u00e0 une r\u00e9habilitation de cet homme pr\u00e9historique. Il y a cent ans on lui trouvait un air animal, une posture bestiale et surtout un d\u00e9veloppement intellectuel faible. C\u2019\u00e9tait le maillon faible de la famille de\u2026","rel":"","context":"Dans &quot;histoire&quot;","block_context":{"text":"histoire","link":"https:\/\/lyonelkaufmann.ch\/Blog\/category\/histoire-2\/"},"img":{"alt_text":"","src":"https:\/\/i0.wp.com\/lyonelkaufmann.ch\/Blog\/wp-content\/uploads\/2015\/03\/blogcafe1.jpg?fit=1024%2C683&ssl=1&resize=350%2C200","width":350,"height":200,"srcset":"https:\/\/i0.wp.com\/lyonelkaufmann.ch\/Blog\/wp-content\/uploads\/2015\/03\/blogcafe1.jpg?fit=1024%2C683&ssl=1&resize=350%2C200 1x, https:\/\/i0.wp.com\/lyonelkaufmann.ch\/Blog\/wp-content\/uploads\/2015\/03\/blogcafe1.jpg?fit=1024%2C683&ssl=1&resize=525%2C300 1.5x, https:\/\/i0.wp.com\/lyonelkaufmann.ch\/Blog\/wp-content\/uploads\/2015\/03\/blogcafe1.jpg?fit=1024%2C683&ssl=1&resize=700%2C400 2x"},"classes":[]},{"id":3771,"url":"https:\/\/lyonelkaufmann.ch\/Blog\/2010\/10\/17\/ao-le-dernier-neandertal-au-miroir-des-bons-sauvages\/","url_meta":{"origin":6382,"position":5},"title":"Ao, le dernier Neandertal : au miroir des bons sauvages","author":"Lyonel Kaufmann","date":"17 octobre 2010","format":"aside","excerpt":"via Z\u00e9ro de Conduite : Blog cin\u00e9ma & \u00e9ducationEntre pass\u00e9 et pr\u00e9sent, entre tradition et modernit\u00e9\u2026 Ao, le dernier N\u00e9andertal s\u2019assume volontiers comme un film de ... Read More >>","rel":"","context":"Dans &quot;L'Expresso&quot;","block_context":{"text":"L'Expresso","link":"https:\/\/lyonelkaufmann.ch\/Blog\/category\/breves\/"},"img":{"alt_text":"","src":"https:\/\/i0.wp.com\/lyonelkaufmann.ch\/Blog\/wp-content\/uploads\/2015\/03\/blogcafe1.jpg?fit=1024%2C683&ssl=1&resize=350%2C200","width":350,"height":200,"srcset":"https:\/\/i0.wp.com\/lyonelkaufmann.ch\/Blog\/wp-content\/uploads\/2015\/03\/blogcafe1.jpg?fit=1024%2C683&ssl=1&resize=350%2C200 1x, https:\/\/i0.wp.com\/lyonelkaufmann.ch\/Blog\/wp-content\/uploads\/2015\/03\/blogcafe1.jpg?fit=1024%2C683&ssl=1&resize=525%2C300 1.5x, https:\/\/i0.wp.com\/lyonelkaufmann.ch\/Blog\/wp-content\/uploads\/2015\/03\/blogcafe1.jpg?fit=1024%2C683&ssl=1&resize=700%2C400 2x"},"classes":[]}],"jetpack_likes_enabled":true,"_links":{"self":[{"href":"https:\/\/lyonelkaufmann.ch\/Blog\/wp-json\/wp\/v2\/posts\/6382","targetHints":{"allow":["GET"]}}],"collection":[{"href":"https:\/\/lyonelkaufmann.ch\/Blog\/wp-json\/wp\/v2\/posts"}],"about":[{"href":"https:\/\/lyonelkaufmann.ch\/Blog\/wp-json\/wp\/v2\/types\/post"}],"author":[{"embeddable":true,"href":"https:\/\/lyonelkaufmann.ch\/Blog\/wp-json\/wp\/v2\/users\/1"}],"replies":[{"embeddable":true,"href":"https:\/\/lyonelkaufmann.ch\/Blog\/wp-json\/wp\/v2\/comments?post=6382"}],"version-history":[{"count":0,"href":"https:\/\/lyonelkaufmann.ch\/Blog\/wp-json\/wp\/v2\/posts\/6382\/revisions"}],"wp:featuredmedia":[{"embeddable":true,"href":"https:\/\/lyonelkaufmann.ch\/Blog\/wp-json\/wp\/v2\/media\/14186"}],"wp:attachment":[{"href":"https:\/\/lyonelkaufmann.ch\/Blog\/wp-json\/wp\/v2\/media?parent=6382"}],"wp:term":[{"taxonomy":"category","embeddable":true,"href":"https:\/\/lyonelkaufmann.ch\/Blog\/wp-json\/wp\/v2\/categories?post=6382"},{"taxonomy":"post_tag","embeddable":true,"href":"https:\/\/lyonelkaufmann.ch\/Blog\/wp-json\/wp\/v2\/tags?post=6382"}],"curies":[{"name":"wp","href":"https:\/\/api.w.org\/{rel}","templated":true}]}}