{"id":6396,"date":"2012-11-06T12:38:03","date_gmt":"2012-11-06T12:38:03","guid":{"rendered":"http:\/\/lyonelkaufmann.ch\/histoire\/?p=6396"},"modified":"2012-11-06T12:38:03","modified_gmt":"2012-11-06T12:38:03","slug":"colloque-infoclio-ch-2012-accessibilite-et-droits-dutilisation-des-ressources-historiques-sur-le-web","status":"publish","type":"post","link":"https:\/\/lyonelkaufmann.ch\/Blog\/2012\/11\/06\/colloque-infoclio-ch-2012-accessibilite-et-droits-dutilisation-des-ressources-historiques-sur-le-web\/","title":{"rendered":"Colloque infoclio.ch 2012: Accessibilit\u00e9 et droits d\u2019utilisation des ressources historiques sur le web"},"content":{"rendered":"<p><strong>Le colloque infoclio.ch 2012 s&rsquo;est tenu vendredi 2 novembre au Kornhauforum de Berne, sur le th\u00e8me \u00ab\u00a0Accessibilit\u00e9 et droits d\u2019utilisation des ressources historiques sur le web\u00a0\u00bb.\u00a0Vous pouvez d\u00e8s \u00e0 pr\u00e9sent retrouver tous les enregistrements et les pr\u00e9sentations des conf\u00e9renciers sur cette page sp\u00e9ciale d\u00e9di\u00e9e au colloque. Le th\u00e8me de ce 4\u00e8me (d\u00e9j\u00e0) colloque s&rsquo;intitulait \u00a0<em>\u00abM\u00e9dias num\u00e9riques pour les sciences historiques\u00bb<\/em>.<\/strong><\/p>\n<p>L\u2019objectif de ce colloque \u00e9tail triple<\/p>\n<ul>\n<li>\u00e9clairer le contexte international qui r\u00e9git l\u2019acc\u00e8s aux sources historiques sur le web et leurs conditions d&rsquo;utilisation pour la recherche.<\/li>\n<li>pr\u00e9senter les solutions l\u00e9gales adopt\u00e9es par les institutions suisses pour garantir un acc\u00e8s le plus large possible \u00e0 leurs ressources, notamment les licences Creative Commons.<\/li>\n<li>r\u00e9unir les diff\u00e9rents acteurs impliqu\u00e9s pour engager un dialogue et esquisser une strat\u00e9gie d&rsquo;action coordonn\u00e9e pour le d\u00e9veloppement d&rsquo;un environnement num\u00e9rique de recherche fonctionnel et durable.<\/li>\n<\/ul>\n<p>Le programme et les interventions :\u00a0<a href=\"http:\/\/www.infoclio.ch\/fr\/node\/28293\">Colloque infoclio.ch 2012: Accessibilit\u00e9 et droits d\u2019utilisation des ressources historiques sur le web | infoclio.ch<\/a>.<\/p>\n","protected":false},"excerpt":{"rendered":"<p>Le colloque infoclio.ch 2012 s&rsquo;est tenu vendredi 2 novembre au Kornhauforum de Berne, sur le th\u00e8me \u00ab\u00a0Accessibilit\u00e9 et droits d\u2019utilisation des ressources historiques sur le web\u00a0\u00bb.\u00a0Vous pouvez d\u00e8s \u00e0 pr\u00e9sent retrouver tous les enregistrements et les pr\u00e9sentations des conf\u00e9renciers sur cette page sp\u00e9ciale d\u00e9di\u00e9e au colloque. Le th\u00e8me de ce 4\u00e8me (d\u00e9j\u00e0) colloque s&rsquo;intitulait \u00a0\u00abM\u00e9dias [&hellip;]<\/p>\n","protected":false},"author":1,"featured_media":14680,"comment_status":"open","ping_status":"open","sticky":false,"template":"","format":"standard","meta":{"_import_markdown_pro_load_document_selector":0,"_import_markdown_pro_submit_text_textarea":"","_genesis_hide_title":false,"_genesis_hide_breadcrumbs":false,"_genesis_hide_singular_image":false,"_genesis_hide_footer_widgets":false,"_genesis_custom_body_class":"","_genesis_custom_post_class":"","_genesis_layout":"","jetpack_post_was_ever_published":false,"_jetpack_newsletter_access":"","_jetpack_dont_email_post_to_subs":false,"_jetpack_newsletter_tier_id":0,"_jetpack_memberships_contains_paywalled_content":false,"_jetpack_memberships_contains_paid_content":false,"activitypub_content_warning":"","activitypub_content_visibility":"","activitypub_max_image_attachments":3,"activitypub_interaction_policy_quote":"anyone","activitypub_status":"","footnotes":"","jetpack_publicize_message":"","jetpack_publicize_feature_enabled":true,"jetpack_social_post_already_shared":true,"jetpack_social_options":{"image_generator_settings":{"template":"fullscreen","default_image_id":0,"font":"","enabled":false},"version":2}},"categories":[2],"tags":[],"class_list":{"0":"post-6396","1":"post","2":"type-post","3":"status-publish","4":"format-standard","5":"has-post-thumbnail","7":"category-histoire-2","8":"entry"},"jetpack_publicize_connections":[],"featured_image_src":"https:\/\/i0.wp.com\/lyonelkaufmann.ch\/Blog\/wp-content\/uploads\/2015\/03\/blogcafe1.jpg?resize=600%2C400&ssl=1","featured_image_src_square":"https:\/\/i0.wp.com\/lyonelkaufmann.ch\/Blog\/wp-content\/uploads\/2015\/03\/blogcafe1.jpg?resize=600%2C600&ssl=1","author_info":{"display_name":"Lyonel Kaufmann","author_link":"https:\/\/lyonelkaufmann.ch\/Blog\/author\/lyonelk\/"},"jetpack_featured_media_url":"https:\/\/i0.wp.com\/lyonelkaufmann.ch\/Blog\/wp-content\/uploads\/2015\/03\/blogcafe1.jpg?fit=1024%2C683&ssl=1","jetpack_sharing_enabled":true,"jetpack_shortlink":"https:\/\/wp.me\/p1qtF4-1Fa","jetpack-related-posts":[{"id":6101,"url":"https:\/\/lyonelkaufmann.ch\/Blog\/2012\/08\/30\/humanites-digitales-organiser-sa-recherche-sur-le-web-infoclio-ch\/","url_meta":{"origin":6396,"position":0},"title":"Humanit\u00e9s digitales : Organiser sa recherche sur le web | infoclio.ch","author":"Lyonel Kaufmann","date":"30 ao\u00fbt 2012","format":false,"excerpt":"Infoclio.ch,\u00a0le portail professionnel des sciences historiques en Suisse, ouvrira \u00e0 la rentr\u00e9e universitaire un nouveau portail destin\u00e9s aux \u00e9tudiants en histoire. Cette initiative arrive \u00e0 point nommer alors que la question des \u00abHumanit\u00e9s Digitales\u00bb (\u00abDigital humanities\u00bb) se d\u00e9veloppent de mani\u00e8re r\u00e9jouissante en Suisse. On r\u00eave d'une d\u00e9clinaison pour l'enseignement obligatoire\u2026","rel":"","context":"Dans &quot;histoire&quot;","block_context":{"text":"histoire","link":"https:\/\/lyonelkaufmann.ch\/Blog\/category\/histoire-2\/"},"img":{"alt_text":"","src":"https:\/\/i0.wp.com\/lyonelkaufmann.ch\/Blog\/wp-content\/uploads\/2015\/03\/0120.jpg?fit=480%2C360&ssl=1&resize=350%2C200","width":350,"height":200},"classes":[]},{"id":3599,"url":"https:\/\/lyonelkaufmann.ch\/Blog\/2011\/03\/03\/la-bande-dessinee-historique-universite-de-pau\/","url_meta":{"origin":6396,"position":1},"title":"La bande dessin\u00e9e historique | Universit\u00e9 de Pau","author":"Lyonel Kaufmann","date":"3 mars 2011","format":false,"excerpt":"L'Universit\u00e9 de Pau organise en novembre prochain son Premier colloque international sur la Bande dessin\u00e9e historique (23-25 novembre 2011). L'appel \u00e0 contribution est ouvert jusqu'au 30 avril 2011. Cette premi\u00e8re \u00e9dition est centr\u00e9e sur la bande dessin\u00e9e et l'Antiquit\u00e9. La pr\u00e9sentation du colloque et de la th\u00e9matique En janvier 2010\u2026","rel":"","context":"Dans &quot;histoire&quot;","block_context":{"text":"histoire","link":"https:\/\/lyonelkaufmann.ch\/Blog\/category\/histoire-2\/"},"img":{"alt_text":"","src":"https:\/\/i0.wp.com\/lyonelkaufmann.ch\/histoire\/wp-content\/uploads\/2011\/03\/101713_Alix_intrepide_Casterman_reed_Lombard.jpg?resize=350%2C200","width":350,"height":200},"classes":[]},{"id":1565,"url":"https:\/\/lyonelkaufmann.ch\/Blog\/2009\/09\/16\/theses-sur-les-sciences-historiques-a-lere-digitale\/","url_meta":{"origin":6396,"position":2},"title":"Th\u00e8ses sur les sciences historiques \u00e0 l&rsquo;\u00e8re digitale","author":"Lyonel Kaufmann","date":"16 septembre 2009","format":false,"excerpt":"Dans sa contribution au colloque consacr\u00e9 aux m\u00e9dias num\u00e9riques et les sciences historiques de septembre 2009, Peter Haber a pr\u00e9sent\u00e9 diff\u00e9rentes hypoth\u00e8ses sur les \u00e9volutions possibles et les relations entre \u00e8re num\u00e9rique et la science historique que nous r\u00e9sumons ici Litt\u00e9racie num\u00e9rique: les historiens connaissent quelles sont les informations disponibles\u2026","rel":"","context":"Dans &quot;histoire&quot;","block_context":{"text":"histoire","link":"https:\/\/lyonelkaufmann.ch\/Blog\/category\/histoire-2\/"},"img":{"alt_text":"","src":"https:\/\/i0.wp.com\/lyonelkaufmann.ch\/Blog\/wp-content\/uploads\/2015\/03\/blogcafe1.jpg?fit=1024%2C683&ssl=1&resize=350%2C200","width":350,"height":200,"srcset":"https:\/\/i0.wp.com\/lyonelkaufmann.ch\/Blog\/wp-content\/uploads\/2015\/03\/blogcafe1.jpg?fit=1024%2C683&ssl=1&resize=350%2C200 1x, https:\/\/i0.wp.com\/lyonelkaufmann.ch\/Blog\/wp-content\/uploads\/2015\/03\/blogcafe1.jpg?fit=1024%2C683&ssl=1&resize=525%2C300 1.5x, https:\/\/i0.wp.com\/lyonelkaufmann.ch\/Blog\/wp-content\/uploads\/2015\/03\/blogcafe1.jpg?fit=1024%2C683&ssl=1&resize=700%2C400 2x"},"classes":[]},{"id":5929,"url":"https:\/\/lyonelkaufmann.ch\/Blog\/2012\/08\/15\/colloque-la-narration-en-images-de-la-colonne-trajane-a-la-bande-dessinee-latelier-des-icones\/","url_meta":{"origin":6396,"position":3},"title":"Colloque \u201cLa narration en images. De la colonne Trajane \u00e0 la bande dessin\u00e9e\u201d | L&rsquo;Atelier des ic\u00f4nes","author":"Lyonel Kaufmann","date":"15 ao\u00fbt 2012","format":false,"excerpt":"Tapisserie de Bayeux, d\u00e9tail Ce colloque qui a lieu du lundi 27 ao\u00fbt 2012 au vendredi 31 ao\u00fbt 2012 \u00e0 Angoul\u00eame offre des conf\u00e9rences tr\u00e8s int\u00e9ressantes pour un enseignant d'histoire et l'utilisation de l'image en classe d'histoire.\u00a0 Voici une s\u00e9lection de contributions en ce sens: Mardi 28 ao\u00fbt 2012: Antiquit\u00e9\u2026","rel":"","context":"Dans &quot;histoire&quot;","block_context":{"text":"histoire","link":"https:\/\/lyonelkaufmann.ch\/Blog\/category\/histoire-2\/"},"img":{"alt_text":"","src":"","width":0,"height":0},"classes":[]},{"id":4343,"url":"https:\/\/lyonelkaufmann.ch\/Blog\/2011\/11\/23\/revue-de-presse-22-novembre-2011\/","url_meta":{"origin":6396,"position":4},"title":"Revue de presse : la BD historique (22 novembre 2011)","author":"Lyonel Kaufmann","date":"23 novembre 2011","format":false,"excerpt":"Du 23 au 26 novembre 2011, \u00a0l'Universit\u00e9 de Pau et des Pays de l\u2019Adour (UPPA) accueil un colloque international consacr\u00e9 \u00e0 la Bande Dessin\u00e9e historique. Ce colloque est organis\u00e9 par le Centre de Recherches Po\u00e9tiques et Histoire litt\u00e9raire (CRPHL) et \u00a0a pour but de mieux (faire) comprendre les sp\u00e9cificit\u00e9s de\u2026","rel":"","context":"Dans &quot;histoire&quot;","block_context":{"text":"histoire","link":"https:\/\/lyonelkaufmann.ch\/Blog\/category\/histoire-2\/"},"img":{"alt_text":"","src":"https:\/\/i0.wp.com\/lyonelkaufmann.ch\/Blog\/wp-content\/uploads\/2015\/03\/blogcafe1.jpg?fit=1024%2C683&ssl=1&resize=350%2C200","width":350,"height":200,"srcset":"https:\/\/i0.wp.com\/lyonelkaufmann.ch\/Blog\/wp-content\/uploads\/2015\/03\/blogcafe1.jpg?fit=1024%2C683&ssl=1&resize=350%2C200 1x, https:\/\/i0.wp.com\/lyonelkaufmann.ch\/Blog\/wp-content\/uploads\/2015\/03\/blogcafe1.jpg?fit=1024%2C683&ssl=1&resize=525%2C300 1.5x, https:\/\/i0.wp.com\/lyonelkaufmann.ch\/Blog\/wp-content\/uploads\/2015\/03\/blogcafe1.jpg?fit=1024%2C683&ssl=1&resize=700%2C400 2x"},"classes":[]},{"id":3704,"url":"https:\/\/lyonelkaufmann.ch\/Blog\/2011\/04\/29\/colloque-histoire-et-litterature-regards-croises-26-28-mai-2011\/","url_meta":{"origin":6396,"position":5},"title":"Colloque : Histoire et litt\u00e9rature, regards crois\u00e9s (26-28 mai 2011)","author":"Lyonel Kaufmann","date":"29 avril 2011","format":false,"excerpt":"L'Institut fran\u00e7ais d'\u00e9ducation organise un colloque international qui se d\u00e9roulera du 26 au 28 mai 2011 \u00e0 l\u2019IF\u00c9 \u00e0 Lyon. Ce colloque questionnera les relations entre histoire et litt\u00e9rature(s) et interrogera l'\u00e9pist\u00e9mologie et l'enseignement de deux disciplines connexes ou rivales parfois. Cette manifestation s'articulera autour de trois axes : AXE\u2026","rel":"","context":"Dans &quot;histoire&quot;","block_context":{"text":"histoire","link":"https:\/\/lyonelkaufmann.ch\/Blog\/category\/histoire-2\/"},"img":{"alt_text":"","src":"https:\/\/i0.wp.com\/lyonelkaufmann.ch\/Blog\/wp-content\/uploads\/2015\/03\/blogcafe1.jpg?fit=1024%2C683&ssl=1&resize=350%2C200","width":350,"height":200,"srcset":"https:\/\/i0.wp.com\/lyonelkaufmann.ch\/Blog\/wp-content\/uploads\/2015\/03\/blogcafe1.jpg?fit=1024%2C683&ssl=1&resize=350%2C200 1x, https:\/\/i0.wp.com\/lyonelkaufmann.ch\/Blog\/wp-content\/uploads\/2015\/03\/blogcafe1.jpg?fit=1024%2C683&ssl=1&resize=525%2C300 1.5x, https:\/\/i0.wp.com\/lyonelkaufmann.ch\/Blog\/wp-content\/uploads\/2015\/03\/blogcafe1.jpg?fit=1024%2C683&ssl=1&resize=700%2C400 2x"},"classes":[]}],"jetpack_likes_enabled":true,"_links":{"self":[{"href":"https:\/\/lyonelkaufmann.ch\/Blog\/wp-json\/wp\/v2\/posts\/6396","targetHints":{"allow":["GET"]}}],"collection":[{"href":"https:\/\/lyonelkaufmann.ch\/Blog\/wp-json\/wp\/v2\/posts"}],"about":[{"href":"https:\/\/lyonelkaufmann.ch\/Blog\/wp-json\/wp\/v2\/types\/post"}],"author":[{"embeddable":true,"href":"https:\/\/lyonelkaufmann.ch\/Blog\/wp-json\/wp\/v2\/users\/1"}],"replies":[{"embeddable":true,"href":"https:\/\/lyonelkaufmann.ch\/Blog\/wp-json\/wp\/v2\/comments?post=6396"}],"version-history":[{"count":0,"href":"https:\/\/lyonelkaufmann.ch\/Blog\/wp-json\/wp\/v2\/posts\/6396\/revisions"}],"wp:featuredmedia":[{"embeddable":true,"href":"https:\/\/lyonelkaufmann.ch\/Blog\/wp-json\/wp\/v2\/media\/14680"}],"wp:attachment":[{"href":"https:\/\/lyonelkaufmann.ch\/Blog\/wp-json\/wp\/v2\/media?parent=6396"}],"wp:term":[{"taxonomy":"category","embeddable":true,"href":"https:\/\/lyonelkaufmann.ch\/Blog\/wp-json\/wp\/v2\/categories?post=6396"},{"taxonomy":"post_tag","embeddable":true,"href":"https:\/\/lyonelkaufmann.ch\/Blog\/wp-json\/wp\/v2\/tags?post=6396"}],"curies":[{"name":"wp","href":"https:\/\/api.w.org\/{rel}","templated":true}]}}