{"id":6411,"date":"2012-11-12T09:00:00","date_gmt":"2012-11-12T09:00:00","guid":{"rendered":"http:\/\/lyonelkaufmann.ch\/histoire\/?p=6411"},"modified":"2012-11-12T09:00:00","modified_gmt":"2012-11-12T09:00:00","slug":"succes-des-livres-dhistoire-consacres-a-la-suisse","status":"publish","type":"post","link":"https:\/\/lyonelkaufmann.ch\/Blog\/2012\/11\/12\/succes-des-livres-dhistoire-consacres-a-la-suisse\/","title":{"rendered":"Livres : Le succ\u00e8s fou de l&rsquo;histoire suisse"},"content":{"rendered":"<p><b>Les livres consacr\u00e9s \u00e0 l&rsquo;histoire de la Suisse, ou \u00e0 ses institutions, rencontrent un succ\u00e8s \u00e9tonnant. <\/b><br \/>\nCe succ\u00e8s d\u00e9montre la curiosit\u00e9 du public romand. Et une forme d&rsquo;inqui\u00e9tude \u00e0 l&rsquo;\u00e9gard de la mondialisation.<\/p>\n<p><a href=\"http:\/\/www.rts.ch\/embed\/IYZo\">http:\/\/www.rts.ch\/embed\/IYZo<\/a><\/p>\n","protected":false},"excerpt":{"rendered":"<p>Les livres consacr\u00e9s \u00e0 l&rsquo;histoire de la Suisse, ou \u00e0 ses institutions, rencontrent un succ\u00e8s \u00e9tonnant. Ce succ\u00e8s d\u00e9montre la curiosit\u00e9 du public romand. Et une forme d&rsquo;inqui\u00e9tude \u00e0 l&rsquo;\u00e9gard de la mondialisation. http:\/\/www.rts.ch\/embed\/IYZo<\/p>\n","protected":false},"author":1,"featured_media":14680,"comment_status":"open","ping_status":"open","sticky":false,"template":"","format":"standard","meta":{"_import_markdown_pro_load_document_selector":0,"_import_markdown_pro_submit_text_textarea":"","_genesis_hide_title":false,"_genesis_hide_breadcrumbs":false,"_genesis_hide_singular_image":false,"_genesis_hide_footer_widgets":false,"_genesis_custom_body_class":"","_genesis_custom_post_class":"","_genesis_layout":"","jetpack_post_was_ever_published":false,"_jetpack_newsletter_access":"","_jetpack_dont_email_post_to_subs":false,"_jetpack_newsletter_tier_id":0,"_jetpack_memberships_contains_paywalled_content":false,"_jetpack_memberships_contains_paid_content":false,"activitypub_content_warning":"","activitypub_content_visibility":"","activitypub_max_image_attachments":3,"activitypub_interaction_policy_quote":"anyone","activitypub_status":"","footnotes":"","jetpack_publicize_message":"","jetpack_publicize_feature_enabled":true,"jetpack_social_post_already_shared":true,"jetpack_social_options":{"image_generator_settings":{"template":"fullscreen","default_image_id":0,"font":"","enabled":false},"version":2}},"categories":[2],"tags":[],"class_list":{"0":"post-6411","1":"post","2":"type-post","3":"status-publish","4":"format-standard","5":"has-post-thumbnail","7":"category-histoire-2","8":"entry"},"jetpack_publicize_connections":[],"featured_image_src":"https:\/\/i0.wp.com\/lyonelkaufmann.ch\/Blog\/wp-content\/uploads\/2015\/03\/blogcafe1.jpg?resize=600%2C400&ssl=1","featured_image_src_square":"https:\/\/i0.wp.com\/lyonelkaufmann.ch\/Blog\/wp-content\/uploads\/2015\/03\/blogcafe1.jpg?resize=600%2C600&ssl=1","author_info":{"display_name":"Lyonel Kaufmann","author_link":"https:\/\/lyonelkaufmann.ch\/Blog\/author\/lyonelk\/"},"jetpack_featured_media_url":"https:\/\/i0.wp.com\/lyonelkaufmann.ch\/Blog\/wp-content\/uploads\/2015\/03\/blogcafe1.jpg?fit=1024%2C683&ssl=1","jetpack_sharing_enabled":true,"jetpack_shortlink":"https:\/\/wp.me\/p1qtF4-1Fp","jetpack-related-posts":[{"id":1389,"url":"https:\/\/lyonelkaufmann.ch\/Blog\/2009\/07\/02\/lurbanite-suisse-enfin-reconnue-la-chaux-de-fondsle-locle-au-patrimoine-mondial-de-lunesco\/","url_meta":{"origin":6411,"position":0},"title":"L&rsquo;urbanit\u00e9 suisse (enfin) reconnue : La Chaux-de-Fonds\/Le Locle au Patrimoine mondial de l&rsquo;Unesco","author":"Lyonel Kaufmann","date":"2 juillet 2009","format":false,"excerpt":"L'inscription des villes de La Chaux-de-Fonds et Le Locle au Patrimoine mondial de l'Unesco 2009 a surpris celles et ceux nombreux qui m\u00e9connaissent l'importance du ph\u00e9nom\u00e8ne urbain dans le d\u00e9veloppement et l'histoire de la Suisse. Mais comme le dit Jo\u00eblle Kuntz dans son remarquable (petit) ouvrage La Suisse en un\u2026","rel":"","context":"Dans &quot;histoire&quot;","block_context":{"text":"histoire","link":"https:\/\/lyonelkaufmann.ch\/Blog\/category\/histoire-2\/"},"img":{"alt_text":"","src":"https:\/\/i0.wp.com\/lyonelkaufmann.ch\/Blog\/wp-content\/uploads\/2015\/03\/blogcafe1.jpg?fit=1024%2C683&ssl=1&resize=350%2C200","width":350,"height":200,"srcset":"https:\/\/i0.wp.com\/lyonelkaufmann.ch\/Blog\/wp-content\/uploads\/2015\/03\/blogcafe1.jpg?fit=1024%2C683&ssl=1&resize=350%2C200 1x, https:\/\/i0.wp.com\/lyonelkaufmann.ch\/Blog\/wp-content\/uploads\/2015\/03\/blogcafe1.jpg?fit=1024%2C683&ssl=1&resize=525%2C300 1.5x, https:\/\/i0.wp.com\/lyonelkaufmann.ch\/Blog\/wp-content\/uploads\/2015\/03\/blogcafe1.jpg?fit=1024%2C683&ssl=1&resize=700%2C400 2x"},"classes":[]},{"id":7736,"url":"https:\/\/lyonelkaufmann.ch\/Blog\/2006\/09\/15\/beevor-anthony-2006-la-guerre-despagne\/","url_meta":{"origin":6411,"position":1},"title":"Beevor Anthony (2006) &#8211; La Guerre d&rsquo;Espagne","author":"Lyonel Kaufmann","date":"15 septembre 2006","format":false,"excerpt":"La Guerre d\u2019Espagne de l\u2019Anglais Anthony Beevor remporte en Espagne un grand succ\u00e8s depuis 2005. Beevor avait d\u00e9j\u00e0 publi\u00e9 en 1982 (apr\u00e8s six ans de travail) une premi\u00e8re version de cet essai historique. C\u2019est son \u00e9diteur espagnol qui l\u2019a pouss\u00e9 \u00e0 r\u00e9diger une nouvelle mouture en b\u00e9n\u00e9ficiant des travaux les\u2026","rel":"","context":"Dans &quot;histoire&quot;","block_context":{"text":"histoire","link":"https:\/\/lyonelkaufmann.ch\/Blog\/category\/histoire-2\/"},"img":{"alt_text":"Beevor - Guerre d'Espagne","src":"https:\/\/i0.wp.com\/www.liberation.fr\/culture\/livre\/_files\/file_204332_41451.jpg?resize=350%2C200","width":350,"height":200},"classes":[]},{"id":20,"url":"https:\/\/lyonelkaufmann.ch\/Blog\/2005\/07\/21\/la-suisse-et-lesclavage\/","url_meta":{"origin":6411,"position":2},"title":"La Suisse et l&rsquo;esclavage","author":"Lyonel Kaufmann","date":"21 juillet 2005","format":false,"excerpt":"Depuis la parution d'articles e 2004 dans le journal Le Courrier et La Libert\u00e9 relativement \u00e0 la question du r\u00f4le de la Suisse dans l'esclavage, un livre est paru ce printemps aux \u00e9ditions Antipodes & SHSR, dans la collection Histoire.ch. Il a \u00e9t\u00e9 \u00e9crit par Thomas David [professeur-assistant \u00e0 l'Institut\u2026","rel":"","context":"Dans &quot;histoire&quot;","block_context":{"text":"histoire","link":"https:\/\/lyonelkaufmann.ch\/Blog\/category\/histoire-2\/"},"img":{"alt_text":"","src":"https:\/\/i0.wp.com\/lyonelkaufmann.ch\/Blog\/wp-content\/uploads\/2015\/03\/blogcafe1.jpg?fit=1024%2C683&ssl=1&resize=350%2C200","width":350,"height":200,"srcset":"https:\/\/i0.wp.com\/lyonelkaufmann.ch\/Blog\/wp-content\/uploads\/2015\/03\/blogcafe1.jpg?fit=1024%2C683&ssl=1&resize=350%2C200 1x, https:\/\/i0.wp.com\/lyonelkaufmann.ch\/Blog\/wp-content\/uploads\/2015\/03\/blogcafe1.jpg?fit=1024%2C683&ssl=1&resize=525%2C300 1.5x, https:\/\/i0.wp.com\/lyonelkaufmann.ch\/Blog\/wp-content\/uploads\/2015\/03\/blogcafe1.jpg?fit=1024%2C683&ssl=1&resize=700%2C400 2x"},"classes":[]},{"id":3095,"url":"https:\/\/lyonelkaufmann.ch\/Blog\/2010\/08\/08\/koblet-le-james-dean-suisse-deux-ou-trois-choses-vues-de-paris\/","url_meta":{"origin":6411,"position":3},"title":"Koblet, le James Dean suisse | Deux ou trois choses vues de Paris","author":"Lyonel Kaufmann","date":"8 ao\u00fbt 2010","format":false,"excerpt":"La projection sur la Piazza Grande de Locarno du film de Daniel von Aarburg \u00abHugo Koblet, p\u00e9daleur de charme\u00bb donne l'occasion \u00e0 Andr\u00e9 Crettenand de r\u00e9pondre \u00e0 question : Qu'est-ce qu'un h\u00e9ros suisse? Dans ce cadre-l\u00e0, Hugo Koblet d\u00e9teint par rapport aux\u00a0h\u00e9ros magnifi\u00e9s au 19e si\u00e8cle pour, selon la jolie\u2026","rel":"","context":"Dans &quot;histoire&quot;","block_context":{"text":"histoire","link":"https:\/\/lyonelkaufmann.ch\/Blog\/category\/histoire-2\/"},"img":{"alt_text":"","src":"https:\/\/i0.wp.com\/lyonelkaufmann.ch\/Blog\/wp-content\/uploads\/2015\/03\/087.jpg?fit=480%2C360&ssl=1&resize=350%2C200","width":350,"height":200},"classes":[]},{"id":8635,"url":"https:\/\/lyonelkaufmann.ch\/Blog\/2015\/01\/08\/parution-la-suisse-face-a-lespionnage-1914-1918\/","url_meta":{"origin":6411,"position":4},"title":"Parution : La Suisse face \u00e0 l\u2019espionnage, 1914-1918","author":"Lyonel Kaufmann","date":"8 janvier 2015","format":false,"excerpt":"Christophe Vuilleumier: La Suisse face \u00e0 l\u2019espionnage, 1914-1918, Gen\u00e8ve 2014. Publi\u00e9e aux \u00c9ditions Slatkine. Pr\u00e9sentation du livre par l'\u00e9diteur La Premi\u00e8re Guerre mondiale ne se d\u00e9roula pas uniquement sur les champs de bataille. Elle se d\u00e9veloppa, de mani\u00e8re insidieuse, dans les pays neutres, sous des formes moins sanglantes mais tout\u2026","rel":"","context":"Dans &quot;histoire&quot;","block_context":{"text":"histoire","link":"https:\/\/lyonelkaufmann.ch\/Blog\/category\/histoire-2\/"},"img":{"alt_text":"","src":"https:\/\/i0.wp.com\/lyonelkaufmann.ch\/Blog\/wp-content\/uploads\/2015\/02\/bildschirmfoto-2015-01-08-um-13-38-47.png?fit=239%2C350&ssl=1&resize=350%2C200","width":350,"height":200},"classes":[]},{"id":3766,"url":"https:\/\/lyonelkaufmann.ch\/Blog\/2010\/10\/16\/la-suisse-un-modele-pour-la-droite-populiste-en-europe\/","url_meta":{"origin":6411,"position":5},"title":"\u00abLa Suisse, un mod\u00e8le pour la droite populiste en Europe\u00bb","author":"Lyonel Kaufmann","date":"16 octobre 2010","format":"aside","excerpt":"via LeTemps.ch | Actualit\u00e9Les droites radicales encha\u00eenent les succ\u00e8s \u00e9lectoraux en Europe. Faut-il en avoir peur? Les r\u00e9ponses de Damir Skenderovic, ... Read More >>","rel":"","context":"Dans &quot;L'Expresso&quot;","block_context":{"text":"L'Expresso","link":"https:\/\/lyonelkaufmann.ch\/Blog\/category\/breves\/"},"img":{"alt_text":"","src":"","width":0,"height":0},"classes":[]}],"jetpack_likes_enabled":true,"_links":{"self":[{"href":"https:\/\/lyonelkaufmann.ch\/Blog\/wp-json\/wp\/v2\/posts\/6411","targetHints":{"allow":["GET"]}}],"collection":[{"href":"https:\/\/lyonelkaufmann.ch\/Blog\/wp-json\/wp\/v2\/posts"}],"about":[{"href":"https:\/\/lyonelkaufmann.ch\/Blog\/wp-json\/wp\/v2\/types\/post"}],"author":[{"embeddable":true,"href":"https:\/\/lyonelkaufmann.ch\/Blog\/wp-json\/wp\/v2\/users\/1"}],"replies":[{"embeddable":true,"href":"https:\/\/lyonelkaufmann.ch\/Blog\/wp-json\/wp\/v2\/comments?post=6411"}],"version-history":[{"count":0,"href":"https:\/\/lyonelkaufmann.ch\/Blog\/wp-json\/wp\/v2\/posts\/6411\/revisions"}],"wp:featuredmedia":[{"embeddable":true,"href":"https:\/\/lyonelkaufmann.ch\/Blog\/wp-json\/wp\/v2\/media\/14680"}],"wp:attachment":[{"href":"https:\/\/lyonelkaufmann.ch\/Blog\/wp-json\/wp\/v2\/media?parent=6411"}],"wp:term":[{"taxonomy":"category","embeddable":true,"href":"https:\/\/lyonelkaufmann.ch\/Blog\/wp-json\/wp\/v2\/categories?post=6411"},{"taxonomy":"post_tag","embeddable":true,"href":"https:\/\/lyonelkaufmann.ch\/Blog\/wp-json\/wp\/v2\/tags?post=6411"}],"curies":[{"name":"wp","href":"https:\/\/api.w.org\/{rel}","templated":true}]}}