{"id":6415,"date":"2012-11-17T07:56:01","date_gmt":"2012-11-17T07:56:01","guid":{"rendered":"http:\/\/lyonelkaufmann.ch\/histoire\/?p=6415"},"modified":"2012-11-17T07:56:01","modified_gmt":"2012-11-17T07:56:01","slug":"sur-les-traces-de-george-washington-le-devoir","status":"publish","type":"post","link":"https:\/\/lyonelkaufmann.ch\/Blog\/2012\/11\/17\/sur-les-traces-de-george-washington-le-devoir\/","title":{"rendered":"Sur les traces de George Washington | Le Devoir"},"content":{"rendered":"<p style=\"text-align:center;\"><a href=\"http:\/\/www.ledevoir.com\/culture\/livres\/364226\/sur-les-traces-de-george-washington\"><img data-recalc-dims=\"1\" src=\"https:\/\/i0.wp.com\/lyonelkaufmann.ch\/histoire\/wp-content\/uploads\/2012\/11\/image.jpg\" alt='Photo : Annik MH De Carufel - Le Devoir' \/><\/a><\/p>\n<p style=\"text-align:center;\"><span style=\"color:#808080;font-family:Verdana, sans-serif;font-size:9px;line-height:10px;text-align:right;background-color:#ffffff;\">Photo : Annik MH De Carufel &#8211; Le Devoir<\/span><\/p>\n<p>Les rebondissements de l\u2019histoire sont parfois \u00e9tranges. Comment un acte de reddition sign\u00e9 en 1754 de la main de George Washington, p\u00e8re fondateur des \u00c9tats-Unis, a-t-il pu traverser les si\u00e8cles pour se retrouver dans les archives qu\u00e9b\u00e9coises ?<\/p>\n<p>L&rsquo;explication: \u00a0<a href=\"http:\/\/www.ledevoir.com\/culture\/livres\/364226\/sur-les-traces-de-george-washington\">Sur les traces de George Washington | Le Devoir<\/a>.<\/p>\n","protected":false},"excerpt":{"rendered":"<p>Photo : Annik MH De Carufel &#8211; Le Devoir Les rebondissements de l\u2019histoire sont parfois \u00e9tranges. Comment un acte de reddition sign\u00e9 en 1754 de la main de George Washington, p\u00e8re fondateur des \u00c9tats-Unis, a-t-il pu traverser les si\u00e8cles pour se retrouver dans les archives qu\u00e9b\u00e9coises ? L&rsquo;explication: \u00a0Sur les traces de George Washington | [&hellip;]<\/p>\n","protected":false},"author":1,"featured_media":14187,"comment_status":"open","ping_status":"open","sticky":false,"template":"","format":"standard","meta":{"_import_markdown_pro_load_document_selector":0,"_import_markdown_pro_submit_text_textarea":"","_genesis_hide_title":false,"_genesis_hide_breadcrumbs":false,"_genesis_hide_singular_image":false,"_genesis_hide_footer_widgets":false,"_genesis_custom_body_class":"","_genesis_custom_post_class":"","_genesis_layout":"","jetpack_post_was_ever_published":false,"_jetpack_newsletter_access":"","_jetpack_dont_email_post_to_subs":false,"_jetpack_newsletter_tier_id":0,"_jetpack_memberships_contains_paywalled_content":false,"_jetpack_memberships_contains_paid_content":false,"activitypub_content_warning":"","activitypub_content_visibility":"","activitypub_max_image_attachments":3,"activitypub_interaction_policy_quote":"anyone","activitypub_status":"","footnotes":"","jetpack_publicize_message":"","jetpack_publicize_feature_enabled":true,"jetpack_social_post_already_shared":true,"jetpack_social_options":{"image_generator_settings":{"template":"fullscreen","default_image_id":0,"font":"","enabled":false},"version":2}},"categories":[2],"tags":[],"class_list":{"0":"post-6415","1":"post","2":"type-post","3":"status-publish","4":"format-standard","5":"has-post-thumbnail","7":"category-histoire-2","8":"entry"},"jetpack_publicize_connections":[],"featured_image_src":"https:\/\/i0.wp.com\/lyonelkaufmann.ch\/Blog\/wp-content\/uploads\/2015\/03\/image1.jpg?resize=449%2C299&ssl=1","featured_image_src_square":"https:\/\/i0.wp.com\/lyonelkaufmann.ch\/Blog\/wp-content\/uploads\/2015\/03\/image1.jpg?resize=449%2C299&ssl=1","author_info":{"display_name":"Lyonel Kaufmann","author_link":"https:\/\/lyonelkaufmann.ch\/Blog\/author\/lyonelk\/"},"jetpack_featured_media_url":"https:\/\/i0.wp.com\/lyonelkaufmann.ch\/Blog\/wp-content\/uploads\/2015\/03\/image1.jpg?fit=449%2C299&ssl=1","jetpack_sharing_enabled":true,"jetpack_shortlink":"https:\/\/wp.me\/p1qtF4-1Ft","jetpack-related-posts":[{"id":5323,"url":"https:\/\/lyonelkaufmann.ch\/Blog\/2012\/04\/21\/civil-war-washington\/","url_meta":{"origin":6415,"position":0},"title":"Civil War Washington","author":"Lyonel Kaufmann","date":"21 avril 2012","format":false,"excerpt":"See on Scoop.it - histoireLe site \"La guerre civile \u00e0 Washington\" compte plus de 200 p\u00e9titions \u00e9mancipation num\u00e9ris\u00e9s, des cartes et autres donn\u00e9es qui permettent d'examiner la fa\u00e7on dont la guerre civile a affect\u00e9 Washington, D.C. Le projet s'appuie sur les m\u00e9thodes de nombreux domaines-litt\u00e9raires \u00e9tudes, histoire, g\u00e9ographie, cartographie assist\u00e9e\u2026","rel":"","context":"Dans &quot;histoire&quot;","block_context":{"text":"histoire","link":"https:\/\/lyonelkaufmann.ch\/Blog\/category\/histoire-2\/"},"img":{"alt_text":"","src":"","width":0,"height":0},"classes":[]},{"id":7274,"url":"https:\/\/lyonelkaufmann.ch\/Blog\/2013\/08\/13\/chronique-de-lete-histoire-du-devoir-de-memoire-et-enseignement-de-lhistoire-une-interview-de-sebastien-ledoux\/","url_meta":{"origin":6415,"position":1},"title":"Chronique de l&rsquo;\u00e9t\u00e9 : Histoire du devoir de m\u00e9moire et enseignement de l\u2019histoire, une interview de S\u00e9bastien Ledoux","author":"Lyonel Kaufmann","date":"13 ao\u00fbt 2013","format":false,"excerpt":"Je mets \u00e0 profit la pause estivale pour publier en ce mois d\u2019ao\u00fbt mes chroniques mensuelles du\u00a0Caf\u00e9 p\u00e9dagogique. En avril, \u00e0 la suite d'un article de S\u00e9bastien Ledoux\u00a0[1] paru\u00a0sur le site du Comit\u00e9 de Vigilance face aux Usages Publics de l\u2019Histoire (CVUHV), j'interrogeais ce dernier sur\u00a0quelques questions concernant les aspects\u2026","rel":"","context":"Dans &quot;histoire&quot;","block_context":{"text":"histoire","link":"https:\/\/lyonelkaufmann.ch\/Blog\/category\/histoire-2\/"},"img":{"alt_text":"","src":"https:\/\/i0.wp.com\/lyonelkaufmann.ch\/Blog\/wp-content\/uploads\/2015\/03\/affiche_plus_jamais.jpg?fit=632%2C872&ssl=1&resize=350%2C200","width":350,"height":200,"srcset":"https:\/\/i0.wp.com\/lyonelkaufmann.ch\/Blog\/wp-content\/uploads\/2015\/03\/affiche_plus_jamais.jpg?fit=632%2C872&ssl=1&resize=350%2C200 1x, https:\/\/i0.wp.com\/lyonelkaufmann.ch\/Blog\/wp-content\/uploads\/2015\/03\/affiche_plus_jamais.jpg?fit=632%2C872&ssl=1&resize=525%2C300 1.5x"},"classes":[]},{"id":11445,"url":"https:\/\/lyonelkaufmann.ch\/Blog\/2014\/04\/25\/8-fournitures-scolaires-devenues-obsoletes-et-remplacees-par-des-outils-technologiques-2\/","url_meta":{"origin":6415,"position":2},"title":"8 fournitures scolaires devenues obsol\u00e8tes et remplac\u00e9es par des outils technologiques","author":"Lyonel Kaufmann","date":"25 avril 2014","format":false,"excerpt":"Mashable nous offre un int\u00e9ressant article sur 8 fournitures scolaires devenues obsol\u00e8tes et remplac\u00e9es par des outils technologiques. En introduction, Mashable pr\u00e9sente les \u00e9l\u00e8ves et l'\u00e9cole d'aujourd'hui. Si les \u00e9l\u00e8ves utilisent des tablettes \u00e0 la place de cahiers, si Wikip\u00e9dia a remplac\u00e9 des CD-Rom encyclop\u00e9dique et que les classes sont\u2026","rel":"","context":"Dans &quot;Blogcaf\u00e9&quot;","block_context":{"text":"Blogcaf\u00e9","link":"https:\/\/lyonelkaufmann.ch\/Blog\/category\/blogcafe-2\/"},"img":{"alt_text":"","src":"https:\/\/i0.wp.com\/lyonelkaufmann.ch\/Blog\/wp-content\/uploads\/2014\/04\/iPad-Classroom.jpg?resize=350%2C200","width":350,"height":200,"srcset":"https:\/\/i0.wp.com\/lyonelkaufmann.ch\/Blog\/wp-content\/uploads\/2014\/04\/iPad-Classroom.jpg?resize=350%2C200 1x, https:\/\/i0.wp.com\/lyonelkaufmann.ch\/Blog\/wp-content\/uploads\/2014\/04\/iPad-Classroom.jpg?resize=525%2C300 1.5x, https:\/\/i0.wp.com\/lyonelkaufmann.ch\/Blog\/wp-content\/uploads\/2014\/04\/iPad-Classroom.jpg?resize=700%2C400 2x"},"classes":[]},{"id":6836,"url":"https:\/\/lyonelkaufmann.ch\/Blog\/2013\/03\/07\/enseigner-une-histoire-orientee-le-devoir\/","url_meta":{"origin":6415,"position":3},"title":"Enseigner une histoire \u00aborient\u00e9e\u00bb? | Le Devoir","author":"Lyonel Kaufmann","date":"7 mars 2013","format":false,"excerpt":"L'enseignement de l'histoire reste une question sociale vive au Qu\u00e9bec. La guerre id\u00e9ologique autour de la cr\u00e9ation d\u2019un comit\u00e9 minist\u00e9riel pour revoir les programmes d\u2019histoire au secondaire s\u2019envenime. Plusieurs enseignants, historiens et autres sp\u00e9cialistes de la mati\u00e8re jugent \u00ab dangereuse \u00bb la complicit\u00e9 entre le Parti qu\u00e9b\u00e9cois et la Coalition\u2026","rel":"","context":"Dans &quot;histoire&quot;","block_context":{"text":"histoire","link":"https:\/\/lyonelkaufmann.ch\/Blog\/category\/histoire-2\/"},"img":{"alt_text":"","src":"https:\/\/i0.wp.com\/lyonelkaufmann.ch\/Blog\/wp-content\/uploads\/2015\/03\/blogcafe1.jpg?fit=1024%2C683&ssl=1&resize=350%2C200","width":350,"height":200,"srcset":"https:\/\/i0.wp.com\/lyonelkaufmann.ch\/Blog\/wp-content\/uploads\/2015\/03\/blogcafe1.jpg?fit=1024%2C683&ssl=1&resize=350%2C200 1x, https:\/\/i0.wp.com\/lyonelkaufmann.ch\/Blog\/wp-content\/uploads\/2015\/03\/blogcafe1.jpg?fit=1024%2C683&ssl=1&resize=525%2C300 1.5x, https:\/\/i0.wp.com\/lyonelkaufmann.ch\/Blog\/wp-content\/uploads\/2015\/03\/blogcafe1.jpg?fit=1024%2C683&ssl=1&resize=700%2C400 2x"},"classes":[]},{"id":6960,"url":"https:\/\/lyonelkaufmann.ch\/Blog\/2013\/04\/13\/enjeux-dune-ecriture-historienne-du-devoir-de-memoire-1-par-sebastien-ledoux\/","url_meta":{"origin":6415,"position":4},"title":"Enjeux d\u2019une \u00e9criture historienne du devoir de m\u00e9moire (1) par S\u00e9bastien Ledoux.","author":"Lyonel Kaufmann","date":"13 avril 2013","format":false,"excerpt":"S\u00e9bastien Ledoux termine actuellement une th\u00e8se sur \u00ab L\u2019histoire du \u201cdevoir de m\u00e9moire\u02ee\u02ee \u00bb \u00e0 Paris 1 (Centre d\u2019histoire sociale du XXe si\u00e8cle). Il a d\u00e9j\u00e0 publi\u00e9 Le \u00ab devoir de m\u00e9moire \u00bb \u00e0 l\u2019\u00e9cole. Essai d\u2019\u00e9criture d\u2019un nouveau roman national, Sarrebruck, \u00c9tudes universitaires europ\u00e9ennes, 2011, et de nombreux articles\u2026","rel":"","context":"Dans &quot;histoire&quot;","block_context":{"text":"histoire","link":"https:\/\/lyonelkaufmann.ch\/Blog\/category\/histoire-2\/"},"img":{"alt_text":"","src":"https:\/\/i0.wp.com\/lyonelkaufmann.ch\/Blog\/wp-content\/uploads\/2015\/03\/blogcafe1.jpg?fit=1024%2C683&ssl=1&resize=350%2C200","width":350,"height":200,"srcset":"https:\/\/i0.wp.com\/lyonelkaufmann.ch\/Blog\/wp-content\/uploads\/2015\/03\/blogcafe1.jpg?fit=1024%2C683&ssl=1&resize=350%2C200 1x, https:\/\/i0.wp.com\/lyonelkaufmann.ch\/Blog\/wp-content\/uploads\/2015\/03\/blogcafe1.jpg?fit=1024%2C683&ssl=1&resize=525%2C300 1.5x, https:\/\/i0.wp.com\/lyonelkaufmann.ch\/Blog\/wp-content\/uploads\/2015\/03\/blogcafe1.jpg?fit=1024%2C683&ssl=1&resize=700%2C400 2x"},"classes":[]},{"id":15925,"url":"https:\/\/lyonelkaufmann.ch\/Blog\/2015\/12\/30\/aretha-franklin-chante-you-make-me-feel-like-a-natural-woman-et-fait-pleurer-barack-obama\/","url_meta":{"origin":6415,"position":5},"title":"Aretha Franklin chante \u00ab\u00a0(You Make Me Feel Like) A Natural Woman\u00a0\u00bb et fait pleurer Barack Obama","author":"Lyonel Kaufmann","date":"30 d\u00e9cembre 2015","format":"video","excerpt":"Lors de la 38e c\u00e9r\u00e9monie des Kennedy Center Honors \u00e0 Washington qui c\u00e9l\u00e9brait la carri\u00e8re de cinq artistes dont Rita Moreno, George Lucas et Carole King, Aretha Franklin, 73 ans, est venue sur sc\u00e8ne chanter You Make Me Feel Like) A Natural Woman,\u00a0le titre \u00e9crit par par Gerry Goffin, Carole\u2026","rel":"","context":"Dans &quot;TubesCaf\u00e9&quot;","block_context":{"text":"TubesCaf\u00e9","link":"https:\/\/lyonelkaufmann.ch\/Blog\/category\/tubescafe\/"},"img":{"alt_text":"","src":"","width":0,"height":0},"classes":[]}],"jetpack_likes_enabled":true,"_links":{"self":[{"href":"https:\/\/lyonelkaufmann.ch\/Blog\/wp-json\/wp\/v2\/posts\/6415","targetHints":{"allow":["GET"]}}],"collection":[{"href":"https:\/\/lyonelkaufmann.ch\/Blog\/wp-json\/wp\/v2\/posts"}],"about":[{"href":"https:\/\/lyonelkaufmann.ch\/Blog\/wp-json\/wp\/v2\/types\/post"}],"author":[{"embeddable":true,"href":"https:\/\/lyonelkaufmann.ch\/Blog\/wp-json\/wp\/v2\/users\/1"}],"replies":[{"embeddable":true,"href":"https:\/\/lyonelkaufmann.ch\/Blog\/wp-json\/wp\/v2\/comments?post=6415"}],"version-history":[{"count":0,"href":"https:\/\/lyonelkaufmann.ch\/Blog\/wp-json\/wp\/v2\/posts\/6415\/revisions"}],"wp:featuredmedia":[{"embeddable":true,"href":"https:\/\/lyonelkaufmann.ch\/Blog\/wp-json\/wp\/v2\/media\/14187"}],"wp:attachment":[{"href":"https:\/\/lyonelkaufmann.ch\/Blog\/wp-json\/wp\/v2\/media?parent=6415"}],"wp:term":[{"taxonomy":"category","embeddable":true,"href":"https:\/\/lyonelkaufmann.ch\/Blog\/wp-json\/wp\/v2\/categories?post=6415"},{"taxonomy":"post_tag","embeddable":true,"href":"https:\/\/lyonelkaufmann.ch\/Blog\/wp-json\/wp\/v2\/tags?post=6415"}],"curies":[{"name":"wp","href":"https:\/\/api.w.org\/{rel}","templated":true}]}}