{"id":6424,"date":"2012-11-17T08:05:15","date_gmt":"2012-11-17T08:05:15","guid":{"rendered":"http:\/\/lyonelkaufmann.ch\/histoire\/?p=6424"},"modified":"2012-11-17T08:05:15","modified_gmt":"2012-11-17T08:05:15","slug":"lincoln-enferme-dans-son-histoire-le-devoir","status":"publish","type":"post","link":"https:\/\/lyonelkaufmann.ch\/Blog\/2012\/11\/17\/lincoln-enferme-dans-son-histoire-le-devoir\/","title":{"rendered":"Lincoln enferm\u00e9 dans son histoire | Le Devoir"},"content":{"rendered":"<p style=\"text-align:center;\"><a href=\"http:\/\/www.ledevoir.com\/culture\/cinema\/364055\/lincoln-enferme-dans-son-histoire\"><img data-recalc-dims=\"1\" decoding=\"async\" src=\"https:\/\/i0.wp.com\/lyonelkaufmann.ch\/histoire\/wp-content\/uploads\/2012\/11\/image2.jpg\" alt=\"Photo : 20th Century Fox\" \/><\/a><\/p>\n<p style=\"text-align:center;\"><span style=\"color:#808080;font-family:Verdana, sans-serif;font-size:9px;line-height:10px;text-align:right;background-color:#ffffff;\">Photo : 20th Century Fox<\/span><\/p>\n<p>Difficile d\u2019\u00e9viter les r\u00e9f\u00e9rences \u00e0 la r\u00e9\u00e9lection d\u2019Obama, m\u00eame si Spielberg avait en t\u00eate ce biopic sur Lincoln depuis 1999. La r\u00e9cente campagne \u00e9lectorale, avec tous ses clivages, trouve dans le film sa perspective historique. On songe aussi au chemin parcouru depuis l\u2019abolition de l\u2019esclavage, avec un pr\u00e9sident noir \u00e0 la Maison-Blanche. Assassin\u00e9 comme John F. Kennedy, Abraham Lincoln pr\u00e9figure par son destin les tensions droite-gauche toujours vivaces de cette soci\u00e9t\u00e9.<\/p>\n<span class=\"embed-youtube\" style=\"text-align:center; display: block;\"><iframe loading=\"lazy\" class=\"youtube-player\" width=\"640\" height=\"360\" src=\"https:\/\/www.youtube.com\/embed\/qiSAbAuLhqs?version=3&#038;rel=1&#038;showsearch=0&#038;showinfo=1&#038;iv_load_policy=1&#038;fs=1&#038;hl=fr-FR&#038;autohide=2&#038;wmode=transparent\" allowfullscreen=\"true\" style=\"border:0;\" sandbox=\"allow-scripts allow-same-origin allow-popups allow-presentation allow-popups-to-escape-sandbox\"><\/iframe><\/span>\n<p>Sans flash-back, ce film se concentre sur une \u00e9poque-cl\u00e9, en 1865, soit la lutte du pr\u00e9sident am\u00e9ricain pour faire voter \u00e0 la Chambre des repr\u00e9sentants le 13e amendement de la Constitution autorisant l\u2019abolition de l\u2019esclavage.<\/p>\n<p>Pour Le Devoir, <em>\u00abLincoln se r\u00e9v\u00e8le un excellent cours d\u2019histoire, mais bien indigeste. Il n\u2019est pas certain que son public suivra Spielberg dans cette voie exigeante et suffocante.\u00bb<\/em><\/p>\n<p><em><\/em>A lire :\u00a0<a href=\"http:\/\/www.ledevoir.com\/culture\/cinema\/364055\/lincoln-enferme-dans-son-histoire\">Lincoln enferm\u00e9 dans son histoire | Le Devoir<\/a>.<\/p>\n<h3>Mise \u00e0 jour (20.11.2012)<\/h3>\n<p>Sur <em>History News Network<\/em>, David O. Stewart s&rsquo;interroge : <a href=\"http:\/\/hnn.us\/articles\/how-true-lincoln\" target=\"_blank\">How True is \u00ab\u00a0Lincoln\u00a0\u00bb?<\/a> et il conclut que, dans l&rsquo;ensemble, Lincoln est un film historiquement solide qu&rsquo;on peut aller voir la conscience tranquille.<\/p>\n","protected":false},"excerpt":{"rendered":"<p>Photo : 20th Century Fox Difficile d\u2019\u00e9viter les r\u00e9f\u00e9rences \u00e0 la r\u00e9\u00e9lection d\u2019Obama, m\u00eame si Spielberg avait en t\u00eate ce biopic sur Lincoln depuis 1999. La r\u00e9cente campagne \u00e9lectorale, avec tous ses clivages, trouve dans le film sa perspective historique. On songe aussi au chemin parcouru depuis l\u2019abolition de l\u2019esclavage, avec un pr\u00e9sident noir \u00e0 [&hellip;]<\/p>\n","protected":false},"author":1,"featured_media":14188,"comment_status":"open","ping_status":"open","sticky":false,"template":"","format":"standard","meta":{"_import_markdown_pro_load_document_selector":0,"_import_markdown_pro_submit_text_textarea":"","_genesis_hide_title":false,"_genesis_hide_breadcrumbs":false,"_genesis_hide_singular_image":false,"_genesis_hide_footer_widgets":false,"_genesis_custom_body_class":"","_genesis_custom_post_class":"","_genesis_layout":"","jetpack_post_was_ever_published":false,"_jetpack_newsletter_access":"","_jetpack_dont_email_post_to_subs":false,"_jetpack_newsletter_tier_id":0,"_jetpack_memberships_contains_paywalled_content":false,"_jetpack_memberships_contains_paid_content":false,"activitypub_content_warning":"","activitypub_content_visibility":"","activitypub_max_image_attachments":3,"activitypub_interaction_policy_quote":"anyone","activitypub_status":"","footnotes":"","jetpack_publicize_message":"","jetpack_publicize_feature_enabled":true,"jetpack_social_post_already_shared":true,"jetpack_social_options":{"image_generator_settings":{"template":"fullscreen","default_image_id":0,"font":"","enabled":false},"version":2}},"categories":[2],"tags":[],"class_list":{"0":"post-6424","1":"post","2":"type-post","3":"status-publish","4":"format-standard","5":"has-post-thumbnail","7":"category-histoire-2","8":"entry"},"jetpack_publicize_connections":[],"featured_image_src":"https:\/\/i0.wp.com\/lyonelkaufmann.ch\/Blog\/wp-content\/uploads\/2015\/03\/image2.jpg?resize=222%2C331&ssl=1","featured_image_src_square":"https:\/\/i0.wp.com\/lyonelkaufmann.ch\/Blog\/wp-content\/uploads\/2015\/03\/image2.jpg?resize=222%2C331&ssl=1","author_info":{"display_name":"Lyonel Kaufmann","author_link":"https:\/\/lyonelkaufmann.ch\/Blog\/author\/lyonelk\/"},"jetpack_featured_media_url":"https:\/\/i0.wp.com\/lyonelkaufmann.ch\/Blog\/wp-content\/uploads\/2015\/03\/image2.jpg?fit=222%2C331&ssl=1","jetpack_sharing_enabled":true,"jetpack_shortlink":"https:\/\/wp.me\/p1qtF4-1FC","jetpack-related-posts":[{"id":7255,"url":"https:\/\/lyonelkaufmann.ch\/Blog\/2013\/08\/06\/chronique-de-lete-obama-lincoln-django-unchained-notre-voyage-nest-pas-termine\/","url_meta":{"origin":6424,"position":0},"title":"Chronique de l&rsquo;\u00e9t\u00e9 : Obama, Lincoln &amp; Django unchained : \u00ab notre voyage n\u2019est pas termin\u00e9 \u00bb.","author":"Lyonel Kaufmann","date":"6 ao\u00fbt 2013","format":false,"excerpt":"Je mets \u00e0 profit la pause estivale pour publier en ce mois d\u2019ao\u00fbt mes chroniques mensuelles du\u00a0Caf\u00e9 p\u00e9dagogique.\u00a0En janvier 2013, Obama, Lincoln et Django Unchained interrogaient le rapport de\u00a0\u00a0la soci\u00e9t\u00e9 am\u00e9ricaine \u00e0 son histoire et \u00e0 son pr\u00e9sent. Bonne lecture. Dans la relecture de l\u2019histoire am\u00e9ricaine des 19e et 20e\u2026","rel":"","context":"Dans &quot;histoire&quot;","block_context":{"text":"histoire","link":"https:\/\/lyonelkaufmann.ch\/Blog\/category\/histoire-2\/"},"img":{"alt_text":"","src":"https:\/\/i0.wp.com\/www.citylocalnews.com\/fr\/images\/6A30D0DA-0A8A-436C-A542-1DAB4DA88198\/CLN_03\/lincoln-le-dernier-spielberg-en-avant-premiere-au-pathe-cap-sud-et-au-capitole-studios-%28photo-dr%29.jpg?resize=350%2C200","width":350,"height":200},"classes":[]},{"id":6757,"url":"https:\/\/lyonelkaufmann.ch\/Blog\/2013\/01\/29\/revue-de-presse-le-point-commun-entre-django-unchained-et-lincoln-cest-leur-probleme-avec-les-femmes\/","url_meta":{"origin":6424,"position":1},"title":"Revue de presse : Le point commun entre \u00abDjango Unchained\u00bb et \u00abLincoln\u00bb, c&rsquo;est leur probl\u00e8me avec les femmes","author":"Lyonel Kaufmann","date":"29 janvier 2013","format":false,"excerpt":"Mais une autre question est soulev\u00e9e par ces films, de mani\u00e8re incidente: comment se fait-il qu\u2019ils ignorent \u00e0 ce point l\u2019\u0153uvre accomplie par les femmes noires am\u00e9ricaines pour obtenir leur libert\u00e9?Le point commun entre \u00abDjango Unchained\u00bb et \u00abLincoln\u00bb, c'est leur probl\u00e8me avec les femmes","rel":"","context":"Dans &quot;histoire&quot;","block_context":{"text":"histoire","link":"https:\/\/lyonelkaufmann.ch\/Blog\/category\/histoire-2\/"},"img":{"alt_text":"","src":"https:\/\/i0.wp.com\/lyonelkaufmann.ch\/Blog\/wp-content\/uploads\/2015\/03\/blogcafe1.jpg?fit=1024%2C683&ssl=1&resize=350%2C200","width":350,"height":200,"srcset":"https:\/\/i0.wp.com\/lyonelkaufmann.ch\/Blog\/wp-content\/uploads\/2015\/03\/blogcafe1.jpg?fit=1024%2C683&ssl=1&resize=350%2C200 1x, https:\/\/i0.wp.com\/lyonelkaufmann.ch\/Blog\/wp-content\/uploads\/2015\/03\/blogcafe1.jpg?fit=1024%2C683&ssl=1&resize=525%2C300 1.5x, https:\/\/i0.wp.com\/lyonelkaufmann.ch\/Blog\/wp-content\/uploads\/2015\/03\/blogcafe1.jpg?fit=1024%2C683&ssl=1&resize=700%2C400 2x"},"classes":[]},{"id":9320,"url":"https:\/\/lyonelkaufmann.ch\/Blog\/2013\/01\/29\/revue-de-presse-le-point-commun-entre-django-unchained-et-lincoln-cest-leur-probleme-avec-les-femmes-2\/","url_meta":{"origin":6424,"position":2},"title":"Revue de presse : Le point commun entre \u00abDjango Unchained\u00bb et \u00abLincoln\u00bb, c&rsquo;est leur probl\u00e8me avec les femmes","author":"Lyonel Kaufmann","date":"29 janvier 2013","format":false,"excerpt":"Mais une autre question est soulev\u00e9e par ces films, de mani\u00e8re incidente: comment se fait-il qu\u2019ils ignorent \u00e0 ce point l\u2019\u0153uvre accomplie par les femmes noires am\u00e9ricaines pour obtenir leur libert\u00e9?Le point commun entre \u00abDjango Unchained\u00bb et \u00abLincoln\u00bb, c'est leur probl\u00e8me avec les femmes","rel":"","context":"Dans &quot;L'Expresso&quot;","block_context":{"text":"L'Expresso","link":"https:\/\/lyonelkaufmann.ch\/Blog\/category\/breves\/"},"img":{"alt_text":"","src":"https:\/\/i0.wp.com\/lyonelkaufmann.ch\/Blog\/wp-content\/uploads\/2015\/03\/blogcafe1.jpg?fit=1024%2C683&ssl=1&resize=350%2C200","width":350,"height":200,"srcset":"https:\/\/i0.wp.com\/lyonelkaufmann.ch\/Blog\/wp-content\/uploads\/2015\/03\/blogcafe1.jpg?fit=1024%2C683&ssl=1&resize=350%2C200 1x, https:\/\/i0.wp.com\/lyonelkaufmann.ch\/Blog\/wp-content\/uploads\/2015\/03\/blogcafe1.jpg?fit=1024%2C683&ssl=1&resize=525%2C300 1.5x, https:\/\/i0.wp.com\/lyonelkaufmann.ch\/Blog\/wp-content\/uploads\/2015\/03\/blogcafe1.jpg?fit=1024%2C683&ssl=1&resize=700%2C400 2x"},"classes":[]},{"id":5297,"url":"https:\/\/lyonelkaufmann.ch\/Blog\/2012\/04\/16\/16-avril-1862-lincoln-signe-la-loi-demancipation\/","url_meta":{"origin":6424,"position":3},"title":"16 avril 1862 : Lincoln signe la loi d&rsquo;\u00e9mancipation","author":"Lyonel Kaufmann","date":"16 avril 2012","format":false,"excerpt":"Le 16 Avril 1862, le pr\u00e9sident Abraham Lincoln promulgue la loi du Congr\u00e8s autorisant l'\u00e9mancipation des personnes r\u00e9duites en esclavage \u00e0 Washington, DC, et la compensation mon\u00e9taire de leurs propri\u00e9taires par le Tr\u00e9sor am\u00e9ricain. 150 ans plus tard, les Archives nationales am\u00e9ricaines marquent cet anniversaire en r\u00e9alisant et diffusant la\u2026","rel":"","context":"Dans &quot;histoire&quot;","block_context":{"text":"histoire","link":"https:\/\/lyonelkaufmann.ch\/Blog\/category\/histoire-2\/"},"img":{"alt_text":"","src":"https:\/\/i0.wp.com\/lyonelkaufmann.ch\/Blog\/wp-content\/uploads\/2015\/03\/0116.jpg?fit=480%2C360&ssl=1&resize=350%2C200","width":350,"height":200},"classes":[]},{"id":6679,"url":"https:\/\/lyonelkaufmann.ch\/Blog\/2013\/01\/01\/1er-janvier-2013-150-ans-de-la-proclamation-de-lincoln-abolissant-lesclavage\/","url_meta":{"origin":6424,"position":4},"title":"1er janvier 2013 : 150 ans de la proclamation de Lincoln abolissant l&rsquo;esclavage","author":"Lyonel Kaufmann","date":"1 janvier 2013","format":false,"excerpt":"Alors que Barack Obama se bat contre le mur budg\u00e9taire et les R\u00e9publicains, nous f\u00eaterons ce 1er janvier 2013, les 150 ans de la proclamation de Lincoln abolissant l'esclavage. Si loin et au proche \u00e0 la fois, on peut mesurer le chemin parcouru. Et relire les r\u00e9actions des journaux am\u00e9ricains\u2026","rel":"","context":"Dans &quot;histoire&quot;","block_context":{"text":"histoire","link":"https:\/\/lyonelkaufmann.ch\/Blog\/category\/histoire-2\/"},"img":{"alt_text":"","src":"https:\/\/i0.wp.com\/lyonelkaufmann.ch\/Blog\/wp-content\/uploads\/2015\/03\/Emancipation_proclamation.jpg?fit=450%2C300&ssl=1&resize=350%2C200","width":350,"height":200},"classes":[]},{"id":1721,"url":"https:\/\/lyonelkaufmann.ch\/Blog\/2009\/12\/18\/twhistory-reconstituer-lhistoire-en-140-caracteres\/","url_meta":{"origin":6424,"position":5},"title":"TwHistory : reconstituer l&rsquo;histoire en 140 caract\u00e8res","author":"Lyonel Kaufmann","date":"18 d\u00e9cembre 2009","format":false,"excerpt":"TwHistory est un site web d\u00e9di\u00e9 \u00e0 des reconstitutions historiques via Twitter. Le site a commenc\u00e9 avec la reconstitution de la bataille de Gettysburg par l'entremise de personnages-cl\u00e9s li\u00e9s \u00e0 cette bataille et notamment le pr\u00e9sident Lincoln. La crise des missiles de Cuba a fourni les bases de la deuxi\u00e8me\u2026","rel":"","context":"Dans &quot;histoire&quot;","block_context":{"text":"histoire","link":"https:\/\/lyonelkaufmann.ch\/Blog\/category\/histoire-2\/"},"img":{"alt_text":"","src":"https:\/\/i0.wp.com\/lyonelkaufmann.ch\/Blog\/wp-content\/uploads\/2015\/03\/blogcafe1.jpg?fit=1024%2C683&ssl=1&resize=350%2C200","width":350,"height":200,"srcset":"https:\/\/i0.wp.com\/lyonelkaufmann.ch\/Blog\/wp-content\/uploads\/2015\/03\/blogcafe1.jpg?fit=1024%2C683&ssl=1&resize=350%2C200 1x, https:\/\/i0.wp.com\/lyonelkaufmann.ch\/Blog\/wp-content\/uploads\/2015\/03\/blogcafe1.jpg?fit=1024%2C683&ssl=1&resize=525%2C300 1.5x, https:\/\/i0.wp.com\/lyonelkaufmann.ch\/Blog\/wp-content\/uploads\/2015\/03\/blogcafe1.jpg?fit=1024%2C683&ssl=1&resize=700%2C400 2x"},"classes":[]}],"jetpack_likes_enabled":true,"_links":{"self":[{"href":"https:\/\/lyonelkaufmann.ch\/Blog\/wp-json\/wp\/v2\/posts\/6424","targetHints":{"allow":["GET"]}}],"collection":[{"href":"https:\/\/lyonelkaufmann.ch\/Blog\/wp-json\/wp\/v2\/posts"}],"about":[{"href":"https:\/\/lyonelkaufmann.ch\/Blog\/wp-json\/wp\/v2\/types\/post"}],"author":[{"embeddable":true,"href":"https:\/\/lyonelkaufmann.ch\/Blog\/wp-json\/wp\/v2\/users\/1"}],"replies":[{"embeddable":true,"href":"https:\/\/lyonelkaufmann.ch\/Blog\/wp-json\/wp\/v2\/comments?post=6424"}],"version-history":[{"count":0,"href":"https:\/\/lyonelkaufmann.ch\/Blog\/wp-json\/wp\/v2\/posts\/6424\/revisions"}],"wp:featuredmedia":[{"embeddable":true,"href":"https:\/\/lyonelkaufmann.ch\/Blog\/wp-json\/wp\/v2\/media\/14188"}],"wp:attachment":[{"href":"https:\/\/lyonelkaufmann.ch\/Blog\/wp-json\/wp\/v2\/media?parent=6424"}],"wp:term":[{"taxonomy":"category","embeddable":true,"href":"https:\/\/lyonelkaufmann.ch\/Blog\/wp-json\/wp\/v2\/categories?post=6424"},{"taxonomy":"post_tag","embeddable":true,"href":"https:\/\/lyonelkaufmann.ch\/Blog\/wp-json\/wp\/v2\/tags?post=6424"}],"curies":[{"name":"wp","href":"https:\/\/api.w.org\/{rel}","templated":true}]}}