{"id":6428,"date":"2012-07-17T10:13:30","date_gmt":"2012-07-17T09:13:30","guid":{"rendered":"https:\/\/lyonelkaufmann.ch\/Blog\/?p=6428"},"modified":"2024-01-02T01:31:26","modified_gmt":"2024-01-02T00:31:26","slug":"eurogym-2012-ouverture","status":"publish","type":"post","link":"https:\/\/lyonelkaufmann.ch\/Blog\/2012\/07\/17\/eurogym-2012-ouverture\/","title":{"rendered":"Eurogym 2012 | Ouverture"},"content":{"rendered":"<p><strong>Ce dimanche (15 juillet) \u00e0 Coimbra (Portugal) a eu lieu l&rsquo;ouverture de l&rsquo;\u00e9dition 2012 de l&rsquo;Eurogym.<\/strong><\/p>\n<figure style=\"width: 608px\" class=\"wp-caption aligncenter\"><a href=\"https:\/\/i0.wp.com\/lyonelkaufmann.ch\/Blog\/wp-content\/uploads\/2012\/07\/20120717-102602.jpg?ssl=1\"><img data-recalc-dims=\"1\" loading=\"lazy\" decoding=\"async\" class=\" \" title=\"Eurogym - C\u00e9r\u00e9monie d'ouverture\" alt=\"20120717-102602.jpg\" src=\"https:\/\/i0.wp.com\/lyonelkaufmann.ch\/Blog\/wp-content\/uploads\/2012\/07\/20120717-102602.jpg?resize=608%2C404&#038;ssl=1\" width=\"608\" height=\"404\" \/><\/a><figcaption class=\"wp-caption-text\">Eurogym &#8211; C\u00e9r\u00e9monie d&rsquo;ouverture<\/figcaption><\/figure>\n<p style=\"text-align:justify;\">4000 jeunes jusqu&rsquo;\u00e0 vingt ans (ou presque) participeront cette semaine \u00e0 cette \u00e9dition. Toute la ville sera anim\u00e9e par les prestations de ces gymnastes. Le tout dans en une ambiance bon enfant comme la gym sait le faire.<br \/>\nLes gymnastes du groupe-mixte des Jeunes Patriotes de Vevey participent \u00e0 cette \u00e9dition. C&rsquo;est leur troisi\u00e8me participation apr\u00e8s Albi et Odensee.<\/p>\n","protected":false},"excerpt":{"rendered":"<p>Ce dimanche (15 juillet) \u00e0 Coimbra (Portugal) a eu lieu l&rsquo;ouverture de l&rsquo;\u00e9dition 2012 de l&rsquo;Eurogym. 4000 jeunes jusqu&rsquo;\u00e0 vingt ans (ou presque) participeront cette semaine \u00e0 cette \u00e9dition. Toute la ville sera anim\u00e9e par les prestations de ces gymnastes. Le tout dans en une ambiance bon enfant comme la gym sait le faire. Les [&hellip;]<\/p>\n","protected":false},"author":1,"featured_media":13948,"comment_status":"open","ping_status":"open","sticky":false,"template":"","format":"image","meta":{"_import_markdown_pro_load_document_selector":0,"_import_markdown_pro_submit_text_textarea":"","_genesis_hide_title":false,"_genesis_hide_breadcrumbs":false,"_genesis_hide_singular_image":false,"_genesis_hide_footer_widgets":false,"_genesis_custom_body_class":"","_genesis_custom_post_class":"","_genesis_layout":"","jetpack_post_was_ever_published":false,"_jetpack_newsletter_access":"","_jetpack_dont_email_post_to_subs":false,"_jetpack_newsletter_tier_id":0,"_jetpack_memberships_contains_paywalled_content":false,"_jetpack_memberships_contains_paid_content":false,"activitypub_content_warning":"","activitypub_content_visibility":"","activitypub_max_image_attachments":3,"activitypub_interaction_policy_quote":"anyone","activitypub_status":"","footnotes":"","jetpack_publicize_message":"","jetpack_publicize_feature_enabled":true,"jetpack_social_post_already_shared":true,"jetpack_social_options":{"image_generator_settings":{"template":"fullscreen","default_image_id":0,"font":"","enabled":false},"version":2}},"categories":[3],"tags":[],"class_list":{"0":"post-6428","1":"post","2":"type-post","3":"status-publish","4":"format-image","5":"has-post-thumbnail","7":"category-blogcafe-2","8":"post_format-post-format-image","9":"entry"},"jetpack_publicize_connections":[],"featured_image_src":"https:\/\/i0.wp.com\/lyonelkaufmann.ch\/Blog\/wp-content\/uploads\/2015\/03\/20120717-102602.jpg?resize=600%2C400&ssl=1","featured_image_src_square":"https:\/\/i0.wp.com\/lyonelkaufmann.ch\/Blog\/wp-content\/uploads\/2015\/03\/20120717-102602.jpg?resize=600%2C600&ssl=1","author_info":{"display_name":"Lyonel Kaufmann","author_link":"https:\/\/lyonelkaufmann.ch\/Blog\/author\/lyonelk\/"},"jetpack_featured_media_url":"https:\/\/i0.wp.com\/lyonelkaufmann.ch\/Blog\/wp-content\/uploads\/2015\/03\/20120717-102602.jpg?fit=922%2C611&ssl=1","jetpack_sharing_enabled":true,"jetpack_shortlink":"https:\/\/wp.me\/p1qtF4-1FG","jetpack-related-posts":[{"id":6475,"url":"https:\/\/lyonelkaufmann.ch\/Blog\/2012\/07\/29\/eurogym-a-gala\/","url_meta":{"origin":6428,"position":0},"title":"Eurogym @ Coimbra : les photos","author":"Lyonel Kaufmann","date":"29 juillet 2012","format":"image","excerpt":"Voici plus d'une semaine que l'Eurogym \u00e0 Coimbra a \u00e9teint ses feux. Je vous propose un petit retour en photos de la manifestation. \u00a0 Mercredi, \u00e0 \u00a0l'heure du gala lors de cet Eurogym 2012, 6000 personnes ont eu les yeux braqu\u00e9s sur les prestations gymniques. Pour la premi\u00e8re fois, le\u2026","rel":"","context":"Dans &quot;Blogcaf\u00e9&quot;","block_context":{"text":"Blogcaf\u00e9","link":"https:\/\/lyonelkaufmann.ch\/Blog\/category\/blogcafe-2\/"},"img":{"alt_text":"","src":"https:\/\/i0.wp.com\/lyonelkaufmann.ch\/Blog\/wp-content\/uploads\/2015\/03\/eurogym-2012-gala-20-L.jpg?fit=800%2C600&ssl=1&resize=350%2C200","width":350,"height":200,"srcset":"https:\/\/i0.wp.com\/lyonelkaufmann.ch\/Blog\/wp-content\/uploads\/2015\/03\/eurogym-2012-gala-20-L.jpg?fit=800%2C600&ssl=1&resize=350%2C200 1x, https:\/\/i0.wp.com\/lyonelkaufmann.ch\/Blog\/wp-content\/uploads\/2015\/03\/eurogym-2012-gala-20-L.jpg?fit=800%2C600&ssl=1&resize=525%2C300 1.5x, https:\/\/i0.wp.com\/lyonelkaufmann.ch\/Blog\/wp-content\/uploads\/2015\/03\/eurogym-2012-gala-20-L.jpg?fit=800%2C600&ssl=1&resize=700%2C400 2x"},"classes":[]},{"id":991,"url":"https:\/\/lyonelkaufmann.ch\/Blog\/2008\/06\/02\/felicitations-au-groupe-mixte-des-jeunes-patriotes-de-vevey\/","url_meta":{"origin":6428,"position":1},"title":"F\u00e9licitations au groupe mixte des Jeunes Patriotes de Vevey!","author":"Lyonel Kaufmann","date":"2 juin 2008","format":"aside","excerpt":"Ce premier dimanche de juin ne comportait pas que des r\u00e9sultats de votation, mais pour le p\u00e8re que je suis, les r\u00e9sultats les plus importants concernaient mon fils et\u00a0son groupe mixte (11-16 ans) des Jeunes Patriotes de Vevey qui participaient aux\u00a0Championnats vaudois de gymnastique. Ils y ont\u00a0obtenus d'excellent r\u00e9sultats, jugez-en:\u2026","rel":"","context":"Dans &quot;Blogcaf\u00e9&quot;","block_context":{"text":"Blogcaf\u00e9","link":"https:\/\/lyonelkaufmann.ch\/Blog\/category\/blogcafe-2\/"},"img":{"alt_text":"Groupe mixte (11-16 ans) Jeunes Patriotes Vevey","src":"https:\/\/i0.wp.com\/gallery.mac.com\/lyonel.kaufmann\/100178\/IMGP1394\/web.jpg?resize=350%2C200","width":350,"height":200},"classes":[]},{"id":11820,"url":"https:\/\/lyonelkaufmann.ch\/Blog\/2014\/07\/12\/royal-entree-copenhague\/","url_meta":{"origin":6428,"position":2},"title":"Royale entr\u00e9e | Copenhague","author":"Lyonel Kaufmann","date":"12 juillet 2014","format":false,"excerpt":"L'entr\u00e9e du Palais royal de Copenhague","rel":"","context":"Dans &quot;Roadbook&quot;","block_context":{"text":"Roadbook","link":"https:\/\/lyonelkaufmann.ch\/Blog\/category\/roadbook\/"},"img":{"alt_text":"","src":"https:\/\/i0.wp.com\/lyonelkaufmann.ch\/Blog\/wp-content\/uploads\/2015\/02\/20140712-084515-31515680.jpg?fit=319%2C480&ssl=1&resize=350%2C200","width":350,"height":200},"classes":[]},{"id":11816,"url":"https:\/\/lyonelkaufmann.ch\/Blog\/2014\/07\/12\/un-air-de-venise-copenhague\/","url_meta":{"origin":6428,"position":3},"title":"Un air de Venise | Copenhague","author":"Lyonel Kaufmann","date":"12 juillet 2014","format":false,"excerpt":"\u00c0 peine d\u00e9barqu\u00e9 de l'avion, les rues de Copenhague s'offrent \u00e0 nous ainsi que la chaleur estivale. Directement au centre de la cit\u00e9, il y r\u00e8gne un petit air de Venise ou de Bruges.","rel":"","context":"Dans &quot;Roadbook&quot;","block_context":{"text":"Roadbook","link":"https:\/\/lyonelkaufmann.ch\/Blog\/category\/roadbook\/"},"img":{"alt_text":"","src":"https:\/\/i0.wp.com\/lyonelkaufmann.ch\/Blog\/wp-content\/uploads\/2015\/02\/20140712-081308-29588346.jpg?fit=480%2C722&ssl=1&resize=350%2C200","width":350,"height":200},"classes":[]},{"id":11825,"url":"https:\/\/lyonelkaufmann.ch\/Blog\/2014\/07\/12\/a-bicyclette-copenhague\/","url_meta":{"origin":6428,"position":4},"title":"\u00c0 bicyclette | Copenhague","author":"Lyonel Kaufmann","date":"12 juillet 2014","format":false,"excerpt":"Pour visiter Copenhague, le v\u00e9lo sera un compagnon de route id\u00e9al. Si vous en doutiez, le marquage routier vous rassurera. Alors, lancez-vous !","rel":"","context":"Dans &quot;Roadbook&quot;","block_context":{"text":"Roadbook","link":"https:\/\/lyonelkaufmann.ch\/Blog\/category\/roadbook\/"},"img":{"alt_text":"","src":"https:\/\/i0.wp.com\/lyonelkaufmann.ch\/Blog\/wp-content\/uploads\/2015\/02\/20140712-084633-31593856.jpg?fit=319%2C480&ssl=1&resize=350%2C200","width":350,"height":200},"classes":[]},{"id":11813,"url":"https:\/\/lyonelkaufmann.ch\/Blog\/2014\/07\/12\/flying\/","url_meta":{"origin":6428,"position":5},"title":"Flying&#8230;","author":"Lyonel Kaufmann","date":"12 juillet 2014","format":false,"excerpt":"D\u00e9part ce vendredi pour Copenhague au petit marin, nous survolons terre et mer avant d'atterrir sur Copenhague. Parti par un temps presque automnal, c'est l'\u00e9t\u00e9 deux heures plus tard et plus au Nord. De quoi \u00e9branler quelques certitudes...","rel":"","context":"Dans &quot;Roadbook&quot;","block_context":{"text":"Roadbook","link":"https:\/\/lyonelkaufmann.ch\/Blog\/category\/roadbook\/"},"img":{"alt_text":"","src":"https:\/\/i0.wp.com\/lyonelkaufmann.ch\/Blog\/wp-content\/uploads\/2015\/02\/20140712-064927-24567884.jpg?fit=480%2C480&ssl=1&resize=350%2C200","width":350,"height":200},"classes":[]}],"jetpack_likes_enabled":true,"_links":{"self":[{"href":"https:\/\/lyonelkaufmann.ch\/Blog\/wp-json\/wp\/v2\/posts\/6428","targetHints":{"allow":["GET"]}}],"collection":[{"href":"https:\/\/lyonelkaufmann.ch\/Blog\/wp-json\/wp\/v2\/posts"}],"about":[{"href":"https:\/\/lyonelkaufmann.ch\/Blog\/wp-json\/wp\/v2\/types\/post"}],"author":[{"embeddable":true,"href":"https:\/\/lyonelkaufmann.ch\/Blog\/wp-json\/wp\/v2\/users\/1"}],"replies":[{"embeddable":true,"href":"https:\/\/lyonelkaufmann.ch\/Blog\/wp-json\/wp\/v2\/comments?post=6428"}],"version-history":[{"count":1,"href":"https:\/\/lyonelkaufmann.ch\/Blog\/wp-json\/wp\/v2\/posts\/6428\/revisions"}],"predecessor-version":[{"id":24659,"href":"https:\/\/lyonelkaufmann.ch\/Blog\/wp-json\/wp\/v2\/posts\/6428\/revisions\/24659"}],"wp:featuredmedia":[{"embeddable":true,"href":"https:\/\/lyonelkaufmann.ch\/Blog\/wp-json\/wp\/v2\/media\/13948"}],"wp:attachment":[{"href":"https:\/\/lyonelkaufmann.ch\/Blog\/wp-json\/wp\/v2\/media?parent=6428"}],"wp:term":[{"taxonomy":"category","embeddable":true,"href":"https:\/\/lyonelkaufmann.ch\/Blog\/wp-json\/wp\/v2\/categories?post=6428"},{"taxonomy":"post_tag","embeddable":true,"href":"https:\/\/lyonelkaufmann.ch\/Blog\/wp-json\/wp\/v2\/tags?post=6428"}],"curies":[{"name":"wp","href":"https:\/\/api.w.org\/{rel}","templated":true}]}}