{"id":6451,"date":"2012-07-27T18:57:28","date_gmt":"2012-07-27T17:57:28","guid":{"rendered":"https:\/\/lyonelkaufmann.ch\/Blog\/?p=6451"},"modified":"2012-07-27T18:57:28","modified_gmt":"2012-07-27T17:57:28","slug":"petit-message-a-robert-plant-le-droit-dauteur-aurait-empeche-led-zeppelin-dexister-aujourdhui-pointes-de-s-i-lex-s-i-lex","status":"publish","type":"post","link":"https:\/\/lyonelkaufmann.ch\/Blog\/2012\/07\/27\/petit-message-a-robert-plant-le-droit-dauteur-aurait-empeche-led-zeppelin-dexister-aujourdhui-pointes-de-s-i-lex-s-i-lex\/","title":{"rendered":"Petit message \u00e0 Robert Plant : le droit d\u2019auteur aurait emp\u00each\u00e9 Led Zeppelin d\u2019exister aujourd\u2019hui ! [Pointes de S.I.Lex] | :: S.I.Lex ::"},"content":{"rendered":"<p>Dans un article paru hier dans PCInpact, on apprend qu\u2019un ensemble de\u00a0veilles gloires de la pop et du rock anglais\u00a0&#8211; Robert Plant donc, mais aussi Elton John, Roger Daltrey et Pete Townshend des Who, Roger Taylor et Brian May de Queen \u2013 se sont fendus d\u2019une lettre ouverte sur le site du journal <em>The Telegrah<\/em>\u00a0pour r\u00e9clamer <em>\u201cune l\u00e9gislation solide en mati\u00e8re de copyright afin d\u2019exceller au niveau mondial\u201d.<\/em><\/p>\n<p>L&rsquo;attitude de Robert Plant a le don de faire r\u00e9agir Lionel Maurel, Conservateur des biblioth\u00e8ques en poste \u00e0 la Biblioth\u00e8que nationale de France, en raison du processus de cr\u00e9ation de Led Zepplin \u00e0 son \u00e9poque.<!--more--><\/p>\n<p>Celui-ci note tout d&rsquo;abord qu&rsquo;<\/p>\n<blockquote><p>\u00abIl faut en effet savoir qu\u2019un nombre important de morceaux du groupe \u2013 et non des moindres \u2013 comportaient des emprunts \u00e0 des\u00a0musiques pr\u00e9existantes, que ce soit au niveau de la m\u00e9lodie, des parties de guitare ou des paroles, \u00e0 tel point que Led Zeppelin figure en bonne place\u00a0<a href=\"http:\/\/en.wikipedia.org\/wiki\/Musical_plagiarism#Successful_suits_and_settlements\">dans l\u2019article de Wikip\u00e9dia consacr\u00e9 au\u00a0<em>Musical plagiarism<\/em><\/a>\u00a0!\u00bb<\/p><\/blockquote>\n<p>D\u00e8s lors,<span style=\"color:#333333;font-style:normal;line-height:24px;\">\u00a0pour Lionel Maurel,<\/span><span style=\"color:#333333;font-style:normal;line-height:24px;\">\u00a0<\/span>voir Robert Plant signer une lettre comme celle qui vient d\u2019\u00eatre publi\u00e9e dans\u00a0<em>The Telegraph<\/em>\u00a0est choquant alors que<\/p>\n<blockquote><p>\u00abNous vivons une \u00e9poque o\u00f9 les abus des droits de propri\u00e9t\u00e9 intellectuelle\u00a0<a style=\"background-color:transparent;border:0;margin:0;padding:0;vertical-align:baseline;color:#743399;background-position:initial initial;background-repeat:initial initial;\" href=\"http:\/\/storify.com\/calimaq\">sont l\u00e9gions<\/a>\u00a0et o\u00f9 la libert\u00e9 d\u2019expression et de cr\u00e9ation est trop souvent \u00e9touff\u00e9e par une conception incroyablement rigide du droit d\u2019auteur.\u00bb<\/p><\/blockquote>\n<p>Au final,<\/p>\n<blockquote><p>\u00abSi Led Zeppelin avait \u00e9t\u00e9 cr\u00e9\u00e9 aujourd\u2019hui, il n\u2019aurait tout simplement pas pu exister.\u00a0[\u2026] Combien de Led Zeppelin en puissance ne verront pas le jour parce qu\u2019ils n\u2019auront pu passer \u00e0 travers les mailles d\u2019un filet juridique de plus en plus \u00e9touffant ?\u00bb<\/p><\/blockquote>\n<p>A lire en entier:\u00a0<a href=\"http:\/\/scinfolex.wordpress.com\/2012\/07\/26\/petit-message-a-robert-plant-le-droit-dauteur-aurait-empeche-led-zeppelin-dexister-aujourdhui-pointes-de-s-i-lex\/\">Petit message \u00e0 Robert Plant : le droit d\u2019auteur aurait emp\u00each\u00e9 Led Zeppelin d\u2019exister aujourd\u2019hui ! [Pointes de S.I.Lex] | :: S.I.Lex ::<\/a>.<\/p>\n","protected":false},"excerpt":{"rendered":"<p>Dans un article paru hier dans PCInpact, on apprend qu\u2019un ensemble de\u00a0veilles gloires de la pop et du rock anglais\u00a0&#8211; Robert Plant donc, mais aussi Elton John, Roger Daltrey et Pete Townshend des Who, Roger Taylor et Brian May de Queen \u2013 se sont fendus d\u2019une lettre ouverte sur le site du journal The Telegrah\u00a0pour [&hellip;]<\/p>\n","protected":false},"author":1,"featured_media":14680,"comment_status":"open","ping_status":"open","sticky":false,"template":"","format":"standard","meta":{"_import_markdown_pro_load_document_selector":0,"_import_markdown_pro_submit_text_textarea":"","_genesis_hide_title":false,"_genesis_hide_breadcrumbs":false,"_genesis_hide_singular_image":false,"_genesis_hide_footer_widgets":false,"_genesis_custom_body_class":"","_genesis_custom_post_class":"","_genesis_layout":"","jetpack_post_was_ever_published":false,"_jetpack_newsletter_access":"","_jetpack_dont_email_post_to_subs":false,"_jetpack_newsletter_tier_id":0,"_jetpack_memberships_contains_paywalled_content":false,"_jetpack_memberships_contains_paid_content":false,"activitypub_content_warning":"","activitypub_content_visibility":"","activitypub_max_image_attachments":3,"activitypub_interaction_policy_quote":"anyone","activitypub_status":"","footnotes":"","jetpack_publicize_message":"","jetpack_publicize_feature_enabled":true,"jetpack_social_post_already_shared":true,"jetpack_social_options":{"image_generator_settings":{"template":"fullscreen","default_image_id":0,"font":"","enabled":false},"version":2}},"categories":[3],"tags":[],"class_list":{"0":"post-6451","1":"post","2":"type-post","3":"status-publish","4":"format-standard","5":"has-post-thumbnail","7":"category-blogcafe-2","8":"entry"},"jetpack_publicize_connections":[],"featured_image_src":"https:\/\/i0.wp.com\/lyonelkaufmann.ch\/Blog\/wp-content\/uploads\/2015\/03\/blogcafe1.jpg?resize=600%2C400&ssl=1","featured_image_src_square":"https:\/\/i0.wp.com\/lyonelkaufmann.ch\/Blog\/wp-content\/uploads\/2015\/03\/blogcafe1.jpg?resize=600%2C600&ssl=1","author_info":{"display_name":"Lyonel Kaufmann","author_link":"https:\/\/lyonelkaufmann.ch\/Blog\/author\/lyonelk\/"},"jetpack_featured_media_url":"https:\/\/i0.wp.com\/lyonelkaufmann.ch\/Blog\/wp-content\/uploads\/2015\/03\/blogcafe1.jpg?fit=1024%2C683&ssl=1","jetpack_sharing_enabled":true,"jetpack_shortlink":"https:\/\/wp.me\/p1qtF4-1G3","jetpack-related-posts":[{"id":5491,"url":"https:\/\/lyonelkaufmann.ch\/Blog\/2012\/05\/31\/avec-robert-fossier-meurt-un-pan-de-lhistoire-economique-et-sociale-nonfiction\/","url_meta":{"origin":6451,"position":0},"title":"Avec Robert Fossier meurt un pan de \u00ab\u00a0l\u2019histoire \u00e9conomique et sociale\u00a0\u00bb | Nonfiction","author":"Lyonel Kaufmann","date":"31 mai 2012","format":false,"excerpt":"Robert Fossier, historien du Moyen-\u00c2ge, est mort le 25 mai 2012, dans un silence m\u00e9diatique peut-\u00eatre d\u00fb au week-end de la Pentec\u00f4te. La nouvelle m\u00e9rite pourtant r\u00e9action : au-del\u00e0 de l\u2019\u00e9motion du petit milieu des m\u00e9di\u00e9vistes, c\u2019est une g\u00e9n\u00e9ration d\u2019historiens qui dispara\u00eet progressivement, une mani\u00e8re de faire de l\u2019histoire et\u2026","rel":"","context":"Dans &quot;histoire&quot;","block_context":{"text":"histoire","link":"https:\/\/lyonelkaufmann.ch\/Blog\/category\/histoire-2\/"},"img":{"alt_text":"","src":"https:\/\/i0.wp.com\/lyonelkaufmann.ch\/histoire\/wp-content\/uploads\/2012\/05\/a1432efc07e48415d083e4b688f46276-0.jpg?resize=350%2C200","width":350,"height":200},"classes":[]},{"id":15745,"url":"https:\/\/lyonelkaufmann.ch\/Blog\/2015\/12\/20\/cactus-bringing-me-down\/","url_meta":{"origin":6451,"position":1},"title":"Cactus | Bringing me down (1972)","author":"Lyonel Kaufmann","date":"20 d\u00e9cembre 2015","format":"video","excerpt":"https:\/\/youtu.be\/ihvTaPCPXjA Exhum\u00e9 de ma biblioth\u00e8que de vinyle, j'\u00e9coute Cactus\u00a0et son album\u00a0'Ot 'n' Sweaty\u00a0(1972) sur ma platine.\u00a0Bringing me down, c'est le morceau calme\u00a0de tout bon groupe de Hard Rock. Cactus est un groupe mythique de la fin des ann\u00e9es soixante et du d\u00e9but des ann\u00e9es soixante-dix. En quatre albums - en\u2026","rel":"","context":"Dans &quot;TubesCaf\u00e9&quot;","block_context":{"text":"TubesCaf\u00e9","link":"https:\/\/lyonelkaufmann.ch\/Blog\/category\/tubescafe\/"},"img":{"alt_text":"","src":"https:\/\/i0.wp.com\/lyonelkaufmann.ch\/Blog\/wp-content\/uploads\/2016\/06\/0-1.jpg?fit=480%2C360&ssl=1&resize=350%2C200","width":350,"height":200},"classes":[]},{"id":23309,"url":"https:\/\/lyonelkaufmann.ch\/Blog\/2022\/05\/27\/amy-plant-la-youtubeuse-qui-se-debat-avec-lalgo\/","url_meta":{"origin":6451,"position":2},"title":"Amy Plant, la Youtubeuse qui se d\u00e9bat avec l&rsquo;algorithme de YouTube","author":"Lyonel Kaufmann","date":"27 mai 2022","format":false,"excerpt":"Xavier a d\u00e9couvert Amy Plant par une vid\u00e9o publi\u00e9e sur sa cha\u00eene YouTube. C\u2019est le titre qui l\u2019a attir\u00e9 : \u201cJe crack l\u2019algorithme YouTube\u201d. Il y avait aussi la vignette, en 2 parties : sur la gauche une jeune femme qui se tient la t\u00eate avec sa main. Sur la\u2026","rel":"","context":"Dans &quot;Blogcaf\u00e9&quot;","block_context":{"text":"Blogcaf\u00e9","link":"https:\/\/lyonelkaufmann.ch\/Blog\/category\/blogcafe-2\/"},"img":{"alt_text":"","src":"https:\/\/i0.wp.com\/lyonelkaufmann.ch\/Blog\/wp-content\/uploads\/2022\/05\/Capture-decran-2022-05-28-a-10.26.55.png?fit=872%2C748&ssl=1&resize=350%2C200","width":350,"height":200,"srcset":"https:\/\/i0.wp.com\/lyonelkaufmann.ch\/Blog\/wp-content\/uploads\/2022\/05\/Capture-decran-2022-05-28-a-10.26.55.png?fit=872%2C748&ssl=1&resize=350%2C200 1x, https:\/\/i0.wp.com\/lyonelkaufmann.ch\/Blog\/wp-content\/uploads\/2022\/05\/Capture-decran-2022-05-28-a-10.26.55.png?fit=872%2C748&ssl=1&resize=525%2C300 1.5x, https:\/\/i0.wp.com\/lyonelkaufmann.ch\/Blog\/wp-content\/uploads\/2022\/05\/Capture-decran-2022-05-28-a-10.26.55.png?fit=872%2C748&ssl=1&resize=700%2C400 2x"},"classes":[]},{"id":3728,"url":"https:\/\/lyonelkaufmann.ch\/Blog\/2010\/10\/04\/robert-paxton-une-decouverte-majeure-sur-petain-et-vichy\/","url_meta":{"origin":6451,"position":3},"title":"Robert Paxton : \u00ab\u00a0Une d\u00e9couverte majeure\u00a0\u00bb sur P\u00e9tain et Vichy","author":"Lyonel Kaufmann","date":"4 octobre 2010","format":"aside","excerpt":"via A la Une de Rue89 Dans une interview \u00e0 Rue89, l'historien am\u00e9ricain Robert Paxton, auteur de \u00ab\u00a0La France de ... Read More >>","rel":"","context":"Dans &quot;L'Expresso&quot;","block_context":{"text":"L'Expresso","link":"https:\/\/lyonelkaufmann.ch\/Blog\/category\/breves\/"},"img":{"alt_text":"","src":"","width":0,"height":0},"classes":[]},{"id":20305,"url":"https:\/\/lyonelkaufmann.ch\/Blog\/2019\/09\/12\/robert-frank-lamerique-en-negatif-culture-next\/","url_meta":{"origin":6451,"position":4},"title":"Robert Frank, l\u2019Am\u00e9rique en\u00a0n\u00e9gatif &#8211; Lib\u00e9ration","author":"Lyonel Kaufmann","date":"12 septembre 2019","format":false,"excerpt":"Le photographe et cin\u00e9aste am\u00e9ricain d\u2019origine suisse s\u2019est\u00a0\u00e9teint lundi \u00e0 l\u2019\u00e2ge de 94\u00a0ans. Dernier monument de la\u00a0g\u00e9n\u00e9ration Beat, il aura transfigur\u00e9 la\u00a0mani\u00e8re de regarder les Etats-Unis avec son chef-d\u2019\u0153uvre \u00ables Am\u00e9ricains\u00bb. \u00abVous regardez ces images, et \u00e0 la fin, vous ne savez plus du tout quel est le plus triste\u2026","rel":"","context":"Dans &quot;Blogcaf\u00e9&quot;","block_context":{"text":"Blogcaf\u00e9","link":"https:\/\/lyonelkaufmann.ch\/Blog\/category\/blogcafe-2\/"},"img":{"alt_text":"","src":"https:\/\/i0.wp.com\/lyonelkaufmann.ch\/Blog\/wp-content\/uploads\/2019\/09\/img_2500.jpg?fit=975%2C991&ssl=1&resize=350%2C200","width":350,"height":200,"srcset":"https:\/\/i0.wp.com\/lyonelkaufmann.ch\/Blog\/wp-content\/uploads\/2019\/09\/img_2500.jpg?fit=975%2C991&ssl=1&resize=350%2C200 1x, https:\/\/i0.wp.com\/lyonelkaufmann.ch\/Blog\/wp-content\/uploads\/2019\/09\/img_2500.jpg?fit=975%2C991&ssl=1&resize=525%2C300 1.5x, https:\/\/i0.wp.com\/lyonelkaufmann.ch\/Blog\/wp-content\/uploads\/2019\/09\/img_2500.jpg?fit=975%2C991&ssl=1&resize=700%2C400 2x"},"classes":[]},{"id":1418,"url":"https:\/\/lyonelkaufmann.ch\/Blog\/2009\/07\/06\/guerre-du-vietnam-deces-de-robert-mcnamara-le-temps\/","url_meta":{"origin":6451,"position":5},"title":"Guerre du Vietnam : D\u00e9c\u00e8s de Robert McNamara |\u00a0Le Temps","author":"Lyonel Kaufmann","date":"6 juillet 2009","format":false,"excerpt":"Le nom de l\u2019ancien secr\u00e9taire \u00e0 la D\u00e9fense reste associ\u00e9 \u00e0 la guerre \u00e0 outrance au Vietnam, m\u00eame s\u2019il a ensuite pris ses distances avec le gouvernement am\u00e9ricain. Ainsi le temps des t\u00e9moins fait progressivement place au temps de l'histoire relativement \u00e0 la Guerre du Vietnam. LeTemps.ch | D\u00e9c\u00e8s de\u2026","rel":"","context":"Dans &quot;histoire&quot;","block_context":{"text":"histoire","link":"https:\/\/lyonelkaufmann.ch\/Blog\/category\/histoire-2\/"},"img":{"alt_text":"","src":"https:\/\/i0.wp.com\/www.letemps.ch\/rf\/Image-lowres\/Le_Temps\/Quotidien\/2009\/07\/06\/International\/ImagesWeb\/71779010--469x239.JPG?resize=350%2C200","width":350,"height":200},"classes":[]}],"jetpack_likes_enabled":true,"_links":{"self":[{"href":"https:\/\/lyonelkaufmann.ch\/Blog\/wp-json\/wp\/v2\/posts\/6451","targetHints":{"allow":["GET"]}}],"collection":[{"href":"https:\/\/lyonelkaufmann.ch\/Blog\/wp-json\/wp\/v2\/posts"}],"about":[{"href":"https:\/\/lyonelkaufmann.ch\/Blog\/wp-json\/wp\/v2\/types\/post"}],"author":[{"embeddable":true,"href":"https:\/\/lyonelkaufmann.ch\/Blog\/wp-json\/wp\/v2\/users\/1"}],"replies":[{"embeddable":true,"href":"https:\/\/lyonelkaufmann.ch\/Blog\/wp-json\/wp\/v2\/comments?post=6451"}],"version-history":[{"count":0,"href":"https:\/\/lyonelkaufmann.ch\/Blog\/wp-json\/wp\/v2\/posts\/6451\/revisions"}],"wp:featuredmedia":[{"embeddable":true,"href":"https:\/\/lyonelkaufmann.ch\/Blog\/wp-json\/wp\/v2\/media\/14680"}],"wp:attachment":[{"href":"https:\/\/lyonelkaufmann.ch\/Blog\/wp-json\/wp\/v2\/media?parent=6451"}],"wp:term":[{"taxonomy":"category","embeddable":true,"href":"https:\/\/lyonelkaufmann.ch\/Blog\/wp-json\/wp\/v2\/categories?post=6451"},{"taxonomy":"post_tag","embeddable":true,"href":"https:\/\/lyonelkaufmann.ch\/Blog\/wp-json\/wp\/v2\/tags?post=6451"}],"curies":[{"name":"wp","href":"https:\/\/api.w.org\/{rel}","templated":true}]}}