{"id":6460,"date":"2012-11-27T20:36:05","date_gmt":"2012-11-27T20:36:05","guid":{"rendered":"http:\/\/lyonelkaufmann.ch\/histoire\/?p=6460"},"modified":"2012-11-27T20:36:05","modified_gmt":"2012-11-27T20:36:05","slug":"toute-commemoration-est-elle-une-question-sociale-vive-chronique-no-137","status":"publish","type":"post","link":"https:\/\/lyonelkaufmann.ch\/Blog\/2012\/11\/27\/toute-commemoration-est-elle-une-question-sociale-vive-chronique-no-137\/","title":{"rendered":"Toute comm\u00e9moration est-elle une question sociale vive? | Chronique no 137"},"content":{"rendered":"<p><strong>Que ce soit en France ou au Qu\u00e9bec les derni\u00e8res ou prochaines comm\u00e9morations sont l&rsquo;objet de controverses.\u00a0<\/strong><strong>\u00a0Un peu partout nous sommes en pr\u00e9sence de la concurrence des m\u00e9moires.\u00a0Avec en filigrane deux questions : toute comm\u00e9moration est-elle une question sociale vive? Comment les aborder d\u00e8s lors en classe?\u00a0<\/strong><\/p>\n<p><strong><\/strong><br \/>\nAu mois d&rsquo;octobre, je me trouvais au Qu\u00e9bec. Mon attention a \u00e9t\u00e9 attir\u00e9e par les controverses portant sur les comm\u00e9morations de la guerre anglo-am\u00e9ricaine de 1812. \u00a0De retour ici, la controverse porte sur une autre guerre : 14-18 en relation avec le prochain centenaire du d\u00e9but du Premier conflit mondial.<\/p>\n<div><strong>a) Les comm\u00e9morations de la guerre anglo-am\u00e9ricaine de 1812<\/strong><\/div>\n<div>\n<p>En 1812, ann\u00e9e de la campagne de Russie de Napol\u00e9on, la guerre \u00e9clate sur le continent nord-am\u00e9ricain et oppose les\u00a0\u00c9tats-Unis \u00e0 l\u2019Empire britannique entre juin 1812 et f\u00e9vrier 1815.\u00a0Cette guerre est connue sous plusieurs noms : la guerre anglo-am\u00e9ricaine de 1812, celle de seconde guerre d\u2019ind\u00e9pendance, voire plus rarement de guerre am\u00e9ricano-britannique.\u00a0Alors que le Royaume-Uni devait fournir un important effort de guerre du fait de son conflit avec la France napol\u00e9onienne, les \u00c9tats-Unis lui d\u00e9clar\u00e8rent la guerre le 18 juin 18128 pour envahir les territoires canadiens qui relevaient de l\u2019Empire britannique, qui s\u2019\u00e9taient peupl\u00e9s d\u2019anglophones depuis une quarantaine d\u2019ann\u00e9es, et entretenaient de nombreuses relations culturelles et commerciales avec les \u00c9tats-Unis. Cette guerre prend fin apr\u00e8s\u00a0la signature du trait\u00e9 de Gand le 24 d\u00e9cembre 1814. Le trait\u00e9 restaure alors les conditions d\u2019avant-guerre par un <em>status quo ante bellum<\/em>. ((<a href=\"http:\/\/fr.wikipedia.org\/wiki\/Guerre_anglo-am\u00e9ricaine_de_1812\" target=\"_blank\">http:\/\/fr.wikipedia.org\/wiki\/Guerre_anglo-am\u00e9ricaine_de_1812<\/a>))<\/p>\n<p>En juin 2012, les comm\u00e9morations du bicentenaire de cette guerre de 1812 sont officiellement lanc\u00e9es par le gouvernement canadien. Des moyens importants sont mis \u00e0 la disposition de ces comm\u00e9morations comme l&rsquo;illustre cette vid\u00e9o publicitaire :<\/p>\n<span class=\"embed-youtube\" style=\"text-align:center; display: block;\"><iframe loading=\"lazy\" class=\"youtube-player\" width=\"640\" height=\"360\" src=\"https:\/\/www.youtube.com\/embed\/kmJEzqxkI_s?version=3&#038;rel=1&#038;showsearch=0&#038;showinfo=1&#038;iv_load_policy=1&#038;fs=1&#038;hl=fr-FR&#038;autohide=2&#038;wmode=transparent\" allowfullscreen=\"true\" style=\"border:0;\" sandbox=\"allow-scripts allow-same-origin allow-popups allow-presentation allow-popups-to-escape-sandbox\"><\/iframe><\/span>\n<p>Cette publicit\u00e9 produite par le gouvernement du Canada a \u00e9t\u00e9 diffus\u00e9e tout au long de l&rsquo;\u00e9t\u00e9 2012 sur les \u00e9crans de cin\u00e9mas, \u00e0 la t\u00e9l\u00e9vision et sur le web. Un site web en anglais et en fran\u00e7ais accompagne les comm\u00e9morations est fourni un abondant mat\u00e9riel p\u00e9dagogique pour les enseignants. ((<a href=\"http:\/\/1812.gc.ca\/fra\/1305654894724\/1305655293741\" target=\"_blank\">http:\/\/1812.gc.ca\/fra\/1305654894724\/1305655293741<\/a>)) Un mat\u00e9riel d&rsquo;autant plus n\u00e9cessaire pour le gouvernement conservateur que la guerre de 1812 occupe fort peu de place dans les manuels canadiens et plus particuli\u00e8rement qu\u00e9b\u00e9cois.<\/p>\n<p>Concr\u00e8tement, le storytelling de ces comm\u00e9morations s&rsquo;appuie sur quatre personnages embl\u00e9matiques, pos\u00e9s en h\u00e9ros de cette guerre,\u00a0soit le Major g\u00e9n\u00e9ral Sir Isaac Brock, le Lieutenant colonel Charles-Michel d&rsquo;Irumberry de Salaberry, Laura Secord et Tecumseh, chef de guerre shawnee. Ce storytelling d\u00e9veloppe une argumentation diffus\u00e9e d\u00e8s 2010 par Stephen Harper, le premier ministre conservateur canadien. Pour ce dernier, la guerre am\u00e9ricano-britannique de 1812 a <em>\u00abcontribu\u00e9 \u00e0 fa\u00e7onner l\u2019identit\u00e9 canadienne\u00bb<\/em>. A l&rsquo;\u00e9t\u00e9 2012, ces propos sont r\u00e9p\u00e9t\u00e9s en boucle. Pour Jos\u00e9e Boileau, r\u00e9dactrice en chef du journal Le Devoir,<\/p>\n<blockquote><p><em>L\u2019id\u00e9e, c\u2019\u00e9tait de faire comprendre qu\u2019en 1812, les Canadiens, sous la f\u00e9rule des valeurs britanniques, se sont battus ensemble pour r\u00e9sister \u00e0 l\u2019envahisseur am\u00e9ricain, posant des premiers jalons d\u2019unit\u00e9 nationale.<\/em><\/p><\/blockquote>\n<p>soit <em>\u00abune relecture historique qui n\u2019allait pas tarder \u00e0 \u00eatre d\u00e9nonc\u00e9e par des historiens de toutes tendances, qui trouvaient que le gouvernement conservateur exag\u00e9rait l\u2019impact de cette guerre obscure.\u00bb<\/em> ((Guerre de 1812 &#8211; Refaire l&rsquo;histoire :\u00a0<a href=\"http:\/\/www.ledevoir.com\/politique\/canada\/352786\/guerre-de-1812-refaire-l-histoire\" target=\"_blank\">http:\/\/www.ledevoir.com\/politique\/canada\/352786\/guerre-de-1812-refaire-l-histoire<\/a>))<\/p>\n<p>Le tout dans un contexte d&rsquo;\u00e9lections r\u00e9gionales toutes proches o\u00f9 le gouvernement lib\u00e9ral du Qu\u00e9bec \u00e9tait en difficult\u00e9 et o\u00f9 la possibilit\u00e9 d&rsquo;un retour au pouvoir du Parti Qu\u00e9b\u00e9cois se profilait. Depuis lors, Pauline Marois du Parti Qu\u00e9b\u00e9cois est devenue premi\u00e8re ministre du Qu\u00e9bec et a rendu hommage d\u00e9but novembre \u00e0 Ren\u00e9 L\u00e9vesque, chantre du <em>Qu\u00e9bec libre<\/em>,\u00a0\u00e0 l&rsquo;occasion des comm\u00e9morations du 25e anniversaire de sa mort. ((<a href=\"http:\/\/www.radio-canada.ca\/nouvelles\/societe\/2012\/11\/01\/002-rene-levesque-anniversaire.shtml\" target=\"_blank\">http:\/\/www.radio-canada.ca\/nouvelles\/societe\/2012\/11\/01\/002-rene-levesque-anniversaire.shtml<\/a>))<\/p>\n<figure id=\"attachment_6464\" aria-describedby=\"caption-attachment-6464\" style=\"width: 222px\" class=\"wp-caption aligncenter\"><a href=\"https:\/\/i0.wp.com\/lyonelkaufmann.ch\/histoire\/wp-content\/uploads\/2012\/11\/image3.jpg\"><img data-recalc-dims=\"1\" loading=\"lazy\" decoding=\"async\" class=\"size-full wp-image-6464\" title=\"image\" src=\"https:\/\/i0.wp.com\/lyonelkaufmann.ch\/histoire\/wp-content\/uploads\/2012\/11\/image3.jpg?resize=222%2C296\" alt=\"\" width=\"222\" height=\"296\" \/><\/a><figcaption id=\"caption-attachment-6464\" class=\"wp-caption-text\">Sign\u00e9 Alan Grant pour le sc\u00e9nario et Claude St-Aubin pour le dessin, Les Loxley et la guerre de 1812 est produit par l\u2019ONF, avec la collaboration du minist\u00e8re du Patrimoine canadien. Photo : Onf-Interactif<\/figcaption><\/figure>\n<p>Quasi simultan\u00e9ment, apr\u00e8s les reconstitutions, les livres, les monuments et les gravures, la guerre de 1812 trouvait une \u00e9ni\u00e8me incarnation dans une bande dessin\u00e9e interactive sp\u00e9cialement con\u00e7ue pour l&rsquo;iPad par l\u2019<em>Office national du film<\/em>\u00a0canadien (ONF), en partenariat avec <em>Patrimoine Canada<\/em>. Un quart de millions de dollars a \u00e9t\u00e9 inject\u00e9 dans ce projet imagin\u00e9 par la division num\u00e9rique anglophone de l\u2019Office et d\u00e9sormais livr\u00e9 dans les deux langues officielles. ((<a href=\"http:\/\/www.ledevoir.com\/politique\/canada\/363560\/la-guerre-de-1812-maintenant-disponible-en-bande-dessinee\" target=\"_blank\">(http:\/\/www.ledevoir.com\/politique\/canada\/363560\/la-guerre-de-1812-maintenant-disponible-en-bande-dessinee<\/a>))<\/p>\n<p>Mais l&rsquo;arriv\u00e9e au pouvoir du Parti qu\u00e9b\u00e9cois marque, au mois d&rsquo;octobre 2012, l&rsquo;ouverture d&rsquo;un nouveau front et d\u00e9bat. En effet,\u00a0la\u00a0nouvelle ministre de l&rsquo;\u00c9ducation, Marie Malavoy\u00a0affirme lors d&rsquo;une entrevue que les cours d&rsquo;histoire au secondaire redeviendront comme ils l&rsquo;\u00e9taient avant l&rsquo;\u00e8re du premier ministre lib\u00e9ral Charest et redonneront une place \u00e0 la nation qu\u00e9b\u00e9coise. ((Pour une revue de presse d\u00e9taill\u00e9e concernant cette question de l&rsquo;enseignement de l&rsquo;histoire nationale qu\u00e9b\u00e9coise et \u00e0 la suite des propos de Mme Malavoy :\u00a0<a href=\"http:\/\/www.histoirequebec.chaire.ulaval.ca\/2012\/11\/04\/courte-bibliographie-au-sujet-de-lenseignement-de-lhistoire-au-quebec\/\" target=\"_blank\">http:\/\/www.histoirequebec.chaire.ulaval.ca\/2012\/11\/04\/courte-bibliographie-au-sujet-de-lenseignement-de-lhistoire-au-quebec\/<\/a>))<\/p>\n<p>Toujours est-il que, dans les deux controverses qu\u00e9b\u00e9co-canadiennes, l&rsquo;histoire et son enseignement sont instrumentalis\u00e9s \u00e0 des fins essentiellement politiques et tant les enseignants que les \u00e9l\u00e8ves sont pris en otage.<\/p>\n<p><strong>b) Les comm\u00e9morations du 11-novembre 1918\u00a0<\/strong><\/p>\n<\/div>\n<div>Dans la foul\u00e9e de la premi\u00e8re comm\u00e9moration par Fran\u00e7ois Hollande de l&rsquo;armistice du 11 novembre 1918, la presse se fait l&rsquo;\u00e9cho de la pol\u00e9mique d\u00e9clench\u00e9e par la d\u00e9cision du gouvernement fran\u00e7ais du 3 octobre 2012 d\u2019associer le centenaire de la Grande Guerre \u00e0 la comm\u00e9moration de la Lib\u00e9ration de 1944. Pour le journal <em>L&rsquo;Humanit\u00e9<\/em>, on assiste \u00e0 une r\u00e9gression m\u00e9morielle ((<a href=\"http:\/\/www.humanite.fr\/politique\/1914-2014-regression-memorielle-508269\" target=\"_blank\">http:\/\/www.humanite.fr\/politique\/1914-2014-regression-memorielle-508269<\/a>))\u00a0et \u00e0<\/div>\n<blockquote>\n<div><em>\u00abUn m\u00e9lange des genres qui rappelle les grandes heures du roman national sarkozyste.\u00bb<\/em><\/div>\n<\/blockquote>\n<div>De son c\u00f4t\u00e9, le <em>Journal du Dimanche<\/em> ((<a href=\"http:\/\/www.lejdd.fr\/Societe\/Actualite\/11-Novembre-la-bataille-de-tranchees-pour-le-centenaire-574776\" target=\"_blank\">http:\/\/www.lejdd.fr\/Societe\/Actualite\/11-Novembre-la-bataille-de-tranchees-pour-le-centenaire-574776<\/a>)) rappelle ou nous apprend que, concernant les comm\u00e9morations de 2014, <em>\u00ables Britanniques ont d\u00e9j\u00e0\u00a0d\u00e9bloqu\u00e9 50 millions d\u2019euros pour les comm\u00e9morations\u00bb<\/em> et que <em>\u00ables N\u00e9o-Z\u00e9landais ont d\u00e9j\u00e0 un long programme de c\u00e9r\u00e9monies et de sites Internet.\u00bb<\/em>\u00a0<\/div>\n<div><\/div>\n<div>Cependant, derri\u00e8re cette pol\u00e9mique, comme au Canada et au Qu\u00e9bec, pointe l&rsquo;enjeu politique favoris\u00e9 par un changement de gouvernement\/majorit\u00e9<\/div>\n<blockquote>\n<div><em>\u00abAttendue au tournant sur une n\u00e9cessaire rupture id\u00e9ologique avec le pr\u00e9c\u00e9dent quinquennat, la nouvelle majorit\u00e9 ne semble pas press\u00e9e de r\u00e9sorber les plaies des multiples instrumentalisations de l\u2019histoire par le pouvoir sarkozyste pour remodeler la soci\u00e9t\u00e9 fran\u00e7aise.\u00bb\u00a0<\/em> ((<a href=\"http:\/\/www.humanite.fr\/politique\/1914-2014-regression-memorielle-508269\" target=\"_blank\">http:\/\/www.humanite.fr\/politique\/1914-2014-regression-memorielle-508269<\/a>))<\/div>\n<\/blockquote>\n<div>Or, le pr\u00e9c\u00e9dent gouvernement avait comme\u00a0id\u00e9e g\u00e9n\u00e9rale de f\u00eater tout 14-18 en 2014, exactement comme le bicentenaire de la R\u00e9volution avait \u00e9t\u00e9 concentr\u00e9 en 1989. Le point d\u2019orgue du projet r\u00e9sidait dans un grand d\u00e9fil\u00e9 militaire, avec toutes les nations bellig\u00e9rantes, le 14 juillet 2014. ((<a href=\"http:\/\/www.lejdd.fr\/Societe\/Actualite\/11-Novembre-la-bataille-de-tranchees-pour-le-centenaire-574776\" target=\"_blank\">http:\/\/www.lejdd.fr\/Societe\/Actualite\/11-Novembre-la-bataille-de-tranchees-pour-le-centenaire-574776<\/a>))<\/div>\n<div><\/div>\n<div><\/div>\n<div>\n<strong>c) \u00a0Pour conclure<\/strong><\/div>\n<div>En d\u00e9finitive, tant pour l&rsquo;enseignant qu\u00e9b\u00e9cois que fran\u00e7ais, les comm\u00e9morations forment de redoutables pi\u00e8ges pour celles et ceux qui souhaitent sortir du r\u00e9cit national. Une majorit\u00e9 de comm\u00e9morations comporte des caract\u00e9ristiques propres aux questions sociales vives. Pour faire comprendre aux \u00e9l\u00e8ves les v\u00e9ritables enjeux de ces comm\u00e9morations et l&rsquo;utilisation de l&rsquo;histoire \u00e0 des fins politiques quelque soit le gouvernement en place, un d\u00e9centrement para\u00eet n\u00e9cessaire et devrait passer par l&rsquo;\u00e9tude des comm\u00e9morations des autres. Ainsi l&rsquo;enseignant qu\u00e9b\u00e9cois se servirait des pol\u00e9miques fran\u00e7aises autour des comm\u00e9morations du centenaire de 14-18 et un enseignant fran\u00e7ais \u00e9tudierait les comm\u00e9morations de la guerre anglo-am\u00e9ricaine de 1812 et la question nationale au Qu\u00e9bec. De cette mani\u00e8re, les \u00e9l\u00e8ves d\u00e9velopperaient leur pens\u00e9e historique et leur r\u00e9flexion citoyenne.<\/div>\n<p><strong>Cet article est la reprise de ma chronique mensuelle du <a href=\"http:\/\/www.cafepedagogique.net\/lemensuel\/lenseignant\/schumaines\/histoire\/Pages\/2012\/137_lachronique.aspx\" target=\"_blank\">Caf\u00e9 p\u00e9dagogique<\/a>. (No 137, Novembre)<\/strong><\/p>\n","protected":false},"excerpt":{"rendered":"<p>Que ce soit en France ou au Qu\u00e9bec les derni\u00e8res ou prochaines comm\u00e9morations sont l&rsquo;objet de controverses.\u00a0\u00a0Un peu partout nous sommes en pr\u00e9sence de la concurrence des m\u00e9moires.\u00a0Avec en filigrane deux questions : toute comm\u00e9moration est-elle une question sociale vive? Comment les aborder d\u00e8s lors en classe?\u00a0 Au mois d&rsquo;octobre, je me trouvais au Qu\u00e9bec. [&hellip;]<\/p>\n","protected":false},"author":1,"featured_media":14191,"comment_status":"open","ping_status":"open","sticky":false,"template":"","format":"standard","meta":{"_import_markdown_pro_load_document_selector":0,"_import_markdown_pro_submit_text_textarea":"","_genesis_hide_title":false,"_genesis_hide_breadcrumbs":false,"_genesis_hide_singular_image":false,"_genesis_hide_footer_widgets":false,"_genesis_custom_body_class":"","_genesis_custom_post_class":"","_genesis_layout":"","jetpack_post_was_ever_published":false,"_jetpack_newsletter_access":"","_jetpack_dont_email_post_to_subs":false,"_jetpack_newsletter_tier_id":0,"_jetpack_memberships_contains_paywalled_content":false,"_jetpack_memberships_contains_paid_content":false,"activitypub_content_warning":"","activitypub_content_visibility":"","activitypub_max_image_attachments":3,"activitypub_interaction_policy_quote":"anyone","activitypub_status":"","footnotes":"","jetpack_publicize_message":"","jetpack_publicize_feature_enabled":true,"jetpack_social_post_already_shared":true,"jetpack_social_options":{"image_generator_settings":{"template":"fullscreen","default_image_id":0,"font":"","enabled":false},"version":2}},"categories":[2],"tags":[],"class_list":{"0":"post-6460","1":"post","2":"type-post","3":"status-publish","4":"format-standard","5":"has-post-thumbnail","7":"category-histoire-2","8":"entry"},"jetpack_publicize_connections":[],"featured_image_src":"https:\/\/i0.wp.com\/lyonelkaufmann.ch\/Blog\/wp-content\/uploads\/2015\/03\/0122.jpg?resize=480%2C360&ssl=1","featured_image_src_square":"https:\/\/i0.wp.com\/lyonelkaufmann.ch\/Blog\/wp-content\/uploads\/2015\/03\/0122.jpg?resize=480%2C360&ssl=1","author_info":{"display_name":"Lyonel Kaufmann","author_link":"https:\/\/lyonelkaufmann.ch\/Blog\/author\/lyonelk\/"},"jetpack_featured_media_url":"https:\/\/i0.wp.com\/lyonelkaufmann.ch\/Blog\/wp-content\/uploads\/2015\/03\/0122.jpg?fit=480%2C360&ssl=1","jetpack_sharing_enabled":true,"jetpack_shortlink":"https:\/\/wp.me\/p1qtF4-1Gc","jetpack-related-posts":[{"id":6477,"url":"https:\/\/lyonelkaufmann.ch\/Blog\/2012\/11\/28\/revue-de-presse-lidentite-canadienne-refaconnee-jocelyn-letourneau\/","url_meta":{"origin":6460,"position":0},"title":"Revue de presse : L\u2019identit\u00e9 canadienne refa\u00e7onn\u00e9e ? | Jocelyn L\u00e9tourneau","author":"Lyonel Kaufmann","date":"28 novembre 2012","format":false,"excerpt":"Jocelyn L\u00e9tourneau revient sur les comm\u00e9morations par le gouvernement canadien de la Guerre de 1812 opposant le Canada aux Etats-Unis d'Am\u00e9rique. Pour lui, dans l\u2019op\u00e9ration de \u00abroyalisation\u00bb du paysage symbolique national et de r\u00e9historisation de l\u2019exp\u00e9rience historique canadienne, il y a peut-\u00eatre la manifestation de l\u2019essoufflement du paradigme id\u00e9el qui\u2026","rel":"","context":"Dans &quot;histoire&quot;","block_context":{"text":"histoire","link":"https:\/\/lyonelkaufmann.ch\/Blog\/category\/histoire-2\/"},"img":{"alt_text":"","src":"https:\/\/i0.wp.com\/lyonelkaufmann.ch\/Blog\/wp-content\/uploads\/2015\/03\/blogcafe1.jpg?fit=1024%2C683&ssl=1&resize=350%2C200","width":350,"height":200,"srcset":"https:\/\/i0.wp.com\/lyonelkaufmann.ch\/Blog\/wp-content\/uploads\/2015\/03\/blogcafe1.jpg?fit=1024%2C683&ssl=1&resize=350%2C200 1x, https:\/\/i0.wp.com\/lyonelkaufmann.ch\/Blog\/wp-content\/uploads\/2015\/03\/blogcafe1.jpg?fit=1024%2C683&ssl=1&resize=525%2C300 1.5x, https:\/\/i0.wp.com\/lyonelkaufmann.ch\/Blog\/wp-content\/uploads\/2015\/03\/blogcafe1.jpg?fit=1024%2C683&ssl=1&resize=700%2C400 2x"},"classes":[]},{"id":8034,"url":"https:\/\/lyonelkaufmann.ch\/Blog\/2014\/06\/06\/d-day-les-commemorations-les-medias-sociaux-et-lenseignement-de-lhistoire\/","url_meta":{"origin":6460,"position":1},"title":"D-Day : les comm\u00e9morations, les m\u00e9dias sociaux et l&rsquo;enseignement de l&rsquo;histoire","author":"Lyonel Kaufmann","date":"6 juin 2014","format":false,"excerpt":"En 2014, les comm\u00e9morations historiques sont sur les m\u00e9dias sociaux ou ne le sont pas et elles se succ\u00e8dent \u00e0 un rythme soutenu. Depuis 2013, les comm\u00e9morations de la Premi\u00e8re Guerre mondiales ont \u00e9t\u00e9 lanc\u00e9e (Kaufmann, L. (2013).\u00a014-18, le centenaire en phase d\u2019approche serr\u00e9e\u00a0.\u00a0Le Caf\u00e9 p\u00e9dagogique, No 143, mai) et\u2026","rel":"","context":"Dans &quot;histoire&quot;","block_context":{"text":"histoire","link":"https:\/\/lyonelkaufmann.ch\/Blog\/category\/histoire-2\/"},"img":{"alt_text":"","src":"https:\/\/i0.wp.com\/lyonelkaufmann.ch\/Blog\/wp-content\/uploads\/2015\/03\/louis_castel_en_169.jpg?fit=639%2C359&ssl=1&resize=350%2C200","width":350,"height":200,"srcset":"https:\/\/i0.wp.com\/lyonelkaufmann.ch\/Blog\/wp-content\/uploads\/2015\/03\/louis_castel_en_169.jpg?fit=639%2C359&ssl=1&resize=350%2C200 1x, https:\/\/i0.wp.com\/lyonelkaufmann.ch\/Blog\/wp-content\/uploads\/2015\/03\/louis_castel_en_169.jpg?fit=639%2C359&ssl=1&resize=525%2C300 1.5x"},"classes":[]},{"id":6825,"url":"https:\/\/lyonelkaufmann.ch\/Blog\/2013\/02\/22\/enseigner-la-litteratie-historique\/","url_meta":{"origin":6460,"position":2},"title":"Enseigner la litt\u00e9ratie historique ?","author":"Lyonel Kaufmann","date":"22 f\u00e9vrier 2013","format":false,"excerpt":"St\u00e9phane L\u00e9vesque s'interroge et nous interroge concernant l'imp\u00e9ratif pour les \u00e9l\u00e8ves de savoir lire et comprendre l'information transmise par les m\u00e9dias sociaux sous forme de contenus num\u00e9riques textuelles et multim\u00e9dias. On peut associer ce travail \u00e0 d'autres \u00e9l\u00e9ments de l'histoire et de son enseignement \u00e0 l'\u00e8re digitale. Commun\u00e9ment appel\u00e9e \u00ablitt\u00e9racie\u00bb,\u2026","rel":"","context":"Dans &quot;histoire&quot;","block_context":{"text":"histoire","link":"https:\/\/lyonelkaufmann.ch\/Blog\/category\/histoire-2\/"},"img":{"alt_text":"","src":"https:\/\/i0.wp.com\/lyonelkaufmann.ch\/Blog\/wp-content\/uploads\/2015\/03\/blogcafe1.jpg?fit=1024%2C683&ssl=1&resize=350%2C200","width":350,"height":200,"srcset":"https:\/\/i0.wp.com\/lyonelkaufmann.ch\/Blog\/wp-content\/uploads\/2015\/03\/blogcafe1.jpg?fit=1024%2C683&ssl=1&resize=350%2C200 1x, https:\/\/i0.wp.com\/lyonelkaufmann.ch\/Blog\/wp-content\/uploads\/2015\/03\/blogcafe1.jpg?fit=1024%2C683&ssl=1&resize=525%2C300 1.5x, https:\/\/i0.wp.com\/lyonelkaufmann.ch\/Blog\/wp-content\/uploads\/2015\/03\/blogcafe1.jpg?fit=1024%2C683&ssl=1&resize=700%2C400 2x"},"classes":[]},{"id":6307,"url":"https:\/\/lyonelkaufmann.ch\/Blog\/2012\/10\/22\/revue-de-presse-la-grande-guerre-actualites-de-lhistoire\/","url_meta":{"origin":6460,"position":3},"title":"Revue de presse : La Grande Guerre |\u00a0Actualites de l&rsquo;histoire","author":"Lyonel Kaufmann","date":"22 octobre 2012","format":false,"excerpt":"Certains commencent \u00e0 s'agiter dans la perspective de la comm\u00e9moration en 2014 du centenaire de la Grande Guerre. Voici une s\u00e9lection de liens \u00e0 ce propos. Vivement que l'on pense \u00e0 comm\u00e9morer le centenaire de la Grande Paix. La Grande Guerre |\u00a0Actualites de l'histoire","rel":"","context":"Dans &quot;histoire&quot;","block_context":{"text":"histoire","link":"https:\/\/lyonelkaufmann.ch\/Blog\/category\/histoire-2\/"},"img":{"alt_text":"","src":"https:\/\/i0.wp.com\/lyonelkaufmann.ch\/Blog\/wp-content\/uploads\/2015\/03\/blogcafe1.jpg?fit=1024%2C683&ssl=1&resize=350%2C200","width":350,"height":200,"srcset":"https:\/\/i0.wp.com\/lyonelkaufmann.ch\/Blog\/wp-content\/uploads\/2015\/03\/blogcafe1.jpg?fit=1024%2C683&ssl=1&resize=350%2C200 1x, https:\/\/i0.wp.com\/lyonelkaufmann.ch\/Blog\/wp-content\/uploads\/2015\/03\/blogcafe1.jpg?fit=1024%2C683&ssl=1&resize=525%2C300 1.5x, https:\/\/i0.wp.com\/lyonelkaufmann.ch\/Blog\/wp-content\/uploads\/2015\/03\/blogcafe1.jpg?fit=1024%2C683&ssl=1&resize=700%2C400 2x"},"classes":[]},{"id":8540,"url":"https:\/\/lyonelkaufmann.ch\/Blog\/2014\/11\/11\/14-18-revue-de-presse-du-11-novembre\/","url_meta":{"origin":6460,"position":4},"title":"14-18 : revue de presse du 11 novembre","author":"Lyonel Kaufmann","date":"11 novembre 2014","format":false,"excerpt":"Les comm\u00e9morations de 14-18 battent leur plein plus particuli\u00e8rement en ce 11 novembre. Revue de presse subjective d\u2019articles actuels ou de 2014 sur le conflit. Documentaire. En m\u00e9moire de ces \u00abPoilus d\u2019ailleurs\u00bb | Mediapart\u00a0 Ils venaient de tous les coins du monde, enr\u00f4l\u00e9s de gr\u00e9 ou de force pour se\u2026","rel":"","context":"Dans &quot;histoire&quot;","block_context":{"text":"histoire","link":"https:\/\/lyonelkaufmann.ch\/Blog\/category\/histoire-2\/"},"img":{"alt_text":"","src":"https:\/\/i0.wp.com\/lyonelkaufmann.ch\/Blog\/wp-content\/uploads\/2015\/03\/1415738078_thumb.jpeg.jpg?fit=720%2C405&ssl=1&resize=350%2C200","width":350,"height":200,"srcset":"https:\/\/i0.wp.com\/lyonelkaufmann.ch\/Blog\/wp-content\/uploads\/2015\/03\/1415738078_thumb.jpeg.jpg?fit=720%2C405&ssl=1&resize=350%2C200 1x, https:\/\/i0.wp.com\/lyonelkaufmann.ch\/Blog\/wp-content\/uploads\/2015\/03\/1415738078_thumb.jpeg.jpg?fit=720%2C405&ssl=1&resize=525%2C300 1.5x, https:\/\/i0.wp.com\/lyonelkaufmann.ch\/Blog\/wp-content\/uploads\/2015\/03\/1415738078_thumb.jpeg.jpg?fit=720%2C405&ssl=1&resize=700%2C400 2x"},"classes":[]},{"id":7658,"url":"https:\/\/lyonelkaufmann.ch\/Blog\/2013\/11\/02\/la-grande-guerre-face-a-sa-commemoration-antoine-prost\/","url_meta":{"origin":6460,"position":5},"title":"La Grande Guerre face \u00e0 sa comm\u00e9moration &#8211; Antoine Prost","author":"Lyonel Kaufmann","date":"2 novembre 2013","format":false,"excerpt":"See on Scoop.it - histoire\"La Grande Guerre face \u00e0 sa comm\u00e9moration.\" 16e Rendez-vous de l\u2019Histoire \u00e0 Blois : La Guerre (11\/10\/2013)\u00a0Conf\u00e9rence d'Antoine\u00a0Prost, professeur \u00e9m\u00e9rite \u00e0 l\u2019universit\u00e9 de Paris I Panth\u00e9on Sorbonne.Lyonel Kaufmann's insight:Antoine Prost est probablement l'historien le mieux plac\u00e9 actuellement pour \u00e9tablir cet \u00e9tat historiographique de la comm\u00e9moration de\u2026","rel":"","context":"Dans &quot;histoire&quot;","block_context":{"text":"histoire","link":"https:\/\/lyonelkaufmann.ch\/Blog\/category\/histoire-2\/"},"img":{"alt_text":"","src":"https:\/\/i0.wp.com\/lyonelkaufmann.ch\/Blog\/wp-content\/uploads\/2015\/03\/sPPcknsyWi3n9SZXAFw_3Dl72eJkfbmt4t8yenImKBXEejxNn4ZJNZ2ss5Ku7Cxt.jpg?fit=500%2C279&ssl=1&resize=350%2C200","width":350,"height":200},"classes":[]}],"jetpack_likes_enabled":true,"_links":{"self":[{"href":"https:\/\/lyonelkaufmann.ch\/Blog\/wp-json\/wp\/v2\/posts\/6460","targetHints":{"allow":["GET"]}}],"collection":[{"href":"https:\/\/lyonelkaufmann.ch\/Blog\/wp-json\/wp\/v2\/posts"}],"about":[{"href":"https:\/\/lyonelkaufmann.ch\/Blog\/wp-json\/wp\/v2\/types\/post"}],"author":[{"embeddable":true,"href":"https:\/\/lyonelkaufmann.ch\/Blog\/wp-json\/wp\/v2\/users\/1"}],"replies":[{"embeddable":true,"href":"https:\/\/lyonelkaufmann.ch\/Blog\/wp-json\/wp\/v2\/comments?post=6460"}],"version-history":[{"count":0,"href":"https:\/\/lyonelkaufmann.ch\/Blog\/wp-json\/wp\/v2\/posts\/6460\/revisions"}],"wp:featuredmedia":[{"embeddable":true,"href":"https:\/\/lyonelkaufmann.ch\/Blog\/wp-json\/wp\/v2\/media\/14191"}],"wp:attachment":[{"href":"https:\/\/lyonelkaufmann.ch\/Blog\/wp-json\/wp\/v2\/media?parent=6460"}],"wp:term":[{"taxonomy":"category","embeddable":true,"href":"https:\/\/lyonelkaufmann.ch\/Blog\/wp-json\/wp\/v2\/categories?post=6460"},{"taxonomy":"post_tag","embeddable":true,"href":"https:\/\/lyonelkaufmann.ch\/Blog\/wp-json\/wp\/v2\/tags?post=6460"}],"curies":[{"name":"wp","href":"https:\/\/api.w.org\/{rel}","templated":true}]}}