{"id":6491,"date":"2012-11-28T21:31:56","date_gmt":"2012-11-28T21:31:56","guid":{"rendered":"http:\/\/lyonelkaufmann.ch\/histoire\/?p=6491"},"modified":"2012-11-28T21:31:56","modified_gmt":"2012-11-28T21:31:56","slug":"ce-qui-fait-lopinion-la-vie-des-idees","status":"publish","type":"post","link":"https:\/\/lyonelkaufmann.ch\/Blog\/2012\/11\/28\/ce-qui-fait-lopinion-la-vie-des-idees\/","title":{"rendered":"Ce qui fait l\u2019opinion | La Vie des id\u00e9es"},"content":{"rendered":"<p><a href=\"https:\/\/i0.wp.com\/lyonelkaufmann.ch\/histoire\/wp-content\/uploads\/2012\/11\/arton2108-8a530.jpg\"><img data-recalc-dims=\"1\" loading=\"lazy\" decoding=\"async\" class=\"alignleft size-full wp-image-6494\" title=\"arton2108-8a530\" src=\"https:\/\/i0.wp.com\/lyonelkaufmann.ch\/histoire\/wp-content\/uploads\/2012\/11\/arton2108-8a530.jpg?resize=121%2C200\" alt=\"\" width=\"121\" height=\"200\" \/><\/a>La th\u00e8se de Religion priv\u00e9e, opinion publique consiste \u00e0 lier causalement les deux termes qui forment son titre. Selon Bertrand Binoche, l\u2019id\u00e9e d\u2019opinion publique constitue l\u2019effet de celle de religion priv\u00e9e\u00a0: elle \u00e9merge, dans la seconde moiti\u00e9 du XVIIIe si\u00e8cle, non pas \u00e0 sa suite et de fa\u00e7on accidentelle, mais essentiellement comme sa cons\u00e9quence. L\u2019auteur retrace ainsi l\u2019\u00e9mergence du concept d\u2019opinion publique, sa transformation en \u00ab\u00a0ma\u00eetre-mot\u00a0\u00bb (p. 126) et sa dissolution tendancielle, depuis les guerres de religion jusqu\u2019\u00e0 la seconde moiti\u00e9 du XIXe\u00a0si\u00e8cle.<\/p>\n<p>Lire le compte-rendu :\u00a0<a href=\"http:\/\/www.laviedesidees.fr\/Ce-qui-fait-l-opinion.html\">Ce qui fait l\u2019opinion &#8211; La Vie des id\u00e9es<\/a>.<\/p>\n","protected":false},"excerpt":{"rendered":"<p>La th\u00e8se de Religion priv\u00e9e, opinion publique consiste \u00e0 lier causalement les deux termes qui forment son titre. Selon Bertrand Binoche, l\u2019id\u00e9e d\u2019opinion publique constitue l\u2019effet de celle de religion priv\u00e9e\u00a0: elle \u00e9merge, dans la seconde moiti\u00e9 du XVIIIe si\u00e8cle, non pas \u00e0 sa suite et de fa\u00e7on accidentelle, mais essentiellement comme sa cons\u00e9quence. L\u2019auteur [&hellip;]<\/p>\n","protected":false},"author":1,"featured_media":14192,"comment_status":"open","ping_status":"open","sticky":false,"template":"","format":"standard","meta":{"_import_markdown_pro_load_document_selector":0,"_import_markdown_pro_submit_text_textarea":"","_genesis_hide_title":false,"_genesis_hide_breadcrumbs":false,"_genesis_hide_singular_image":false,"_genesis_hide_footer_widgets":false,"_genesis_custom_body_class":"","_genesis_custom_post_class":"","_genesis_layout":"","jetpack_post_was_ever_published":false,"_jetpack_newsletter_access":"","_jetpack_dont_email_post_to_subs":false,"_jetpack_newsletter_tier_id":0,"_jetpack_memberships_contains_paywalled_content":false,"_jetpack_memberships_contains_paid_content":false,"activitypub_content_warning":"","activitypub_content_visibility":"","activitypub_max_image_attachments":3,"activitypub_interaction_policy_quote":"anyone","activitypub_status":"","footnotes":"","jetpack_publicize_message":"","jetpack_publicize_feature_enabled":true,"jetpack_social_post_already_shared":true,"jetpack_social_options":{"image_generator_settings":{"template":"fullscreen","default_image_id":0,"font":"","enabled":false},"version":2}},"categories":[2],"tags":[],"class_list":{"0":"post-6491","1":"post","2":"type-post","3":"status-publish","4":"format-standard","5":"has-post-thumbnail","7":"category-histoire-2","8":"entry"},"jetpack_publicize_connections":[],"featured_image_src":"https:\/\/i0.wp.com\/lyonelkaufmann.ch\/Blog\/wp-content\/uploads\/2015\/03\/arton2108-8a530.jpg?resize=121%2C200&ssl=1","featured_image_src_square":"https:\/\/i0.wp.com\/lyonelkaufmann.ch\/Blog\/wp-content\/uploads\/2015\/03\/arton2108-8a530.jpg?resize=121%2C200&ssl=1","author_info":{"display_name":"Lyonel Kaufmann","author_link":"https:\/\/lyonelkaufmann.ch\/Blog\/author\/lyonelk\/"},"jetpack_featured_media_url":"https:\/\/i0.wp.com\/lyonelkaufmann.ch\/Blog\/wp-content\/uploads\/2015\/03\/arton2108-8a530.jpg?fit=121%2C200&ssl=1","jetpack_sharing_enabled":true,"jetpack_shortlink":"https:\/\/wp.me\/p1qtF4-1GH","jetpack-related-posts":[{"id":7035,"url":"https:\/\/lyonelkaufmann.ch\/Blog\/2013\/04\/23\/revue-de-presse-revolution-et-redistribution-la-vie-des-idees\/","url_meta":{"origin":6491,"position":0},"title":"Revue de presse : R\u00e9volution et redistribution | La Vie des id\u00e9es","author":"Lyonel Kaufmann","date":"23 avril 2013","format":false,"excerpt":"Et si l\u2019\u00e9conomie \u00e9tait la grande oubli\u00e9e des r\u00e9volutions\u00a0? Depuis deux d\u00e9cennies, les questions politiques et culturelles ont rel\u00e9gu\u00e9 la justice sociale au rang de pr\u00e9occupations secondaires. Selon l\u2019historien Charles Walton, le probl\u00e8me de la redistribution, d\u00e9j\u00e0 pos\u00e9 lors des r\u00e9volutions de la fin du XVIIIe si\u00e8cle, se situe pourtant\u2026","rel":"","context":"Dans &quot;histoire&quot;","block_context":{"text":"histoire","link":"https:\/\/lyonelkaufmann.ch\/Blog\/category\/histoire-2\/"},"img":{"alt_text":"","src":"https:\/\/i0.wp.com\/lyonelkaufmann.ch\/Blog\/wp-content\/uploads\/2015\/03\/blogcafe1.jpg?fit=1024%2C683&ssl=1&resize=350%2C200","width":350,"height":200,"srcset":"https:\/\/i0.wp.com\/lyonelkaufmann.ch\/Blog\/wp-content\/uploads\/2015\/03\/blogcafe1.jpg?fit=1024%2C683&ssl=1&resize=350%2C200 1x, https:\/\/i0.wp.com\/lyonelkaufmann.ch\/Blog\/wp-content\/uploads\/2015\/03\/blogcafe1.jpg?fit=1024%2C683&ssl=1&resize=525%2C300 1.5x, https:\/\/i0.wp.com\/lyonelkaufmann.ch\/Blog\/wp-content\/uploads\/2015\/03\/blogcafe1.jpg?fit=1024%2C683&ssl=1&resize=700%2C400 2x"},"classes":[]},{"id":17388,"url":"https:\/\/lyonelkaufmann.ch\/Blog\/2016\/08\/16\/salman-rushdie-je-ne-veux-plus-etre-lecrivain-a-la-fatwa\/","url_meta":{"origin":6491,"position":1},"title":"Salman Rushdie : \u201cJe ne veux plus \u00eatre l\u2019\u00e9crivain \u00e0 la fatwa\u201d","author":"Lyonel Kaufmann","date":"16 ao\u00fbt 2016","format":false,"excerpt":"Avec Deux ans, huit mois et vingt-huit nuits, Salman Rushdie s\u2019empare d\u2019un r\u00e9cit fantastique et l\u2019entra\u00eene vers une fable politique, interrogeant notre civilisation partag\u00e9e entre la rationalit\u00e9 et les d\u00e9viances pseudo-religieuses. Rencontre \u00e0 New York. Vous \u00e9crivez que c\u2019est la peur et l\u2019envie qui poussent les hommes \u00e0 se tourner\u2026","rel":"","context":"Dans &quot;Blogcaf\u00e9&quot;","block_context":{"text":"Blogcaf\u00e9","link":"https:\/\/lyonelkaufmann.ch\/Blog\/category\/blogcafe-2\/"},"img":{"alt_text":"","src":"https:\/\/i0.wp.com\/lyonelkaufmann.ch\/Blog\/wp-content\/uploads\/2016\/08\/Image-16.08.16-19-35.jpeg?fit=750%2C1125&ssl=1&resize=350%2C200","width":350,"height":200,"srcset":"https:\/\/i0.wp.com\/lyonelkaufmann.ch\/Blog\/wp-content\/uploads\/2016\/08\/Image-16.08.16-19-35.jpeg?fit=750%2C1125&ssl=1&resize=350%2C200 1x, https:\/\/i0.wp.com\/lyonelkaufmann.ch\/Blog\/wp-content\/uploads\/2016\/08\/Image-16.08.16-19-35.jpeg?fit=750%2C1125&ssl=1&resize=525%2C300 1.5x, https:\/\/i0.wp.com\/lyonelkaufmann.ch\/Blog\/wp-content\/uploads\/2016\/08\/Image-16.08.16-19-35.jpeg?fit=750%2C1125&ssl=1&resize=700%2C400 2x"},"classes":[]},{"id":4201,"url":"https:\/\/lyonelkaufmann.ch\/Blog\/2010\/11\/07\/de-la-presse-politique-a-la-presse-dinformation-et-retour-34\/","url_meta":{"origin":6491,"position":2},"title":"De la presse politique \u00e0 la presse d\u2019information (et retour ?) 3\/4","author":"Lyonel Kaufmann","date":"7 novembre 2010","format":"aside","excerpt":"via Chacaille La r\u00e9cente parution d\u2019un ouvrage portant sur la Gazette de Lausanne et le Journal de Gen\u00e8ve permet de jeter un regard sur l\u2019histoire de la presse en Suisse romande au cours d\u2019un long 20e si\u00e8cle. L\u2019historien Alain Clavien se fait l\u2019observateur de la disparition progressive d\u2019une presse politique\u2026","rel":"","context":"Dans &quot;L'Expresso&quot;","block_context":{"text":"L'Expresso","link":"https:\/\/lyonelkaufmann.ch\/Blog\/category\/breves\/"},"img":{"alt_text":"","src":"https:\/\/chacaille.files.wordpress.com\/2010\/11\/om-resume2.jpg?w=350&h=200&crop=1","width":350,"height":200},"classes":[]},{"id":4316,"url":"https:\/\/lyonelkaufmann.ch\/Blog\/2011\/01\/22\/ceci-est-votre-vie-privee-donnee-pour-vous-zero-seconde\/","url_meta":{"origin":6491,"position":3},"title":"Ceci est votre vie priv\u00e9e donn\u00e9e pour vous | Z\u00e9ro seconde","author":"Lyonel Kaufmann","date":"22 janvier 2011","format":"aside","excerpt":"Il n'y a pas de revers sur Internet, pas de coin pour parler dans le dos de qui que ce soit du moins pas sur une longue p\u00e9riode. Tout finit par se savoir. L'espace priv\u00e9, finalement, se r\u00e9duira \u00e0 terme \u00e0 tout ce qui nest pas capt\u00e9 par un appareil\u2026","rel":"","context":"Dans &quot;L'Expresso&quot;","block_context":{"text":"L'Expresso","link":"https:\/\/lyonelkaufmann.ch\/Blog\/category\/breves\/"},"img":{"alt_text":"","src":"https:\/\/i0.wp.com\/lyonelkaufmann.ch\/Blog\/wp-content\/uploads\/2015\/03\/blogcafe1.jpg?fit=1024%2C683&ssl=1&resize=350%2C200","width":350,"height":200,"srcset":"https:\/\/i0.wp.com\/lyonelkaufmann.ch\/Blog\/wp-content\/uploads\/2015\/03\/blogcafe1.jpg?fit=1024%2C683&ssl=1&resize=350%2C200 1x, https:\/\/i0.wp.com\/lyonelkaufmann.ch\/Blog\/wp-content\/uploads\/2015\/03\/blogcafe1.jpg?fit=1024%2C683&ssl=1&resize=525%2C300 1.5x, https:\/\/i0.wp.com\/lyonelkaufmann.ch\/Blog\/wp-content\/uploads\/2015\/03\/blogcafe1.jpg?fit=1024%2C683&ssl=1&resize=700%2C400 2x"},"classes":[]},{"id":7927,"url":"https:\/\/lyonelkaufmann.ch\/Blog\/2014\/03\/21\/la-trahison-de-cortes-desobeissance-proces-politiques-et-gouvernement-des-indes-de-castille-seconde-moitie-du-xvie-siecle-le-blog-de-lhistoire\/","url_meta":{"origin":6491,"position":4},"title":"La trahison de Cort\u00e9s \u2013 D\u00e9sob\u00e9issance, proc\u00e8s politiques et gouvernement des Indes de Castille, seconde moiti\u00e9 du XVIe si\u00e8cle","author":"Lyonel Kaufmann","date":"21 mars 2014","format":false,"excerpt":"Pr\u00e9sentation de l'\u00e9diteur : Ourdi au Mexique en 1565, le complot de Martin Cort\u00e9s (fils d\u2019Hernan Cort\u00e9s) s\u2019av\u00e8re paradigmatique des nombreuses r\u00e9bellions contre la couronne de Castille. Loin de se r\u00e9duire \u00e0 un face-\u00e0-face entre Espagnols et Indiens, la conqu\u00eate brouille tous les clivages et s\u00e9cr\u00e8te pr\u00e9cocement une conscience politique\u2026","rel":"","context":"Dans &quot;histoire&quot;","block_context":{"text":"histoire","link":"https:\/\/lyonelkaufmann.ch\/Blog\/category\/histoire-2\/"},"img":{"alt_text":"","src":"","width":0,"height":0},"classes":[]},{"id":2578,"url":"https:\/\/lyonelkaufmann.ch\/Blog\/2009\/03\/07\/pour-moi-laffaire-de-marc-l-montre-lampleur-de-la-crise-culturelle-du-journalisme-et-de\/","url_meta":{"origin":6491,"position":5},"title":"Le Tigre, Marc L. et les moutons | internet et opinion(s)","author":"Lyonel Kaufmann","date":"7 mars 2009","format":"aside","excerpt":"\u201cPour moi, l\u2019affaire de Marc L. montre l\u2019ampleur de la crise culturelle du journalisme et de...","rel":"","context":"Dans &quot;Blogcaf\u00e9&quot;","block_context":{"text":"Blogcaf\u00e9","link":"https:\/\/lyonelkaufmann.ch\/Blog\/category\/blogcafe-2\/"},"img":{"alt_text":"","src":"https:\/\/i0.wp.com\/lyonelkaufmann.ch\/Blog\/wp-content\/uploads\/2015\/03\/blogcafe1.jpg?fit=1024%2C683&ssl=1&resize=350%2C200","width":350,"height":200,"srcset":"https:\/\/i0.wp.com\/lyonelkaufmann.ch\/Blog\/wp-content\/uploads\/2015\/03\/blogcafe1.jpg?fit=1024%2C683&ssl=1&resize=350%2C200 1x, https:\/\/i0.wp.com\/lyonelkaufmann.ch\/Blog\/wp-content\/uploads\/2015\/03\/blogcafe1.jpg?fit=1024%2C683&ssl=1&resize=525%2C300 1.5x, https:\/\/i0.wp.com\/lyonelkaufmann.ch\/Blog\/wp-content\/uploads\/2015\/03\/blogcafe1.jpg?fit=1024%2C683&ssl=1&resize=700%2C400 2x"},"classes":[]}],"jetpack_likes_enabled":true,"_links":{"self":[{"href":"https:\/\/lyonelkaufmann.ch\/Blog\/wp-json\/wp\/v2\/posts\/6491","targetHints":{"allow":["GET"]}}],"collection":[{"href":"https:\/\/lyonelkaufmann.ch\/Blog\/wp-json\/wp\/v2\/posts"}],"about":[{"href":"https:\/\/lyonelkaufmann.ch\/Blog\/wp-json\/wp\/v2\/types\/post"}],"author":[{"embeddable":true,"href":"https:\/\/lyonelkaufmann.ch\/Blog\/wp-json\/wp\/v2\/users\/1"}],"replies":[{"embeddable":true,"href":"https:\/\/lyonelkaufmann.ch\/Blog\/wp-json\/wp\/v2\/comments?post=6491"}],"version-history":[{"count":0,"href":"https:\/\/lyonelkaufmann.ch\/Blog\/wp-json\/wp\/v2\/posts\/6491\/revisions"}],"wp:featuredmedia":[{"embeddable":true,"href":"https:\/\/lyonelkaufmann.ch\/Blog\/wp-json\/wp\/v2\/media\/14192"}],"wp:attachment":[{"href":"https:\/\/lyonelkaufmann.ch\/Blog\/wp-json\/wp\/v2\/media?parent=6491"}],"wp:term":[{"taxonomy":"category","embeddable":true,"href":"https:\/\/lyonelkaufmann.ch\/Blog\/wp-json\/wp\/v2\/categories?post=6491"},{"taxonomy":"post_tag","embeddable":true,"href":"https:\/\/lyonelkaufmann.ch\/Blog\/wp-json\/wp\/v2\/tags?post=6491"}],"curies":[{"name":"wp","href":"https:\/\/api.w.org\/{rel}","templated":true}]}}