{"id":6497,"date":"2012-11-29T12:56:52","date_gmt":"2012-11-29T12:56:52","guid":{"rendered":"http:\/\/lyonelkaufmann.ch\/histoire\/?p=6497"},"modified":"2012-11-29T12:56:52","modified_gmt":"2012-11-29T12:56:52","slug":"table-ronde-le-numerique-de-nouvelles-facons-decrire-lhistoire","status":"publish","type":"post","link":"https:\/\/lyonelkaufmann.ch\/Blog\/2012\/11\/29\/table-ronde-le-numerique-de-nouvelles-facons-decrire-lhistoire\/","title":{"rendered":"Table ronde \u201cLe num\u00e9rique : de nouvelles fa\u00e7ons d\u2019\u00e9crire l\u2019histoire?\u201d"},"content":{"rendered":"<p><strong>L\u2019Assembl\u00e9e g\u00e9n\u00e9rale de l\u2019<a href=\"http:\/\/afhe.hypotheses.org\/\">Association fran\u00e7aise d\u2019histoire \u00e9conomique<\/a> aura lieu le mercredi 12 d\u00e9cembre dans l\u2019apr\u00e8s-midi. Dans ce cadre-l\u00e0, elle organise une table ronde intitul\u00e9e \u201cLe num\u00e9rique : de nouvelles fa\u00e7ons d\u2019\u00e9crire l\u2019histoire?\u201d<\/strong><\/p>\n<p>Cette table ronde, organis\u00e9e par Fr\u00e9d\u00e9ric Clavert (Centre virtuel de la connaissance sur l\u2019Europe, Luxembourg) et Claire Lemercier (CNRS, Centre de sociologie des organisations), proposera une discussion entre trois intervenant-e-s et avec la salle, centr\u00e9e sur deux enjeux de l\u2019histoire \u00e9conomique num\u00e9rique :<\/p>\n<ul>\n<li><strong>la formation:<\/strong> quelle alphab\u00e9tisation aux nouvelles pratiques num\u00e9riques pour nos \u00e9tudiant-e-s, mais aussi pour nous-m\u00eames?\u00a0quelles relations entre historien-ne-s, informaticien-ne-s et autres sp\u00e9cialistes ?<\/li>\n<li><strong>l\u2019\u00e9criture en ligne, particuli\u00e8rement le \u201cblogging scientifique\u201d <\/strong>: quels apports pour l\u2019enseignement secondaire et sup\u00e9rieur, la recherche et les circulations entre eux ? quels liens avec les formes plus classiques de publication et de discussion scientifique ?<\/li>\n<\/ul>\n<p>Les intervenants seront:<\/p>\n<ul>\n<li>Ing\u00e9nieure de recherche, Martine Sonnet (Institut d\u2019histoire moderne et contemporaine, CNRS), est sp\u00e9cialiste d\u2019histoire des femmes et du genre. Elle anime notamment le s\u00e9minaire \u00ab\u00a0Femmes au travail, questions de genre XVe-XXe si\u00e8cles\u00a0\u00bb, qui est associ\u00e9 \u00e0 un carnet de recherche: <a href=\"http:\/\/fht.hypotheses.org\/\">http:\/\/fht.hypotheses.org\/<\/a>. Martine Sonnet tient \u00e9galement un blog personnel: \u00ab\u00a0L\u2019employ\u00e9e aux \u00e9critures\u00a0\u00bb (<a href=\"http:\/\/www.martinesonnet.fr\/blogwp\/\">http:\/\/www.martinesonnet.fr\/blogwp\/<\/a>).<\/li>\n<li>Doctorant \u00e0 l\u2019EHESS, \u00c9milien Ruiz termine une th\u00e8se sur la question des effectifs de l\u2019\u00c9tat dans la France du XXe si\u00e8cle (dir. Marc Olivier Baruch). Avec Franziska Heimburger (EHESS), il anime \u00ab\u00a0La Bo\u00eete \u00e0 outils des historiens\u00a0\u00bb (<a href=\"http:\/\/www.boiteaoutils.info\/\">http:\/\/www.boiteaoutils.info\/<\/a>), blog cr\u00e9\u00e9 pour accompagner et prolonger une formation de Master aux outils informatiques pour les historiens. En outre, \u00c9milien a cr\u00e9\u00e9 le carnet de recherche \u00ab\u00a0Devenir historien.ne\u00a0\u00bb (<a href=\"http:\/\/devhist.hypotheses.org\">http:\/\/devhist.hypotheses.org<\/a>) L\u2019objectif de ce carnet est d\u2019accompagner les historien-ne-s en devenir dans la d\u00e9couverte de m\u00e9thodes de travail qu\u2019il leur faudra ma\u00eetriser pour leurs premi\u00e8res recherches.<\/li>\n<li>Enseignant en lyc\u00e9e, Beno\u00eet Kermoal m\u00e8ne une th\u00e8se sur le sujet: \u00ab\u00a0Violences, guerre et paix dans les pratiques militantes socialistes (Bretagne, premi\u00e8re partie du XXe si\u00e8cle \u2013 dir. Christophe Prochasson)\u00a0\u00bb. Pour accompagner ses recherches et l\u2019\u00e9criture de sa th\u00e8se, Beno\u00eet Kermoal a ouvert le carnet de recherche Enklask (enqu\u00eate) \u2013 <a href=\"http:\/\/enklask.hypotheses.org\/\">http:\/\/enklask.hypotheses.org\/<\/a><\/li>\n<\/ul>\n<p>La table-ronde sera pr\u00e9sid\u00e9e par Claire Lemercier (Directrice de recherche, Centre de sociologie des organisations) qui travaille sur les institutions \u00e9conomiques et les relations entre r\u00e9gulations publiques et priv\u00e9es en France, XIXe-XXe si\u00e8cles. Elle anime avec Claire Zalc le s\u00e9minaire Quanti IHMC sur les m\u00e9thodes quantitatives en sciences historiques (<a href=\"http:\/\/www.quanti.ihmc.ens.fr\/\">http:\/\/www.quanti.ihmc.ens.fr\/<\/a>).<\/p>\n<p>La table-ronde sera anim\u00e9e par Fr\u00e9d\u00e9ric Clavert (Docteur en histoire contemporaine), coordinateur du \u00ab\u00a0Digital Humanities Lab\u00a0\u00bb du Centre Virtuel de la Connaissance sur l\u2019Europe (Luxembourg, <a href=\"http:\/\/www.cvce.eu\">http:\/\/www.cvce.eu<\/a>) et organisateur de la s\u00e9rie de conf\u00e9rences \u00ab\u00a0Digital Humanities Luxembourg\u00a0\u00bb (<a href=\"http:\/\/www.digitalhumanities.lu\">http:\/\/www.digitalhumanities.lu<\/a>).<\/p>\n<p><strong>Le lieu :<\/strong>\u00a0Au Centre de sociologie des organisations, 19 rue Am\u00e9lie, 75007 Paris m\u00e9tro La Tour-Maubourg ; plan du quartier : <a href=\"http:\/\/www.cso.edu\/contact.asp\">http:\/\/www.cso.edu\/contact.asp<\/a> sonner \u00e0 la porte ; la salle de s\u00e9minaire est accessible par la premi\u00e8re porte \u00e0 gauche en entrant.<\/p>\n","protected":false},"excerpt":{"rendered":"<p>L\u2019Assembl\u00e9e g\u00e9n\u00e9rale de l\u2019Association fran\u00e7aise d\u2019histoire \u00e9conomique aura lieu le mercredi 12 d\u00e9cembre dans l\u2019apr\u00e8s-midi. Dans ce cadre-l\u00e0, elle organise une table ronde intitul\u00e9e \u201cLe num\u00e9rique : de nouvelles fa\u00e7ons d\u2019\u00e9crire l\u2019histoire?\u201d Cette table ronde, organis\u00e9e par Fr\u00e9d\u00e9ric Clavert (Centre virtuel de la connaissance sur l\u2019Europe, Luxembourg) et Claire Lemercier (CNRS, Centre de sociologie des [&hellip;]<\/p>\n","protected":false},"author":1,"featured_media":14680,"comment_status":"open","ping_status":"open","sticky":false,"template":"","format":"standard","meta":{"_import_markdown_pro_load_document_selector":0,"_import_markdown_pro_submit_text_textarea":"","_genesis_hide_title":false,"_genesis_hide_breadcrumbs":false,"_genesis_hide_singular_image":false,"_genesis_hide_footer_widgets":false,"_genesis_custom_body_class":"","_genesis_custom_post_class":"","_genesis_layout":"","jetpack_post_was_ever_published":false,"_jetpack_newsletter_access":"","_jetpack_dont_email_post_to_subs":false,"_jetpack_newsletter_tier_id":0,"_jetpack_memberships_contains_paywalled_content":false,"_jetpack_memberships_contains_paid_content":false,"activitypub_content_warning":"","activitypub_content_visibility":"","activitypub_max_image_attachments":3,"activitypub_interaction_policy_quote":"anyone","activitypub_status":"","footnotes":"","jetpack_publicize_message":"","jetpack_publicize_feature_enabled":true,"jetpack_social_post_already_shared":true,"jetpack_social_options":{"image_generator_settings":{"template":"fullscreen","default_image_id":0,"font":"","enabled":false},"version":2}},"categories":[2],"tags":[],"class_list":{"0":"post-6497","1":"post","2":"type-post","3":"status-publish","4":"format-standard","5":"has-post-thumbnail","7":"category-histoire-2","8":"entry"},"jetpack_publicize_connections":[],"featured_image_src":"https:\/\/i0.wp.com\/lyonelkaufmann.ch\/Blog\/wp-content\/uploads\/2015\/03\/blogcafe1.jpg?resize=600%2C400&ssl=1","featured_image_src_square":"https:\/\/i0.wp.com\/lyonelkaufmann.ch\/Blog\/wp-content\/uploads\/2015\/03\/blogcafe1.jpg?resize=600%2C600&ssl=1","author_info":{"display_name":"Lyonel Kaufmann","author_link":"https:\/\/lyonelkaufmann.ch\/Blog\/author\/lyonelk\/"},"jetpack_featured_media_url":"https:\/\/i0.wp.com\/lyonelkaufmann.ch\/Blog\/wp-content\/uploads\/2015\/03\/blogcafe1.jpg?fit=1024%2C683&ssl=1","jetpack_sharing_enabled":true,"jetpack_shortlink":"https:\/\/wp.me\/p1qtF4-1GN","jetpack-related-posts":[{"id":4072,"url":"https:\/\/lyonelkaufmann.ch\/Blog\/2011\/09\/09\/3eme-table-ronde-les-tablettes-numeriques-le-futur-cartable-numerique\/","url_meta":{"origin":6497,"position":0},"title":"Ludovia 2011 : Table Ronde \u00abLes tablettes num\u00e9riques, le futur cartable num\u00e9rique\u00bb?","author":"Lyonel Kaufmann","date":"9 septembre 2011","format":false,"excerpt":"Cette table-ronde de Ludovia consistait en un retour d'exp\u00e9rience sur les premi\u00e8res exp\u00e9rimentations sur Tablettes et Netbooks au sein des \u00e9tablissements. Les th\u00e8mes abord\u00e9s \u00e9taient les suivants : fiabilit\u00e9 des mat\u00e9riels, adaptation au contexte de l\u2019\u00e9tablissement, \u00e9volutions envisag\u00e9es, le point sur le contenu et les ressources disponibles\u2026 Cet article synth\u00e9tise\u2026","rel":"","context":"Dans &quot;histoire&quot;","block_context":{"text":"histoire","link":"https:\/\/lyonelkaufmann.ch\/Blog\/category\/histoire-2\/"},"img":{"alt_text":"","src":"https:\/\/i0.wp.com\/lyonelkaufmann.ch\/Blog\/wp-content\/uploads\/2015\/03\/blogcafe1.jpg?fit=1024%2C683&ssl=1&resize=350%2C200","width":350,"height":200,"srcset":"https:\/\/i0.wp.com\/lyonelkaufmann.ch\/Blog\/wp-content\/uploads\/2015\/03\/blogcafe1.jpg?fit=1024%2C683&ssl=1&resize=350%2C200 1x, https:\/\/i0.wp.com\/lyonelkaufmann.ch\/Blog\/wp-content\/uploads\/2015\/03\/blogcafe1.jpg?fit=1024%2C683&ssl=1&resize=525%2C300 1.5x, https:\/\/i0.wp.com\/lyonelkaufmann.ch\/Blog\/wp-content\/uploads\/2015\/03\/blogcafe1.jpg?fit=1024%2C683&ssl=1&resize=700%2C400 2x"},"classes":[]},{"id":4445,"url":"https:\/\/lyonelkaufmann.ch\/Blog\/2011\/03\/10\/le-metier-dhistorien-a-lere-numerique-nouvelles\/","url_meta":{"origin":6497,"position":1},"title":"Le m\u00e9tier d\u2019historien \u00e0 l\u2019\u00e8re num\u00e9rique : nouvelles pratiques, nouvelle \u00e9pist\u00e9mologie ? | L&rsquo;\u00e9dition \u00e9lectronique ouverte","author":"Lyonel Kaufmann","date":"10 mars 2011","format":false,"excerpt":"Samedi 12 mars, entre 9h00 et 12h30, le Cl\u00e9o participera \u00e0 une table ronde de la Soci\u00e9t\u00e9 d\u2019Histoire Moderne et Contemporaine (SHMC). Pr\u00e9sentation\u00a0: En quoi les outils num\u00e9riques changent-ils notre mani\u00e8re de travailler\u00a0? Il ne s\u2019agit pas ici de revenir sur les rapports entre informatique et histoire, mais bien plut\u00f4t\u2026","rel":"","context":"Dans &quot;histoire&quot;","block_context":{"text":"histoire","link":"https:\/\/lyonelkaufmann.ch\/Blog\/category\/histoire-2\/"},"img":{"alt_text":"","src":"https:\/\/i0.wp.com\/leo.hypotheses.org\/files\/2011\/03\/3433425269_933e258b7a_z-300x201.jpg?resize=350%2C200","width":350,"height":200},"classes":[]},{"id":7422,"url":"https:\/\/lyonelkaufmann.ch\/Blog\/2013\/08\/29\/ludovia2013-ma-journee-du-mercredi-28-aout\/","url_meta":{"origin":6497,"position":2},"title":"#Ludovia2013 : ma journ\u00e9e du mercredi 28 ao\u00fbt","author":"Lyonel Kaufmann","date":"29 ao\u00fbt 2013","format":false,"excerpt":"Journ\u00e9e studieuse pour votre serviteur en ce mercredi 28 ao\u00fbt. En effet, j'\u00e9tais charg\u00e9 de deux compte-rendus de table-ronde \u00e0 publier sur le site de Ludovia. Celle du matin et celle de l'apr\u00e8s-midi. Donc \u00e0 chaque fois, prise de notes, puis discussion avec ma co-rapportrice, St\u00e9phanie de Vanssay le matin\u2026","rel":"","context":"Dans &quot;histoire&quot;","block_context":{"text":"histoire","link":"https:\/\/lyonelkaufmann.ch\/Blog\/category\/histoire-2\/"},"img":{"alt_text":"","src":"https:\/\/i0.wp.com\/lyonelkaufmann.ch\/Blog\/wp-content\/uploads\/2015\/03\/20130829-235630.jpg?fit=800%2C600&ssl=1&resize=350%2C200","width":350,"height":200,"srcset":"https:\/\/i0.wp.com\/lyonelkaufmann.ch\/Blog\/wp-content\/uploads\/2015\/03\/20130829-235630.jpg?fit=800%2C600&ssl=1&resize=350%2C200 1x, https:\/\/i0.wp.com\/lyonelkaufmann.ch\/Blog\/wp-content\/uploads\/2015\/03\/20130829-235630.jpg?fit=800%2C600&ssl=1&resize=525%2C300 1.5x, https:\/\/i0.wp.com\/lyonelkaufmann.ch\/Blog\/wp-content\/uploads\/2015\/03\/20130829-235630.jpg?fit=800%2C600&ssl=1&resize=700%2C400 2x"},"classes":[]},{"id":12696,"url":"https:\/\/lyonelkaufmann.ch\/Blog\/2011\/03\/10\/le-metier-dhistorien-a-lere-numerique-nouvelles-pratiques-nouvelle-epistemologie-ledition-electronique-ouverte-2\/","url_meta":{"origin":6497,"position":3},"title":"Le m\u00e9tier d\u2019historien \u00e0 l\u2019\u00e8re num\u00e9rique : nouvelles pratiques, nouvelle \u00e9pist\u00e9mologie ? | L&rsquo;\u00e9dition \u00e9lectronique ouverte","author":"Lyonel Kaufmann","date":"10 mars 2011","format":"aside","excerpt":"Samedi 12 mars, entre 9h00 et 12h30, le Cl\u00e9o participera \u00e0 une table ronde de la Soci\u00e9t\u00e9 d\u2019Histoire Moderne et Contemporaine (SHMC). Pr\u00e9sentation : En quoi les outils num\u00e9riques changent-ils notre mani\u00e8re de travailler ? Il ne s\u2019agit pas ici de revenir sur les rapports entre informatique et histoire, mais\u2026","rel":"","context":"Dans &quot;L'Expresso&quot;","block_context":{"text":"L'Expresso","link":"https:\/\/lyonelkaufmann.ch\/Blog\/category\/breves\/"},"img":{"alt_text":"","src":"https:\/\/i0.wp.com\/leo.hypotheses.org\/files\/2011\/03\/3433425269_933e258b7a_z-300x201.jpg?resize=350%2C200","width":350,"height":200},"classes":[]},{"id":3693,"url":"https:\/\/lyonelkaufmann.ch\/Blog\/2011\/04\/30\/le-numerique-pour-changer-lecole-un-colloque-du-sgen-cfdt\/","url_meta":{"origin":6497,"position":4},"title":"Le num\u00e9rique pour changer l&rsquo;\u00c9cole | Un colloque du Sgen-CFDT","author":"Lyonel Kaufmann","date":"30 avril 2011","format":false,"excerpt":"Voici une excellente initiative du syndicat Sgen-CFDT que ce colloque intitul\u00e9 \u00abLe num\u00e9rique : quelle Ecole? quels enjeux?\u00bb, organis\u00e9 le 18 mai 2011 \u00e0 Paris. Et d'abord, une premi\u00e8re \u00e9vidence pour le syndicat: \"Le num\u00e9rique n\u2019est pas une baguette magique qui permettrait d\u2019imposer en un seul clic un changement du\u2026","rel":"","context":"Dans &quot;histoire&quot;","block_context":{"text":"histoire","link":"https:\/\/lyonelkaufmann.ch\/Blog\/category\/histoire-2\/"},"img":{"alt_text":"","src":"https:\/\/i0.wp.com\/lyonelkaufmann.ch\/histoire\/wp-content\/uploads\/2011\/04\/rec91.jpg?resize=350%2C200","width":350,"height":200},"classes":[]},{"id":3133,"url":"https:\/\/lyonelkaufmann.ch\/Blog\/2010\/08\/25\/en-ludovia-ma-premiere-journee-24-aout\/","url_meta":{"origin":6497,"position":5},"title":"En Ludovia : ma premi\u00e8re journ\u00e9e (24 ao\u00fbt)","author":"Lyonel Kaufmann","date":"25 ao\u00fbt 2010","format":false,"excerpt":"Tout a d\u00e9marr\u00e9 avec le colloque scientifique \"Interactions\/Interactivit\u00e9s\" avec trois interventions d'universitaires dont 2 s\u00e9mioticiens. Pendant que quelques blogueurs en \u00e9taient encore \u00e0 boire le caf\u00e9, Philippe Dumas nous demandait si nous voulions \u00eatre amis. Il ne nous a pas laiss\u00e9 r\u00e9pondre... En r\u00e9sum\u00e9 donc beaucoup de peine de la\u2026","rel":"","context":"Dans &quot;histoire&quot;","block_context":{"text":"histoire","link":"https:\/\/lyonelkaufmann.ch\/Blog\/category\/histoire-2\/"},"img":{"alt_text":"","src":"https:\/\/i0.wp.com\/lyonelkaufmann.ch\/Blog\/wp-content\/uploads\/2015\/03\/blogcafe1.jpg?fit=1024%2C683&ssl=1&resize=350%2C200","width":350,"height":200,"srcset":"https:\/\/i0.wp.com\/lyonelkaufmann.ch\/Blog\/wp-content\/uploads\/2015\/03\/blogcafe1.jpg?fit=1024%2C683&ssl=1&resize=350%2C200 1x, https:\/\/i0.wp.com\/lyonelkaufmann.ch\/Blog\/wp-content\/uploads\/2015\/03\/blogcafe1.jpg?fit=1024%2C683&ssl=1&resize=525%2C300 1.5x, https:\/\/i0.wp.com\/lyonelkaufmann.ch\/Blog\/wp-content\/uploads\/2015\/03\/blogcafe1.jpg?fit=1024%2C683&ssl=1&resize=700%2C400 2x"},"classes":[]}],"jetpack_likes_enabled":true,"_links":{"self":[{"href":"https:\/\/lyonelkaufmann.ch\/Blog\/wp-json\/wp\/v2\/posts\/6497","targetHints":{"allow":["GET"]}}],"collection":[{"href":"https:\/\/lyonelkaufmann.ch\/Blog\/wp-json\/wp\/v2\/posts"}],"about":[{"href":"https:\/\/lyonelkaufmann.ch\/Blog\/wp-json\/wp\/v2\/types\/post"}],"author":[{"embeddable":true,"href":"https:\/\/lyonelkaufmann.ch\/Blog\/wp-json\/wp\/v2\/users\/1"}],"replies":[{"embeddable":true,"href":"https:\/\/lyonelkaufmann.ch\/Blog\/wp-json\/wp\/v2\/comments?post=6497"}],"version-history":[{"count":0,"href":"https:\/\/lyonelkaufmann.ch\/Blog\/wp-json\/wp\/v2\/posts\/6497\/revisions"}],"wp:featuredmedia":[{"embeddable":true,"href":"https:\/\/lyonelkaufmann.ch\/Blog\/wp-json\/wp\/v2\/media\/14680"}],"wp:attachment":[{"href":"https:\/\/lyonelkaufmann.ch\/Blog\/wp-json\/wp\/v2\/media?parent=6497"}],"wp:term":[{"taxonomy":"category","embeddable":true,"href":"https:\/\/lyonelkaufmann.ch\/Blog\/wp-json\/wp\/v2\/categories?post=6497"},{"taxonomy":"post_tag","embeddable":true,"href":"https:\/\/lyonelkaufmann.ch\/Blog\/wp-json\/wp\/v2\/tags?post=6497"}],"curies":[{"name":"wp","href":"https:\/\/api.w.org\/{rel}","templated":true}]}}