{"id":6502,"date":"2012-11-30T09:00:00","date_gmt":"2012-11-30T09:00:00","guid":{"rendered":"http:\/\/lyonelkaufmann.ch\/histoire\/?p=6502"},"modified":"2024-01-02T10:56:22","modified_gmt":"2024-01-02T09:56:22","slug":"berlin-annees-1930-dans-le-jardin-de-la-bete","status":"publish","type":"post","link":"https:\/\/lyonelkaufmann.ch\/Blog\/2012\/11\/30\/berlin-annees-1930-dans-le-jardin-de-la-bete\/","title":{"rendered":"Berlin ann\u00e9es 1930 : \u00abDans le jardin de la b\u00eate\u00bb"},"content":{"rendered":"<p><img data-recalc-dims=\"1\" loading=\"lazy\" decoding=\"async\" style=\"float:left;\" title=\"1797943_6_2e4e_couverture-de-l-ouvrage-d-erik-larson-dans-le_40b96db63e0bc023b8ad027f7591871e.jpg\" src=\"https:\/\/i0.wp.com\/lyonelkaufmann.ch\/histoire\/wp-content\/uploads\/2012\/11\/1797943_6_2e4e_couverture-de-l-ouvrage-d-erik-larson-dans-le_40b96db63e0bc023b8ad027f7591871e1.jpg?resize=191%2C300\" alt=\"1797943 6 2e4e couverture de l ouvrage d erik larson dans le 40b96db63e0bc023b8ad027f7591871e\" width=\"191\" height=\"300\" border=\"0\" \/> <strong>Dans cet essai \u00e9crit sous la forme d&rsquo;un roman, Erik Larson\u00a0brosse la d\u00e9couverte de l&rsquo;Allemagne nazie par l&rsquo;Am\u00e9ricain William E. Dodd, nomm\u00e9 en 1933 ambassadeur \u00e0 Berlin &#8211; poste qu&rsquo;il occupera jusqu&rsquo;en 1937 -, et sa fille Martha, \u00e2g\u00e9e de 24 ans.\u00a0<\/strong><\/p>\n<p>Nommer en 1933 William E. Dodd, modeste professeur \u00e0 l&rsquo;universit\u00e9 de Chicago, ambassadeur \u00e0 Berlin, est un choix par d\u00e9faut.\u00a0Lorsqu&rsquo;il accepte la proposition, ce sexag\u00e9naire, diplomate novice, n&rsquo;aspire qu&rsquo;\u00e0 mener une vie tranquille, achever son histoire du Vieux Sud des Etats-Unis et renouer avec l&rsquo;Allemagne qu&rsquo;il a connue au temps de ses \u00e9tudes. Pas question de faire des vagues ni de jeter de l&rsquo;huile sur le feu : telle est la politique de ce d\u00e9mocrate de la vieille \u00e9cole.<\/p>\n<p>Plus enthousiaste est sa fille, Martha, 24 ans, qui\u00a0entretiendra une liaison amoureuse avec Rudolf Diels, alors chef de la Gestapo, puis tombera sous le charme du premier secr\u00e9taire de l&rsquo;ambassade sovi\u00e9tique &#8211; et deviendra une espionne communiste. L&rsquo;int\u00e9ress\u00e9e prendra soin de dissimuler ses aventures lorsqu&rsquo;elle publiera <em>Through Embassy Eyes<\/em> en 1939. A sa mort, elle l\u00e9guera ses papiers personnels \u00e0 la Biblioth\u00e8que du Congr\u00e8s \u00e0 Washington, o\u00f9 Erik Larson a consult\u00e9 les soixante-dix lettres d&rsquo;amour adress\u00e9es par son amant Boris Winogradov.<\/p>\n<p>Des comptes-rendus de lecture sur Babelio :\u00a0<a href=\"http:\/\/www.babelio.com\/livres\/Larson-Dans-le-jardin-de-la-bete\/391114\/critiques\">http:\/\/www.babelio.com\/livres\/Larson-Dans-le-jardin-de-la-bete\/391114\/critiques<\/a><\/p>\n","protected":false},"excerpt":{"rendered":"<p>Dans cet essai \u00e9crit sous la forme d&rsquo;un roman, Erik Larson\u00a0brosse la d\u00e9couverte de l&rsquo;Allemagne nazie par l&rsquo;Am\u00e9ricain William E. Dodd, nomm\u00e9 en 1933 ambassadeur \u00e0 Berlin &#8211; poste qu&rsquo;il occupera jusqu&rsquo;en 1937 -, et sa fille Martha, \u00e2g\u00e9e de 24 ans.\u00a0 Nommer en 1933 William E. Dodd, modeste professeur \u00e0 l&rsquo;universit\u00e9 de Chicago, ambassadeur [&hellip;]<\/p>\n","protected":false},"author":1,"featured_media":14193,"comment_status":"open","ping_status":"open","sticky":false,"template":"","format":"standard","meta":{"_import_markdown_pro_load_document_selector":0,"_import_markdown_pro_submit_text_textarea":"","_genesis_hide_title":false,"_genesis_hide_breadcrumbs":false,"_genesis_hide_singular_image":false,"_genesis_hide_footer_widgets":false,"_genesis_custom_body_class":"","_genesis_custom_post_class":"","_genesis_layout":"","jetpack_post_was_ever_published":false,"_jetpack_newsletter_access":"","_jetpack_dont_email_post_to_subs":false,"_jetpack_newsletter_tier_id":0,"_jetpack_memberships_contains_paywalled_content":false,"_jetpack_memberships_contains_paid_content":false,"activitypub_content_warning":"","activitypub_content_visibility":"","activitypub_max_image_attachments":3,"activitypub_interaction_policy_quote":"anyone","activitypub_status":"","footnotes":"","jetpack_publicize_message":"","jetpack_publicize_feature_enabled":true,"jetpack_social_post_already_shared":true,"jetpack_social_options":{"image_generator_settings":{"template":"fullscreen","default_image_id":0,"font":"","enabled":false},"version":2}},"categories":[2],"tags":[],"class_list":{"0":"post-6502","1":"post","2":"type-post","3":"status-publish","4":"format-standard","5":"has-post-thumbnail","7":"category-histoire-2","8":"entry"},"jetpack_publicize_connections":[],"featured_image_src":"https:\/\/i0.wp.com\/lyonelkaufmann.ch\/Blog\/wp-content\/uploads\/2015\/03\/1797943_6_2e4e_couverture-de-l-ouvrage-d-erik-larson-dans-le_40b96db63e0bc023b8ad027f7591871e1.jpg?resize=191%2C300&ssl=1","featured_image_src_square":"https:\/\/i0.wp.com\/lyonelkaufmann.ch\/Blog\/wp-content\/uploads\/2015\/03\/1797943_6_2e4e_couverture-de-l-ouvrage-d-erik-larson-dans-le_40b96db63e0bc023b8ad027f7591871e1.jpg?resize=191%2C300&ssl=1","author_info":{"display_name":"Lyonel Kaufmann","author_link":"https:\/\/lyonelkaufmann.ch\/Blog\/author\/lyonelk\/"},"jetpack_featured_media_url":"https:\/\/i0.wp.com\/lyonelkaufmann.ch\/Blog\/wp-content\/uploads\/2015\/03\/1797943_6_2e4e_couverture-de-l-ouvrage-d-erik-larson-dans-le_40b96db63e0bc023b8ad027f7591871e1.jpg?fit=191%2C300&ssl=1","jetpack_sharing_enabled":true,"jetpack_shortlink":"https:\/\/wp.me\/p1qtF4-1GS","jetpack-related-posts":[{"id":1543,"url":"https:\/\/lyonelkaufmann.ch\/Blog\/2009\/09\/10\/10-apres-sa-chute-chronique-du-mur-de-berlin\/","url_meta":{"origin":6502,"position":0},"title":"20 apr\u00e8s sa chute: Chronique du Mur de Berlin","author":"Lyonel Kaufmann","date":"10 septembre 2009","format":false,"excerpt":"Chronik der Mauer - Bau und Fall der Berliner Mauer La chronique du Mur de Berlin de 1961 \u00e0 1989 par la Bundesrentrale f\u00fcr politische Bildung, la Zentrume f\u00fcr Zeithistorische F\u00f6rschung et la Deutschlandradio. Un impressionnant dossier de sources et documents de la p\u00e9riode est offert en mati\u00e8re de films,\u2026","rel":"","context":"Dans &quot;histoire&quot;","block_context":{"text":"histoire","link":"https:\/\/lyonelkaufmann.ch\/Blog\/category\/histoire-2\/"},"img":{"alt_text":"","src":"https:\/\/i0.wp.com\/lyonelkaufmann.ch\/Blog\/wp-content\/uploads\/2015\/03\/blogcafe1.jpg?fit=1024%2C683&ssl=1&resize=350%2C200","width":350,"height":200,"srcset":"https:\/\/i0.wp.com\/lyonelkaufmann.ch\/Blog\/wp-content\/uploads\/2015\/03\/blogcafe1.jpg?fit=1024%2C683&ssl=1&resize=350%2C200 1x, https:\/\/i0.wp.com\/lyonelkaufmann.ch\/Blog\/wp-content\/uploads\/2015\/03\/blogcafe1.jpg?fit=1024%2C683&ssl=1&resize=525%2C300 1.5x, https:\/\/i0.wp.com\/lyonelkaufmann.ch\/Blog\/wp-content\/uploads\/2015\/03\/blogcafe1.jpg?fit=1024%2C683&ssl=1&resize=700%2C400 2x"},"classes":[]},{"id":23036,"url":"https:\/\/lyonelkaufmann.ch\/Blog\/2021\/12\/02\/roadbook-zum-nusbaum-berlin\/","url_meta":{"origin":6502,"position":1},"title":"Roadbook : Zum Nu\u00dfbaum | Berlin","author":"Lyonel Kaufmann","date":"2 d\u00e9cembre 2021","format":false,"excerpt":"Zum Nu\u00dfbaum est une auberge historique \u00e0 Berlin, en Allemagne. Anciennement situ\u00e9 \u00e0 Fischerinsel, apr\u00e8s sa destruction pendant la Seconde Guerre mondiale, l'auberge a \u00e9t\u00e9 recr\u00e9\u00e9e dans le Nikolaiviertel voisin. L'auberge, situ\u00e9e \u00e0 l'origine dans la Fischerstra\u00dfe 21, a \u00e9t\u00e9 construite en 1505 ou en 1705, selon diff\u00e9rentes interpr\u00e9tations de\u2026","rel":"","context":"Dans &quot;Blogcaf\u00e9&quot;","block_context":{"text":"Blogcaf\u00e9","link":"https:\/\/lyonelkaufmann.ch\/Blog\/category\/blogcafe-2\/"},"img":{"alt_text":"","src":"https:\/\/i0.wp.com\/lyonelkaufmann.ch\/Blog\/wp-content\/uploads\/2021\/12\/dd4b3436-c2d2-425a-a66a-5953a767f261.jpg?resize=350%2C200&ssl=1","width":350,"height":200,"srcset":"https:\/\/i0.wp.com\/lyonelkaufmann.ch\/Blog\/wp-content\/uploads\/2021\/12\/dd4b3436-c2d2-425a-a66a-5953a767f261.jpg?resize=350%2C200&ssl=1 1x, https:\/\/i0.wp.com\/lyonelkaufmann.ch\/Blog\/wp-content\/uploads\/2021\/12\/dd4b3436-c2d2-425a-a66a-5953a767f261.jpg?resize=525%2C300&ssl=1 1.5x, https:\/\/i0.wp.com\/lyonelkaufmann.ch\/Blog\/wp-content\/uploads\/2021\/12\/dd4b3436-c2d2-425a-a66a-5953a767f261.jpg?resize=700%2C400&ssl=1 2x, https:\/\/i0.wp.com\/lyonelkaufmann.ch\/Blog\/wp-content\/uploads\/2021\/12\/dd4b3436-c2d2-425a-a66a-5953a767f261.jpg?resize=1050%2C600&ssl=1 3x, https:\/\/i0.wp.com\/lyonelkaufmann.ch\/Blog\/wp-content\/uploads\/2021\/12\/dd4b3436-c2d2-425a-a66a-5953a767f261.jpg?resize=1400%2C800&ssl=1 4x"},"classes":[]},{"id":20500,"url":"https:\/\/lyonelkaufmann.ch\/Blog\/2019\/11\/08\/lallemagne-de-lest-est-elle-la-grande-perdante-de-lunification\/","url_meta":{"origin":6502,"position":2},"title":"L\u2019Allemagne de l\u2019Est est-elle la grande perdante de l\u2019unification ?","author":"Lyonel Kaufmann","date":"8 novembre 2019","format":false,"excerpt":"Trente ans plus tard, la f\u00eate n\u2019est plus aussi belle que le 9 novembre 1989 quand est tomb\u00e9 le mur de Berlin sous la pression des Berlinois de l\u2019Est venus v\u00e9rifier s\u2019il \u00e9tait bien \u00ab ouvert \u00bb comme venait de le d\u00e9clarer, lors d\u2019une conf\u00e9rence de presse, le porte-parole nouvellement\u2026","rel":"","context":"Dans &quot;histoire&quot;","block_context":{"text":"histoire","link":"https:\/\/lyonelkaufmann.ch\/Blog\/category\/histoire-2\/"},"img":{"alt_text":"","src":"https:\/\/i0.wp.com\/lyonelkaufmann.ch\/Blog\/wp-content\/uploads\/2019\/11\/file-20191107-10961-r66w0d.jpg?fit=490%2C225&ssl=1&resize=350%2C200","width":350,"height":200},"classes":[]},{"id":3926,"url":"https:\/\/lyonelkaufmann.ch\/Blog\/2011\/08\/15\/une-histoire-de-lhistoire-a-berlin-capitale-du-xxe-siecle\/","url_meta":{"origin":6502,"position":3},"title":"Une \u00ab histoire de l\u2019Histoire \u00bb \u00e0 Berlin, capitale du XXe si\u00e8cle","author":"Lyonel Kaufmann","date":"15 ao\u00fbt 2011","format":"link","excerpt":"Une \u00ab\u00a0histoire de l\u2019Histoire\u00a0\u00bb \u00e0 Berlin, capitale du XXe si\u00e8cle Mouvements artistiques, Rosa Luxemburg, Deuxi\u00e8me Guerre mondiale, le Mur et sa chute : Berlin est-elle la \u00ab capitale \u00bb du XXe si\u00e8cle, pour le meilleur et pour le pire ?\u00a0La r\u00e9ponse est oui pour l'auteur de cet article sur Rue89.\u2026","rel":"","context":"Dans &quot;histoire&quot;","block_context":{"text":"histoire","link":"https:\/\/lyonelkaufmann.ch\/Blog\/category\/histoire-2\/"},"img":{"alt_text":"","src":"https:\/\/i0.wp.com\/lyonelkaufmann.ch\/Blog\/wp-content\/uploads\/2015\/03\/blogcafe1.jpg?fit=1024%2C683&ssl=1&resize=350%2C200","width":350,"height":200,"srcset":"https:\/\/i0.wp.com\/lyonelkaufmann.ch\/Blog\/wp-content\/uploads\/2015\/03\/blogcafe1.jpg?fit=1024%2C683&ssl=1&resize=350%2C200 1x, https:\/\/i0.wp.com\/lyonelkaufmann.ch\/Blog\/wp-content\/uploads\/2015\/03\/blogcafe1.jpg?fit=1024%2C683&ssl=1&resize=525%2C300 1.5x, https:\/\/i0.wp.com\/lyonelkaufmann.ch\/Blog\/wp-content\/uploads\/2015\/03\/blogcafe1.jpg?fit=1024%2C683&ssl=1&resize=700%2C400 2x"},"classes":[]},{"id":7127,"url":"https:\/\/lyonelkaufmann.ch\/Blog\/2013\/06\/04\/memorial-berliner-mauer-bernauer-strase-histoire-de-berlin\/","url_meta":{"origin":6502,"position":4},"title":"Memorial Berliner Mauer &#8211; Bernauer Stra\u00dfe &#8211; Histoire de Berlin","author":"Lyonel Kaufmann","date":"4 juin 2013","format":false,"excerpt":"See on Scoop.it - histoireCe site historique est le meilleur endroit pour (re)d\u00e9couvrir ou d'apprendre ce que c'\u00e9tait le Mur de Berlin. Ici, la division de la ville \u00e9tait particuli\u00e8rement douloureuse pour les habitants qui furent s\u00e9par\u00e9s de leurs familles et amis. La photo du soldat sautant au-dessus des barbel\u00e9s\u2026","rel":"","context":"Dans &quot;histoire&quot;","block_context":{"text":"histoire","link":"https:\/\/lyonelkaufmann.ch\/Blog\/category\/histoire-2\/"},"img":{"alt_text":"","src":"","width":0,"height":0},"classes":[]},{"id":20396,"url":"https:\/\/lyonelkaufmann.ch\/Blog\/2019\/10\/13\/premier-pas-guide-berlin\/","url_meta":{"origin":6502,"position":5},"title":"Premier pas : Guide #Berlin","author":"Lyonel Kaufmann","date":"13 octobre 2019","format":false,"excerpt":"Pour mon deuxi\u00e8me s\u00e9jour \u00e0 Berlin apr\u00e8s juillet 2016, j\u2019envisage d\u2019approfondir mon impr\u00e9gnation de la ville et la poursuivre \u00e0 partir du centre. J\u2019envisage soit de poursuivre sa d\u00e9couverte \u00e0 pied, soit \u00e0 v\u00e9lo ou un mixte des deux. J\u2019ai effectu\u00e9 quelques recherches en ce sens. Finalement, j\u2019ai aussi acquis\u2026","rel":"","context":"Dans &quot;Roadbook&quot;","block_context":{"text":"Roadbook","link":"https:\/\/lyonelkaufmann.ch\/Blog\/category\/roadbook\/"},"img":{"alt_text":"","src":"https:\/\/i0.wp.com\/lyonelkaufmann.ch\/Blog\/wp-content\/uploads\/2019\/10\/9A83D2D1-AB09-4374-ABD7-726CFEE1A11E.jpeg?fit=1200%2C798&ssl=1&resize=350%2C200","width":350,"height":200,"srcset":"https:\/\/i0.wp.com\/lyonelkaufmann.ch\/Blog\/wp-content\/uploads\/2019\/10\/9A83D2D1-AB09-4374-ABD7-726CFEE1A11E.jpeg?fit=1200%2C798&ssl=1&resize=350%2C200 1x, https:\/\/i0.wp.com\/lyonelkaufmann.ch\/Blog\/wp-content\/uploads\/2019\/10\/9A83D2D1-AB09-4374-ABD7-726CFEE1A11E.jpeg?fit=1200%2C798&ssl=1&resize=525%2C300 1.5x, https:\/\/i0.wp.com\/lyonelkaufmann.ch\/Blog\/wp-content\/uploads\/2019\/10\/9A83D2D1-AB09-4374-ABD7-726CFEE1A11E.jpeg?fit=1200%2C798&ssl=1&resize=700%2C400 2x, https:\/\/i0.wp.com\/lyonelkaufmann.ch\/Blog\/wp-content\/uploads\/2019\/10\/9A83D2D1-AB09-4374-ABD7-726CFEE1A11E.jpeg?fit=1200%2C798&ssl=1&resize=1050%2C600 3x"},"classes":[]}],"jetpack_likes_enabled":true,"_links":{"self":[{"href":"https:\/\/lyonelkaufmann.ch\/Blog\/wp-json\/wp\/v2\/posts\/6502","targetHints":{"allow":["GET"]}}],"collection":[{"href":"https:\/\/lyonelkaufmann.ch\/Blog\/wp-json\/wp\/v2\/posts"}],"about":[{"href":"https:\/\/lyonelkaufmann.ch\/Blog\/wp-json\/wp\/v2\/types\/post"}],"author":[{"embeddable":true,"href":"https:\/\/lyonelkaufmann.ch\/Blog\/wp-json\/wp\/v2\/users\/1"}],"replies":[{"embeddable":true,"href":"https:\/\/lyonelkaufmann.ch\/Blog\/wp-json\/wp\/v2\/comments?post=6502"}],"version-history":[{"count":1,"href":"https:\/\/lyonelkaufmann.ch\/Blog\/wp-json\/wp\/v2\/posts\/6502\/revisions"}],"predecessor-version":[{"id":24668,"href":"https:\/\/lyonelkaufmann.ch\/Blog\/wp-json\/wp\/v2\/posts\/6502\/revisions\/24668"}],"wp:featuredmedia":[{"embeddable":true,"href":"https:\/\/lyonelkaufmann.ch\/Blog\/wp-json\/wp\/v2\/media\/14193"}],"wp:attachment":[{"href":"https:\/\/lyonelkaufmann.ch\/Blog\/wp-json\/wp\/v2\/media?parent=6502"}],"wp:term":[{"taxonomy":"category","embeddable":true,"href":"https:\/\/lyonelkaufmann.ch\/Blog\/wp-json\/wp\/v2\/categories?post=6502"},{"taxonomy":"post_tag","embeddable":true,"href":"https:\/\/lyonelkaufmann.ch\/Blog\/wp-json\/wp\/v2\/tags?post=6502"}],"curies":[{"name":"wp","href":"https:\/\/api.w.org\/{rel}","templated":true}]}}