{"id":6538,"date":"2012-12-05T14:00:24","date_gmt":"2012-12-05T14:00:24","guid":{"rendered":"http:\/\/lyonelkaufmann.ch\/histoire\/?p=6538"},"modified":"2012-12-05T14:00:24","modified_gmt":"2012-12-05T14:00:24","slug":"sans-empathie-historique-point-de-salut","status":"publish","type":"post","link":"https:\/\/lyonelkaufmann.ch\/Blog\/2012\/12\/05\/sans-empathie-historique-point-de-salut\/","title":{"rendered":"Sans empathie historique, point de salut !"},"content":{"rendered":"<p>Chantal Rivard nous narre son exp\u00e9rience avec une classe d&rsquo;histoire de 3e secondaire avec laquelle elle aborde le D\u00e9barquement de Normandie :<\/p>\n<blockquote><p><em>\u00abDans mon grand enthousiasme, je me suis dit qu\u2019afin que les \u00e9l\u00e8ves ressentent ce que les soldats impliqu\u00e9s dans le d\u00e9barquement du jour J ont d\u00fb ressentir, je n\u2019avais qu\u2019\u00e0 leur montrer les 20 premi\u00e8res minutes du film Saving Private Ryan.\u00a0 Avec \u00e7a, ils devaient comprendre la peur, la trouille, l\u2019angoisse, tout ce qu\u2019ont ressenti ces h\u00e9ros qui n\u2019en \u00e9taient pas.\u00a0 Mais quelle erreur ai-je faite!\u00a0 Des \u00e9clats de rire \u00e0 la vue de ce soldat qui, victime d\u2019un tir allemand, perd son bras et se met \u00e0 le rechercher.\u00a0 Aucune empathie envers ce \u00ab\u00a0com\u00e9dien\u00a0\u00bb qui, dans la vie, n\u2019a \u00e9videmment pas perdu son bras pendant le tournage.\u00a0 Les \u00e9l\u00e8ves ont visionn\u00e9 ce film comme ils visionnent un film d\u2019horreur\u00a0: avec une peur dilu\u00e9e par le rire d\u2019une situation qu\u2019ils jugeaient impossible. \u00c9chec donc.\u00a0 Pas d\u2019empathie historique.\u00bb<\/em><\/p><\/blockquote>\n<p>Se basant ensuite sur les travaux de Forster, ((Foster, Stuart J. (2001). Historical Empathy in Theory and Practice : Some Final Thoughts. Dans O.L. Davis Jr., E.A.Yeager et S.J. Foster (dir.) Historical Empathy and Perspective Taking in the Social Studies (p. 167-181). Lanham, \u00c9tats-Unis: Rowman &amp; Littlefield Publishers, INC.)) elle va modifier son enseignement :<\/p>\n<blockquote><p><em>\u00abFoster (2001) le soutient, la compr\u00e9hension du contexte est essentielle pour que les \u00e9l\u00e8ves puissent d\u00e9velopper de l\u2019empathie historique. Cette derni\u00e8re implique une compr\u00e9hension des actions des gens du pass\u00e9. [\u2026] Le d\u00e9fi des enseignants est ici de fournir un environnement d\u2019apprentissage dans lequel les \u00e9l\u00e8ves sont encourag\u00e9s \u00e0 examiner les actions et motivations pass\u00e9es (Foster, 2001). Voil\u00e0 un aspect que je n\u2019ai pas retenu.\u00bb<\/em><\/p><\/blockquote>\n<p>A vous maintenant de d\u00e9couvrir ce que Chantal Rivard a entrepris avec ses \u00e9l\u00e8ves pour d\u00e9velopper leur empathie historique et les r\u00e9sultats obtenus :\u00a0<a href=\"http:\/\/thenhier.ca\/fr\/content\/sans-empathie-il-ny-point-de-salut\">Sans empathie, il n&rsquo;y a point de salut! | The History Education Network<\/a>.<\/p>\n","protected":false},"excerpt":{"rendered":"<p>Chantal Rivard nous narre son exp\u00e9rience avec une classe d&rsquo;histoire de 3e secondaire avec laquelle elle aborde le D\u00e9barquement de Normandie : \u00abDans mon grand enthousiasme, je me suis dit qu\u2019afin que les \u00e9l\u00e8ves ressentent ce que les soldats impliqu\u00e9s dans le d\u00e9barquement du jour J ont d\u00fb ressentir, je n\u2019avais qu\u2019\u00e0 leur montrer les [&hellip;]<\/p>\n","protected":false},"author":1,"featured_media":14680,"comment_status":"open","ping_status":"open","sticky":false,"template":"","format":"standard","meta":{"_import_markdown_pro_load_document_selector":0,"_import_markdown_pro_submit_text_textarea":"","_genesis_hide_title":false,"_genesis_hide_breadcrumbs":false,"_genesis_hide_singular_image":false,"_genesis_hide_footer_widgets":false,"_genesis_custom_body_class":"","_genesis_custom_post_class":"","_genesis_layout":"","jetpack_post_was_ever_published":false,"_jetpack_newsletter_access":"","_jetpack_dont_email_post_to_subs":false,"_jetpack_newsletter_tier_id":0,"_jetpack_memberships_contains_paywalled_content":false,"_jetpack_memberships_contains_paid_content":false,"activitypub_content_warning":"","activitypub_content_visibility":"","activitypub_max_image_attachments":3,"activitypub_interaction_policy_quote":"anyone","activitypub_status":"","footnotes":"","jetpack_publicize_message":"","jetpack_publicize_feature_enabled":true,"jetpack_social_post_already_shared":true,"jetpack_social_options":{"image_generator_settings":{"template":"fullscreen","default_image_id":0,"font":"","enabled":false},"version":2}},"categories":[2],"tags":[],"class_list":{"0":"post-6538","1":"post","2":"type-post","3":"status-publish","4":"format-standard","5":"has-post-thumbnail","7":"category-histoire-2","8":"entry"},"jetpack_publicize_connections":[],"featured_image_src":"https:\/\/i0.wp.com\/lyonelkaufmann.ch\/Blog\/wp-content\/uploads\/2015\/03\/blogcafe1.jpg?resize=600%2C400&ssl=1","featured_image_src_square":"https:\/\/i0.wp.com\/lyonelkaufmann.ch\/Blog\/wp-content\/uploads\/2015\/03\/blogcafe1.jpg?resize=600%2C600&ssl=1","author_info":{"display_name":"Lyonel Kaufmann","author_link":"https:\/\/lyonelkaufmann.ch\/Blog\/author\/lyonelk\/"},"jetpack_featured_media_url":"https:\/\/i0.wp.com\/lyonelkaufmann.ch\/Blog\/wp-content\/uploads\/2015\/03\/blogcafe1.jpg?fit=1024%2C683&ssl=1","jetpack_sharing_enabled":true,"jetpack_shortlink":"https:\/\/wp.me\/p1qtF4-1Hs","jetpack-related-posts":[{"id":2926,"url":"https:\/\/lyonelkaufmann.ch\/Blog\/2010\/07\/27\/film-histoire-le-debarquement-de-normandie\/","url_meta":{"origin":6538,"position":0},"title":"Film &amp; Histoire : Le d\u00e9barquement de Normandie","author":"Lyonel Kaufmann","date":"27 juillet 2010","format":false,"excerpt":"La pause estivale est l\u2019occasion de rattraper ses retards en lecture de toutes sortes. Je vous proposerai donc quelques ouvrages ou lecture en ligne en lien avec le cin\u00e9ma et l\u2019histoire. Pour le reste, le site tournera tr\u00e8s certainement au ralenti. Bon \u00e9t\u00e9! Olivier Wieviorka est l'auteur en 2007 de\u2026","rel":"","context":"Dans &quot;histoire&quot;","block_context":{"text":"histoire","link":"https:\/\/lyonelkaufmann.ch\/Blog\/category\/histoire-2\/"},"img":{"alt_text":"","src":"https:\/\/i0.wp.com\/lyonelkaufmann.ch\/histoire\/wp-content\/uploads\/2010\/06\/wieviorka_debarquement_normandie.jpg?resize=350%2C200","width":350,"height":200},"classes":[]},{"id":290,"url":"https:\/\/lyonelkaufmann.ch\/Blog\/2008\/02\/25\/bloody-ohama-le-making-off-dun-documentaire-sur-le-debarquement\/","url_meta":{"origin":6538,"position":1},"title":"Bloody Ohama : le making off d&rsquo;un documentaire sur le d\u00e9barquement","author":"Lyonel Kaufmann","date":"25 f\u00e9vrier 2008","format":false,"excerpt":"En prolongement \u00e0 notre premi\u00e8re s\u00e9ance sur le film historique (fiction) et le film documentaire historique, voici une int\u00e9ressante vid\u00e9o relative \u00e0 un making off. Dans cette pr\u00e9sentation, Richard Hammon, animateur de l'\u00e9mission Top Gear, nous pr\u00e9sente le making of de Bloody Omaha, un cour-m\u00e9trage diffus\u00e9 dans l'\u00e9mission Timewatch (BBC).\u2026","rel":"","context":"Dans &quot;histoire&quot;","block_context":{"text":"histoire","link":"https:\/\/lyonelkaufmann.ch\/Blog\/category\/histoire-2\/"},"img":{"alt_text":"","src":"https:\/\/i0.wp.com\/lyonelkaufmann.ch\/Blog\/wp-content\/uploads\/2015\/03\/021.jpg?fit=480%2C360&ssl=1&resize=350%2C200","width":350,"height":200},"classes":[]},{"id":8034,"url":"https:\/\/lyonelkaufmann.ch\/Blog\/2014\/06\/06\/d-day-les-commemorations-les-medias-sociaux-et-lenseignement-de-lhistoire\/","url_meta":{"origin":6538,"position":2},"title":"D-Day : les comm\u00e9morations, les m\u00e9dias sociaux et l&rsquo;enseignement de l&rsquo;histoire","author":"Lyonel Kaufmann","date":"6 juin 2014","format":false,"excerpt":"En 2014, les comm\u00e9morations historiques sont sur les m\u00e9dias sociaux ou ne le sont pas et elles se succ\u00e8dent \u00e0 un rythme soutenu. Depuis 2013, les comm\u00e9morations de la Premi\u00e8re Guerre mondiales ont \u00e9t\u00e9 lanc\u00e9e (Kaufmann, L. (2013).\u00a014-18, le centenaire en phase d\u2019approche serr\u00e9e\u00a0.\u00a0Le Caf\u00e9 p\u00e9dagogique, No 143, mai) et\u2026","rel":"","context":"Dans &quot;histoire&quot;","block_context":{"text":"histoire","link":"https:\/\/lyonelkaufmann.ch\/Blog\/category\/histoire-2\/"},"img":{"alt_text":"","src":"https:\/\/i0.wp.com\/lyonelkaufmann.ch\/Blog\/wp-content\/uploads\/2015\/03\/louis_castel_en_169.jpg?fit=639%2C359&ssl=1&resize=350%2C200","width":350,"height":200,"srcset":"https:\/\/i0.wp.com\/lyonelkaufmann.ch\/Blog\/wp-content\/uploads\/2015\/03\/louis_castel_en_169.jpg?fit=639%2C359&ssl=1&resize=350%2C200 1x, https:\/\/i0.wp.com\/lyonelkaufmann.ch\/Blog\/wp-content\/uploads\/2015\/03\/louis_castel_en_169.jpg?fit=639%2C359&ssl=1&resize=525%2C300 1.5x"},"classes":[]},{"id":8046,"url":"https:\/\/lyonelkaufmann.ch\/Blog\/2014\/06\/12\/dans-la-pose-des-soldats-du-d-day-liberation\/","url_meta":{"origin":6538,"position":3},"title":"Dans la pose des soldats du\u00a0D-Day | Lib\u00e9ration","author":"Lyonel Kaufmann","date":"12 juin 2014","format":false,"excerpt":"La photographe Adeline Keil a suivi des jeunes Normands qui\u00a0endossent chaque mois l\u2019uniforme am\u00e9ricain. D\u00e9barquement \u00e0 Utah Beach. Sur une photo, les trois jeunes soldats am\u00e9ricains posent sans tension, mais avec s\u00e9rieux et peut-\u00eatre un peu de fiert\u00e9. Sur une autre, un soldat est assis sur une marche, \u00e0 la\u2026","rel":"","context":"Dans &quot;histoire&quot;","block_context":{"text":"histoire","link":"https:\/\/lyonelkaufmann.ch\/Blog\/category\/histoire-2\/"},"img":{"alt_text":"","src":"https:\/\/i0.wp.com\/lyonelkaufmann.ch\/Blog\/wp-content\/uploads\/2015\/03\/blogcafe1.jpg?fit=1024%2C683&ssl=1&resize=350%2C200","width":350,"height":200,"srcset":"https:\/\/i0.wp.com\/lyonelkaufmann.ch\/Blog\/wp-content\/uploads\/2015\/03\/blogcafe1.jpg?fit=1024%2C683&ssl=1&resize=350%2C200 1x, https:\/\/i0.wp.com\/lyonelkaufmann.ch\/Blog\/wp-content\/uploads\/2015\/03\/blogcafe1.jpg?fit=1024%2C683&ssl=1&resize=525%2C300 1.5x, https:\/\/i0.wp.com\/lyonelkaufmann.ch\/Blog\/wp-content\/uploads\/2015\/03\/blogcafe1.jpg?fit=1024%2C683&ssl=1&resize=700%2C400 2x"},"classes":[]},{"id":3272,"url":"https:\/\/lyonelkaufmann.ch\/Blog\/2010\/05\/16\/quand-gladiator-rencontre-robin-des-bois\/","url_meta":{"origin":6538,"position":4},"title":"Quand Gladiator rencontre Robin des Bois","author":"Lyonel Kaufmann","date":"16 mai 2010","format":"aside","excerpt":"J'ai pas boud\u00e9 mon plaisir ce vendredi soir en assistant \u00e0 la projection de Robin des Bois de Ridley Scott. Apr\u00e8s Gladiator, le couple Ridley Scott - Russel Crowe nous en remet ainsi une couche. En m\u00eame temps, il m'est difficile d'\u00eatre uniquement spectateur dans ce genre d'ouvrage. Cependant, il\u2026","rel":"","context":"Dans &quot;histoire&quot;","block_context":{"text":"histoire","link":"https:\/\/lyonelkaufmann.ch\/Blog\/category\/histoire-2\/"},"img":{"alt_text":"","src":"https:\/\/i0.wp.com\/lyonelkaufmann.ch\/Blog\/wp-content\/uploads\/2015\/03\/arton9879-f6d29.jpg?fit=450%2C328&ssl=1&resize=350%2C200","width":350,"height":200},"classes":[]},{"id":8663,"url":"https:\/\/lyonelkaufmann.ch\/Blog\/2015\/01\/27\/il-achete-31-pellicules-photos-aux-encheres-et-decouvre-un-tresor-au-developpement\/","url_meta":{"origin":6538,"position":5},"title":"Il ach\u00e8te 31 pellicules photos aux ench\u00e8res et d\u00e9couvre un tr\u00e9sor au d\u00e9veloppement","author":"Lyonel Kaufmann","date":"27 janvier 2015","format":false,"excerpt":"Le photographe\u00a0Levi Bettweiser\u00a0parcoure la plan\u00e8te \u00e0 la recherche de photographies perdues ou pas encore d\u00e9velopp\u00e9es. Oui cela existe et pour son projet\u00a0Rescued Film Project, il a r\u00e9cemment achet\u00e9 pas moins de 31 pellicules photo non d\u00e9velopp\u00e9es dans une vente aux ench\u00e8res dans l\u2019Ohio l\u2019an dernier. Il ne savait pas trop\u2026","rel":"","context":"Dans &quot;histoire&quot;","block_context":{"text":"histoire","link":"https:\/\/lyonelkaufmann.ch\/Blog\/category\/histoire-2\/"},"img":{"alt_text":"","src":"https:\/\/i0.wp.com\/lyonelkaufmann.ch\/Blog\/wp-content\/uploads\/2015\/03\/503216814_640.jpg?fit=640%2C346&ssl=1&resize=350%2C200","width":350,"height":200,"srcset":"https:\/\/i0.wp.com\/lyonelkaufmann.ch\/Blog\/wp-content\/uploads\/2015\/03\/503216814_640.jpg?fit=640%2C346&ssl=1&resize=350%2C200 1x, https:\/\/i0.wp.com\/lyonelkaufmann.ch\/Blog\/wp-content\/uploads\/2015\/03\/503216814_640.jpg?fit=640%2C346&ssl=1&resize=525%2C300 1.5x"},"classes":[]}],"jetpack_likes_enabled":true,"_links":{"self":[{"href":"https:\/\/lyonelkaufmann.ch\/Blog\/wp-json\/wp\/v2\/posts\/6538","targetHints":{"allow":["GET"]}}],"collection":[{"href":"https:\/\/lyonelkaufmann.ch\/Blog\/wp-json\/wp\/v2\/posts"}],"about":[{"href":"https:\/\/lyonelkaufmann.ch\/Blog\/wp-json\/wp\/v2\/types\/post"}],"author":[{"embeddable":true,"href":"https:\/\/lyonelkaufmann.ch\/Blog\/wp-json\/wp\/v2\/users\/1"}],"replies":[{"embeddable":true,"href":"https:\/\/lyonelkaufmann.ch\/Blog\/wp-json\/wp\/v2\/comments?post=6538"}],"version-history":[{"count":0,"href":"https:\/\/lyonelkaufmann.ch\/Blog\/wp-json\/wp\/v2\/posts\/6538\/revisions"}],"wp:featuredmedia":[{"embeddable":true,"href":"https:\/\/lyonelkaufmann.ch\/Blog\/wp-json\/wp\/v2\/media\/14680"}],"wp:attachment":[{"href":"https:\/\/lyonelkaufmann.ch\/Blog\/wp-json\/wp\/v2\/media?parent=6538"}],"wp:term":[{"taxonomy":"category","embeddable":true,"href":"https:\/\/lyonelkaufmann.ch\/Blog\/wp-json\/wp\/v2\/categories?post=6538"},{"taxonomy":"post_tag","embeddable":true,"href":"https:\/\/lyonelkaufmann.ch\/Blog\/wp-json\/wp\/v2\/tags?post=6538"}],"curies":[{"name":"wp","href":"https:\/\/api.w.org\/{rel}","templated":true}]}}