{"id":6599,"date":"2012-12-18T23:57:50","date_gmt":"2012-12-18T22:57:50","guid":{"rendered":"http:\/\/lyonelkaufmann.ch\/histoire\/?p=6599"},"modified":"2012-12-18T23:57:50","modified_gmt":"2012-12-18T22:57:50","slug":"algerie-1954-1962-la-guerre-de-mon-pere-slate","status":"publish","type":"post","link":"https:\/\/lyonelkaufmann.ch\/Blog\/2012\/12\/18\/algerie-1954-1962-la-guerre-de-mon-pere-slate\/","title":{"rendered":"Alg\u00e9rie 1954-1962, la guerre de mon p\u00e8re | Slate"},"content":{"rendered":"<p>Tr\u00e8s beau et poignant t\u00e9moignage tout en pudeur d&rsquo;Ariane Bonzon,\u00a0 fille d\u2019appel\u00e9 en Alg\u00e9rie, une <em>\u00abh\u00e9riti\u00e8re du silence\u00bb<\/em> comme les surnomme Florence Dosse dans le livre qu\u2019elle vient de consacrer \u00e0 la m\u00e9moire des enfants d\u2019appel\u00e9s dont elle-m\u00eame, n\u00e9e en 1963, fait partie.<br \/>\n<span class=\"embed-youtube\" style=\"text-align:center; display: block;\"><iframe loading=\"lazy\" class=\"youtube-player\" width=\"640\" height=\"360\" src=\"https:\/\/www.youtube.com\/embed\/QlITDKAI42k?version=3&#038;rel=1&#038;showsearch=0&#038;showinfo=1&#038;iv_load_policy=1&#038;fs=1&#038;hl=fr-FR&#038;autohide=2&#038;wmode=transparent\" allowfullscreen=\"true\" style=\"border:0;\" sandbox=\"allow-scripts allow-same-origin allow-popups allow-presentation allow-popups-to-escape-sandbox\"><\/iframe><\/span><\/p>\n<p>La pr\u00e9sentation de son ouvrage par Florence Dosse. Son livre <em>\u00ab\u00a0Les h\u00e9ritiers du silence, enfants d&rsquo;appel\u00e9s en Alg\u00e9rie\u00a0\u00bb<\/em> a \u00e9t\u00e9 publi\u00e9 aux \u00e9ditions Stock.<\/p>\n<p>A lire : <a href=\"http:\/\/www.slate.fr\/story\/65939\/algerie-guerre-appeles-pere\">Alg\u00e9rie 1954-1962, la guerre de mon p\u00e8re | Slate<\/a>.<\/p>\n","protected":false},"excerpt":{"rendered":"<p>Tr\u00e8s beau et poignant t\u00e9moignage tout en pudeur d&rsquo;Ariane Bonzon,\u00a0 fille d\u2019appel\u00e9 en Alg\u00e9rie, une \u00abh\u00e9riti\u00e8re du silence\u00bb comme les surnomme Florence Dosse dans le livre qu\u2019elle vient de consacrer \u00e0 la m\u00e9moire des enfants d\u2019appel\u00e9s dont elle-m\u00eame, n\u00e9e en 1963, fait partie. La pr\u00e9sentation de son ouvrage par Florence Dosse. Son livre \u00ab\u00a0Les h\u00e9ritiers [&hellip;]<\/p>\n","protected":false},"author":1,"featured_media":14200,"comment_status":"open","ping_status":"open","sticky":false,"template":"","format":"standard","meta":{"_import_markdown_pro_load_document_selector":0,"_import_markdown_pro_submit_text_textarea":"","_genesis_hide_title":false,"_genesis_hide_breadcrumbs":false,"_genesis_hide_singular_image":false,"_genesis_hide_footer_widgets":false,"_genesis_custom_body_class":"","_genesis_custom_post_class":"","_genesis_layout":"","jetpack_post_was_ever_published":false,"_jetpack_newsletter_access":"","_jetpack_dont_email_post_to_subs":false,"_jetpack_newsletter_tier_id":0,"_jetpack_memberships_contains_paywalled_content":false,"_jetpack_memberships_contains_paid_content":false,"activitypub_content_warning":"","activitypub_content_visibility":"","activitypub_max_image_attachments":3,"activitypub_interaction_policy_quote":"anyone","activitypub_status":"","footnotes":"","jetpack_publicize_message":"","jetpack_publicize_feature_enabled":true,"jetpack_social_post_already_shared":true,"jetpack_social_options":{"image_generator_settings":{"template":"fullscreen","default_image_id":0,"font":"","enabled":false},"version":2}},"categories":[2],"tags":[],"class_list":{"0":"post-6599","1":"post","2":"type-post","3":"status-publish","4":"format-standard","5":"has-post-thumbnail","7":"category-histoire-2","8":"entry"},"jetpack_publicize_connections":[],"featured_image_src":"https:\/\/i0.wp.com\/lyonelkaufmann.ch\/Blog\/wp-content\/uploads\/2015\/03\/0123.jpg?resize=480%2C360&ssl=1","featured_image_src_square":"https:\/\/i0.wp.com\/lyonelkaufmann.ch\/Blog\/wp-content\/uploads\/2015\/03\/0123.jpg?resize=480%2C360&ssl=1","author_info":{"display_name":"Lyonel Kaufmann","author_link":"https:\/\/lyonelkaufmann.ch\/Blog\/author\/lyonelk\/"},"jetpack_featured_media_url":"https:\/\/i0.wp.com\/lyonelkaufmann.ch\/Blog\/wp-content\/uploads\/2015\/03\/0123.jpg?fit=480%2C360&ssl=1","jetpack_sharing_enabled":true,"jetpack_shortlink":"https:\/\/wp.me\/p1qtF4-1Ir","jetpack-related-posts":[{"id":5148,"url":"https:\/\/lyonelkaufmann.ch\/Blog\/2012\/03\/18\/il-y-a-50-ans-la-fin-de-la-guerre-dalgerie\/","url_meta":{"origin":6599,"position":0},"title":"Il y a 50 ans : la fin de la guerre d&rsquo;Alg\u00e9rie","author":"Lyonel Kaufmann","date":"18 mars 2012","format":false,"excerpt":"18 mars 1962. Au bord du lac L\u00e9man, \u00e0 l'h\u00f4tel du Parc dans la ville d'Evian, Louis Joxe, Robert Buron et Jean de Broglie, les n\u00e9gociateurs d\u00e9sign\u00e9s par le g\u00e9n\u00e9ral de Gaulle, et le vice-pr\u00e9sident du GPRA (Gouvernement provisoire de la r\u00e9publique alg\u00e9rienne), Krim Belkacem, signent les accords d'Evian qui\u2026","rel":"","context":"Dans &quot;histoire&quot;","block_context":{"text":"histoire","link":"https:\/\/lyonelkaufmann.ch\/Blog\/category\/histoire-2\/"},"img":{"alt_text":"","src":"https:\/\/i0.wp.com\/lyonelkaufmann.ch\/Blog\/wp-content\/uploads\/2015\/03\/blogcafe1.jpg?fit=1024%2C683&ssl=1&resize=350%2C200","width":350,"height":200,"srcset":"https:\/\/i0.wp.com\/lyonelkaufmann.ch\/Blog\/wp-content\/uploads\/2015\/03\/blogcafe1.jpg?fit=1024%2C683&ssl=1&resize=350%2C200 1x, https:\/\/i0.wp.com\/lyonelkaufmann.ch\/Blog\/wp-content\/uploads\/2015\/03\/blogcafe1.jpg?fit=1024%2C683&ssl=1&resize=525%2C300 1.5x, https:\/\/i0.wp.com\/lyonelkaufmann.ch\/Blog\/wp-content\/uploads\/2015\/03\/blogcafe1.jpg?fit=1024%2C683&ssl=1&resize=700%2C400 2x"},"classes":[]},{"id":2685,"url":"https:\/\/lyonelkaufmann.ch\/Blog\/2010\/03\/31\/la-suisse-face-a-la-guerre-dalgerie-domaine-public\/","url_meta":{"origin":6599,"position":1},"title":"La Suisse face \u00e0 la guerre d&rsquo;Alg\u00e9rie |\u00a0Domaine Public","author":"Lyonel Kaufmann","date":"31 mars 2010","format":false,"excerpt":"Domaine public publie un compte-rendu par Pierre Jeanneret de la d\u00e9fense de th\u00e8se pr\u00e9sent\u00e9e \u00e0 Fribourg par Damien Carron, ancien collaborateur des Documents diplomatiques suisses et actuellement D\u00e9l\u00e9gu\u00e9 \u00e0 la recherche \u00e0 la Fondation Formation universitaire \u00e0 Distance Suisse. Le titre de la th\u00e8se est La Suisse officielle face \u00e0\u2026","rel":"","context":"Dans &quot;histoire&quot;","block_context":{"text":"histoire","link":"https:\/\/lyonelkaufmann.ch\/Blog\/category\/histoire-2\/"},"img":{"alt_text":"","src":"https:\/\/i0.wp.com\/lyonelkaufmann.ch\/Blog\/wp-content\/uploads\/2015\/03\/blogcafe1.jpg?fit=1024%2C683&ssl=1&resize=350%2C200","width":350,"height":200,"srcset":"https:\/\/i0.wp.com\/lyonelkaufmann.ch\/Blog\/wp-content\/uploads\/2015\/03\/blogcafe1.jpg?fit=1024%2C683&ssl=1&resize=350%2C200 1x, https:\/\/i0.wp.com\/lyonelkaufmann.ch\/Blog\/wp-content\/uploads\/2015\/03\/blogcafe1.jpg?fit=1024%2C683&ssl=1&resize=525%2C300 1.5x, https:\/\/i0.wp.com\/lyonelkaufmann.ch\/Blog\/wp-content\/uploads\/2015\/03\/blogcafe1.jpg?fit=1024%2C683&ssl=1&resize=700%2C400 2x"},"classes":[]},{"id":6671,"url":"https:\/\/lyonelkaufmann.ch\/Blog\/2012\/12\/30\/le-cinema-francais-et-la-guerre-dalgerie\/","url_meta":{"origin":6599,"position":2},"title":"Le cin\u00e9ma fran\u00e7ais et la guerre d&rsquo;Alg\u00e9rie","author":"Lyonel Kaufmann","date":"30 d\u00e9cembre 2012","format":false,"excerpt":"C'est un int\u00e9ressant article de Jean-Michel Frodon publi\u00e9 sur Slate.fr et consacr\u00e9 au cin\u00e9ma fran\u00e7ais et la Guerre d'Alg\u00e9rie. Int\u00e9ressant \u00e9galement par le travail de comparaison fait entre le cin\u00e9ma fran\u00e7ais\/Guerre d'Alg\u00e9rie et cin\u00e9ma am\u00e9ricain\/Guerre du Vietnam. Ainsi, \u00e0 propos du cin\u00e9ma am\u00e9ricain et la guerre du Vietnam, Jean-Michel Frodon\u2026","rel":"","context":"Dans &quot;histoire&quot;","block_context":{"text":"histoire","link":"https:\/\/lyonelkaufmann.ch\/Blog\/category\/histoire-2\/"},"img":{"alt_text":"","src":"https:\/\/i0.wp.com\/lyonelkaufmann.ch\/Blog\/wp-content\/uploads\/2015\/03\/blogcafe1.jpg?fit=1024%2C683&ssl=1&resize=350%2C200","width":350,"height":200,"srcset":"https:\/\/i0.wp.com\/lyonelkaufmann.ch\/Blog\/wp-content\/uploads\/2015\/03\/blogcafe1.jpg?fit=1024%2C683&ssl=1&resize=350%2C200 1x, https:\/\/i0.wp.com\/lyonelkaufmann.ch\/Blog\/wp-content\/uploads\/2015\/03\/blogcafe1.jpg?fit=1024%2C683&ssl=1&resize=525%2C300 1.5x, https:\/\/i0.wp.com\/lyonelkaufmann.ch\/Blog\/wp-content\/uploads\/2015\/03\/blogcafe1.jpg?fit=1024%2C683&ssl=1&resize=700%2C400 2x"},"classes":[]},{"id":5518,"url":"https:\/\/lyonelkaufmann.ch\/Blog\/2012\/06\/03\/staline-meurt-dans-sa-bulle-slate\/","url_meta":{"origin":6599,"position":3},"title":"Staline meurt dans sa bulle | Slate","author":"Lyonel Kaufmann","date":"3 juin 2012","format":false,"excerpt":"Remarqu\u00e9 avec l\u2019ambigu Il \u00e9tait une fois en France (Gl\u00e9nat), le sc\u00e9nariste Fabien Nury enterre le Petit p\u00e8re des peuples. Dessin\u00e9 par Thierry Robin, le second tome de La Mort de Staline, Fun\u00e9railles, est publi\u00e9 par Dargaud.\u00a0 Le second tome se consacre essentiellement \u00e0 l\u2019impitoyable guerre de succession ouverte par\u2026","rel":"","context":"Dans &quot;histoire&quot;","block_context":{"text":"histoire","link":"https:\/\/lyonelkaufmann.ch\/Blog\/category\/histoire-2\/"},"img":{"alt_text":"","src":"https:\/\/i0.wp.com\/lyonelkaufmann.ch\/Blog\/wp-content\/uploads\/2015\/03\/mort_staline_humanite.jpg?fit=445%2C306&ssl=1&resize=350%2C200","width":350,"height":200},"classes":[]},{"id":7880,"url":"https:\/\/lyonelkaufmann.ch\/Blog\/2013\/11\/09\/exclusif-on-a-retrouve-les-unes-de-journaux-de-la-premiere-guerre-mondiale-slate\/","url_meta":{"origin":6599,"position":4},"title":"EXCLUSIF On a retrouv\u00e9 les unes de journaux de la Premi\u00e8re Guerre mondiale | Slate","author":"Lyonel Kaufmann","date":"9 novembre 2013","format":false,"excerpt":"Il y a quelques semaines, lors du Colombus Day (le jour lors duquel les Am\u00e9ricains comm\u00e9morent la d\u00e9couverte du continent par l'explorateur), le New York Magazine avait imagin\u00e9 des fausses unes des journaux am\u00e9ricains s'ils avaient couvert cet \u00e9v\u00e8nement. Pour inaugurer en l\u00e9g\u00e9ret\u00e9 une s\u00e9rie d'articles marquant le d\u00e9but des\u2026","rel":"","context":"Dans &quot;histoire&quot;","block_context":{"text":"histoire","link":"https:\/\/lyonelkaufmann.ch\/Blog\/category\/histoire-2\/"},"img":{"alt_text":"","src":"https:\/\/i0.wp.com\/lyonelkaufmann.ch\/Blog\/wp-content\/uploads\/2015\/03\/liberation_fake.jpg?fit=460%2C582&ssl=1&resize=350%2C200","width":350,"height":200},"classes":[]},{"id":1287,"url":"https:\/\/lyonelkaufmann.ch\/Blog\/2009\/04\/30\/le-temps-de-lhistoire-historicites\/","url_meta":{"origin":6599,"position":5},"title":"Le temps de l&rsquo;histoire | Historicit\u00e9s","author":"Lyonel Kaufmann","date":"30 avril 2009","format":false,"excerpt":"Finalement toutes les contributions pourraient bien \u00eatre r\u00e9unies par cette donn\u00e9e anthropologique fondamentale\u00a0: l\u2019homme est un \u00eatre de significations\u00a0; il ne vit pas dans le \u00ab\u00a0r\u00e9el brut\u00a0\u00bb\u00a0; il l\u2019interpr\u00e8te. A commencer par son pr\u00e9sent, doublement investi par un \u00ab\u00a0espace d\u2019exp\u00e9rience\u00a0\u00bb (relation au pass\u00e9) et un \u00ab\u00a0horizon d\u2019attente\u00a0\u00bb (relation au futur),\u2026","rel":"","context":"Dans &quot;histoire&quot;","block_context":{"text":"histoire","link":"https:\/\/lyonelkaufmann.ch\/Blog\/category\/histoire-2\/"},"img":{"alt_text":"","src":"https:\/\/i0.wp.com\/lyonelkaufmann.ch\/Blog\/wp-content\/uploads\/2015\/03\/blogcafe1.jpg?fit=1024%2C683&ssl=1&resize=350%2C200","width":350,"height":200,"srcset":"https:\/\/i0.wp.com\/lyonelkaufmann.ch\/Blog\/wp-content\/uploads\/2015\/03\/blogcafe1.jpg?fit=1024%2C683&ssl=1&resize=350%2C200 1x, https:\/\/i0.wp.com\/lyonelkaufmann.ch\/Blog\/wp-content\/uploads\/2015\/03\/blogcafe1.jpg?fit=1024%2C683&ssl=1&resize=525%2C300 1.5x, https:\/\/i0.wp.com\/lyonelkaufmann.ch\/Blog\/wp-content\/uploads\/2015\/03\/blogcafe1.jpg?fit=1024%2C683&ssl=1&resize=700%2C400 2x"},"classes":[]}],"jetpack_likes_enabled":true,"_links":{"self":[{"href":"https:\/\/lyonelkaufmann.ch\/Blog\/wp-json\/wp\/v2\/posts\/6599","targetHints":{"allow":["GET"]}}],"collection":[{"href":"https:\/\/lyonelkaufmann.ch\/Blog\/wp-json\/wp\/v2\/posts"}],"about":[{"href":"https:\/\/lyonelkaufmann.ch\/Blog\/wp-json\/wp\/v2\/types\/post"}],"author":[{"embeddable":true,"href":"https:\/\/lyonelkaufmann.ch\/Blog\/wp-json\/wp\/v2\/users\/1"}],"replies":[{"embeddable":true,"href":"https:\/\/lyonelkaufmann.ch\/Blog\/wp-json\/wp\/v2\/comments?post=6599"}],"version-history":[{"count":0,"href":"https:\/\/lyonelkaufmann.ch\/Blog\/wp-json\/wp\/v2\/posts\/6599\/revisions"}],"wp:featuredmedia":[{"embeddable":true,"href":"https:\/\/lyonelkaufmann.ch\/Blog\/wp-json\/wp\/v2\/media\/14200"}],"wp:attachment":[{"href":"https:\/\/lyonelkaufmann.ch\/Blog\/wp-json\/wp\/v2\/media?parent=6599"}],"wp:term":[{"taxonomy":"category","embeddable":true,"href":"https:\/\/lyonelkaufmann.ch\/Blog\/wp-json\/wp\/v2\/categories?post=6599"},{"taxonomy":"post_tag","embeddable":true,"href":"https:\/\/lyonelkaufmann.ch\/Blog\/wp-json\/wp\/v2\/tags?post=6599"}],"curies":[{"name":"wp","href":"https:\/\/api.w.org\/{rel}","templated":true}]}}