{"id":7296,"date":"2012-09-13T19:54:14","date_gmt":"2012-09-13T18:54:14","guid":{"rendered":"https:\/\/lyonelkaufmann.ch\/Blog\/?p=7296"},"modified":"2012-09-13T19:54:14","modified_gmt":"2012-09-13T18:54:14","slug":"athenes-cite-visuelle-fovea","status":"publish","type":"post","link":"https:\/\/lyonelkaufmann.ch\/Blog\/2012\/09\/13\/athenes-cite-visuelle-fovea\/","title":{"rendered":"Ath\u00e8nes, cit\u00e9 visuelle | Fov\u00e9a"},"content":{"rendered":"<p style=\"text-align:center;\"><a href=\"http:\/\/culturevisuelle.org\/fovea\/archives\/287\"><img data-recalc-dims=\"1\" height=\"465\" width=\"695\" src=\"https:\/\/i0.wp.com\/lyonelkaufmann.ch\/Blog\/wp-content\/uploads\/2012\/09\/DSC03952-800x536-695x465.jpg?resize=695%2C465\" alt='' \/><\/a><\/p>\n<p style=\"text-align:center;\"><span style=\"color:#000000;font-family:'trebuchet MS', sans-serif;font-size:11px;line-height:17px;background-color:#f3f3f3;\">Oeuvre attribu\u00e9e \u00e0 Sonk\u00e9. Septembre 2012 | Adrien Genoudet<\/span><\/p>\n<blockquote><p>Des images, des dessins. Au-del\u00e0 de la foule de mots, de formes informes qui composent ces graffitis, les images dominent l\u2019espace. De la m\u00eame mani\u00e8re que Barcelone ou Bucarest, Ath\u00e8nes est devenue en quelques temps une ville pionni\u00e8re pour le street art. Des figures \u00e9mergent comme Sonk\u00e9 par exemple [\u2026] ou encore un certain Bleeps.<\/p><\/blockquote>\n<p>via\u00a0<a href=\"http:\/\/culturevisuelle.org\/fovea\/archives\/287\">Ath\u00e8nes, cit\u00e9 visuelle | Fov\u00e9a<\/a>.<\/p>\n","protected":false},"excerpt":{"rendered":"<p>Oeuvre attribu\u00e9e \u00e0 Sonk\u00e9. Septembre 2012 | Adrien Genoudet Des images, des dessins. Au-del\u00e0 de la foule de mots, de formes informes qui composent ces graffitis, les images dominent l\u2019espace. De la m\u00eame mani\u00e8re que Barcelone ou Bucarest, Ath\u00e8nes est devenue en quelques temps une ville pionni\u00e8re pour le street art. Des figures \u00e9mergent comme [&hellip;]<\/p>\n","protected":false},"author":1,"featured_media":13957,"comment_status":"open","ping_status":"open","sticky":false,"template":"","format":"standard","meta":{"_import_markdown_pro_load_document_selector":0,"_import_markdown_pro_submit_text_textarea":"","_genesis_hide_title":false,"_genesis_hide_breadcrumbs":false,"_genesis_hide_singular_image":false,"_genesis_hide_footer_widgets":false,"_genesis_custom_body_class":"","_genesis_custom_post_class":"","_genesis_layout":"","jetpack_post_was_ever_published":false,"_jetpack_newsletter_access":"","_jetpack_dont_email_post_to_subs":false,"_jetpack_newsletter_tier_id":0,"_jetpack_memberships_contains_paywalled_content":false,"_jetpack_memberships_contains_paid_content":false,"activitypub_content_warning":"","activitypub_content_visibility":"","activitypub_max_image_attachments":3,"activitypub_interaction_policy_quote":"anyone","activitypub_status":"","footnotes":"","jetpack_publicize_message":"","jetpack_publicize_feature_enabled":true,"jetpack_social_post_already_shared":true,"jetpack_social_options":{"image_generator_settings":{"template":"fullscreen","default_image_id":0,"font":"","enabled":false},"version":2}},"categories":[3],"tags":[],"class_list":{"0":"post-7296","1":"post","2":"type-post","3":"status-publish","4":"format-standard","5":"has-post-thumbnail","7":"category-blogcafe-2","8":"entry"},"jetpack_publicize_connections":[],"featured_image_src":"https:\/\/i0.wp.com\/lyonelkaufmann.ch\/Blog\/wp-content\/uploads\/2015\/03\/DSC03952-800x536-695x465.jpg?resize=600%2C400&ssl=1","featured_image_src_square":"https:\/\/i0.wp.com\/lyonelkaufmann.ch\/Blog\/wp-content\/uploads\/2015\/03\/DSC03952-800x536-695x465.jpg?resize=600%2C465&ssl=1","author_info":{"display_name":"Lyonel Kaufmann","author_link":"https:\/\/lyonelkaufmann.ch\/Blog\/author\/lyonelk\/"},"jetpack_featured_media_url":"https:\/\/i0.wp.com\/lyonelkaufmann.ch\/Blog\/wp-content\/uploads\/2015\/03\/DSC03952-800x536-695x465.jpg?fit=695%2C465&ssl=1","jetpack_sharing_enabled":true,"jetpack_shortlink":"https:\/\/wp.me\/p1qtF4-1TG","jetpack-related-posts":[{"id":6311,"url":"https:\/\/lyonelkaufmann.ch\/Blog\/2012\/10\/23\/mettre-en-lumiere-le-moyen-age-tout-un-probleme-fovea\/","url_meta":{"origin":7296,"position":0},"title":"Mettre en lumi\u00e8re le Moyen Age, tout un probl\u00e8me | Fov\u00e9a","author":"Lyonel Kaufmann","date":"23 octobre 2012","format":false,"excerpt":"Dans le cadre de la premi\u00e8re \u00e9dition du\u00a0festival du film m\u00e9di\u00e9val\u00a0qui d\u00e9butera mercredi 24 octobre,\u00a0L\u00e9a Hermenault, doctorante en arch\u00e9ologie m\u00e9di\u00e9vale et membre de l\u2019\u00e9quipe du festival, propose un article sur l\u2019utilisation de la lumi\u00e8re dans les films traitant de la p\u00e9riode m\u00e9di\u00e9vale. Cet article int\u00e9ressera tous les enseignants utilisant des\u2026","rel":"","context":"Dans &quot;histoire&quot;","block_context":{"text":"histoire","link":"https:\/\/lyonelkaufmann.ch\/Blog\/category\/histoire-2\/"},"img":{"alt_text":"","src":"https:\/\/i0.wp.com\/lyonelkaufmann.ch\/Blog\/wp-content\/uploads\/2015\/03\/fig_33-695x483.jpg?fit=695%2C483&ssl=1&resize=350%2C200","width":350,"height":200,"srcset":"https:\/\/i0.wp.com\/lyonelkaufmann.ch\/Blog\/wp-content\/uploads\/2015\/03\/fig_33-695x483.jpg?fit=695%2C483&ssl=1&resize=350%2C200 1x, https:\/\/i0.wp.com\/lyonelkaufmann.ch\/Blog\/wp-content\/uploads\/2015\/03\/fig_33-695x483.jpg?fit=695%2C483&ssl=1&resize=525%2C300 1.5x"},"classes":[]},{"id":7051,"url":"https:\/\/lyonelkaufmann.ch\/Blog\/2013\/05\/12\/references-bande-dessinee-et-histoire\/","url_meta":{"origin":7296,"position":1},"title":"R\u00e9f\u00e9rences \u00ab Bande dessin\u00e9e et Histoire \u00bb","author":"Lyonel Kaufmann","date":"12 mai 2013","format":false,"excerpt":"Le jeudi 16 mai 2013 sera diffus\u00e9e, dans le cadre de \u00ab\u00a0Radio Goliards\u00a0\u00bb, une \u00e9mission intitul\u00e9e \u00ab\u00a0Bande dessin\u00e9e et Histoire\u00a0\u00bb sur Radio Libertaire (89.4) \u00e0 16h30. Adrien Genoudet nous pr\u00e9sente l'\u00e9mission, mais surtout son billet comporte une int\u00e9ressante bibliographie en relation avec le question Bande dessin\u00e9e et Histoire. Son billet\u2026","rel":"","context":"Dans &quot;histoire&quot;","block_context":{"text":"histoire","link":"https:\/\/lyonelkaufmann.ch\/Blog\/category\/histoire-2\/"},"img":{"alt_text":"","src":"https:\/\/i0.wp.com\/lyonelkaufmann.ch\/Blog\/wp-content\/uploads\/2015\/03\/HistoireBande1.jpg?fit=300%2C300&ssl=1&resize=350%2C200","width":350,"height":200},"classes":[]},{"id":7037,"url":"https:\/\/lyonelkaufmann.ch\/Blog\/2012\/08\/12\/revue-de-presse-projet-athena-le-futur-design-de-wikipedia-autour-de-wikipedia-et-des-projets-wikimedia\/","url_meta":{"origin":7296,"position":2},"title":"Revue de presse : Projet Athena : le futur design de Wikip\u00e9dia | Autour de Wikip\u00e9dia et des projets Wikimedia","author":"Lyonel Kaufmann","date":"12 ao\u00fbt 2012","format":false,"excerpt":"Quel avenir pour Wikip\u00e9dia ? Brandon Harris a sa petite id\u00e9e. Ce designer employ\u00e9 par la Wikimedia Foundation a fait para\u00eetre une sorte d\u2019essai d\u2019anticipation dans The Signpost, l\u2019hebdomadaire d\u2019information des projets Wikim\u00e9dia. Il vient d\u2019\u00eatre traduit en fran\u00e7ais sur le blog de Wikim\u00e9dia France. Projet Athena : le futur\u2026","rel":"","context":"Dans &quot;L'Expresso&quot;","block_context":{"text":"L'Expresso","link":"https:\/\/lyonelkaufmann.ch\/Blog\/category\/breves\/"},"img":{"alt_text":"","src":"http:\/\/upload.wikimedia.org\/wikipedia\/commons\/thumb\/2\/28\/Athena-Wikimania-2012-BrandonHarris.png\/250px-Athena-Wikimania-2012-BrandonHarris.png","width":350,"height":200},"classes":[]},{"id":7699,"url":"https:\/\/lyonelkaufmann.ch\/Blog\/2006\/04\/29\/historiographie-la-democratie-athenienne\/","url_meta":{"origin":7296,"position":3},"title":"Historiographie : la d\u00e9mocratie ath\u00e9nienne","author":"Lyonel Kaufmann","date":"29 avril 2006","format":false,"excerpt":"Brul\u00e9 P. (1995). La cit\u00e9 grecque \u00e0 l'\u00e9poque classique. Paris: Presses Universitaires de Rennes M.I. Finley M.I. (1975). D\u00e9mocratie antique et d\u00e9mocratie moderne. Paris: Payot (r\u00e9\u00e9dition en 2003) Pr\u00e9sentation de l\u2019\u00e9diteur : En quoi la d\u00e9mocratie ath\u00e9nienne nous concerne-t-elle aujourd\u2019hui ? Telle est la question \u00e0 laquelle r\u00e9pond ce livre\u2026","rel":"","context":"Dans &quot;histoire&quot;","block_context":{"text":"histoire","link":"https:\/\/lyonelkaufmann.ch\/Blog\/category\/histoire-2\/"},"img":{"alt_text":"","src":"https:\/\/i0.wp.com\/lyonelkaufmann.ch\/Blog\/wp-content\/uploads\/2015\/03\/blogcafe1.jpg?fit=1024%2C683&ssl=1&resize=350%2C200","width":350,"height":200,"srcset":"https:\/\/i0.wp.com\/lyonelkaufmann.ch\/Blog\/wp-content\/uploads\/2015\/03\/blogcafe1.jpg?fit=1024%2C683&ssl=1&resize=350%2C200 1x, https:\/\/i0.wp.com\/lyonelkaufmann.ch\/Blog\/wp-content\/uploads\/2015\/03\/blogcafe1.jpg?fit=1024%2C683&ssl=1&resize=525%2C300 1.5x, https:\/\/i0.wp.com\/lyonelkaufmann.ch\/Blog\/wp-content\/uploads\/2015\/03\/blogcafe1.jpg?fit=1024%2C683&ssl=1&resize=700%2C400 2x"},"classes":[]},{"id":7849,"url":"https:\/\/lyonelkaufmann.ch\/Blog\/2007\/09\/24\/la-gomtrie-de-la-grce-antique-culturemath\/","url_meta":{"origin":7296,"position":4},"title":"La G\u00e9om\u00e9trie de la Gr\u00e8ce antique (CultureMath)","author":"Lyonel Kaufmann","date":"24 septembre 2007","format":false,"excerpt":"CultureMath ouvre l'ann\u00e9e scolaire 2007-2008 avec un grand dossier de Bernard Vitrac sur les G\u00e9om\u00e8tres de la Gr\u00e8ce antique. Le dossier pr\u00e9sente les oeuvres d'Hippocrate, Euclide, Archim\u00e8de, Apollonius, Ptol\u00e9m\u00e9e, H\u00e9ron, M\u00e9n\u00e9laos..., et \u00e9voque des lieux et des contextes historiques particuli\u00e8rement importants pour l'histoire des math\u00e9matiques (les cit\u00e9s ioniennes, Ath\u00e8nes, Alexandrie...).\u2026","rel":"","context":"Dans &quot;histoire&quot;","block_context":{"text":"histoire","link":"https:\/\/lyonelkaufmann.ch\/Blog\/category\/histoire-2\/"},"img":{"alt_text":"","src":"https:\/\/i0.wp.com\/lyonelkaufmann.ch\/Blog\/wp-content\/uploads\/2015\/03\/blogcafe1.jpg?fit=1024%2C683&ssl=1&resize=350%2C200","width":350,"height":200,"srcset":"https:\/\/i0.wp.com\/lyonelkaufmann.ch\/Blog\/wp-content\/uploads\/2015\/03\/blogcafe1.jpg?fit=1024%2C683&ssl=1&resize=350%2C200 1x, https:\/\/i0.wp.com\/lyonelkaufmann.ch\/Blog\/wp-content\/uploads\/2015\/03\/blogcafe1.jpg?fit=1024%2C683&ssl=1&resize=525%2C300 1.5x, https:\/\/i0.wp.com\/lyonelkaufmann.ch\/Blog\/wp-content\/uploads\/2015\/03\/blogcafe1.jpg?fit=1024%2C683&ssl=1&resize=700%2C400 2x"},"classes":[]},{"id":8046,"url":"https:\/\/lyonelkaufmann.ch\/Blog\/2014\/06\/12\/dans-la-pose-des-soldats-du-d-day-liberation\/","url_meta":{"origin":7296,"position":5},"title":"Dans la pose des soldats du\u00a0D-Day | Lib\u00e9ration","author":"Lyonel Kaufmann","date":"12 juin 2014","format":false,"excerpt":"La photographe Adeline Keil a suivi des jeunes Normands qui\u00a0endossent chaque mois l\u2019uniforme am\u00e9ricain. D\u00e9barquement \u00e0 Utah Beach. Sur une photo, les trois jeunes soldats am\u00e9ricains posent sans tension, mais avec s\u00e9rieux et peut-\u00eatre un peu de fiert\u00e9. Sur une autre, un soldat est assis sur une marche, \u00e0 la\u2026","rel":"","context":"Dans &quot;histoire&quot;","block_context":{"text":"histoire","link":"https:\/\/lyonelkaufmann.ch\/Blog\/category\/histoire-2\/"},"img":{"alt_text":"","src":"https:\/\/i0.wp.com\/lyonelkaufmann.ch\/Blog\/wp-content\/uploads\/2015\/03\/blogcafe1.jpg?fit=1024%2C683&ssl=1&resize=350%2C200","width":350,"height":200,"srcset":"https:\/\/i0.wp.com\/lyonelkaufmann.ch\/Blog\/wp-content\/uploads\/2015\/03\/blogcafe1.jpg?fit=1024%2C683&ssl=1&resize=350%2C200 1x, https:\/\/i0.wp.com\/lyonelkaufmann.ch\/Blog\/wp-content\/uploads\/2015\/03\/blogcafe1.jpg?fit=1024%2C683&ssl=1&resize=525%2C300 1.5x, https:\/\/i0.wp.com\/lyonelkaufmann.ch\/Blog\/wp-content\/uploads\/2015\/03\/blogcafe1.jpg?fit=1024%2C683&ssl=1&resize=700%2C400 2x"},"classes":[]}],"jetpack_likes_enabled":true,"_links":{"self":[{"href":"https:\/\/lyonelkaufmann.ch\/Blog\/wp-json\/wp\/v2\/posts\/7296","targetHints":{"allow":["GET"]}}],"collection":[{"href":"https:\/\/lyonelkaufmann.ch\/Blog\/wp-json\/wp\/v2\/posts"}],"about":[{"href":"https:\/\/lyonelkaufmann.ch\/Blog\/wp-json\/wp\/v2\/types\/post"}],"author":[{"embeddable":true,"href":"https:\/\/lyonelkaufmann.ch\/Blog\/wp-json\/wp\/v2\/users\/1"}],"replies":[{"embeddable":true,"href":"https:\/\/lyonelkaufmann.ch\/Blog\/wp-json\/wp\/v2\/comments?post=7296"}],"version-history":[{"count":0,"href":"https:\/\/lyonelkaufmann.ch\/Blog\/wp-json\/wp\/v2\/posts\/7296\/revisions"}],"wp:featuredmedia":[{"embeddable":true,"href":"https:\/\/lyonelkaufmann.ch\/Blog\/wp-json\/wp\/v2\/media\/13957"}],"wp:attachment":[{"href":"https:\/\/lyonelkaufmann.ch\/Blog\/wp-json\/wp\/v2\/media?parent=7296"}],"wp:term":[{"taxonomy":"category","embeddable":true,"href":"https:\/\/lyonelkaufmann.ch\/Blog\/wp-json\/wp\/v2\/categories?post=7296"},{"taxonomy":"post_tag","embeddable":true,"href":"https:\/\/lyonelkaufmann.ch\/Blog\/wp-json\/wp\/v2\/tags?post=7296"}],"curies":[{"name":"wp","href":"https:\/\/api.w.org\/{rel}","templated":true}]}}