{"id":7371,"date":"2012-09-27T00:25:46","date_gmt":"2012-09-26T23:25:46","guid":{"rendered":"https:\/\/lyonelkaufmann.ch\/Blog\/?p=7371"},"modified":"2012-09-27T00:25:46","modified_gmt":"2012-09-26T23:25:46","slug":"le-prochain-goncourt-sera-t-il-loeuvre-dun-ecrivain-suisse","status":"publish","type":"post","link":"https:\/\/lyonelkaufmann.ch\/Blog\/2012\/09\/27\/le-prochain-goncourt-sera-t-il-loeuvre-dun-ecrivain-suisse\/","title":{"rendered":"Le prochain Goncourt sera-t-il l&rsquo;oeuvre d&rsquo;un \u00e9crivain suisse?"},"content":{"rendered":"<p><a href=\"http:\/\/www.lejdd.fr\/Chroniques\/Bernard-Pivot\/La-verite-sur-l-affaire-Joel-Dicker-chronique-de-Bernard-Pivot-555848\"><img data-recalc-dims=\"1\" loading=\"lazy\" decoding=\"async\" class=\"alignleft\" src=\"https:\/\/i0.wp.com\/lyonelkaufmann.ch\/Blog\/wp-content\/uploads\/2012\/09\/Harry-Quebert.jpg?resize=300%2C300\" alt=\"La v\u00e9rit\u00e9 sur l'affaire Jo\u00ebl Dicker \" width=\"300\" height=\"300\" \/><\/a><\/p>\n<p><strong>Un Suisse en lice pour le Prix Goncourt pour la premi\u00e8re fois depuis Jacques Chessex en 1973.<\/strong><\/p>\n<blockquote><p>Vous serez manipul\u00e9, d\u00e9rout\u00e9, sid\u00e9r\u00e9, agac\u00e9, passionn\u00e9 par une histoire aux multiples rebondissements, fausses pistes et coups de th\u00e9\u00e2tre. Et vous vous direz qu\u2019il n\u2019y a qu\u2019un Am\u00e9ricain capable d\u2019\u00e9crire un thriller aussi am\u00e9ricain \u2013 lieux : New York, New Hampshire, Alabama \u2013, aussi efficace, aussi aventureux, aussi fou. Peut-\u00eatre m\u00eame chercherez-vous le nom du traducteur de <em>La V\u00e9rit\u00e9 sur l\u2019Affaire Harry Quebert<\/em>, de Jo\u00ebl Dicker. C\u2019est alors que vous d\u00e9couvrirez que Jo\u00ebl Dicker est un Suisse de 27 ans qui \u00e9crit en fran\u00e7ais et qui a obtenu le prix des \u00e9crivains genevois pour son premier roman, Les Derniers Jours de nos p\u00e8res.<\/p><\/blockquote>\n<p>Lire la chronique compl\u00e8te de Bernard Pivot :\u00a0<a href=\"http:\/\/www.lejdd.fr\/Chroniques\/Bernard-Pivot\/La-verite-sur-l-affaire-Joel-Dicker-chronique-de-Bernard-Pivot-555848\">La v\u00e9rit\u00e9 sur l&rsquo;affaire Jo\u00ebl Dicker (chronique de Bernard Pivot) &#8211; Chroniques &#8211; leJDD.fr<\/a>.<\/p>\n","protected":false},"excerpt":{"rendered":"<p>Un Suisse en lice pour le Prix Goncourt pour la premi\u00e8re fois depuis Jacques Chessex en 1973. Vous serez manipul\u00e9, d\u00e9rout\u00e9, sid\u00e9r\u00e9, agac\u00e9, passionn\u00e9 par une histoire aux multiples rebondissements, fausses pistes et coups de th\u00e9\u00e2tre. Et vous vous direz qu\u2019il n\u2019y a qu\u2019un Am\u00e9ricain capable d\u2019\u00e9crire un thriller aussi am\u00e9ricain \u2013 lieux : New [&hellip;]<\/p>\n","protected":false},"author":1,"featured_media":13958,"comment_status":"open","ping_status":"open","sticky":false,"template":"","format":"standard","meta":{"_import_markdown_pro_load_document_selector":0,"_import_markdown_pro_submit_text_textarea":"","_genesis_hide_title":false,"_genesis_hide_breadcrumbs":false,"_genesis_hide_singular_image":false,"_genesis_hide_footer_widgets":false,"_genesis_custom_body_class":"","_genesis_custom_post_class":"","_genesis_layout":"","jetpack_post_was_ever_published":false,"_jetpack_newsletter_access":"","_jetpack_dont_email_post_to_subs":false,"_jetpack_newsletter_tier_id":0,"_jetpack_memberships_contains_paywalled_content":false,"_jetpack_memberships_contains_paid_content":false,"activitypub_content_warning":"","activitypub_content_visibility":"","activitypub_max_image_attachments":3,"activitypub_interaction_policy_quote":"anyone","activitypub_status":"","footnotes":"","jetpack_publicize_message":"","jetpack_publicize_feature_enabled":true,"jetpack_social_post_already_shared":true,"jetpack_social_options":{"image_generator_settings":{"template":"fullscreen","default_image_id":0,"font":"","enabled":false},"version":2}},"categories":[3],"tags":[],"class_list":{"0":"post-7371","1":"post","2":"type-post","3":"status-publish","4":"format-standard","5":"has-post-thumbnail","7":"category-blogcafe-2","8":"entry"},"jetpack_publicize_connections":[],"featured_image_src":"https:\/\/i0.wp.com\/lyonelkaufmann.ch\/Blog\/wp-content\/uploads\/2015\/03\/Harry-Quebert.jpg?resize=300%2C300&ssl=1","featured_image_src_square":"https:\/\/i0.wp.com\/lyonelkaufmann.ch\/Blog\/wp-content\/uploads\/2015\/03\/Harry-Quebert.jpg?resize=300%2C300&ssl=1","author_info":{"display_name":"Lyonel Kaufmann","author_link":"https:\/\/lyonelkaufmann.ch\/Blog\/author\/lyonelk\/"},"jetpack_featured_media_url":"https:\/\/i0.wp.com\/lyonelkaufmann.ch\/Blog\/wp-content\/uploads\/2015\/03\/Harry-Quebert.jpg?fit=300%2C300&ssl=1","jetpack_sharing_enabled":true,"jetpack_shortlink":"https:\/\/wp.me\/p1qtF4-1UT","jetpack-related-posts":[{"id":18814,"url":"https:\/\/lyonelkaufmann.ch\/Blog\/2017\/11\/06\/le-goncourt-a-eric-vuillard-et-le-renaudot-a-olivier-guez\/","url_meta":{"origin":7371,"position":0},"title":"Le Goncourt \u00e0 Eric Vuillard et le Renaudot \u00e0 Olivier Guez","author":"Lyonel Kaufmann","date":"6 novembre 2017","format":false,"excerpt":"Le Goncourt et le Renaudot ont consacr\u00e9 cette ann\u00e9e deux romans ayant pour toile de fond la Deuxi\u00e8me Guerre mondiale et le nazisme.\u00a0 D\u2019Eric Vuillard, on avait pr\u00e9f\u00e9r\u00e9 Tristesse de la terre en 2014, l\u2019histoire de l\u2019invention de la soci\u00e9t\u00e9 du spectacle avec Buffalo Bill. Avec L\u2019Ordre du jour (Actes\u2026","rel":"","context":"Dans &quot;Blogcaf\u00e9&quot;","block_context":{"text":"Blogcaf\u00e9","link":"https:\/\/lyonelkaufmann.ch\/Blog\/category\/blogcafe-2\/"},"img":{"alt_text":"","src":"https:\/\/i0.wp.com\/lyonelkaufmann.ch\/Blog\/wp-content\/uploads\/2017\/11\/1423580-1.jpg?fit=641%2C427&ssl=1&resize=350%2C200","width":350,"height":200,"srcset":"https:\/\/i0.wp.com\/lyonelkaufmann.ch\/Blog\/wp-content\/uploads\/2017\/11\/1423580-1.jpg?fit=641%2C427&ssl=1&resize=350%2C200 1x, https:\/\/i0.wp.com\/lyonelkaufmann.ch\/Blog\/wp-content\/uploads\/2017\/11\/1423580-1.jpg?fit=641%2C427&ssl=1&resize=525%2C300 1.5x"},"classes":[]},{"id":7877,"url":"https:\/\/lyonelkaufmann.ch\/Blog\/2013\/11\/05\/la-premiere-guerre-mondiale-une-passion-litteraire-francaise\/","url_meta":{"origin":7371,"position":1},"title":"La Premi\u00e8re Guerre mondiale : une passion litt\u00e9raire fran\u00e7aise ?","author":"Lyonel Kaufmann","date":"5 novembre 2013","format":false,"excerpt":"Juste avant le d\u00e9but officiel des comm\u00e9morations du centenaire de la Premi\u00e8re Guerre mondiale, le Prix Goncourt d\u00e9cerne son prix \u00e0 un roman ayant la Premi\u00e8re Guerre mondiale comme toile de fond tout comme elle le fit en 1916 lorsqu'elle d\u00e9cerna son prix, report\u00e9 pour cause du d\u00e9clenchement des hostilit\u00e9s,\u2026","rel":"","context":"Dans &quot;histoire&quot;","block_context":{"text":"histoire","link":"https:\/\/lyonelkaufmann.ch\/Blog\/category\/histoire-2\/"},"img":{"alt_text":"","src":"https:\/\/i0.wp.com\/lyonelkaufmann.ch\/Blog\/wp-content\/uploads\/2015\/03\/r-POILUS-GRANDE-GUERRE-large570.jpg?fit=570%2C238&ssl=1&resize=350%2C200","width":350,"height":200,"srcset":"https:\/\/i0.wp.com\/lyonelkaufmann.ch\/Blog\/wp-content\/uploads\/2015\/03\/r-POILUS-GRANDE-GUERRE-large570.jpg?fit=570%2C238&ssl=1&resize=350%2C200 1x, https:\/\/i0.wp.com\/lyonelkaufmann.ch\/Blog\/wp-content\/uploads\/2015\/03\/r-POILUS-GRANDE-GUERRE-large570.jpg?fit=570%2C238&ssl=1&resize=525%2C300 1.5x"},"classes":[]},{"id":22436,"url":"https:\/\/lyonelkaufmann.ch\/Blog\/2021\/01\/04\/une-suisse-deux-epoques-qui-a-peur-de-lhomme-noir\/","url_meta":{"origin":7371,"position":2},"title":"Une Suisse, deux \u00e9poques: \u00abQui a peur de l\u2019homme noir?\u00bb","author":"Lyonel Kaufmann","date":"4 janvier 2021","format":false,"excerpt":"\u00abAucun Noir n\u2019avait, avant moi, pos\u00e9 les pieds dans ce village suisse.\u00bb En 1951, l\u2019\u00e9crivain afro-am\u00e9ricain James Baldwin s\u00e9journe \u00e0 Lo\u00e8che-les-Bains. Il y vit l\u2019exp\u00e9rience de l\u2019\u00e9tranget\u00e9, celle d\u2019un \u00abNeger\u00bb, comme l\u2019appelle les enfants. 70 ans plus tard, qu'est-ce qui a vraiment chang\u00e9? https:\/\/www.youtube.com\/watch?v=TSqd1p11prw Cette s\u00e9rie documentaire est co-produite avec\u2026","rel":"","context":"Dans &quot;Blogcaf\u00e9&quot;","block_context":{"text":"Blogcaf\u00e9","link":"https:\/\/lyonelkaufmann.ch\/Blog\/category\/blogcafe-2\/"},"img":{"alt_text":"","src":"https:\/\/i0.wp.com\/img.youtube.com\/vi\/TSqd1p11prw\/0.jpg?resize=350%2C200","width":350,"height":200},"classes":[]},{"id":5081,"url":"https:\/\/lyonelkaufmann.ch\/Blog\/2005\/04\/14\/une-banque-suisse-avait-aid-spolier-des-victimes-des-nazis\/","url_meta":{"origin":7371,"position":3},"title":"Une banque suisse avait aid\u00e9 \u00e0 spolier des victimes des nazis","author":"Lyonel Kaufmann","date":"14 avril 2005","format":false,"excerpt":"NEW YORK - Une banque suisse doit verser 26,45 millions de francs \u00e0 deux familles autrichiennes parce qu'elle a activement aid\u00e9 \u00e0 les d\u00e9poss\u00e9der de leurs actions \u00e0 l'\u00e9poque nazie. Le nom de la banque n'est pas publi\u00e9 dans la d\u00e9cision du tribunal am\u00e9ricain. L'agence de presse autrichienne APA indique\u2026","rel":"","context":"Dans &quot;histoire&quot;","block_context":{"text":"histoire","link":"https:\/\/lyonelkaufmann.ch\/Blog\/category\/histoire-2\/"},"img":{"alt_text":"","src":"https:\/\/i0.wp.com\/lyonelkaufmann.ch\/Blog\/wp-content\/uploads\/2015\/03\/blogcafe1.jpg?fit=1024%2C683&ssl=1&resize=350%2C200","width":350,"height":200,"srcset":"https:\/\/i0.wp.com\/lyonelkaufmann.ch\/Blog\/wp-content\/uploads\/2015\/03\/blogcafe1.jpg?fit=1024%2C683&ssl=1&resize=350%2C200 1x, https:\/\/i0.wp.com\/lyonelkaufmann.ch\/Blog\/wp-content\/uploads\/2015\/03\/blogcafe1.jpg?fit=1024%2C683&ssl=1&resize=525%2C300 1.5x, https:\/\/i0.wp.com\/lyonelkaufmann.ch\/Blog\/wp-content\/uploads\/2015\/03\/blogcafe1.jpg?fit=1024%2C683&ssl=1&resize=700%2C400 2x"},"classes":[]},{"id":23799,"url":"https:\/\/lyonelkaufmann.ch\/Blog\/2023\/10\/08\/la-suisse-est-elle-raciste-james-baldwin-et-les-artistes-repondent-le-temps\/","url_meta":{"origin":7371,"position":4},"title":"La Suisse est-elle raciste? James Baldwin et les artistes r\u00e9pondent &#8211; Le Temps","author":"Lyonel Kaufmann","date":"8 octobre 2023","format":false,"excerpt":"Comment parler du racisme en Suisse? Comment en parler par le biais de l\u2019art? Comment le pister l\u00e0 o\u00f9 il se loge, sans pointer du doigt violemment mais en donnant \u00e0 voir? Comment \u00e9chapper aux st\u00e9r\u00e9otypes? Et surtout, comment les d\u00e9construire? Comment \u00e9viter la polarisation et retrouver la complexit\u00e9 indispensable\u2026","rel":"","context":"Dans &quot;Blogcaf\u00e9&quot;","block_context":{"text":"Blogcaf\u00e9","link":"https:\/\/lyonelkaufmann.ch\/Blog\/category\/blogcafe-2\/"},"img":{"alt_text":"","src":"https:\/\/i0.wp.com\/lyonelkaufmann.ch\/Blog\/wp-content\/uploads\/2023\/10\/c7a53db_1696755765345-23-08-akh-stranger-in-the-village-014-scaled.jpg?fit=1200%2C675&ssl=1&resize=350%2C200","width":350,"height":200,"srcset":"https:\/\/i0.wp.com\/lyonelkaufmann.ch\/Blog\/wp-content\/uploads\/2023\/10\/c7a53db_1696755765345-23-08-akh-stranger-in-the-village-014-scaled.jpg?fit=1200%2C675&ssl=1&resize=350%2C200 1x, https:\/\/i0.wp.com\/lyonelkaufmann.ch\/Blog\/wp-content\/uploads\/2023\/10\/c7a53db_1696755765345-23-08-akh-stranger-in-the-village-014-scaled.jpg?fit=1200%2C675&ssl=1&resize=525%2C300 1.5x, https:\/\/i0.wp.com\/lyonelkaufmann.ch\/Blog\/wp-content\/uploads\/2023\/10\/c7a53db_1696755765345-23-08-akh-stranger-in-the-village-014-scaled.jpg?fit=1200%2C675&ssl=1&resize=700%2C400 2x, https:\/\/i0.wp.com\/lyonelkaufmann.ch\/Blog\/wp-content\/uploads\/2023\/10\/c7a53db_1696755765345-23-08-akh-stranger-in-the-village-014-scaled.jpg?fit=1200%2C675&ssl=1&resize=1050%2C600 3x"},"classes":[]},{"id":20305,"url":"https:\/\/lyonelkaufmann.ch\/Blog\/2019\/09\/12\/robert-frank-lamerique-en-negatif-culture-next\/","url_meta":{"origin":7371,"position":5},"title":"Robert Frank, l\u2019Am\u00e9rique en\u00a0n\u00e9gatif &#8211; Lib\u00e9ration","author":"Lyonel Kaufmann","date":"12 septembre 2019","format":false,"excerpt":"Le photographe et cin\u00e9aste am\u00e9ricain d\u2019origine suisse s\u2019est\u00a0\u00e9teint lundi \u00e0 l\u2019\u00e2ge de 94\u00a0ans. Dernier monument de la\u00a0g\u00e9n\u00e9ration Beat, il aura transfigur\u00e9 la\u00a0mani\u00e8re de regarder les Etats-Unis avec son chef-d\u2019\u0153uvre \u00ables Am\u00e9ricains\u00bb. \u00abVous regardez ces images, et \u00e0 la fin, vous ne savez plus du tout quel est le plus triste\u2026","rel":"","context":"Dans &quot;Blogcaf\u00e9&quot;","block_context":{"text":"Blogcaf\u00e9","link":"https:\/\/lyonelkaufmann.ch\/Blog\/category\/blogcafe-2\/"},"img":{"alt_text":"","src":"https:\/\/i0.wp.com\/lyonelkaufmann.ch\/Blog\/wp-content\/uploads\/2019\/09\/img_2500.jpg?fit=975%2C991&ssl=1&resize=350%2C200","width":350,"height":200,"srcset":"https:\/\/i0.wp.com\/lyonelkaufmann.ch\/Blog\/wp-content\/uploads\/2019\/09\/img_2500.jpg?fit=975%2C991&ssl=1&resize=350%2C200 1x, https:\/\/i0.wp.com\/lyonelkaufmann.ch\/Blog\/wp-content\/uploads\/2019\/09\/img_2500.jpg?fit=975%2C991&ssl=1&resize=525%2C300 1.5x, https:\/\/i0.wp.com\/lyonelkaufmann.ch\/Blog\/wp-content\/uploads\/2019\/09\/img_2500.jpg?fit=975%2C991&ssl=1&resize=700%2C400 2x"},"classes":[]}],"jetpack_likes_enabled":true,"_links":{"self":[{"href":"https:\/\/lyonelkaufmann.ch\/Blog\/wp-json\/wp\/v2\/posts\/7371","targetHints":{"allow":["GET"]}}],"collection":[{"href":"https:\/\/lyonelkaufmann.ch\/Blog\/wp-json\/wp\/v2\/posts"}],"about":[{"href":"https:\/\/lyonelkaufmann.ch\/Blog\/wp-json\/wp\/v2\/types\/post"}],"author":[{"embeddable":true,"href":"https:\/\/lyonelkaufmann.ch\/Blog\/wp-json\/wp\/v2\/users\/1"}],"replies":[{"embeddable":true,"href":"https:\/\/lyonelkaufmann.ch\/Blog\/wp-json\/wp\/v2\/comments?post=7371"}],"version-history":[{"count":0,"href":"https:\/\/lyonelkaufmann.ch\/Blog\/wp-json\/wp\/v2\/posts\/7371\/revisions"}],"wp:featuredmedia":[{"embeddable":true,"href":"https:\/\/lyonelkaufmann.ch\/Blog\/wp-json\/wp\/v2\/media\/13958"}],"wp:attachment":[{"href":"https:\/\/lyonelkaufmann.ch\/Blog\/wp-json\/wp\/v2\/media?parent=7371"}],"wp:term":[{"taxonomy":"category","embeddable":true,"href":"https:\/\/lyonelkaufmann.ch\/Blog\/wp-json\/wp\/v2\/categories?post=7371"},{"taxonomy":"post_tag","embeddable":true,"href":"https:\/\/lyonelkaufmann.ch\/Blog\/wp-json\/wp\/v2\/tags?post=7371"}],"curies":[{"name":"wp","href":"https:\/\/api.w.org\/{rel}","templated":true}]}}