{"id":7664,"date":"2005-07-21T19:01:01","date_gmt":"2005-07-21T18:01:01","guid":{"rendered":"http:\/\/lyonelkaufmann.ch\/histoire\/?p=44"},"modified":"2005-07-21T19:01:01","modified_gmt":"2005-07-21T18:01:01","slug":"un-sanctuaire-gallo-romain-au-sommet-du-chasseron","status":"publish","type":"post","link":"https:\/\/lyonelkaufmann.ch\/Blog\/2005\/07\/21\/un-sanctuaire-gallo-romain-au-sommet-du-chasseron\/","title":{"rendered":"Un sanctuaire gallo-romain au sommet du Chasseron"},"content":{"rendered":"<p>Les arch&#xe9;ologues vaudois ont mis au jour les vestiges d&rsquo;un sanctuaire gallo-romain &#xe0; 1.607 m&#xe8;tres au sommet du Chasseron qui domine Sainte-Croix (VD). Ce \u00ab\u00a0fanum\u00a0\u00bb, de pr&#xe8;s de dix m&#xe8;tres de c&#xf4;t&#xe9;, &#xe9;tait d&#xe9;di&#xe9; &#xe0; plusieurs divinit&#xe9;s, dont la principale semble avoir &#xe9;t&#xe9; le \u00ab\u00a0Mercure souverain\u00a0\u00bb de la religion gallo-romaine.<\/p>\n<p>Le sommet du Chasseron &#xe9;tait connu comme lieu de culte antique depuis le 18e si&#xe8;cle gr&#xe2;ce &#xe0; la d&#xe9;couverte de nombreuses monnaies au pied de sa falaise occidentale, puis &#xe0; celle de mobilier manifestement rituel lors de son pillage intensif durant la seconde moiti&#xe9; du 19e si&#xe8;cle. Fr&#xe9;quent&#xe9; de la p&#xe9;riode celtique &#xe0; la fin de l&rsquo;&#xe9;poque romaine, le sanctuaire n&rsquo;avait jamais fait l&rsquo;objet de fouilles m&#xe9;thodiques avant 2004.<\/p>\n<p>En 2005, la campagne de fouilles a &#xe9;t&#xe9; conduite par l&rsquo;Institut d&rsquo;arch&#xe9;ologie et des sciences de l&rsquo;Antiquit&#xe9; de l&rsquo;universit&#xe9; de Lausanne. Plus de 60 &#xe9;tudiants ont ainsi mis au jour l&rsquo;entier de ce \u00ab\u00a0fanum\u00a0\u00bb, un temple gallo-romain &#xe0; plan carr&#xe9;, ainsi qu&rsquo;un abondant mobilier compos&#xe9; de monnaies, c&#xe9;ramiques et fibules.<br \/>\nDes fragments d&rsquo;objets attestent de la fr&#xe9;quentation du site depuis la Pr&#xe9;histoire.<br \/>\nLes d&#xe9;couvertes seront pr&#xe9;sent&#xe9;es au public lors de journ&#xe9;es portes ouvertes les 22 et 23 juillet.<\/p>\n<p>Source : &#xa9; AP &#8211; The Associated Press. Tous droits r&#xe9;serv&#xe9;s.<\/p>\n","protected":false},"excerpt":{"rendered":"<p>Les arch&#xe9;ologues vaudois ont mis au jour les vestiges d&rsquo;un sanctuaire gallo-romain &#xe0; 1.607 m&#xe8;tres au sommet du Chasseron qui domine Sainte-Croix (VD). Ce \u00ab\u00a0fanum\u00a0\u00bb, de pr&#xe8;s de dix m&#xe8;tres de c&#xf4;t&#xe9;, &#xe9;tait d&#xe9;di&#xe9; &#xe0; plusieurs divinit&#xe9;s, dont la principale semble avoir &#xe9;t&#xe9; le \u00ab\u00a0Mercure souverain\u00a0\u00bb de la religion gallo-romaine. Le sommet du Chasseron &#xe9;tait [&hellip;]<\/p>\n","protected":false},"author":1,"featured_media":14680,"comment_status":"open","ping_status":"open","sticky":false,"template":"","format":"standard","meta":{"_import_markdown_pro_load_document_selector":0,"_import_markdown_pro_submit_text_textarea":"","_genesis_hide_title":false,"_genesis_hide_breadcrumbs":false,"_genesis_hide_singular_image":false,"_genesis_hide_footer_widgets":false,"_genesis_custom_body_class":"","_genesis_custom_post_class":"","_genesis_layout":"","jetpack_post_was_ever_published":false,"_jetpack_newsletter_access":"","_jetpack_dont_email_post_to_subs":false,"_jetpack_newsletter_tier_id":0,"_jetpack_memberships_contains_paywalled_content":false,"_jetpack_memberships_contains_paid_content":false,"activitypub_content_warning":"","activitypub_content_visibility":"","activitypub_max_image_attachments":3,"activitypub_interaction_policy_quote":"anyone","activitypub_status":"","footnotes":"","jetpack_publicize_message":"","jetpack_publicize_feature_enabled":true,"jetpack_social_post_already_shared":true,"jetpack_social_options":{"image_generator_settings":{"template":"fullscreen","default_image_id":0,"font":"","enabled":false},"version":2}},"categories":[2],"tags":[],"class_list":{"0":"post-7664","1":"post","2":"type-post","3":"status-publish","4":"format-standard","5":"has-post-thumbnail","7":"category-histoire-2","8":"entry"},"jetpack_publicize_connections":[],"featured_image_src":"https:\/\/i0.wp.com\/lyonelkaufmann.ch\/Blog\/wp-content\/uploads\/2015\/03\/blogcafe1.jpg?resize=600%2C400&ssl=1","featured_image_src_square":"https:\/\/i0.wp.com\/lyonelkaufmann.ch\/Blog\/wp-content\/uploads\/2015\/03\/blogcafe1.jpg?resize=600%2C600&ssl=1","author_info":{"display_name":"Lyonel Kaufmann","author_link":"https:\/\/lyonelkaufmann.ch\/Blog\/author\/lyonelk\/"},"jetpack_featured_media_url":"https:\/\/i0.wp.com\/lyonelkaufmann.ch\/Blog\/wp-content\/uploads\/2015\/03\/blogcafe1.jpg?fit=1024%2C683&ssl=1","jetpack_sharing_enabled":true,"jetpack_shortlink":"https:\/\/wp.me\/p1qtF4-1ZC","jetpack-related-posts":[{"id":16133,"url":"https:\/\/lyonelkaufmann.ch\/Blog\/2016\/02\/23\/tongres-ambiorix-roi-des-eburons\/","url_meta":{"origin":7664,"position":0},"title":"Tongres : Ambiorix, roi des \u00c9burons","author":"Lyonel Kaufmann","date":"23 f\u00e9vrier 2016","format":false,"excerpt":"En ce mardi 23 f\u00e9vrier, apr\u00e8s une matin\u00e9e pass\u00e9s \u00e0 l'HELMo de Li\u00e8ge (institution de formation des ma\u00eetres), nous nous rendons \u00e0 Tongres avec mon coll\u00e8gue. Ville romaine, Tongres abrite un mus\u00e9e gallo-romain et actuellement une exposition temporaire sur les Gladiateurs. C'est l'occasion de faire la connaissance avec Ambiorix, le\u2026","rel":"","context":"Dans &quot;Blogcaf\u00e9&quot;","block_context":{"text":"Blogcaf\u00e9","link":"https:\/\/lyonelkaufmann.ch\/Blog\/category\/blogcafe-2\/"},"img":{"alt_text":"","src":"https:\/\/i0.wp.com\/lyonelkaufmann.ch\/Blog\/wp-content\/uploads\/2016\/02\/img_0088.jpg?fit=800%2C1200&ssl=1&resize=350%2C200","width":350,"height":200,"srcset":"https:\/\/i0.wp.com\/lyonelkaufmann.ch\/Blog\/wp-content\/uploads\/2016\/02\/img_0088.jpg?fit=800%2C1200&ssl=1&resize=350%2C200 1x, https:\/\/i0.wp.com\/lyonelkaufmann.ch\/Blog\/wp-content\/uploads\/2016\/02\/img_0088.jpg?fit=800%2C1200&ssl=1&resize=525%2C300 1.5x, https:\/\/i0.wp.com\/lyonelkaufmann.ch\/Blog\/wp-content\/uploads\/2016\/02\/img_0088.jpg?fit=800%2C1200&ssl=1&resize=700%2C400 2x"},"classes":[]},{"id":7339,"url":"https:\/\/lyonelkaufmann.ch\/Blog\/2013\/08\/12\/labbaye-de-saint-maurice-revelee-dans-sa-grandeur-burgonde-letemps\/","url_meta":{"origin":7664,"position":1},"title":"L\u2019abbaye de Saint-Maurice r\u00e9v\u00e9l\u00e9e dans sa grandeur burgonde | LeTemps","author":"Lyonel Kaufmann","date":"12 ao\u00fbt 2013","format":false,"excerpt":"Les derni\u00e8res fouilles \u00e0 l'abbaye de Saint-Maurice (Valais) attestent de l\u2019importance religieuse et politique du sanctuaire d\u00e8s ses origines au 6e si\u00e8cle de notre \u00e8re. Les arch\u00e9ologues viennent de mettre \u00e0 jour les vestiges de deux b\u00e2timents importants : une \u00e9glise et une vaste salle de 500 m2 avec ses\u2026","rel":"","context":"Dans &quot;histoire&quot;","block_context":{"text":"histoire","link":"https:\/\/lyonelkaufmann.ch\/Blog\/category\/histoire-2\/"},"img":{"alt_text":"","src":"https:\/\/i0.wp.com\/lyonelkaufmann.ch\/Blog\/wp-content\/uploads\/2015\/03\/P04_Fouilles_St_Maurice.jpg?fit=555%2C532&ssl=1&resize=350%2C200","width":350,"height":200,"srcset":"https:\/\/i0.wp.com\/lyonelkaufmann.ch\/Blog\/wp-content\/uploads\/2015\/03\/P04_Fouilles_St_Maurice.jpg?fit=555%2C532&ssl=1&resize=350%2C200 1x, https:\/\/i0.wp.com\/lyonelkaufmann.ch\/Blog\/wp-content\/uploads\/2015\/03\/P04_Fouilles_St_Maurice.jpg?fit=555%2C532&ssl=1&resize=525%2C300 1.5x"},"classes":[]},{"id":18122,"url":"https:\/\/lyonelkaufmann.ch\/Blog\/2017\/05\/26\/camp-celtique-de-la-bure-vosges\/","url_meta":{"origin":7664,"position":2},"title":"Camp celtique de la Bure (Vosges)","author":"Lyonel Kaufmann","date":"26 mai 2017","format":false,"excerpt":"Le\u00a0camp celtique de la Bure\u00a0fait partie des nombreux sites de hauteur fortifi\u00e9s bordant la vall\u00e9e de la\u00a0Haute-Meurthe, dans le\u00a0Grand-Est\u00a0de la\u00a0France. Le plateau, aujourd'hui sous couvert forestier, est partag\u00e9 entre la commune de\u00a0Saint-Di\u00e9-des-Vosges\u00a0et celle d'Hurbache\u00a0\u00e0 l\u2019extr\u00e9mit\u00e9 occidentale du\u00a0massif de l'Ormont.\u00a0 Cet habitat perch\u00e9, de type\u00a0\u00e9peron-barr\u00e9 fortifi\u00e9 \u00e0 l\u2019Est, se situe sur\u2026","rel":"","context":"Dans &quot;Blogcaf\u00e9&quot;","block_context":{"text":"Blogcaf\u00e9","link":"https:\/\/lyonelkaufmann.ch\/Blog\/category\/blogcafe-2\/"},"img":{"alt_text":"","src":"https:\/\/i0.wp.com\/lyonelkaufmann.ch\/Blog\/wp-content\/uploads\/2017\/05\/p5250561.jpg?fit=1200%2C800&ssl=1&resize=350%2C200","width":350,"height":200,"srcset":"https:\/\/i0.wp.com\/lyonelkaufmann.ch\/Blog\/wp-content\/uploads\/2017\/05\/p5250561.jpg?fit=1200%2C800&ssl=1&resize=350%2C200 1x, https:\/\/i0.wp.com\/lyonelkaufmann.ch\/Blog\/wp-content\/uploads\/2017\/05\/p5250561.jpg?fit=1200%2C800&ssl=1&resize=525%2C300 1.5x, https:\/\/i0.wp.com\/lyonelkaufmann.ch\/Blog\/wp-content\/uploads\/2017\/05\/p5250561.jpg?fit=1200%2C800&ssl=1&resize=700%2C400 2x, https:\/\/i0.wp.com\/lyonelkaufmann.ch\/Blog\/wp-content\/uploads\/2017\/05\/p5250561.jpg?fit=1200%2C800&ssl=1&resize=1050%2C600 3x"},"classes":[]},{"id":3458,"url":"https:\/\/lyonelkaufmann.ch\/Blog\/2011\/01\/26\/conscience-de-soi-et-representations-de-lautre-dans-la-rome-antique-livre\/","url_meta":{"origin":7664,"position":3},"title":"Conscience de soi et repr\u00e9sentations de l&rsquo;autre dans la Rome antique | Livre","author":"Lyonel Kaufmann","date":"26 janvier 2011","format":false,"excerpt":"Dans la discussion relative \u00e0 la place de l'enseignement de Rome au coll\u00e8ge (Quelle place la Rome antique doit-elle avoir \u00e0 l\u2019\u00e9cole (vaudoise) ?), voici une parution r\u00e9cente utile dans le cadre de ce d\u00e9bat. Le r\u00e9sum\u00e9 de l'ouvrage par l'\u00e9diteur : Le renouvellement des \u00e9tudes antiques a mis en\u2026","rel":"","context":"Dans &quot;histoire&quot;","block_context":{"text":"histoire","link":"https:\/\/lyonelkaufmann.ch\/Blog\/category\/histoire-2\/"},"img":{"alt_text":"","src":"https:\/\/i0.wp.com\/lyonelkaufmann.ch\/Blog\/wp-content\/uploads\/2015\/03\/blogcafe1.jpg?fit=1024%2C683&ssl=1&resize=350%2C200","width":350,"height":200,"srcset":"https:\/\/i0.wp.com\/lyonelkaufmann.ch\/Blog\/wp-content\/uploads\/2015\/03\/blogcafe1.jpg?fit=1024%2C683&ssl=1&resize=350%2C200 1x, https:\/\/i0.wp.com\/lyonelkaufmann.ch\/Blog\/wp-content\/uploads\/2015\/03\/blogcafe1.jpg?fit=1024%2C683&ssl=1&resize=525%2C300 1.5x, https:\/\/i0.wp.com\/lyonelkaufmann.ch\/Blog\/wp-content\/uploads\/2015\/03\/blogcafe1.jpg?fit=1024%2C683&ssl=1&resize=700%2C400 2x"},"classes":[]},{"id":3403,"url":"https:\/\/lyonelkaufmann.ch\/Blog\/2011\/01\/13\/quelle-place-la-rome-antique-doit-elle-avoir-a-lecole-vaudoise\/","url_meta":{"origin":7664,"position":4},"title":"Quelle place la Rome antique doit-elle avoir \u00e0 l\u2019\u00e9cole (vaudoise) ?","author":"Lyonel Kaufmann","date":"13 janvier 2011","format":false,"excerpt":"Juste avant les f\u00eates de fin d\u2019ann\u00e9e, j\u2019ai re\u00e7u par mail la question d\u2019un enseignant concernant la place de l\u2019enseignement de Rome dans l\u2019enseignement vaudois. Ceci au m\u00eame moment o\u00f9 en France une pol\u00e9mique a \u00e9t\u00e9 lanc\u00e9e par la revue Historia sur la disparition de l\u2019enseignement de l\u2019Egypte antique pour\u2026","rel":"","context":"Dans &quot;histoire&quot;","block_context":{"text":"histoire","link":"https:\/\/lyonelkaufmann.ch\/Blog\/category\/histoire-2\/"},"img":{"alt_text":"","src":"https:\/\/i0.wp.com\/lyonelkaufmann.ch\/Blog\/wp-content\/uploads\/2015\/03\/blogcafe1.jpg?fit=1024%2C683&ssl=1&resize=350%2C200","width":350,"height":200,"srcset":"https:\/\/i0.wp.com\/lyonelkaufmann.ch\/Blog\/wp-content\/uploads\/2015\/03\/blogcafe1.jpg?fit=1024%2C683&ssl=1&resize=350%2C200 1x, https:\/\/i0.wp.com\/lyonelkaufmann.ch\/Blog\/wp-content\/uploads\/2015\/03\/blogcafe1.jpg?fit=1024%2C683&ssl=1&resize=525%2C300 1.5x, https:\/\/i0.wp.com\/lyonelkaufmann.ch\/Blog\/wp-content\/uploads\/2015\/03\/blogcafe1.jpg?fit=1024%2C683&ssl=1&resize=700%2C400 2x"},"classes":[]},{"id":6105,"url":"https:\/\/lyonelkaufmann.ch\/Blog\/2012\/08\/31\/grandeur-et-decadence-a-hollywood-les-chiffres-romains-ont-perdu-la-bataille-des-titres-slate\/","url_meta":{"origin":7664,"position":5},"title":"Grandeur et d\u00e9cadence : A Hollywood, les chiffres romains ont perdu la bataille","author":"Lyonel Kaufmann","date":"31 ao\u00fbt 2012","format":false,"excerpt":"Encore une raison de moins de faire apprendre les chiffre romains \u00a0\u00e0 l'\u00e9cole ! Fini \u00abRocky II\u00bb, place \u00e0 \u00abExpandables 2\u00bb: en quelques d\u00e9cennies, les chiffres arabes ont supplant\u00e9 les romains dans la majorit\u00e9 des franchises. M\u00eame Stallone n'y trouve plus rien \u00e0 redire, lui qui trouvait que les chiffres\u2026","rel":"","context":"Dans &quot;histoire&quot;","block_context":{"text":"histoire","link":"https:\/\/lyonelkaufmann.ch\/Blog\/category\/histoire-2\/"},"img":{"alt_text":"","src":"https:\/\/i0.wp.com\/lyonelkaufmann.ch\/Blog\/wp-content\/uploads\/2015\/03\/the-expendables-2-videogame-team-cover.jpg?fit=600%2C330&ssl=1&resize=350%2C200","width":350,"height":200,"srcset":"https:\/\/i0.wp.com\/lyonelkaufmann.ch\/Blog\/wp-content\/uploads\/2015\/03\/the-expendables-2-videogame-team-cover.jpg?fit=600%2C330&ssl=1&resize=350%2C200 1x, https:\/\/i0.wp.com\/lyonelkaufmann.ch\/Blog\/wp-content\/uploads\/2015\/03\/the-expendables-2-videogame-team-cover.jpg?fit=600%2C330&ssl=1&resize=525%2C300 1.5x"},"classes":[]}],"jetpack_likes_enabled":true,"_links":{"self":[{"href":"https:\/\/lyonelkaufmann.ch\/Blog\/wp-json\/wp\/v2\/posts\/7664","targetHints":{"allow":["GET"]}}],"collection":[{"href":"https:\/\/lyonelkaufmann.ch\/Blog\/wp-json\/wp\/v2\/posts"}],"about":[{"href":"https:\/\/lyonelkaufmann.ch\/Blog\/wp-json\/wp\/v2\/types\/post"}],"author":[{"embeddable":true,"href":"https:\/\/lyonelkaufmann.ch\/Blog\/wp-json\/wp\/v2\/users\/1"}],"replies":[{"embeddable":true,"href":"https:\/\/lyonelkaufmann.ch\/Blog\/wp-json\/wp\/v2\/comments?post=7664"}],"version-history":[{"count":0,"href":"https:\/\/lyonelkaufmann.ch\/Blog\/wp-json\/wp\/v2\/posts\/7664\/revisions"}],"wp:featuredmedia":[{"embeddable":true,"href":"https:\/\/lyonelkaufmann.ch\/Blog\/wp-json\/wp\/v2\/media\/14680"}],"wp:attachment":[{"href":"https:\/\/lyonelkaufmann.ch\/Blog\/wp-json\/wp\/v2\/media?parent=7664"}],"wp:term":[{"taxonomy":"category","embeddable":true,"href":"https:\/\/lyonelkaufmann.ch\/Blog\/wp-json\/wp\/v2\/categories?post=7664"},{"taxonomy":"post_tag","embeddable":true,"href":"https:\/\/lyonelkaufmann.ch\/Blog\/wp-json\/wp\/v2\/tags?post=7664"}],"curies":[{"name":"wp","href":"https:\/\/api.w.org\/{rel}","templated":true}]}}