{"id":7665,"date":"2005-07-29T08:57:00","date_gmt":"2005-07-29T07:57:00","guid":{"rendered":"http:\/\/lyonelkaufmann.ch\/histoire\/?p=45"},"modified":"2005-07-29T08:57:00","modified_gmt":"2005-07-29T07:57:00","slug":"une-t%ef%bf%bdte-sculpt%ef%bf%bde-de-lempereur-constantin-retrouv%ef%bf%bde-dans-les-anciens-%ef%bf%bdgouts-de-rome","status":"publish","type":"post","link":"https:\/\/lyonelkaufmann.ch\/Blog\/2005\/07\/29\/une-t%ef%bf%bdte-sculpt%ef%bf%bde-de-lempereur-constantin-retrouv%ef%bf%bde-dans-les-anciens-%ef%bf%bdgouts-de-rome\/","title":{"rendered":"Une t\u00eate sculpt\u00e9e de l&#8217;empereur Constantin retrouv\u00e9e dans les anciens \u00e9gouts de Rome"},"content":{"rendered":"<p>ROME (AP) &#8211; Mais o\u00f9 avait-il la t\u00eate? Dans l&rsquo;\u00e9gout. Un portrait de marbre de l&#8217;empereur romain Constantin a \u00e9t\u00e9 mis au jour la semaine derni\u00e8re par des arch\u00e9ologues qui nettoyaient l&rsquo;ancien syst\u00e8me de canalisations du Forum, a annonc\u00e9 jeudi Eugenio La Rocca, le directeur des monuments de Rome, en d\u00e9voilant la t\u00eate de la statue imp\u00e9riale.<br \/>\n<i>\u00ab\u00a0Nous ne savons pas avec certitude pourquoi on l&rsquo;avait mise l\u00e0\u00a0\u00bb<\/i>, a-t-il soulign\u00e9 lors d&rsquo;une conf\u00e9rence de presse.<br \/>\nLa t\u00eate de Constantin, qui mesure 60cm, a peut-\u00eatre \u00e9t\u00e9 utilis\u00e9e pour d\u00e9boucher un \u00e9gout, a avanc\u00e9 Eugenio La Rocca. Pour peu respectueux qu&rsquo;ait \u00e9t\u00e9 cet usage, il aura au moins eu le m\u00e9rite de pr\u00e9server cette pi\u00e8ce de 60cm du pillage que subit le Forum apr\u00e8s la chute de l&rsquo;Empire romain au Ve si\u00e8cle.<\/p>\n","protected":false},"excerpt":{"rendered":"<p>ROME (AP) &#8211; Mais o\u00f9 avait-il la t\u00eate? Dans l&rsquo;\u00e9gout. Un portrait de marbre de l&#8217;empereur romain Constantin a \u00e9t\u00e9 mis au jour la semaine derni\u00e8re par des arch\u00e9ologues qui nettoyaient l&rsquo;ancien syst\u00e8me de canalisations du Forum, a annonc\u00e9 jeudi Eugenio La Rocca, le directeur des monuments de Rome, en d\u00e9voilant la t\u00eate de la [&hellip;]<\/p>\n","protected":false},"author":1,"featured_media":14680,"comment_status":"open","ping_status":"open","sticky":false,"template":"","format":"standard","meta":{"_import_markdown_pro_load_document_selector":0,"_import_markdown_pro_submit_text_textarea":"","_genesis_hide_title":false,"_genesis_hide_breadcrumbs":false,"_genesis_hide_singular_image":false,"_genesis_hide_footer_widgets":false,"_genesis_custom_body_class":"","_genesis_custom_post_class":"","_genesis_layout":"","jetpack_post_was_ever_published":false,"_jetpack_newsletter_access":"","_jetpack_dont_email_post_to_subs":false,"_jetpack_newsletter_tier_id":0,"_jetpack_memberships_contains_paywalled_content":false,"_jetpack_memberships_contains_paid_content":false,"activitypub_content_warning":"","activitypub_content_visibility":"","activitypub_max_image_attachments":3,"activitypub_interaction_policy_quote":"anyone","activitypub_status":"","footnotes":"","jetpack_publicize_message":"","jetpack_publicize_feature_enabled":true,"jetpack_social_post_already_shared":true,"jetpack_social_options":{"image_generator_settings":{"template":"fullscreen","default_image_id":0,"font":"","enabled":false},"version":2}},"categories":[2],"tags":[],"class_list":{"0":"post-7665","1":"post","2":"type-post","3":"status-publish","4":"format-standard","5":"has-post-thumbnail","7":"category-histoire-2","8":"entry"},"jetpack_publicize_connections":[],"featured_image_src":"https:\/\/i0.wp.com\/lyonelkaufmann.ch\/Blog\/wp-content\/uploads\/2015\/03\/blogcafe1.jpg?resize=600%2C400&ssl=1","featured_image_src_square":"https:\/\/i0.wp.com\/lyonelkaufmann.ch\/Blog\/wp-content\/uploads\/2015\/03\/blogcafe1.jpg?resize=600%2C600&ssl=1","author_info":{"display_name":"Lyonel Kaufmann","author_link":"https:\/\/lyonelkaufmann.ch\/Blog\/author\/lyonelk\/"},"jetpack_featured_media_url":"https:\/\/i0.wp.com\/lyonelkaufmann.ch\/Blog\/wp-content\/uploads\/2015\/03\/blogcafe1.jpg?fit=1024%2C683&ssl=1","jetpack_sharing_enabled":true,"jetpack_shortlink":"https:\/\/wp.me\/p1qtF4-1ZD","jetpack-related-posts":[{"id":3458,"url":"https:\/\/lyonelkaufmann.ch\/Blog\/2011\/01\/26\/conscience-de-soi-et-representations-de-lautre-dans-la-rome-antique-livre\/","url_meta":{"origin":7665,"position":0},"title":"Conscience de soi et repr\u00e9sentations de l&rsquo;autre dans la Rome antique | Livre","author":"Lyonel Kaufmann","date":"26 janvier 2011","format":false,"excerpt":"Dans la discussion relative \u00e0 la place de l'enseignement de Rome au coll\u00e8ge (Quelle place la Rome antique doit-elle avoir \u00e0 l\u2019\u00e9cole (vaudoise) ?), voici une parution r\u00e9cente utile dans le cadre de ce d\u00e9bat. Le r\u00e9sum\u00e9 de l'ouvrage par l'\u00e9diteur : Le renouvellement des \u00e9tudes antiques a mis en\u2026","rel":"","context":"Dans &quot;histoire&quot;","block_context":{"text":"histoire","link":"https:\/\/lyonelkaufmann.ch\/Blog\/category\/histoire-2\/"},"img":{"alt_text":"","src":"https:\/\/i0.wp.com\/lyonelkaufmann.ch\/Blog\/wp-content\/uploads\/2015\/03\/blogcafe1.jpg?fit=1024%2C683&ssl=1&resize=350%2C200","width":350,"height":200,"srcset":"https:\/\/i0.wp.com\/lyonelkaufmann.ch\/Blog\/wp-content\/uploads\/2015\/03\/blogcafe1.jpg?fit=1024%2C683&ssl=1&resize=350%2C200 1x, https:\/\/i0.wp.com\/lyonelkaufmann.ch\/Blog\/wp-content\/uploads\/2015\/03\/blogcafe1.jpg?fit=1024%2C683&ssl=1&resize=525%2C300 1.5x, https:\/\/i0.wp.com\/lyonelkaufmann.ch\/Blog\/wp-content\/uploads\/2015\/03\/blogcafe1.jpg?fit=1024%2C683&ssl=1&resize=700%2C400 2x"},"classes":[]},{"id":19268,"url":"https:\/\/lyonelkaufmann.ch\/Blog\/2018\/05\/30\/la-cocotte-de-la-meme-de-camille-krafft-la-meduse\/","url_meta":{"origin":7665,"position":1},"title":"\u00a0La cocotte de la m\u00e9m\u00e9 de Camille Krafft | La M\u00e9duse","author":"Lyonel Kaufmann","date":"30 mai 2018","format":false,"excerpt":"Tr\u00e8s rares sont ceux, de la presse, qui peuvent avec fiert\u00e9 faire \u00e9tat de tentatives d\u2019analyses un peu courageuses sur les exc\u00e8s du personnage Christian Constantin, dont les frasques, les penchants et les ressources ont \u00e9t\u00e9 soigneusement occult\u00e9s. Jusqu'\u00e0 l'article Camille Kraft dans Le Matin Dimanche du 27 mai 2019.\u2026","rel":"","context":"Dans &quot;Blogcaf\u00e9&quot;","block_context":{"text":"Blogcaf\u00e9","link":"https:\/\/lyonelkaufmann.ch\/Blog\/category\/blogcafe-2\/"},"img":{"alt_text":"","src":"","width":0,"height":0},"classes":[]},{"id":7867,"url":"https:\/\/lyonelkaufmann.ch\/Blog\/2007\/11\/21\/romulus-et-remus-du-mythe-lhistoire\/","url_meta":{"origin":7665,"position":2},"title":"Romulus et Remus : du mythe \u00e0 l&rsquo;histoire ?","author":"Lyonel Kaufmann","date":"21 novembre 2007","format":false,"excerpt":"Romulus et Remus par Rubens (mais sans grotte\u2026) C'est le journal Le Monde qui m'apprend dans son \u00e9dition du jour que le minist\u00e8re de la culture italien a pr\u00e9sent\u00e9 mardi la d\u00e9couverte de la grotte o\u00f9 aurait \u00e9t\u00e9 allait\u00e9s par une louve les fondateurs de Rome, Romulus et Remus. Ainsi\u2026","rel":"","context":"Dans &quot;histoire&quot;","block_context":{"text":"histoire","link":"https:\/\/lyonelkaufmann.ch\/Blog\/category\/histoire-2\/"},"img":{"alt_text":"","src":"https:\/\/i0.wp.com\/lyonelkaufmann.ch\/Blog\/wp-content\/uploads\/2015\/03\/Romulus_et_remus.jpg?fit=499%2C495&ssl=1&resize=350%2C200","width":350,"height":200},"classes":[]},{"id":3403,"url":"https:\/\/lyonelkaufmann.ch\/Blog\/2011\/01\/13\/quelle-place-la-rome-antique-doit-elle-avoir-a-lecole-vaudoise\/","url_meta":{"origin":7665,"position":3},"title":"Quelle place la Rome antique doit-elle avoir \u00e0 l\u2019\u00e9cole (vaudoise) ?","author":"Lyonel Kaufmann","date":"13 janvier 2011","format":false,"excerpt":"Juste avant les f\u00eates de fin d\u2019ann\u00e9e, j\u2019ai re\u00e7u par mail la question d\u2019un enseignant concernant la place de l\u2019enseignement de Rome dans l\u2019enseignement vaudois. Ceci au m\u00eame moment o\u00f9 en France une pol\u00e9mique a \u00e9t\u00e9 lanc\u00e9e par la revue Historia sur la disparition de l\u2019enseignement de l\u2019Egypte antique pour\u2026","rel":"","context":"Dans &quot;histoire&quot;","block_context":{"text":"histoire","link":"https:\/\/lyonelkaufmann.ch\/Blog\/category\/histoire-2\/"},"img":{"alt_text":"","src":"https:\/\/i0.wp.com\/lyonelkaufmann.ch\/Blog\/wp-content\/uploads\/2015\/03\/blogcafe1.jpg?fit=1024%2C683&ssl=1&resize=350%2C200","width":350,"height":200,"srcset":"https:\/\/i0.wp.com\/lyonelkaufmann.ch\/Blog\/wp-content\/uploads\/2015\/03\/blogcafe1.jpg?fit=1024%2C683&ssl=1&resize=350%2C200 1x, https:\/\/i0.wp.com\/lyonelkaufmann.ch\/Blog\/wp-content\/uploads\/2015\/03\/blogcafe1.jpg?fit=1024%2C683&ssl=1&resize=525%2C300 1.5x, https:\/\/i0.wp.com\/lyonelkaufmann.ch\/Blog\/wp-content\/uploads\/2015\/03\/blogcafe1.jpg?fit=1024%2C683&ssl=1&resize=700%2C400 2x"},"classes":[]},{"id":17659,"url":"https:\/\/lyonelkaufmann.ch\/Blog\/2016\/11\/14\/eric-constantin-the-final-concert-2\/","url_meta":{"origin":7665,"position":4},"title":"Eric Constantin &#8211; The Final Concert","author":"Lyonel Kaufmann","date":"14 novembre 2016","format":false,"excerpt":"Le 3 novembre 2016, Eric Constantin donnait le dernier concert de sa tourn\u00e9e de son album \"Tour de man\u00e8ge\" et peut-\u00eatre de sa carri\u00e8re \u00e0 Payerne. Son dernier morceau avant les rappels : https:\/\/youtu.be\/xziAKfnnfjU Chapeau bas l'artiste ! Et \u00e0 bient\u00f4t.","rel":"","context":"Dans &quot;Diary&quot;","block_context":{"text":"Diary","link":"https:\/\/lyonelkaufmann.ch\/Blog\/category\/diary\/"},"img":{"alt_text":"","src":"https:\/\/i0.wp.com\/lyonelkaufmann.ch\/Blog\/wp-content\/uploads\/2016\/11\/embed.jpg?fit=1024%2C512&ssl=1&resize=350%2C200","width":350,"height":200,"srcset":"https:\/\/i0.wp.com\/lyonelkaufmann.ch\/Blog\/wp-content\/uploads\/2016\/11\/embed.jpg?fit=1024%2C512&ssl=1&resize=350%2C200 1x, https:\/\/i0.wp.com\/lyonelkaufmann.ch\/Blog\/wp-content\/uploads\/2016\/11\/embed.jpg?fit=1024%2C512&ssl=1&resize=525%2C300 1.5x, https:\/\/i0.wp.com\/lyonelkaufmann.ch\/Blog\/wp-content\/uploads\/2016\/11\/embed.jpg?fit=1024%2C512&ssl=1&resize=700%2C400 2x"},"classes":[]},{"id":11559,"url":"https:\/\/lyonelkaufmann.ch\/Blog\/2014\/06\/10\/jardin-concert-eric-constantin\/","url_meta":{"origin":7665,"position":5},"title":"Jardin concert :: Eric Constantin","author":"Lyonel Kaufmann","date":"10 juin 2014","format":false,"excerpt":"Alors que son idole, Bruce Springsteen, s'est d'abord fait conna\u00eetre \u00e0 Asbury Park, Eric Constantin a enchant\u00e9 en ce samedi de Pentec\u00f4te un jardin, forc\u00e9ment extraordinaire, de la banlieue lausannoise. Pour le plus grand plaisir des personnes pr\u00e9sentes, il les a gratifi\u00e9s de son humour, de sa gentillesse et de\u2026","rel":"","context":"Dans &quot;Blogcaf\u00e9&quot;","block_context":{"text":"Blogcaf\u00e9","link":"https:\/\/lyonelkaufmann.ch\/Blog\/category\/blogcafe-2\/"},"img":{"alt_text":"","src":"https:\/\/i0.wp.com\/lyonelkaufmann.ch\/Blog\/wp-content\/uploads\/2015\/02\/jardinconcertericconstantin1-xl.jpg?fit=1024%2C681&ssl=1&resize=350%2C200","width":350,"height":200,"srcset":"https:\/\/i0.wp.com\/lyonelkaufmann.ch\/Blog\/wp-content\/uploads\/2015\/02\/jardinconcertericconstantin1-xl.jpg?fit=1024%2C681&ssl=1&resize=350%2C200 1x, https:\/\/i0.wp.com\/lyonelkaufmann.ch\/Blog\/wp-content\/uploads\/2015\/02\/jardinconcertericconstantin1-xl.jpg?fit=1024%2C681&ssl=1&resize=525%2C300 1.5x, https:\/\/i0.wp.com\/lyonelkaufmann.ch\/Blog\/wp-content\/uploads\/2015\/02\/jardinconcertericconstantin1-xl.jpg?fit=1024%2C681&ssl=1&resize=700%2C400 2x"},"classes":[]}],"jetpack_likes_enabled":true,"_links":{"self":[{"href":"https:\/\/lyonelkaufmann.ch\/Blog\/wp-json\/wp\/v2\/posts\/7665","targetHints":{"allow":["GET"]}}],"collection":[{"href":"https:\/\/lyonelkaufmann.ch\/Blog\/wp-json\/wp\/v2\/posts"}],"about":[{"href":"https:\/\/lyonelkaufmann.ch\/Blog\/wp-json\/wp\/v2\/types\/post"}],"author":[{"embeddable":true,"href":"https:\/\/lyonelkaufmann.ch\/Blog\/wp-json\/wp\/v2\/users\/1"}],"replies":[{"embeddable":true,"href":"https:\/\/lyonelkaufmann.ch\/Blog\/wp-json\/wp\/v2\/comments?post=7665"}],"version-history":[{"count":0,"href":"https:\/\/lyonelkaufmann.ch\/Blog\/wp-json\/wp\/v2\/posts\/7665\/revisions"}],"wp:featuredmedia":[{"embeddable":true,"href":"https:\/\/lyonelkaufmann.ch\/Blog\/wp-json\/wp\/v2\/media\/14680"}],"wp:attachment":[{"href":"https:\/\/lyonelkaufmann.ch\/Blog\/wp-json\/wp\/v2\/media?parent=7665"}],"wp:term":[{"taxonomy":"category","embeddable":true,"href":"https:\/\/lyonelkaufmann.ch\/Blog\/wp-json\/wp\/v2\/categories?post=7665"},{"taxonomy":"post_tag","embeddable":true,"href":"https:\/\/lyonelkaufmann.ch\/Blog\/wp-json\/wp\/v2\/tags?post=7665"}],"curies":[{"name":"wp","href":"https:\/\/api.w.org\/{rel}","templated":true}]}}